{"id":138683,"date":"2026-09-01T08:46:46","date_gmt":"2026-09-01T12:46:46","guid":{"rendered":"https:\/\/lasprimeras.com.do\/?p=138683"},"modified":"2026-09-01T08:46:48","modified_gmt":"2026-09-01T12:46:48","slug":"en-ny-quienes-se-opongan-o-usen-subterfugios-para-suspender-consulta-interna-del-pld-estarian-trabajando-para-el-prm","status":"publish","type":"post","link":"https:\/\/lasprimeras.com.do\/index.php\/2026\/09\/01\/en-ny-quienes-se-opongan-o-usen-subterfugios-para-suspender-consulta-interna-del-pld-estarian-trabajando-para-el-prm\/","title":{"rendered":"En NY: \u201cQuienes se opongan o usen subterfugios para suspender consulta interna del PLD estar\u00edan trabajando para el PRM\u201d"},"content":{"rendered":"\n<p class=\"wp-block-paragraph\">Por Ram\u00f3n Mercedes<\/p>\n\n\n\n<p class=\"wp-block-paragraph\">NUEVA YORK.- Seguidores y simpatizantes del Partido de la Liberaci\u00f3n Dominicana (PLD) en esta ciudad, la mayor plaza electoral del exterior, sostienen que, ante los intentos de impedir con subterfugios la celebraci\u00f3n de la consulta interna prevista para octubre pr\u00f3ximo, queda claro que quienes lo intenten estar\u00edan favoreciendo al Partido Revolucionario Moderno (PRM), como planteara Francisco Javier Garc\u00eda en febrero de 2025.<\/p>\n\n\n\n<p class=\"wp-block-paragraph\">En un documento, expresan que el partido debe \u201cponer el o\u00eddo en el coraz\u00f3n de la inmensa mayor\u00eda de sus dirigentes, militantes y la sociedad dominicana, que reconocen el trabajo que desde hace a\u00f1os viene realizando Javier Garc\u00eda, recorriendo provincia por provincia, municipio por municipio y distrito municipal por distrito municipal, impulsando su proyecto presidencial\u201d.<\/p>\n\n\n\n<p class=\"wp-block-paragraph\">Durante los mismos ha dedicado largas jornadas en explicar sus objetivos como futuro presidente de la Rep\u00fablica, indican.<\/p>\n\n\n\n<p class=\"wp-block-paragraph\">\u201cLo viene haciendo desde 2024, cuando el PLD estaba sin expectativas y desacreditado.<\/p>\n\n\n\n<p class=\"wp-block-paragraph\">En las elecciones de ese a\u00f1o, el partido de 8,145,548 votantes registrados solo obtuvo 453,468 (10.39%), quedando en tercer lugar.<\/p>\n\n\n\n<p class=\"wp-block-paragraph\">Indican que tambi\u00e9n se est\u00e1n haciendo planteamientos desfasados, e incluso malintencionados, al pretender que la consulta interna se realice en octubre de 2027, a pocos meses de que el partido deba definir oficialmente su candidato presidencial.<\/p>\n\n\n\n<p class=\"wp-block-paragraph\">Asimismo, citan el argumento de quienes sostienen que \u201cni Abel ni Gonzalo estar\u00edan de acuerdo en participar en esa convocatoria de octubre\u201d, \u201csi eso fuera as\u00ed, estar\u00edamos enterrando desde ahora al PLD con una nueva divisi\u00f3n\u201d.<\/p>\n\n\n\n<p class=\"wp-block-paragraph\">\u201c\u00bfCu\u00e1l es la prisa que tiene el PLD para realizar una consulta fuera de los plazos establecidos? \u201cEl sistema de primarias vigente est\u00e1 ah\u00ed, esperando los plazos\u201d. \u201cNo veo la necesidad de hacer unas preprimarias\u201d.<\/p>\n\n\n\n<p class=\"wp-block-paragraph\">Aunque el sector de Gonzalo Castillo desautoriz\u00f3 esas afirmaciones, los firmantes del documento recuerdan una reflexi\u00f3n del profesor Juan Bosch: \u201cEn pol\u00edtica, las intenciones ocultas, los acuerdos silenciosos y las estructuras invisibles suelen definir el poder real mucho m\u00e1s que los actos p\u00fablicos y evidentes\u201d.<\/p>\n\n\n\n<p class=\"wp-block-paragraph\">Los simpatizantes del PLD sostienen adem\u00e1s que \u201ctodo aquel que se oponga a que el partido realice una consulta, como ocurri\u00f3 en 2022 y existe un precedente, y pretenda posponerla hasta octubre de 2027, est\u00e1 trabajando para el PRM, sin rodeos\u201d.<\/p>\n\n\n\n<p class=\"wp-block-paragraph\">Subrayan que la celebraci\u00f3n de la consulta no tiene marcha atr\u00e1s, ya que en febrero de este a\u00f1o el Comit\u00e9 Central (CC) la aprob\u00f3 de manera un\u00e1nime y, adem\u00e1s, existe un precedente que respalda esa decisi\u00f3n, precisan.<\/p>\n\n\n\n<p class=\"wp-block-paragraph\">Entre los firmantes se encuentran Wenceslao Antigua, Mario Ledesma, Jos\u00e9 M. Soto, Juan de Rodr\u00edguez, Emilio Rojas, Mildres Ortega, Josefina Almonte, Elvyra G\u00f3mez, Hugo Rivera, Carlos Est\u00e9vez, Susana de los Santos, William Lluberes, Santiago Encarnaci\u00f3n, Francisco Marrera, Stalin Suriel, Jorge Rivas, Alejandro Espinal, Rodolfo B\u00e1ez, y Gabriel Liberato, entre otros.<\/p>\n","protected":false},"excerpt":{"rendered":"<p>Por Ram\u00f3n Mercedes NUEVA YORK.- Seguidores y simpatizantes del Partido de la Liberaci\u00f3n Dominicana (PLD) en esta ciudad, la mayor plaza electoral del exterior, sostienen que, ante los intentos de&hellip;<\/p>\n","protected":false},"author":10,"featured_media":138684,"comment_status":"open","ping_status":"open","sticky":false,"template":"","format":"standard","meta":{"content-type":"","_jetpack_newsletter_access":"","_jetpack_dont_email_post_to_subs":false,"_jetpack_newsletter_tier_id":0,"_jetpack_memberships_contains_paywalled_content":false,"_jetpack_feature_clip_id":0,"_jetpack_memberships_contains_paid_content":false,"footnotes":"","jetpack_post_was_ever_published":false},"categories":[16559],"tags":[1595,269,31],"class_list":["post-138683","post","type-post","status-publish","format-standard","has-post-thumbnail","hentry","category-politica","tag-ny","tag-pld","tag-prm"],"jetpack-related-posts":[{"id":113663,"url":"https:\/\/lasprimeras.com.do\/index.php\/2025\/11\/05\/eeuu-propone-que-onu-autorice-una-fuerza-de-estabilizacion-en-gaza-por-2-anos\/","url_meta":{"origin":138683,"position":0},"title":"EEUU propone que ONU autorice una fuerza de estabilizaci\u00f3n en Gaza por 2 a\u00f1os","author":"Nelson Feliz","date":"5 de noviembre de 2025","format":false,"excerpt":"POR SAM MEDNICK, MATTHEW LEE and FARNOUSH AMIRI NACIONES UNIDAS (AP) \u2014 Estados Unidos ha distribuido un borrador para una resoluci\u00f3n del Consejo de Seguridad de la ONU que proporcionar\u00eda un mandato para una fuerza internacional de estabilizaci\u00f3n en Gaza durante al menos dos a\u00f1os, marcando el siguiente paso en\u2026","rel":"","context":"En \u00abINTERNACIONALES\u00bb","block_context":{"text":"INTERNACIONALES","link":"https:\/\/lasprimeras.com.do\/index.php\/category\/sin-categoria\/internacionales\/"},"img":{"alt_text":"","src":"https:\/\/i0.wp.com\/lasprimeras.com.do\/wp-content\/uploads\/2025\/11\/Palestinos-inspeccionan-los-escombros.jpg?resize=350%2C200&ssl=1","width":350,"height":200,"srcset":"https:\/\/i0.wp.com\/lasprimeras.com.do\/wp-content\/uploads\/2025\/11\/Palestinos-inspeccionan-los-escombros.jpg?resize=350%2C200&ssl=1 1x, https:\/\/i0.wp.com\/lasprimeras.com.do\/wp-content\/uploads\/2025\/11\/Palestinos-inspeccionan-los-escombros.jpg?resize=525%2C300&ssl=1 1.5x, https:\/\/i0.wp.com\/lasprimeras.com.do\/wp-content\/uploads\/2025\/11\/Palestinos-inspeccionan-los-escombros.jpg?resize=700%2C400&ssl=1 2x"},"classes":[]},{"id":49208,"url":"https:\/\/lasprimeras.com.do\/index.php\/2023\/05\/09\/prm-se-refiere-a-controversia-del-borrador-presentado-por-la-jce\/","url_meta":{"origin":138683,"position":1},"title":"PRM se refiere a controversia del borrador presentado por la JCE","author":"prenxa100","date":"9 de mayo de 2023","format":false,"excerpt":"SANTO DOMINGO.-.El presidente de la C\u00e1mara de Diputados, Alfredo Pacheco, y la alcaldesa del Distrito Nacional, Carolina Mej\u00eda, se refirieron a la controversia que han impulsado partidos de la oposici\u00f3n en torno al borrador de resoluci\u00f3n de la Junta Central Electoral (JCE) que establece la manera en que se podr\u00e1n\u2026","rel":"","context":"En \u00abSin categor\u00eda\u00bb","block_context":{"text":"Sin categor\u00eda","link":"https:\/\/lasprimeras.com.do\/index.php\/category\/sin-categoria\/"},"img":{"alt_text":"","src":"","width":0,"height":0},"classes":[]},{"id":49023,"url":"https:\/\/lasprimeras.com.do\/index.php\/2023\/05\/07\/dirigente-de-la-fp-cuestiona-borrador-de-la-resolucion-de-la-jce-dice-favorece-oficialismo\/","url_meta":{"origin":138683,"position":2},"title":"Dirigente de la FP cuestiona \u201cBorrador de la Resoluci\u00f3n de la JCE\u201d, dice favorece oficialismo","author":"prenxa100","date":"7 de mayo de 2023","format":false,"excerpt":"Santo Domingo .- El miembro de la Direcci\u00f3n Central de la Fuerza del Pueblo (FP), Pedro Jim\u00e9nez cuestion\u00f3 hoy al pleno de la Junta Central Electoral de favorecer al gobierno, con el borrador de la resoluci\u00f3n sobre el porcentaje de las reservas de las candidaturas dispuesto por la Ley 33-18,\u2026","rel":"","context":"En \u00abPORTADA\u00bb","block_context":{"text":"PORTADA","link":"https:\/\/lasprimeras.com.do\/index.php\/category\/portada\/"},"img":{"alt_text":"","src":"","width":0,"height":0},"classes":[]},{"id":49201,"url":"https:\/\/lasprimeras.com.do\/index.php\/2023\/05\/09\/pld-reitera-rechazo-al-borrador-de-resolucion-de-la-jce-sobre-reservas-de-candidatura\/","url_meta":{"origin":138683,"position":3},"title":"PLD reitera rechazo al borrador de resoluci\u00f3n de la JCE sobre reservas de candidatura","author":"prenxa100","date":"9 de mayo de 2023","format":false,"excerpt":"CP del PLD ratifica comisi\u00f3n para abordar el tema relativo a las reservas de candidaturas. Danilo Medina, Charles Mariotti, Abel Mart\u00ednez y Francisco Javier Garc\u00eda, la integran. SANTO DOMINGO.-.El Comit\u00e9 Pol\u00edtico del Partido de la Liberaci\u00f3n Dominicana (PLD) en la reuni\u00f3n ordinaria de este d\u00eda ratific\u00f3 la conformaci\u00f3n de una\u2026","rel":"","context":"En \u00abPORTADA\u00bb","block_context":{"text":"PORTADA","link":"https:\/\/lasprimeras.com.do\/index.php\/category\/portada\/"},"img":{"alt_text":"","src":"","width":0,"height":0},"classes":[]},{"id":48723,"url":"https:\/\/lasprimeras.com.do\/index.php\/2023\/05\/03\/pleno-socializa-borrador-de-resolucion-de-reservas-de-candidaturas\/","url_meta":{"origin":138683,"position":4},"title":"Pleno socializa borrador de resoluci\u00f3n de reservas de candidaturas","author":"prenxa100","date":"3 de mayo de 2023","format":false,"excerpt":"Organizaciones pol\u00edticas tienen hasta el 8 de mayo para presentar observaciones. Santo Domingo.- El Pleno de la Junta Central Electoral (JCE) elabor\u00f3 el borrador de resoluci\u00f3n sobre la aplicaci\u00f3n del porcentaje de las reservas de las candidaturas que establece la Ley No. 33-18 de partidos, agrupaciones y movimientos pol\u00edticos para\u2026","rel":"","context":"En \u00abNACIONALES\u00bb","block_context":{"text":"NACIONALES","link":"https:\/\/lasprimeras.com.do\/index.php\/category\/nacionales\/"},"img":{"alt_text":"","src":"","width":0,"height":0},"classes":[]},{"id":115335,"url":"https:\/\/lasprimeras.com.do\/index.php\/2025\/11\/21\/plan-de-trump-para-terminar-la-guerra-en-ucrania-cederia-territorio-a-rusia\/","url_meta":{"origin":138683,"position":5},"title":"Plan de Trump para terminar la guerra en Ucrania ceder\u00eda territorio a Rusia","author":"Nelson Feliz","date":"21 de noviembre de 2025","format":false,"excerpt":"POR ILLIA NOVIKOV, AAMER MADHANIand CHRIS MEGERIAN WASHINGTON (AP) \u2014 El plan del presidente estadounidense Donald Trump para poner fin a la guerra en Ucrania ceder\u00eda territorio a Rusia y limitar\u00eda el tama\u00f1o del ej\u00e9rcito de Kiev, seg\u00fan un borrador de la propuesta obtenido el jueves por The Associated Press.\u2026","rel":"","context":"En \u00abINTERNACIONALES\u00bb","block_context":{"text":"INTERNACIONALES","link":"https:\/\/lasprimeras.com.do\/index.php\/category\/sin-categoria\/internacionales\/"},"img":{"alt_text":"","src":"https:\/\/i0.wp.com\/lasprimeras.com.do\/wp-content\/uploads\/2025\/11\/coche-bomba.jpg?resize=350%2C200&ssl=1","width":350,"height":200,"srcset":"https:\/\/i0.wp.com\/lasprimeras.com.do\/wp-content\/uploads\/2025\/11\/coche-bomba.jpg?resize=350%2C200&ssl=1 1x, https:\/\/i0.wp.com\/lasprimeras.com.do\/wp-content\/uploads\/2025\/11\/coche-bomba.jpg?resize=525%2C300&ssl=1 1.5x, https:\/\/i0.wp.com\/lasprimeras.com.do\/wp-content\/uploads\/2025\/11\/coche-bomba.jpg?resize=700%2C400&ssl=1 2x"},"classes":[]}],"jetpack_sharing_enabled":true,"jetpack_featured_media_url":"https:\/\/lasprimeras.com.do\/wp-content\/uploads\/2026\/09\/IMG-20260831-WA0047.jpg","_links":{"self":[{"href":"https:\/\/lasprimeras.com.do\/index.php\/wp-json\/wp\/v2\/posts\/138683","targetHints":{"allow":["GET"]}}],"collection":[{"href":"https:\/\/lasprimeras.com.do\/index.php\/wp-json\/wp\/v2\/posts"}],"about":[{"href":"https:\/\/lasprimeras.com.do\/index.php\/wp-json\/wp\/v2\/types\/post"}],"author":[{"embeddable":true,"href":"https:\/\/lasprimeras.com.do\/index.php\/wp-json\/wp\/v2\/users\/10"}],"replies":[{"embeddable":true,"href":"https:\/\/lasprimeras.com.do\/index.php\/wp-json\/wp\/v2\/comments?post=138683"}],"version-history":[{"count":1,"href":"https:\/\/lasprimeras.com.do\/index.php\/wp-json\/wp\/v2\/posts\/138683\/revisions"}],"predecessor-version":[{"id":138685,"href":"https:\/\/lasprimeras.com.do\/index.php\/wp-json\/wp\/v2\/posts\/138683\/revisions\/138685"}],"wp:featuredmedia":[{"embeddable":true,"href":"https:\/\/lasprimeras.com.do\/index.php\/wp-json\/wp\/v2\/media\/138684"}],"wp:attachment":[{"href":"https:\/\/lasprimeras.com.do\/index.php\/wp-json\/wp\/v2\/media?parent=138683"}],"wp:term":[{"taxonomy":"category","embeddable":true,"href":"https:\/\/lasprimeras.com.do\/index.php\/wp-json\/wp\/v2\/categories?post=138683"},{"taxonomy":"post_tag","embeddable":true,"href":"https:\/\/lasprimeras.com.do\/index.php\/wp-json\/wp\/v2\/tags?post=138683"}],"curies":[{"name":"wp","href":"https:\/\/api.w.org\/{rel}","templated":true}]}}