{"id":138686,"date":"2026-09-01T09:05:19","date_gmt":"2026-09-01T13:05:19","guid":{"rendered":"https:\/\/lasprimeras.com.do\/?p=138686"},"modified":"2026-09-01T09:05:22","modified_gmt":"2026-09-01T13:05:22","slug":"fundacion-soln-en-ny-realiza-gala-para-obras-beneficas-en-rd","status":"publish","type":"post","link":"https:\/\/lasprimeras.com.do\/index.php\/2026\/09\/01\/fundacion-soln-en-ny-realiza-gala-para-obras-beneficas-en-rd\/","title":{"rendered":"Fundaci\u00f3n SOLN en NY realiza gala para obras ben\u00e9ficas en RD"},"content":{"rendered":"\n<figure class=\"wp-block-embed is-type-video is-provider-youtube wp-block-embed-youtube wp-embed-aspect-16-9 wp-has-aspect-ratio\"><div class=\"wp-block-embed__wrapper\">\n<iframe title=\"Fundaci\u00f3n SOLN en NY realiza gala para obras ben\u00e9ficas en RD. 28 agosto 2026.\" width=\"500\" height=\"281\" src=\"https:\/\/www.youtube.com\/embed\/bSUA2aF4TAM?feature=oembed\" frameborder=\"0\" allow=\"accelerometer; autoplay; clipboard-write; encrypted-media; gyroscope; picture-in-picture; web-share\" referrerpolicy=\"strict-origin-when-cross-origin\" allowfullscreen><\/iframe>\n<\/div><\/figure>\n\n\n\n<p class=\"wp-block-paragraph\">Por Ram\u00f3n Mercedes<\/p>\n\n\n\n<p class=\"wp-block-paragraph\">NUEVA YORK.- La Fundaci\u00f3n Hermanos Rojas (SOLN) realiz\u00f3 el pasado fin de semana una gala ben\u00e9fica con el objetivo de fortalecer su labor social y filantr\u00f3pica en favor de las comunidades m\u00e1s necesitadas de la Rep\u00fablica Dominicana.<\/p>\n\n\n\n<p class=\"wp-block-paragraph\">SOLN, cuyo lema es \u00abPor el bienestar social, hoy y siempre\u00bb, es una organizaci\u00f3n sin fines de lucro con presencia en Nueva York y a nivel nacional en la RD.<\/p>\n\n\n\n<p class=\"wp-block-paragraph\">Durante m\u00e1s de 20 a\u00f1os ha asistido a decenas de miles de familias de escasos recursos.<\/p>\n\n\n\n<p class=\"wp-block-paragraph\">La organizaci\u00f3n est\u00e1 presidida por el empresario y l\u00edder comunitario Roberto Rojas, valorado por sus connacionales en la Gran Manzana como un fil\u00e1ntropo.<\/p>\n\n\n\n<p class=\"wp-block-paragraph\">Rojas destac\u00f3 ante cientos de asistentes que, a lo largo de m\u00e1s de dos d\u00e9cadas, la Fundaci\u00f3n puede exhibir grandes obras.<\/p>\n\n\n\n<p class=\"wp-block-paragraph\">Entre ellas, la construcci\u00f3n de escuelas, viviendas, canchas y \u201cplays\u201d; la reparaci\u00f3n de hogares; el otorgamiento de decenas de becas en centros universitarios regionales; la realizaci\u00f3n de operativos m\u00e9dicos; y la entrega de miles de medicamentos, sillas de ruedas, muletas, andadores, cajas de pa\u00f1ales y decenas de camas medicas.<\/p>\n\n\n\n<p class=\"wp-block-paragraph\">La Fundaci\u00f3n organiza, como cada a\u00f1o, actividades navide\u00f1as y del D\u00eda de Reyes Magos en barrios marginados del Distrito Nacional y varias provincias del pa\u00eds, subray\u00f3.<\/p>\n\n\n\n<p class=\"wp-block-paragraph\">Rojas expres\u00f3: \u201cNuestro compromiso siempre ha sido llegar donde m\u00e1s se necesita\u201d.<\/p>\n\n\n\n<p class=\"wp-block-paragraph\">En las comunidades m\u00e1s vulnerables trabajamos de manera permanente. Por ejemplo, en el \u00e1rea donde el pastor Pablo Fortuna, en El\u00edas Pi\u00f1a, desarrolla su labor, visitamos cada 15 d\u00edas para llevar comida a m\u00e1s de 100 ni\u00f1os.\u201d<\/p>\n\n\n\n<p class=\"wp-block-paragraph\">En Mata Gorda, en Villa Mella, de lunes a viernes proveemos comida preparada a unas 150 personas.<\/p>\n\n\n\n<p class=\"wp-block-paragraph\">Tambi\u00e9n apoyamos la formaci\u00f3n de j\u00f3venes en la escuela Mi Pueblo, en Fantino, Cotu\u00ed, con el prop\u00f3sito de contribuir al desarrollo de las comunidades m\u00e1s vulnerables y servir a quienes realmente lo necesitan.<br><br>\u201cNos enfocamos en el desarrollo comunitario, la asistencia social, el apoyo a ni\u00f1os vulnerables, el cuidado de los adultos mayores y la ayuda tras desastres naturales, tanto en la capital como en diversas provincias del pa\u00eds, con recursos propios y el trabajo de nuestros voluntarios\u201d, precis\u00f3.<\/p>\n\n\n\n<p class=\"wp-block-paragraph\">Rojas recibi\u00f3 reconocimientos del asamble\u00edsta del D-78 en El Bronx, George \u00c1lvarez, el periodista Aquiles Rojas represent\u00f3 el oficial electo; del Concejo Municipal de Paterson, de parte del concejal Alex M\u00e9ndez; y de la Uni\u00f3n Deportiva Dominicana en NY, entre otras entidades.<\/p>\n\n\n\n<p class=\"wp-block-paragraph\">Los directivos fueron reconocidos con una medalla.<\/p>\n\n\n\n<p class=\"wp-block-paragraph\">A la actividad asistieron empresarios, comunitarios, representantes del sector p\u00fablico y privado, miembros de diversas organizaciones, periodistas, comerciantes y ciudadanos en general.<\/p>\n\n\n\n<p class=\"wp-block-paragraph\">La oficina principal est\u00e1 en la avenida Emilio Prud\u2019Homme No. 2, en el Distrito Nacional.<\/p>\n\n\n\n<p class=\"wp-block-paragraph\">Tambi\u00e9n en la calle Juan S\u00e1nchez Ram\u00edrez No. 71, en Fantino, Cotu\u00ed; as\u00ed como en Mao, Santiago, El\u00edas Pi\u00f1a, La Romana y San Francisco de Macor\u00eds.<\/p>\n\n\n\n<p class=\"wp-block-paragraph\">En NY en el 560 West de la calle175, entre las avenidas Audubon y Saint Nicholas, en el Alto Manhattan.<\/p>\n\n\n\n<p class=\"wp-block-paragraph\">El acto se celebr\u00f3 el pasado s\u00e1bado a partir de las 7:00 de la noche en los salones de The Eastwood Manor, en el 3471 de Eastchester Road, en El Bronx. La actividad cont\u00f3 con un amplio buf\u00e9 y m\u00fasica en vivo.<\/p>\n","protected":false},"excerpt":{"rendered":"<p>Por Ram\u00f3n Mercedes NUEVA YORK.- La Fundaci\u00f3n Hermanos Rojas (SOLN) realiz\u00f3 el pasado fin de semana una gala ben\u00e9fica con el objetivo de fortalecer su labor social y filantr\u00f3pica en&hellip;<\/p>\n","protected":false},"author":10,"featured_media":138687,"comment_status":"open","ping_status":"open","sticky":false,"template":"","format":"standard","meta":{"content-type":"","_jetpack_newsletter_access":"","_jetpack_dont_email_post_to_subs":false,"_jetpack_newsletter_tier_id":0,"_jetpack_memberships_contains_paywalled_content":false,"_jetpack_feature_clip_id":0,"_jetpack_memberships_contains_paid_content":false,"footnotes":"","jetpack_post_was_ever_published":false},"categories":[25580],"tags":[19463,104],"class_list":["post-138686","post","type-post","status-publish","format-standard","has-post-thumbnail","hentry","category-la-voz-de-la-diaspora","tag-fundacion-soln","tag-nueva-york"],"jetpack-related-posts":[{"id":137751,"url":"https:\/\/lasprimeras.com.do\/index.php\/2026\/08\/20\/fundacion-soln-hara-gala-en-nyc-para-ampliar-sus-obras-beneficas-en-rd\/","url_meta":{"origin":138686,"position":0},"title":"Fundaci\u00f3n SOLN har\u00e1 gala en NYC para ampliar sus obras ben\u00e9ficas en RD","author":"Nelson Feliz","date":"20 de agosto de 2026","format":false,"excerpt":"https:\/\/www.youtube.com\/watch?v=FkG7KkpTnjQ Por Ram\u00f3n Mercedes NUEVA YORK.- La Fundaci\u00f3n Hermanos Rojas (SOLN), con sede en esta ciudad y dirigida por Roberto Rojas, en rueda de prensa junto a directivos, anunci\u00f3 la celebraci\u00f3n de su primera gala ben\u00e9fica con el objetivo de fortalecer su labor social y filantr\u00f3pica en favor de las\u2026","rel":"","context":"En \u00abLA VOZ DE LA DIASPORA\u00bb","block_context":{"text":"LA VOZ DE LA DIASPORA","link":"https:\/\/lasprimeras.com.do\/index.php\/category\/la-voz-de-la-diaspora\/"},"img":{"alt_text":"","src":"https:\/\/i0.wp.com\/lasprimeras.com.do\/wp-content\/uploads\/2026\/08\/IMG-20260820-WA0024.jpg?resize=350%2C200&ssl=1","width":350,"height":200,"srcset":"https:\/\/i0.wp.com\/lasprimeras.com.do\/wp-content\/uploads\/2026\/08\/IMG-20260820-WA0024.jpg?resize=350%2C200&ssl=1 1x, https:\/\/i0.wp.com\/lasprimeras.com.do\/wp-content\/uploads\/2026\/08\/IMG-20260820-WA0024.jpg?resize=525%2C300&ssl=1 1.5x, https:\/\/i0.wp.com\/lasprimeras.com.do\/wp-content\/uploads\/2026\/08\/IMG-20260820-WA0024.jpg?resize=700%2C400&ssl=1 2x"},"classes":[]},{"id":135115,"url":"https:\/\/lasprimeras.com.do\/index.php\/2026\/07\/20\/fundacion-dominicana-soln-hara-gala-en-ny-pro-fondos-para-ampliar-obras-filantropicas\/","url_meta":{"origin":138686,"position":1},"title":"Fundaci\u00f3n dominicana SOLN har\u00e1 gala en NY pro fondos para ampliar obras filantropicas","author":"Nelson Feliz","date":"20 de julio de 2026","format":false,"excerpt":"Por Ram\u00f3n Mercedes NUEVA YORK.- La Fundaci\u00f3n Hermanos Rojas (SOLN), dirigida por Roberto Rojas y con m\u00e1s de 20 a\u00f1os de labor comunitaria, celebrar\u00e1 su primera Gala Ben\u00e9fica en esta ciudad para recaudar fondos y ampliar sus obras filantr\u00f3picas en Rep\u00fablica Dominicana. La Gala de recaudaci\u00f3n se efectuar\u00e1 el s\u00e1bado\u2026","rel":"","context":"En \u00abLA VOZ DE LA DIASPORA\u00bb","block_context":{"text":"LA VOZ DE LA DIASPORA","link":"https:\/\/lasprimeras.com.do\/index.php\/category\/la-voz-de-la-diaspora\/"},"img":{"alt_text":"","src":"https:\/\/i0.wp.com\/lasprimeras.com.do\/wp-content\/uploads\/2026\/07\/IMG-20260720-WA0043.jpg?resize=350%2C200&ssl=1","width":350,"height":200},"classes":[]},{"id":95634,"url":"https:\/\/lasprimeras.com.do\/index.php\/2025\/03\/17\/fundacion-soln-en-nyc-trabajara-para-ampliar-donaciones-anuales-en-rd\/","url_meta":{"origin":138686,"position":2},"title":"Fundaci\u00f3n SOLN en NYC trabajar\u00e1 para ampliar donaciones anuales en RD","author":"Nelson Feliz","date":"17 de marzo de 2025","format":false,"excerpt":"Por Ram\u00f3n Mercedes NUEVA YORK.- La Fundaci\u00f3n Soluci\u00f3n Nacional (SOLN), que dirige el empresario Roberto Rojas, se propone aumentar las donaciones que entrega anualmente a miles personas de escasos recursos econ\u00f3micos en la Rep\u00fablica Dominicana. El tambi\u00e9n dirigente deportivo, sostiene que otras metas que contempla SOLN para este 2025 es\u2026","rel":"","context":"En \u00abINTERNACIONALES\u00bb","block_context":{"text":"INTERNACIONALES","link":"https:\/\/lasprimeras.com.do\/index.php\/category\/sin-categoria\/internacionales\/"},"img":{"alt_text":"Roberto Rojas","src":"https:\/\/i0.wp.com\/lasprimeras.com.do\/wp-content\/uploads\/2025\/03\/WhatsApp-Image-2025-03-17-at-7.03.00-AM.jpeg?resize=350%2C200&ssl=1","width":350,"height":200,"srcset":"https:\/\/i0.wp.com\/lasprimeras.com.do\/wp-content\/uploads\/2025\/03\/WhatsApp-Image-2025-03-17-at-7.03.00-AM.jpeg?resize=350%2C200&ssl=1 1x, https:\/\/i0.wp.com\/lasprimeras.com.do\/wp-content\/uploads\/2025\/03\/WhatsApp-Image-2025-03-17-at-7.03.00-AM.jpeg?resize=525%2C300&ssl=1 1.5x, https:\/\/i0.wp.com\/lasprimeras.com.do\/wp-content\/uploads\/2025\/03\/WhatsApp-Image-2025-03-17-at-7.03.00-AM.jpeg?resize=700%2C400&ssl=1 2x, https:\/\/i0.wp.com\/lasprimeras.com.do\/wp-content\/uploads\/2025\/03\/WhatsApp-Image-2025-03-17-at-7.03.00-AM.jpeg?resize=1050%2C600&ssl=1 3x"},"classes":[]},{"id":110749,"url":"https:\/\/lasprimeras.com.do\/index.php\/2025\/10\/01\/fundacion-soln-pospuso-operativo-medico-en-cristo-rey-por-torrenciales-aguaceros\/","url_meta":{"origin":138686,"position":3},"title":"Fundaci\u00f3n SOLN pospuso operativo m\u00e9dico en Cristo Rey por torrenciales aguaceros","author":"Nelson Feliz","date":"1 de octubre de 2025","format":false,"excerpt":"Por Ram\u00f3n Mercedes NUEVA YORK.- \u00abLa Fundaci\u00f3n Soluci\u00f3n Nacional\u00bb (SOLN), que preside en esta ciudad el comunitario y empresario dominicano Roberto Rojas, pospuso el operativo m\u00e9dico que junto a la \u00abFundaci\u00f3n Jimini\u00e1n\u00bb efectuar\u00edan el pasado fin de semana en la escuela Benito Ju\u00e1rez, en el sector de Cristo Rey, en\u2026","rel":"","context":"En \u00abSALUD\u00bb","block_context":{"text":"SALUD","link":"https:\/\/lasprimeras.com.do\/index.php\/category\/salud\/"},"img":{"alt_text":"","src":"https:\/\/i0.wp.com\/lasprimeras.com.do\/wp-content\/uploads\/2025\/10\/Fundacion-SOLN.jpg?resize=350%2C200&ssl=1","width":350,"height":200,"srcset":"https:\/\/i0.wp.com\/lasprimeras.com.do\/wp-content\/uploads\/2025\/10\/Fundacion-SOLN.jpg?resize=350%2C200&ssl=1 1x, https:\/\/i0.wp.com\/lasprimeras.com.do\/wp-content\/uploads\/2025\/10\/Fundacion-SOLN.jpg?resize=525%2C300&ssl=1 1.5x"},"classes":[]},{"id":98154,"url":"https:\/\/lasprimeras.com.do\/index.php\/2025\/05\/02\/inefi-y-soln-realizan-encuentro-en-nyc-con-deportistas-dominicanos\/","url_meta":{"origin":138686,"position":4},"title":"INEFI y SOLN realizan encuentro en NYC con deportistas dominicanos","author":"Nelson Feliz","date":"2 de mayo de 2025","format":false,"excerpt":"Por Ram\u00f3n Mercedes NUEVA YORK.- El Instituto Nacional de Educaci\u00f3n F\u00edsica (INEFI) en la Rep\u00fablica Dominicana, que dirige Alberto Rodr\u00edguez Mella y la Fundaci\u00f3n Soluci\u00f3n Nacional (SOLN), que preside el reconocido deportista y empresario en esta ciudad, Roberto Rojas, realizaron recientemente un encuentro con decenas de deportistas dominicanos en las\u2026","rel":"","context":"En \u00abDEPORTES\u00bb","block_context":{"text":"DEPORTES","link":"https:\/\/lasprimeras.com.do\/index.php\/category\/deportes\/"},"img":{"alt_text":"INEFI y SOLN realizan encuentro en NYC con deportistas dominicanos","src":"https:\/\/i0.wp.com\/lasprimeras.com.do\/wp-content\/uploads\/2025\/05\/WhatsApp-Image-2025-05-02-at-6.11.53-AM.jpeg?resize=350%2C200&ssl=1","width":350,"height":200},"classes":[]},{"id":112877,"url":"https:\/\/lasprimeras.com.do\/index.php\/2025\/10\/28\/fundacion-soln-en-ny-se-suma-al-presidente-abinader-en-auxiliar-dominicanos-afectados-por-melissa\/","url_meta":{"origin":138686,"position":5},"title":"Fundaci\u00f3n SOLN en NY se suma al presidente Abinader en auxiliar dominicanos afectados por Melissa","author":"Nelson Feliz","date":"28 de octubre de 2025","format":false,"excerpt":"https:\/\/www.youtube.com\/watch?v=8VZaz-gpH7A Por Ram\u00f3n Mercedes NUEVA YORK.- El presidente de la Fundaci\u00f3n Soluci\u00f3n Nacional (SOLN), Roberto Rojas, declar\u00f3 que su entidad sin fines de lucro se suma al esfuerzo que el presidente Luis Abinader ha venido haciendo a favor de dominicanos afectados por el hurac\u00e1n Melissa en la Rep\u00fablica Dominicana. Hablando\u2026","rel":"","context":"En \u00abLA VOZ DE LA DIASPORA\u00bb","block_context":{"text":"LA VOZ DE LA DIASPORA","link":"https:\/\/lasprimeras.com.do\/index.php\/category\/la-voz-de-la-diaspora\/"},"img":{"alt_text":"","src":"https:\/\/i0.wp.com\/lasprimeras.com.do\/wp-content\/uploads\/2025\/10\/Fundacion-SOLN-en-NY-se-suma-al-presidente-Abinader-en-auxiliar-dominicanos-afectados-por-Melissa.jpg?resize=350%2C200&ssl=1","width":350,"height":200,"srcset":"https:\/\/i0.wp.com\/lasprimeras.com.do\/wp-content\/uploads\/2025\/10\/Fundacion-SOLN-en-NY-se-suma-al-presidente-Abinader-en-auxiliar-dominicanos-afectados-por-Melissa.jpg?resize=350%2C200&ssl=1 1x, https:\/\/i0.wp.com\/lasprimeras.com.do\/wp-content\/uploads\/2025\/10\/Fundacion-SOLN-en-NY-se-suma-al-presidente-Abinader-en-auxiliar-dominicanos-afectados-por-Melissa.jpg?resize=525%2C300&ssl=1 1.5x"},"classes":[]}],"jetpack_sharing_enabled":true,"jetpack_featured_media_url":"https:\/\/lasprimeras.com.do\/wp-content\/uploads\/2026\/09\/IMG-20260901-WA0036.jpg","_links":{"self":[{"href":"https:\/\/lasprimeras.com.do\/index.php\/wp-json\/wp\/v2\/posts\/138686","targetHints":{"allow":["GET"]}}],"collection":[{"href":"https:\/\/lasprimeras.com.do\/index.php\/wp-json\/wp\/v2\/posts"}],"about":[{"href":"https:\/\/lasprimeras.com.do\/index.php\/wp-json\/wp\/v2\/types\/post"}],"author":[{"embeddable":true,"href":"https:\/\/lasprimeras.com.do\/index.php\/wp-json\/wp\/v2\/users\/10"}],"replies":[{"embeddable":true,"href":"https:\/\/lasprimeras.com.do\/index.php\/wp-json\/wp\/v2\/comments?post=138686"}],"version-history":[{"count":1,"href":"https:\/\/lasprimeras.com.do\/index.php\/wp-json\/wp\/v2\/posts\/138686\/revisions"}],"predecessor-version":[{"id":138688,"href":"https:\/\/lasprimeras.com.do\/index.php\/wp-json\/wp\/v2\/posts\/138686\/revisions\/138688"}],"wp:featuredmedia":[{"embeddable":true,"href":"https:\/\/lasprimeras.com.do\/index.php\/wp-json\/wp\/v2\/media\/138687"}],"wp:attachment":[{"href":"https:\/\/lasprimeras.com.do\/index.php\/wp-json\/wp\/v2\/media?parent=138686"}],"wp:term":[{"taxonomy":"category","embeddable":true,"href":"https:\/\/lasprimeras.com.do\/index.php\/wp-json\/wp\/v2\/categories?post=138686"},{"taxonomy":"post_tag","embeddable":true,"href":"https:\/\/lasprimeras.com.do\/index.php\/wp-json\/wp\/v2\/tags?post=138686"}],"curies":[{"name":"wp","href":"https:\/\/api.w.org\/{rel}","templated":true}]}}