{"id":138690,"date":"2026-09-01T09:14:23","date_gmt":"2026-09-01T13:14:23","guid":{"rendered":"https:\/\/lasprimeras.com.do\/?p=138690"},"modified":"2026-09-01T09:14:25","modified_gmt":"2026-09-01T13:14:25","slug":"en-usa-han-fallecido-8698-personas-y-16106-heridas-por-balas-en-lo-que-va-de-ano","status":"publish","type":"post","link":"https:\/\/lasprimeras.com.do\/index.php\/2026\/09\/01\/en-usa-han-fallecido-8698-personas-y-16106-heridas-por-balas-en-lo-que-va-de-ano\/","title":{"rendered":"En USA han fallecido 8,698 personas y 16,106 heridas por balas en lo que va de a\u00f1o"},"content":{"rendered":"\n<p class=\"wp-block-paragraph\">Por Ram\u00f3n Mercedes<\/p>\n\n\n\n<p class=\"wp-block-paragraph\">NUEVA YORK.- En lo que va del presente a\u00f1o, 8,698 personas han fallecido en Estados Unidos a causa de heridas de bala y otras 16,106 han resultado heridas, algunas de gravedad, seg\u00fan el Archivo de Violencia Armada, con sede en Washington DC.<\/p>\n\n\n\n<p class=\"wp-block-paragraph\">Hasta el 31 de agosto, la organizaci\u00f3n registraba entre las v\u00edctimas mortales a 736 menores de edad, mientras que otros 1,998 resultaron heridos, varios en estado cr\u00edtico.<\/p>\n\n\n\n<p class=\"wp-block-paragraph\">Asimismo, se contabilizan 31 agentes policiales fallecidos y 207 heridos.<\/p>\n\n\n\n<p class=\"wp-block-paragraph\">Entre ellos figura el agente dominicano Mario Garc\u00eda, con 20 a\u00f1os de servicio, quien muri\u00f3 en el sector de Riverdale, en El Bronx.<\/p>\n\n\n\n<p class=\"wp-block-paragraph\">El caso m\u00e1s reciente de un agente fallecido por heridas de bala ocurri\u00f3 este lunes en Washington DC.<br><br>La misi\u00f3n del GVA es documentar a nivel nacional los incidentes de violencia armada y los delitos cometidos con armas de fuego.<\/p>\n\n\n\n<p class=\"wp-block-paragraph\">Por su parte, Small Arms Survey, un proyecto de investigaci\u00f3n independiente con sede en Ginebra, Suiza, estima que los civiles estadounidenses poseen aproximadamente 393 millones de armas de fuego.<\/p>\n\n\n\n<p class=\"wp-block-paragraph\">Esta cifra supera el total de habitantes del pa\u00eds y equivale a un promedio de 120.5 por cada cien personas.<\/p>\n\n\n\n<p class=\"wp-block-paragraph\">Durante 2025 se registraron 38,583 muertes por heridas de bala y 26,345 heridas.<\/p>\n\n\n\n<p class=\"wp-block-paragraph\">De las v\u00edctimas mortales, 1,042 eran menores de edad y otros 3,220 menores resultaron heridos.<\/p>\n\n\n\n<p class=\"wp-block-paragraph\">Adem\u00e1s, 81 agentes policiales perdieron la vida y 340 resultaron heridos, de acuerdo con datos del GVA.<\/p>\n\n\n\n<p class=\"wp-block-paragraph\">Entre los fallecidos por impactos de bala figuraron m\u00faltiples dominicanos.<\/p>\n\n\n\n<p class=\"wp-block-paragraph\">Las estad\u00edsticas reflejan que, a\u00f1o tras a\u00f1o, la cantidad de fallecidos y heridos por armas de fuego en territorio estadounidense se mantiene en niveles similares, con variaciones m\u00ednimas.<\/p>\n","protected":false},"excerpt":{"rendered":"<p>Por Ram\u00f3n Mercedes NUEVA YORK.- En lo que va del presente a\u00f1o, 8,698 personas han fallecido en Estados Unidos a causa de heridas de bala y otras 16,106 han resultado&hellip;<\/p>\n","protected":false},"author":10,"featured_media":138691,"comment_status":"open","ping_status":"open","sticky":false,"template":"","format":"standard","meta":{"content-type":"","_jetpack_newsletter_access":"","_jetpack_dont_email_post_to_subs":false,"_jetpack_newsletter_tier_id":0,"_jetpack_memberships_contains_paywalled_content":false,"_jetpack_feature_clip_id":0,"_jetpack_memberships_contains_paid_content":false,"footnotes":"","jetpack_post_was_ever_published":false},"categories":[25580],"tags":[1467,686,4670],"class_list":["post-138690","post","type-post","status-publish","format-standard","has-post-thumbnail","hentry","category-la-voz-de-la-diaspora","tag-heridos","tag-muertos","tag-usa"],"jetpack-related-posts":[{"id":94733,"url":"https:\/\/lasprimeras.com.do\/index.php\/2025\/03\/04\/en-primeros-dos-meses-2025-en-usa-van-2224-fallecidos-por-balas-y-3688-heridos\/","url_meta":{"origin":138690,"position":0},"title":"En primeros dos meses 2025 en USA van 2,224 fallecidos por balas y 3,688 heridos","author":"Nelson Feliz","date":"4 de marzo de 2025","format":false,"excerpt":"Por Ram\u00f3n Mercedes NUEVA YORK.- Durante los 59 d\u00edas transcurridos entre los meses de enero y febrero del presente a\u00f1o, la cantidad de 2,224 personas han fallecidos a causas de balas en Estados Unidos y 3,688 heridas, muchas de ellas quedando en estado de gravedad. Entre las v\u00edctimas figuran 196\u2026","rel":"","context":"En \u00abINTERNACIONALES\u00bb","block_context":{"text":"INTERNACIONALES","link":"https:\/\/lasprimeras.com.do\/index.php\/category\/sin-categoria\/internacionales\/"},"img":{"alt_text":"","src":"https:\/\/i0.wp.com\/lasprimeras.com.do\/wp-content\/uploads\/2025\/03\/WhatsApp-Image-2025-03-04-at-6.26.30-AM-1.jpeg?resize=350%2C200&ssl=1","width":350,"height":200,"srcset":"https:\/\/i0.wp.com\/lasprimeras.com.do\/wp-content\/uploads\/2025\/03\/WhatsApp-Image-2025-03-04-at-6.26.30-AM-1.jpeg?resize=350%2C200&ssl=1 1x, https:\/\/i0.wp.com\/lasprimeras.com.do\/wp-content\/uploads\/2025\/03\/WhatsApp-Image-2025-03-04-at-6.26.30-AM-1.jpeg?resize=525%2C300&ssl=1 1.5x"},"classes":[]},{"id":92138,"url":"https:\/\/lasprimeras.com.do\/index.php\/2024\/12\/29\/policia-se-lambe-a-cuatro-presuntos-delincuentes-en-la-romana\/","url_meta":{"origin":138690,"position":1},"title":"Polic\u00eda se lambe a cuatro presuntos delincuentes en La Romana","author":"Nelson Feliz","date":"29 de diciembre de 2024","format":false,"excerpt":"Un enfrentamiento entre agentes policiales y presuntos delincuentes ocurrido la tarde de este domingo ha dejado un saldo de cuatro muertos y un herido en el sector Trasero de Maco, en La Romana. Hasta el momento, se reportan cuatro presuntos delincuentes fallecidos y un agente de la Polic\u00eda herido, quien\u2026","rel":"","context":"En \u00abMILITARES\u00bb","block_context":{"text":"MILITARES","link":"https:\/\/lasprimeras.com.do\/index.php\/category\/militares\/"},"img":{"alt_text":"","src":"https:\/\/i0.wp.com\/lasprimeras.com.do\/wp-content\/uploads\/2024\/12\/armas.jpg?resize=350%2C200&ssl=1","width":350,"height":200,"srcset":"https:\/\/i0.wp.com\/lasprimeras.com.do\/wp-content\/uploads\/2024\/12\/armas.jpg?resize=350%2C200&ssl=1 1x, https:\/\/i0.wp.com\/lasprimeras.com.do\/wp-content\/uploads\/2024\/12\/armas.jpg?resize=525%2C300&ssl=1 1.5x, https:\/\/i0.wp.com\/lasprimeras.com.do\/wp-content\/uploads\/2024\/12\/armas.jpg?resize=700%2C400&ssl=1 2x"},"classes":[]},{"id":59257,"url":"https:\/\/lasprimeras.com.do\/index.php\/2023\/09\/01\/policias-frustran-intenciones-de-banda-de-atacar-familia-en-capotillo\/","url_meta":{"origin":138690,"position":2},"title":"Policias frustran intenciones de banda de atacar familia en Capotillo","author":"Nelson Feliz","date":"1 de septiembre de 2023","format":false,"excerpt":"-PN investiga unas 10 personas y brinda protecci\u00f3n a otras quince. -En intervenciones de anoche una persona falleci\u00f3 y otras cinco resultaron heridas. Por Martin Restituyo Agentes policiales, de puesto en el Ensanche Capotillo, frustraron anoche y esta madrugada, las intenciones de una banda delictiva armada que se present\u00f3 a\u2026","rel":"","context":"En \u00abNACIONALES\u00bb","block_context":{"text":"NACIONALES","link":"https:\/\/lasprimeras.com.do\/index.php\/category\/nacionales\/"},"img":{"alt_text":"policias","src":"https:\/\/i0.wp.com\/lasprimeras.com.do\/wp-content\/uploads\/2023\/09\/policias.jpg?resize=350%2C200&ssl=1","width":350,"height":200,"srcset":"https:\/\/i0.wp.com\/lasprimeras.com.do\/wp-content\/uploads\/2023\/09\/policias.jpg?resize=350%2C200&ssl=1 1x, https:\/\/i0.wp.com\/lasprimeras.com.do\/wp-content\/uploads\/2023\/09\/policias.jpg?resize=525%2C300&ssl=1 1.5x, https:\/\/i0.wp.com\/lasprimeras.com.do\/wp-content\/uploads\/2023\/09\/policias.jpg?resize=700%2C400&ssl=1 2x"},"classes":[]},{"id":129251,"url":"https:\/\/lasprimeras.com.do\/index.php\/2026\/05\/01\/en-2026-van-4103-personas-fallecidas-y-7157-heridas-de-balas-en-ee-uu\/","url_meta":{"origin":138690,"position":3},"title":"En 2026 van 4,103 personas fallecidas y 7,157 heridas de balas en EE. UU.","author":"Nelson Feliz","date":"1 de mayo de 2026","format":false,"excerpt":"Por Ram\u00f3n Mercedes NUEVA YORK.- En lo que va del presente a\u00f1o, en Estados Unidos han fallecido 4,103 personas por balas y 7,157 heridas, algunas de gravedad, seg\u00fan las estad\u00edsticas de la entidad Archivo de Violencia Armada (GVA), con sede en Washington DC. Entre los fallecidos se incluyen 71 menores\u2026","rel":"","context":"En \u00abLA VOZ DE LA DIASPORA\u00bb","block_context":{"text":"LA VOZ DE LA DIASPORA","link":"https:\/\/lasprimeras.com.do\/index.php\/category\/la-voz-de-la-diaspora\/"},"img":{"alt_text":"","src":"https:\/\/i0.wp.com\/lasprimeras.com.do\/wp-content\/uploads\/2026\/04\/En-2026-van-4103-personas-fallecidas-y-7157-heridas-de-balas-en-EE.-UU.-1.jpg?resize=350%2C200&ssl=1","width":350,"height":200,"srcset":"https:\/\/i0.wp.com\/lasprimeras.com.do\/wp-content\/uploads\/2026\/04\/En-2026-van-4103-personas-fallecidas-y-7157-heridas-de-balas-en-EE.-UU.-1.jpg?resize=350%2C200&ssl=1 1x, https:\/\/i0.wp.com\/lasprimeras.com.do\/wp-content\/uploads\/2026\/04\/En-2026-van-4103-personas-fallecidas-y-7157-heridas-de-balas-en-EE.-UU.-1.jpg?resize=525%2C300&ssl=1 1.5x"},"classes":[]},{"id":82690,"url":"https:\/\/lasprimeras.com.do\/index.php\/2024\/05\/06\/dos-muertos-y-cuatro-heridos-en-colmado-de-la-guayiga\/","url_meta":{"origin":138690,"position":4},"title":"Dos muertos y cuatro heridos en colmado de La Gu\u00e1yiga","author":"Esteffany Vargas","date":"6 de mayo de 2024","format":false,"excerpt":"Polic\u00eda y Ministerio P\u00fablico profundizan las investigaciones.\u00a0\u00a0\u00a0\u00a0\u00a0\u00a0\u00a0\u00a0\u00a0\u00a0\u00a0\u00a0\u00a0\u00a0\u00a0\u00a0\u00a0\u00a0\u00a0 Agentes policiales, en coordinaci\u00f3n con representantes del Ministerio P\u00fablico,\u00a0 profundizan las investigaciones en torno al incidente violento ocurrido en un colmado de La Gu\u00e1yiga, Pedro Brand, donde dos personas resultaron fallecidas por impacto de bala y otras cuatro heridas.\u00a0\u00a0\u00a0\u00a0\u00a0\u00a0\u00a0\u00a0\u00a0\u00a0\u00a0\u00a0\u00a0\u00a0\u00a0\u00a0\u00a0\u00a0\u00a0 En el conflicto social,\u2026","rel":"","context":"En \u00abNACIONALES\u00bb","block_context":{"text":"NACIONALES","link":"https:\/\/lasprimeras.com.do\/index.php\/category\/nacionales\/"},"img":{"alt_text":"","src":"","width":0,"height":0},"classes":[]},{"id":70756,"url":"https:\/\/lasprimeras.com.do\/index.php\/2023\/12\/14\/agentes-del-dicrim-asesinan-dos-presuntos-delincuentes-al-enfrentar-patrulla\/","url_meta":{"origin":138690,"position":5},"title":"Agentes del DICRIM asesinan dos presuntos delincuentes al enfrentar patrulla","author":"Nelson Feliz","date":"14 de diciembre de 2023","format":false,"excerpt":"Por Martin Restituyo Dos reconocidos delincuentes murieron esta noche al enfrentar una patrulla de la Direcci\u00f3n Central de Investigaciones de la Polic\u00eda Nacional (DICRIM) que daban seguimiento por escaparse el pasado 29 de agosto del presente a\u00f1o, cuando eran trasladados desde la c\u00e1rcel La Victoria hacia el Palacio de Justicia\u2026","rel":"","context":"En \u00abMILITARES\u00bb","block_context":{"text":"MILITARES","link":"https:\/\/lasprimeras.com.do\/index.php\/category\/militares\/"},"img":{"alt_text":"dicrim","src":"https:\/\/i0.wp.com\/lasprimeras.com.do\/wp-content\/uploads\/2023\/12\/dicrim.jpeg?resize=350%2C200&ssl=1","width":350,"height":200,"srcset":"https:\/\/i0.wp.com\/lasprimeras.com.do\/wp-content\/uploads\/2023\/12\/dicrim.jpeg?resize=350%2C200&ssl=1 1x, https:\/\/i0.wp.com\/lasprimeras.com.do\/wp-content\/uploads\/2023\/12\/dicrim.jpeg?resize=525%2C300&ssl=1 1.5x, https:\/\/i0.wp.com\/lasprimeras.com.do\/wp-content\/uploads\/2023\/12\/dicrim.jpeg?resize=700%2C400&ssl=1 2x"},"classes":[]}],"jetpack_sharing_enabled":true,"jetpack_featured_media_url":"https:\/\/lasprimeras.com.do\/wp-content\/uploads\/2026\/09\/IMG-20260901-WA0035.jpg","_links":{"self":[{"href":"https:\/\/lasprimeras.com.do\/index.php\/wp-json\/wp\/v2\/posts\/138690","targetHints":{"allow":["GET"]}}],"collection":[{"href":"https:\/\/lasprimeras.com.do\/index.php\/wp-json\/wp\/v2\/posts"}],"about":[{"href":"https:\/\/lasprimeras.com.do\/index.php\/wp-json\/wp\/v2\/types\/post"}],"author":[{"embeddable":true,"href":"https:\/\/lasprimeras.com.do\/index.php\/wp-json\/wp\/v2\/users\/10"}],"replies":[{"embeddable":true,"href":"https:\/\/lasprimeras.com.do\/index.php\/wp-json\/wp\/v2\/comments?post=138690"}],"version-history":[{"count":1,"href":"https:\/\/lasprimeras.com.do\/index.php\/wp-json\/wp\/v2\/posts\/138690\/revisions"}],"predecessor-version":[{"id":138692,"href":"https:\/\/lasprimeras.com.do\/index.php\/wp-json\/wp\/v2\/posts\/138690\/revisions\/138692"}],"wp:featuredmedia":[{"embeddable":true,"href":"https:\/\/lasprimeras.com.do\/index.php\/wp-json\/wp\/v2\/media\/138691"}],"wp:attachment":[{"href":"https:\/\/lasprimeras.com.do\/index.php\/wp-json\/wp\/v2\/media?parent=138690"}],"wp:term":[{"taxonomy":"category","embeddable":true,"href":"https:\/\/lasprimeras.com.do\/index.php\/wp-json\/wp\/v2\/categories?post=138690"},{"taxonomy":"post_tag","embeddable":true,"href":"https:\/\/lasprimeras.com.do\/index.php\/wp-json\/wp\/v2\/tags?post=138690"}],"curies":[{"name":"wp","href":"https:\/\/api.w.org\/{rel}","templated":true}]}}