{"id":138693,"date":"2026-09-01T09:27:33","date_gmt":"2026-09-01T13:27:33","guid":{"rendered":"https:\/\/lasprimeras.com.do\/?p=138693"},"modified":"2026-09-01T09:35:21","modified_gmt":"2026-09-01T13:35:21","slug":"regidor-moya-entrega-utiles-escolares-en-la-circunscripcion-1","status":"publish","type":"post","link":"https:\/\/lasprimeras.com.do\/index.php\/2026\/09\/01\/regidor-moya-entrega-utiles-escolares-en-la-circunscripcion-1\/","title":{"rendered":"Regidor Moya entrega \u00fatiles escolares en la Circunscripci\u00f3n 1"},"content":{"rendered":"\n<p class=\"wp-block-paragraph\">SANTO DOMINGO.=. El regidor Yovany Moya y la Fundehurena culminaron la entrega de \u00fatiles escolares.<\/p>\n\n\n\n<p class=\"wp-block-paragraph\">La jornada benefici\u00f3 a ni\u00f1os de escasos recursos de la Circunscripci\u00f3n 1 del Distrito Nacional.<\/p>\n\n\n\n<p class=\"wp-block-paragraph\">Busca que los estudiantes inicien el a\u00f1o escolar con entusiasmo y herramientas necesarias.<\/p>\n\n\n\n<p class=\"wp-block-paragraph\">La iniciativa alcanz\u00f3 unos 30 sectores como San Carlos, Ensanche Quisqueya y Manganagua.<\/p>\n\n\n\n<p class=\"wp-block-paragraph\">Tambi\u00e9n San Jos\u00e9, 30 de Mayo, Mata Hambre, La Paz y Costa Brava.<\/p>\n\n\n\n<p class=\"wp-block-paragraph\">El acto central se realiz\u00f3 en la cancha del Club Henriquez Jim\u00e9nez Moya.<\/p>\n\n\n\n<p class=\"wp-block-paragraph\">Se entregaron mochilas con libretas, l\u00e1pices, crayones, reglas y compases.<br>Incluy\u00f3 gomas, sacapuntas, masilla y otros materiales b\u00e1sicos.<\/p>\n\n\n\n<p class=\"wp-block-paragraph\">El objetivo es facilitar la preparaci\u00f3n y participaci\u00f3n de los estudiantes.<\/p>\n\n\n\n<p class=\"wp-block-paragraph\">\u201cCada mochila representa una oportunidad y un mensaje de esperanza\u201d.<\/p>\n\n\n\n<p class=\"wp-block-paragraph\">\u201cQueremos que inicien con alegr\u00eda y las herramientas para aprender\u201d.<\/p>\n\n\n\n<p class=\"wp-block-paragraph\">Moya exhort\u00f3 a los ni\u00f1os a estudiar y a no dejar que las dificultades detengan sus sue\u00f1os.<\/p>\n\n\n\n<p class=\"wp-block-paragraph\">Moya destac\u00f3 que estas acciones sociales continuar\u00e1n junto a la Fundehurena.<\/p>\n\n\n\n<p class=\"wp-block-paragraph\">Reafirm\u00f3 su compromiso con la educaci\u00f3n y el bienestar de las familias.<\/p>\n\n\n\n<p class=\"wp-block-paragraph\">Las familias agradecieron el apoyo por el alivio econ\u00f3mico que representa.<\/p>\n","protected":false},"excerpt":{"rendered":"<p>SANTO DOMINGO.=. El regidor Yovany Moya y la Fundehurena culminaron la entrega de \u00fatiles escolares. La jornada benefici\u00f3 a ni\u00f1os de escasos recursos de la Circunscripci\u00f3n 1 del Distrito Nacional.&hellip;<\/p>\n","protected":false},"author":10,"featured_media":138694,"comment_status":"open","ping_status":"open","sticky":false,"template":"","format":"standard","meta":{"content-type":"","_jetpack_newsletter_access":"","_jetpack_dont_email_post_to_subs":false,"_jetpack_newsletter_tier_id":0,"_jetpack_memberships_contains_paywalled_content":false,"_jetpack_feature_clip_id":0,"_jetpack_memberships_contains_paid_content":false,"footnotes":"","jetpack_post_was_ever_published":false},"categories":[35],"tags":[32,15055,3089],"class_list":["post-138693","post","type-post","status-publish","format-standard","has-post-thumbnail","hentry","category-nacionales","tag-regidor","tag-utiles-escolares-2","tag-yovany-moya"],"jetpack-related-posts":[{"id":137394,"url":"https:\/\/lasprimeras.com.do\/index.php\/2026\/08\/16\/regidor-moya-entrega-utiles-escolares-a-ninos-de-san-carlos-y-otros-sectores\/","url_meta":{"origin":138693,"position":0},"title":"Regidor Moya entrega \u00fatiles escolares a ni\u00f1os de San Carlos y otros sectores","author":"Nelson Feliz","date":"16 de agosto de 2026","format":false,"excerpt":"Santo Domingo, RD. \u2013 El regidor Yovany Moya entreg\u00f3 \u00fatiles escolares a ni\u00f1os del sector San Carlos y de otros sectores pertenecientes a Circunscripci\u00f3n 1 del Distrito Nacional, como parte de una iniciativa orientada a respaldar a las familias de cara al inicio del a\u00f1o escolar. La entrega tuvo como\u2026","rel":"","context":"En \u00abNACIONALES\u00bb","block_context":{"text":"NACIONALES","link":"https:\/\/lasprimeras.com.do\/index.php\/category\/nacionales\/"},"img":{"alt_text":"","src":"https:\/\/i0.wp.com\/lasprimeras.com.do\/wp-content\/uploads\/2026\/08\/utiles-escolares-1.jpg?resize=350%2C200&ssl=1","width":350,"height":200,"srcset":"https:\/\/i0.wp.com\/lasprimeras.com.do\/wp-content\/uploads\/2026\/08\/utiles-escolares-1.jpg?resize=350%2C200&ssl=1 1x, https:\/\/i0.wp.com\/lasprimeras.com.do\/wp-content\/uploads\/2026\/08\/utiles-escolares-1.jpg?resize=525%2C300&ssl=1 1.5x, https:\/\/i0.wp.com\/lasprimeras.com.do\/wp-content\/uploads\/2026\/08\/utiles-escolares-1.jpg?resize=700%2C400&ssl=1 2x"},"classes":[]},{"id":87075,"url":"https:\/\/lasprimeras.com.do\/index.php\/2024\/08\/07\/adn-invita-regidores-unirse-a-jornada-plasticos-por-escolares\/","url_meta":{"origin":138693,"position":1},"title":"ADN invita regidores unirse a jornada pl\u00e1sticos por escolares","author":"Nelson Feliz","date":"7 de agosto de 2024","format":false,"excerpt":"Yovany Moya salud\u00f3 la iniciativa de la alcaldesa Carolina Mej\u00eda a celebrarse este domingo 11, y dijo que con la misma se ayuda al saneamiento de la ciudad. El presidente del Concejo Municipal del Ayuntamiento del Distrito Nacional, Yovany Moya, invit\u00f3 a los regidores a unirse a la jornada de\u2026","rel":"","context":"En \u00abNACIONALES\u00bb","block_context":{"text":"NACIONALES","link":"https:\/\/lasprimeras.com.do\/index.php\/category\/nacionales\/"},"img":{"alt_text":"Yovany Moya","src":"https:\/\/i0.wp.com\/lasprimeras.com.do\/wp-content\/uploads\/2024\/08\/Yovany-Moya.jpg?resize=350%2C200&ssl=1","width":350,"height":200,"srcset":"https:\/\/i0.wp.com\/lasprimeras.com.do\/wp-content\/uploads\/2024\/08\/Yovany-Moya.jpg?resize=350%2C200&ssl=1 1x, https:\/\/i0.wp.com\/lasprimeras.com.do\/wp-content\/uploads\/2024\/08\/Yovany-Moya.jpg?resize=525%2C300&ssl=1 1.5x"},"classes":[]},{"id":121099,"url":"https:\/\/lasprimeras.com.do\/index.php\/2026\/01\/31\/concejo-de-regidores-del-dn-reconoce-a-jovenes-en-el-dia-nacional-de-la-juventud\/","url_meta":{"origin":138693,"position":2},"title":"Concejo de Regidores del DN reconoce a j\u00f3venes en el D\u00eda Nacional de la Juventud","author":"Nelson Feliz","date":"31 de enero de 2026","format":false,"excerpt":"El Concejo de Regidores del Ayuntamiento del Distrito Nacional (ADN) reconoci\u00f3 a 28 j\u00f3venes destacados por su liderazgo, compromiso social y aportes al desarrollo del pa\u00eds, en el marco del D\u00eda Nacional de la Juventud que se celebra este 31 de enero. Los j\u00f3venes fueron propuestos por los regidores de\u2026","rel":"","context":"En \u00abNACIONALES\u00bb","block_context":{"text":"NACIONALES","link":"https:\/\/lasprimeras.com.do\/index.php\/category\/nacionales\/"},"img":{"alt_text":"","src":"https:\/\/i0.wp.com\/lasprimeras.com.do\/wp-content\/uploads\/2026\/01\/regidores-1.jpg?resize=350%2C200&ssl=1","width":350,"height":200,"srcset":"https:\/\/i0.wp.com\/lasprimeras.com.do\/wp-content\/uploads\/2026\/01\/regidores-1.jpg?resize=350%2C200&ssl=1 1x, https:\/\/i0.wp.com\/lasprimeras.com.do\/wp-content\/uploads\/2026\/01\/regidores-1.jpg?resize=525%2C300&ssl=1 1.5x, https:\/\/i0.wp.com\/lasprimeras.com.do\/wp-content\/uploads\/2026\/01\/regidores-1.jpg?resize=700%2C400&ssl=1 2x"},"classes":[]},{"id":52062,"url":"https:\/\/lasprimeras.com.do\/index.php\/2023\/06\/06\/regidor-moya-llama-a-educar-sobre-manejo-residuos-solidos\/","url_meta":{"origin":138693,"position":3},"title":"Regidor Moya llama a educar sobre manejo residuos s\u00f3lidos","author":"prenxa100","date":"6 de junio de 2023","format":false,"excerpt":"El regidor del Distrito Nacional Yovany Moya Mej\u00eda hizo un llamado a las autoridades correspondientes a desarrollar un programa masivo de educaci\u00f3n sobre el manejo de residuos s\u00f3lidos, puesto que representan una grave amenaza para la conservaci\u00f3n del medio ambiente. El representante oficialista de la Circunscripci\u00f3n 1 de la capital,\u2026","rel":"","context":"En \u00abNACIONALES\u00bb","block_context":{"text":"NACIONALES","link":"https:\/\/lasprimeras.com.do\/index.php\/category\/nacionales\/"},"img":{"alt_text":"","src":"","width":0,"height":0},"classes":[]},{"id":124014,"url":"https:\/\/lasprimeras.com.do\/index.php\/2026\/03\/07\/alcaldia-y-regidores-del-dn-rinden-tributo-a-33-mujeres-ejemplares\/","url_meta":{"origin":138693,"position":4},"title":"Alcald\u00eda y Regidores del DN rinden tributo a 33 mujeres ejemplares","author":"Nelson Feliz","date":"7 de marzo de 2026","format":false,"excerpt":"En el marco de la celebraci\u00f3n del D\u00eda Internacional de la Mujer, este 8 de marzo, la Alcald\u00eda del Distrito Nacional y el Concejo de Regidores reconocieron a 33 mujeres como \u201cHero\u00ednas de la Cotidianidad\u201d, por sus aportes al desarrollo de sus comunidades. La exaltaci\u00f3n, realizada este viernes en el\u2026","rel":"","context":"En \u00abPOLITICA\u00bb","block_context":{"text":"POLITICA","link":"https:\/\/lasprimeras.com.do\/index.php\/category\/politica\/"},"img":{"alt_text":"","src":"https:\/\/i0.wp.com\/lasprimeras.com.do\/wp-content\/uploads\/2026\/03\/mujeres.jpg?resize=350%2C200&ssl=1","width":350,"height":200,"srcset":"https:\/\/i0.wp.com\/lasprimeras.com.do\/wp-content\/uploads\/2026\/03\/mujeres.jpg?resize=350%2C200&ssl=1 1x, https:\/\/i0.wp.com\/lasprimeras.com.do\/wp-content\/uploads\/2026\/03\/mujeres.jpg?resize=525%2C300&ssl=1 1.5x, https:\/\/i0.wp.com\/lasprimeras.com.do\/wp-content\/uploads\/2026\/03\/mujeres.jpg?resize=700%2C400&ssl=1 2x"},"classes":[]},{"id":128148,"url":"https:\/\/lasprimeras.com.do\/index.php\/2026\/04\/20\/concejo-de-regidores-dn-impulsa-participacion-juvenil-con-programa-regidor-por-un-dia\/","url_meta":{"origin":138693,"position":5},"title":"Concejo de Regidores DN impulsa participaci\u00f3n juvenil con programa \u201cRegidor por un D\u00eda\u201d","author":"Nelson Feliz","date":"20 de abril de 2026","format":false,"excerpt":"Estudiantes de ISFODOSU participan en el programa guiado por el regidor Yovany Moya, presidente del Concejo El Concejo de Regidores del Ayuntamiento del Distrito Nacional recibi\u00f3 a estudiantes del Instituto Superior de Formaci\u00f3n Docente Salom\u00e9 Ure\u00f1a (ISFODOSU), quienes participaron en el programa \u201cRegidor por un D\u00eda\u201d, una iniciativa orientada a\u2026","rel":"","context":"En \u00abNACIONALES\u00bb","block_context":{"text":"NACIONALES","link":"https:\/\/lasprimeras.com.do\/index.php\/category\/nacionales\/"},"img":{"alt_text":"","src":"https:\/\/i0.wp.com\/lasprimeras.com.do\/wp-content\/uploads\/2026\/04\/IMG-20260420-WA0186.jpg?resize=350%2C200&ssl=1","width":350,"height":200,"srcset":"https:\/\/i0.wp.com\/lasprimeras.com.do\/wp-content\/uploads\/2026\/04\/IMG-20260420-WA0186.jpg?resize=350%2C200&ssl=1 1x, https:\/\/i0.wp.com\/lasprimeras.com.do\/wp-content\/uploads\/2026\/04\/IMG-20260420-WA0186.jpg?resize=525%2C300&ssl=1 1.5x, https:\/\/i0.wp.com\/lasprimeras.com.do\/wp-content\/uploads\/2026\/04\/IMG-20260420-WA0186.jpg?resize=700%2C400&ssl=1 2x, https:\/\/i0.wp.com\/lasprimeras.com.do\/wp-content\/uploads\/2026\/04\/IMG-20260420-WA0186.jpg?resize=1050%2C600&ssl=1 3x, https:\/\/i0.wp.com\/lasprimeras.com.do\/wp-content\/uploads\/2026\/04\/IMG-20260420-WA0186.jpg?resize=1400%2C800&ssl=1 4x"},"classes":[]}],"jetpack_sharing_enabled":true,"jetpack_featured_media_url":"https:\/\/lasprimeras.com.do\/wp-content\/uploads\/2026\/09\/IMG-20260901-WA0214.jpg","_links":{"self":[{"href":"https:\/\/lasprimeras.com.do\/index.php\/wp-json\/wp\/v2\/posts\/138693","targetHints":{"allow":["GET"]}}],"collection":[{"href":"https:\/\/lasprimeras.com.do\/index.php\/wp-json\/wp\/v2\/posts"}],"about":[{"href":"https:\/\/lasprimeras.com.do\/index.php\/wp-json\/wp\/v2\/types\/post"}],"author":[{"embeddable":true,"href":"https:\/\/lasprimeras.com.do\/index.php\/wp-json\/wp\/v2\/users\/10"}],"replies":[{"embeddable":true,"href":"https:\/\/lasprimeras.com.do\/index.php\/wp-json\/wp\/v2\/comments?post=138693"}],"version-history":[{"count":2,"href":"https:\/\/lasprimeras.com.do\/index.php\/wp-json\/wp\/v2\/posts\/138693\/revisions"}],"predecessor-version":[{"id":138697,"href":"https:\/\/lasprimeras.com.do\/index.php\/wp-json\/wp\/v2\/posts\/138693\/revisions\/138697"}],"wp:featuredmedia":[{"embeddable":true,"href":"https:\/\/lasprimeras.com.do\/index.php\/wp-json\/wp\/v2\/media\/138694"}],"wp:attachment":[{"href":"https:\/\/lasprimeras.com.do\/index.php\/wp-json\/wp\/v2\/media?parent=138693"}],"wp:term":[{"taxonomy":"category","embeddable":true,"href":"https:\/\/lasprimeras.com.do\/index.php\/wp-json\/wp\/v2\/categories?post=138693"},{"taxonomy":"post_tag","embeddable":true,"href":"https:\/\/lasprimeras.com.do\/index.php\/wp-json\/wp\/v2\/tags?post=138693"}],"curies":[{"name":"wp","href":"https:\/\/api.w.org\/{rel}","templated":true}]}}