{"id":138698,"date":"2026-09-01T09:43:51","date_gmt":"2026-09-01T13:43:51","guid":{"rendered":"https:\/\/lasprimeras.com.do\/?p=138698"},"modified":"2026-09-01T09:43:53","modified_gmt":"2026-09-01T13:43:53","slug":"mision-cumplida-en-ito-bisono","status":"publish","type":"post","link":"https:\/\/lasprimeras.com.do\/index.php\/2026\/09\/01\/mision-cumplida-en-ito-bisono\/","title":{"rendered":"Misi\u00f3n cumplida en Ito Bison\u00f3"},"content":{"rendered":"\n<p class=\"wp-block-paragraph\">Por: Roberto Valenzuela<\/p>\n\n\n\n<p class=\"wp-block-paragraph\">Debemos expresar nuestro m\u00e1s sincero y profundo reconocimiento al gran trabajo realizado por el Ministerio de la Vivienda, H\u00e1bitat y Edificaciones (MIVHED) y, en particular, por el exministro V\u00edctor (Ito) Bison\u00f3 y todo su equipo de construcci\u00f3n, edificaci\u00f3n y supervisi\u00f3n, en el marco de la celebraci\u00f3n de los XXV Juegos Centroamericanos y del Caribe, Santo Domingo 2026.<\/p>\n\n\n\n<p class=\"wp-block-paragraph\">La culminaci\u00f3n oportuna, la alta calidad y la esmerada supervisi\u00f3n desplegada en la adecuaci\u00f3n de las instalaciones deportivas han sido fundamentales para el \u00e9xito de ese magno evento, que reuni\u00f3 a aproximadamente 6,200 atletas y 37 pa\u00edses representados.<\/p>\n\n\n\n<p class=\"wp-block-paragraph\">Bajo su liderazgo, el MIVHED cumpli\u00f3 cabalmente con la misi\u00f3n encomendada por el presidente Luis Abinader, dejando un legado de infraestructuras modernas, seguras y de alto nivel para el deporte dominicano.<\/p>\n\n\n\n<p class=\"wp-block-paragraph\">Desde el inicio, ellos asumieron el compromiso de que todas las obras estar\u00edan listas dentro de los plazos previstos.<\/p>\n\n\n\n<p class=\"wp-block-paragraph\">A pesar de las dudas iniciales, hoy la realidad es otra: hablamos de hechos, de obras terminadas y de compromisos continuo y directo a las obras, los recorridos t\u00e9cnicos, la supervisi\u00f3n constante de cada detalle garantizaron que los trabajos avanzaran sin contratiempos, respet\u00e1ndose el cronograma original y poniendo al pa\u00eds por encima de todo.<\/p>\n\n\n\n<p class=\"wp-block-paragraph\">Por lo menos eso es lo que vimos y por eso lo escribimos.<\/p>\n\n\n\n<p class=\"wp-block-paragraph\">La calidad de las instalaciones entregadas es otro aspecto digno de encomio.<\/p>\n\n\n\n<p class=\"wp-block-paragraph\">Cada una de las obras realizadas fueron adecuadas con \u00e1reas de competencia certificadas, grader\u00edas, vestidores, consultorios m\u00e9dicos, oficinas administrativas, sistemas el\u00e9ctricos y sanitarios, iluminaci\u00f3n, accesibilidad y tecnolog\u00eda, siempre conforme a todos los est\u00e1ndares internacionales para competencia de alto rendimiento.<\/p>\n\n\n\n<p class=\"wp-block-paragraph\">El liderazgo (de Ito) y su presencia constante en cada obra fueron clave para alcanzar estos resultados.<\/p>\n\n\n\n<p class=\"wp-block-paragraph\">Siempre ve\u00edamos los medios tradicionales con sus noticias y los medios digitales con actualizaci\u00f3n constante de los avances y la supervisi\u00f3n adecuada. Las huellas est\u00e1n ah\u00ed.<\/p>\n\n\n\n<p class=\"wp-block-paragraph\">En mi opini\u00f3n, el ministro Bison\u00f3 ha demostrado un compromiso inquebrantable con la excelencia.<\/p>\n\n\n\n<p class=\"wp-block-paragraph\">La enorme inversi\u00f3n ejecutada a trav\u00e9s del MIVHED es un reflejo del esfuerzo estatal por posicionar al pa\u00eds como un referente regional en materia de infraestructura deportiva; aqu\u00ed no podemos negar que el compromiso y apoyo del presidente Abinader, que jug\u00f3 un papel fuera de serie.<\/p>\n\n\n\n<p class=\"wp-block-paragraph\">Estas obras, despu\u00e9s de terminados los juegos, representan un legado permanente para los atletas, la juventud y las familias dominicanas.<\/p>\n\n\n\n<p class=\"wp-block-paragraph\">Por eso toma un gran valor lo informado recientemente por el presidente Abinader, otorgando la gran responsabilidad del cuido, seguimiento y mantenimiento a las Federaciones y los Voluntarios.<\/p>\n\n\n\n<p class=\"wp-block-paragraph\">En este \u00faltimo grupo, nosotros decimos claramente que se debe referir a los Patronatos, quienes deber\u00e1n jugar un papel preponderante y un compromiso con la transparencia, informando oportunamente sobre temas que se tienen que hacer y que posiblemente no se est\u00e1n haciendo.<\/p>\n\n\n\n<p class=\"wp-block-paragraph\">Por todo lo anterior, reiteramos nuestro m\u00e1s alto reconocimiento y agradecimiento al anterior ministro de Vivienda, H\u00e1bitat y Edificaciones, Lic. V\u00edctor (Ito) Bison\u00f3, y a todo el equipo que le acompa\u00f1\u00f3, por su invaluable contribuci\u00f3n al \u00e9xito de los XXV Juegos Centroamericanos y del Caribe, Santo Domingo 2026, en los cuales, por dem\u00e1s, la Rep\u00fablica Dominicana rompi\u00f3 su propio r\u00e9cord de medallas, al salir airoso con 150 medallas, para colocarse en el 5to lugar entre todos los pa\u00edses participantes.<\/p>\n\n\n\n<p class=\"wp-block-paragraph\">Enhorabuena.<\/p>\n","protected":false},"excerpt":{"rendered":"<p>Por: Roberto Valenzuela Debemos expresar nuestro m\u00e1s sincero y profundo reconocimiento al gran trabajo realizado por el Ministerio de la Vivienda, H\u00e1bitat y Edificaciones (MIVHED) y, en particular, por el&hellip;<\/p>\n","protected":false},"author":10,"featured_media":138614,"comment_status":"open","ping_status":"open","sticky":false,"template":"","format":"standard","meta":{"content-type":"","_jetpack_newsletter_access":"","_jetpack_dont_email_post_to_subs":false,"_jetpack_newsletter_tier_id":0,"_jetpack_memberships_contains_paywalled_content":false,"_jetpack_feature_clip_id":0,"_jetpack_memberships_contains_paid_content":false,"footnotes":"","jetpack_post_was_ever_published":false},"categories":[95],"tags":[36185],"class_list":["post-138698","post","type-post","status-publish","format-standard","has-post-thumbnail","hentry","category-opinion","tag-mision-cumplida-ito-bisono"],"jetpack-related-posts":[{"id":113663,"url":"https:\/\/lasprimeras.com.do\/index.php\/2025\/11\/05\/eeuu-propone-que-onu-autorice-una-fuerza-de-estabilizacion-en-gaza-por-2-anos\/","url_meta":{"origin":138698,"position":0},"title":"EEUU propone que ONU autorice una fuerza de estabilizaci\u00f3n en Gaza por 2 a\u00f1os","author":"Nelson Feliz","date":"5 de noviembre de 2025","format":false,"excerpt":"POR SAM MEDNICK, MATTHEW LEE and FARNOUSH AMIRI NACIONES UNIDAS (AP) \u2014 Estados Unidos ha distribuido un borrador para una resoluci\u00f3n del Consejo de Seguridad de la ONU que proporcionar\u00eda un mandato para una fuerza internacional de estabilizaci\u00f3n en Gaza durante al menos dos a\u00f1os, marcando el siguiente paso en\u2026","rel":"","context":"En \u00abINTERNACIONALES\u00bb","block_context":{"text":"INTERNACIONALES","link":"https:\/\/lasprimeras.com.do\/index.php\/category\/sin-categoria\/internacionales\/"},"img":{"alt_text":"","src":"https:\/\/i0.wp.com\/lasprimeras.com.do\/wp-content\/uploads\/2025\/11\/Palestinos-inspeccionan-los-escombros.jpg?resize=350%2C200&ssl=1","width":350,"height":200,"srcset":"https:\/\/i0.wp.com\/lasprimeras.com.do\/wp-content\/uploads\/2025\/11\/Palestinos-inspeccionan-los-escombros.jpg?resize=350%2C200&ssl=1 1x, https:\/\/i0.wp.com\/lasprimeras.com.do\/wp-content\/uploads\/2025\/11\/Palestinos-inspeccionan-los-escombros.jpg?resize=525%2C300&ssl=1 1.5x, https:\/\/i0.wp.com\/lasprimeras.com.do\/wp-content\/uploads\/2025\/11\/Palestinos-inspeccionan-los-escombros.jpg?resize=700%2C400&ssl=1 2x"},"classes":[]},{"id":49208,"url":"https:\/\/lasprimeras.com.do\/index.php\/2023\/05\/09\/prm-se-refiere-a-controversia-del-borrador-presentado-por-la-jce\/","url_meta":{"origin":138698,"position":1},"title":"PRM se refiere a controversia del borrador presentado por la JCE","author":"prenxa100","date":"9 de mayo de 2023","format":false,"excerpt":"SANTO DOMINGO.-.El presidente de la C\u00e1mara de Diputados, Alfredo Pacheco, y la alcaldesa del Distrito Nacional, Carolina Mej\u00eda, se refirieron a la controversia que han impulsado partidos de la oposici\u00f3n en torno al borrador de resoluci\u00f3n de la Junta Central Electoral (JCE) que establece la manera en que se podr\u00e1n\u2026","rel":"","context":"En \u00abSin categor\u00eda\u00bb","block_context":{"text":"Sin categor\u00eda","link":"https:\/\/lasprimeras.com.do\/index.php\/category\/sin-categoria\/"},"img":{"alt_text":"","src":"","width":0,"height":0},"classes":[]},{"id":49023,"url":"https:\/\/lasprimeras.com.do\/index.php\/2023\/05\/07\/dirigente-de-la-fp-cuestiona-borrador-de-la-resolucion-de-la-jce-dice-favorece-oficialismo\/","url_meta":{"origin":138698,"position":2},"title":"Dirigente de la FP cuestiona \u201cBorrador de la Resoluci\u00f3n de la JCE\u201d, dice favorece oficialismo","author":"prenxa100","date":"7 de mayo de 2023","format":false,"excerpt":"Santo Domingo .- El miembro de la Direcci\u00f3n Central de la Fuerza del Pueblo (FP), Pedro Jim\u00e9nez cuestion\u00f3 hoy al pleno de la Junta Central Electoral de favorecer al gobierno, con el borrador de la resoluci\u00f3n sobre el porcentaje de las reservas de las candidaturas dispuesto por la Ley 33-18,\u2026","rel":"","context":"En \u00abPORTADA\u00bb","block_context":{"text":"PORTADA","link":"https:\/\/lasprimeras.com.do\/index.php\/category\/portada\/"},"img":{"alt_text":"","src":"","width":0,"height":0},"classes":[]},{"id":49201,"url":"https:\/\/lasprimeras.com.do\/index.php\/2023\/05\/09\/pld-reitera-rechazo-al-borrador-de-resolucion-de-la-jce-sobre-reservas-de-candidatura\/","url_meta":{"origin":138698,"position":3},"title":"PLD reitera rechazo al borrador de resoluci\u00f3n de la JCE sobre reservas de candidatura","author":"prenxa100","date":"9 de mayo de 2023","format":false,"excerpt":"CP del PLD ratifica comisi\u00f3n para abordar el tema relativo a las reservas de candidaturas. Danilo Medina, Charles Mariotti, Abel Mart\u00ednez y Francisco Javier Garc\u00eda, la integran. SANTO DOMINGO.-.El Comit\u00e9 Pol\u00edtico del Partido de la Liberaci\u00f3n Dominicana (PLD) en la reuni\u00f3n ordinaria de este d\u00eda ratific\u00f3 la conformaci\u00f3n de una\u2026","rel":"","context":"En \u00abPORTADA\u00bb","block_context":{"text":"PORTADA","link":"https:\/\/lasprimeras.com.do\/index.php\/category\/portada\/"},"img":{"alt_text":"","src":"","width":0,"height":0},"classes":[]},{"id":48723,"url":"https:\/\/lasprimeras.com.do\/index.php\/2023\/05\/03\/pleno-socializa-borrador-de-resolucion-de-reservas-de-candidaturas\/","url_meta":{"origin":138698,"position":4},"title":"Pleno socializa borrador de resoluci\u00f3n de reservas de candidaturas","author":"prenxa100","date":"3 de mayo de 2023","format":false,"excerpt":"Organizaciones pol\u00edticas tienen hasta el 8 de mayo para presentar observaciones. Santo Domingo.- El Pleno de la Junta Central Electoral (JCE) elabor\u00f3 el borrador de resoluci\u00f3n sobre la aplicaci\u00f3n del porcentaje de las reservas de las candidaturas que establece la Ley No. 33-18 de partidos, agrupaciones y movimientos pol\u00edticos para\u2026","rel":"","context":"En \u00abNACIONALES\u00bb","block_context":{"text":"NACIONALES","link":"https:\/\/lasprimeras.com.do\/index.php\/category\/nacionales\/"},"img":{"alt_text":"","src":"","width":0,"height":0},"classes":[]},{"id":115335,"url":"https:\/\/lasprimeras.com.do\/index.php\/2025\/11\/21\/plan-de-trump-para-terminar-la-guerra-en-ucrania-cederia-territorio-a-rusia\/","url_meta":{"origin":138698,"position":5},"title":"Plan de Trump para terminar la guerra en Ucrania ceder\u00eda territorio a Rusia","author":"Nelson Feliz","date":"21 de noviembre de 2025","format":false,"excerpt":"POR ILLIA NOVIKOV, AAMER MADHANIand CHRIS MEGERIAN WASHINGTON (AP) \u2014 El plan del presidente estadounidense Donald Trump para poner fin a la guerra en Ucrania ceder\u00eda territorio a Rusia y limitar\u00eda el tama\u00f1o del ej\u00e9rcito de Kiev, seg\u00fan un borrador de la propuesta obtenido el jueves por The Associated Press.\u2026","rel":"","context":"En \u00abINTERNACIONALES\u00bb","block_context":{"text":"INTERNACIONALES","link":"https:\/\/lasprimeras.com.do\/index.php\/category\/sin-categoria\/internacionales\/"},"img":{"alt_text":"","src":"https:\/\/i0.wp.com\/lasprimeras.com.do\/wp-content\/uploads\/2025\/11\/coche-bomba.jpg?resize=350%2C200&ssl=1","width":350,"height":200,"srcset":"https:\/\/i0.wp.com\/lasprimeras.com.do\/wp-content\/uploads\/2025\/11\/coche-bomba.jpg?resize=350%2C200&ssl=1 1x, https:\/\/i0.wp.com\/lasprimeras.com.do\/wp-content\/uploads\/2025\/11\/coche-bomba.jpg?resize=525%2C300&ssl=1 1.5x, https:\/\/i0.wp.com\/lasprimeras.com.do\/wp-content\/uploads\/2025\/11\/coche-bomba.jpg?resize=700%2C400&ssl=1 2x"},"classes":[]}],"jetpack_sharing_enabled":true,"jetpack_featured_media_url":"https:\/\/lasprimeras.com.do\/wp-content\/uploads\/2026\/08\/IMG-20260831-WA0212.jpg","_links":{"self":[{"href":"https:\/\/lasprimeras.com.do\/index.php\/wp-json\/wp\/v2\/posts\/138698","targetHints":{"allow":["GET"]}}],"collection":[{"href":"https:\/\/lasprimeras.com.do\/index.php\/wp-json\/wp\/v2\/posts"}],"about":[{"href":"https:\/\/lasprimeras.com.do\/index.php\/wp-json\/wp\/v2\/types\/post"}],"author":[{"embeddable":true,"href":"https:\/\/lasprimeras.com.do\/index.php\/wp-json\/wp\/v2\/users\/10"}],"replies":[{"embeddable":true,"href":"https:\/\/lasprimeras.com.do\/index.php\/wp-json\/wp\/v2\/comments?post=138698"}],"version-history":[{"count":1,"href":"https:\/\/lasprimeras.com.do\/index.php\/wp-json\/wp\/v2\/posts\/138698\/revisions"}],"predecessor-version":[{"id":138699,"href":"https:\/\/lasprimeras.com.do\/index.php\/wp-json\/wp\/v2\/posts\/138698\/revisions\/138699"}],"wp:featuredmedia":[{"embeddable":true,"href":"https:\/\/lasprimeras.com.do\/index.php\/wp-json\/wp\/v2\/media\/138614"}],"wp:attachment":[{"href":"https:\/\/lasprimeras.com.do\/index.php\/wp-json\/wp\/v2\/media?parent=138698"}],"wp:term":[{"taxonomy":"category","embeddable":true,"href":"https:\/\/lasprimeras.com.do\/index.php\/wp-json\/wp\/v2\/categories?post=138698"},{"taxonomy":"post_tag","embeddable":true,"href":"https:\/\/lasprimeras.com.do\/index.php\/wp-json\/wp\/v2\/tags?post=138698"}],"curies":[{"name":"wp","href":"https:\/\/api.w.org\/{rel}","templated":true}]}}