{"id":138700,"date":"2026-09-01T11:24:10","date_gmt":"2026-09-01T15:24:10","guid":{"rendered":"https:\/\/lasprimeras.com.do\/?p=138700"},"modified":"2026-09-01T11:24:13","modified_gmt":"2026-09-01T15:24:13","slug":"scarlett-martinez-solista-invitada-de-la-osn","status":"publish","type":"post","link":"https:\/\/lasprimeras.com.do\/index.php\/2026\/09\/01\/scarlett-martinez-solista-invitada-de-la-osn\/","title":{"rendered":"Scarlett Mart\u00ednez solista invitada de la OSN"},"content":{"rendered":"\n<p class=\"wp-block-paragraph\">SANTO DOMINGO.=. La violinista Scarlett Mart\u00ednez Morel ser\u00e1 solista invitada de la OSN.<\/p>\n\n\n\n<p class=\"wp-block-paragraph\">La noche resaltar\u00e1 su virtuosismo y su creciente proyecci\u00f3n internacional.<\/p>\n\n\n\n<p class=\"wp-block-paragraph\">Interpretar\u00e1 el Concierto en mi menor, Op. 64 de Felix Mendelssohn.<\/p>\n\n\n\n<p class=\"wp-block-paragraph\">Formada en el pa\u00eds, continu\u00f3 estudios en Europa.<\/p>\n\n\n\n<p class=\"wp-block-paragraph\">Obtuvo Grado Superior y M\u00e1ster en el Conservatorio del Liceu de Barcelona.<\/p>\n\n\n\n<p class=\"wp-block-paragraph\">La direcci\u00f3n estar\u00e1 a cargo del maestro Santy Rodr\u00edguez.<\/p>\n\n\n\n<p class=\"wp-block-paragraph\">Inici\u00f3 con el profesor Hip\u00f3lito Javier Guerrero por casi 10 a\u00f1os.<\/p>\n\n\n\n<p class=\"wp-block-paragraph\">A los 14 ingres\u00f3 a la OSN y debut\u00f3 como solista a los 17.<\/p>\n\n\n\n<p class=\"wp-block-paragraph\">Su base t\u00e9cnica y art\u00edstica se forj\u00f3 en Rep\u00fablica Dominicana.<\/p>\n\n\n\n<p class=\"wp-block-paragraph\">En el extranjero ha tocado con orquestas de renombre.<\/p>\n\n\n\n<p class=\"wp-block-paragraph\">Incluye la del Gran Teatre del Liceu y la JONC de Catalunya.<\/p>\n\n\n\n<p class=\"wp-block-paragraph\">Tambi\u00e9n la Orquestra Simf\u00f2nica del Vall\u00e8s en Espa\u00f1a.<\/p>\n\n\n\n<p class=\"wp-block-paragraph\">\u201cVolver como solista es un reencuentro con mis ra\u00edces\u201d.<\/p>\n\n\n\n<p class=\"wp-block-paragraph\">El concierto ser\u00e1 en la Sala Carlos Piantini del Teatro Nacional.<\/p>\n\n\n\n<p class=\"wp-block-paragraph\">Boletas en boleter\u00eda y Uepa Tickets.<\/p>\n","protected":false},"excerpt":{"rendered":"<p>SANTO DOMINGO.=. La violinista Scarlett Mart\u00ednez Morel ser\u00e1 solista invitada de la OSN. La noche resaltar\u00e1 su virtuosismo y su creciente proyecci\u00f3n internacional. Interpretar\u00e1 el Concierto en mi menor, Op.&hellip;<\/p>\n","protected":false},"author":10,"featured_media":138701,"comment_status":"open","ping_status":"open","sticky":false,"template":"","format":"standard","meta":{"content-type":"","_jetpack_newsletter_access":"","_jetpack_dont_email_post_to_subs":false,"_jetpack_newsletter_tier_id":0,"_jetpack_memberships_contains_paywalled_content":false,"_jetpack_feature_clip_id":0,"_jetpack_memberships_contains_paid_content":false,"footnotes":"","jetpack_post_was_ever_published":false},"categories":[84],"tags":[36186,36187,9948,36188],"class_list":["post-138700","post","type-post","status-publish","format-standard","has-post-thumbnail","hentry","category-entretenimiento","tag-osn-concierto","tag-scarlett-martinez-morel","tag-teatro-nacional","tag-violin-mendelssohn"],"jetpack-related-posts":[{"id":71405,"url":"https:\/\/lasprimeras.com.do\/index.php\/2023\/12\/19\/aisha-culmina-en-bolivia-su-gira-mundial-de-cuatro-continentes\/","url_meta":{"origin":138700,"position":0},"title":"Aisha culmina en Bolivia su gira mundial de cuatro continentes","author":"BIMARY DE JES\u00daS Matos","date":"19 de diciembre de 2023","format":false,"excerpt":"Santo Domingo.-La violinista dominicana Aisha Syed culmin\u00f3 su gira mundial \u00abVoyage\u00bb, que se present\u00f3 en Europa, Latinoam\u00e9rica, Estados Unidos, el Medio Oriente y \u00c1frica. En el 2023, calificado por ella como su mejor a\u00f1o, figura su debut en la Filarm\u00f3nica de Berl\u00edn en Alemania como primer artista dominicano en pisar\u2026","rel":"","context":"En \u00abENTRETENIMIENTO\u00bb","block_context":{"text":"ENTRETENIMIENTO","link":"https:\/\/lasprimeras.com.do\/index.php\/category\/entretenimiento\/"},"img":{"alt_text":"","src":"https:\/\/i0.wp.com\/lasprimeras.com.do\/wp-content\/uploads\/2023\/12\/Noticias-5-9.jpg?resize=350%2C200&ssl=1","width":350,"height":200,"srcset":"https:\/\/i0.wp.com\/lasprimeras.com.do\/wp-content\/uploads\/2023\/12\/Noticias-5-9.jpg?resize=350%2C200&ssl=1 1x, https:\/\/i0.wp.com\/lasprimeras.com.do\/wp-content\/uploads\/2023\/12\/Noticias-5-9.jpg?resize=525%2C300&ssl=1 1.5x"},"classes":[]},{"id":50586,"url":"https:\/\/lasprimeras.com.do\/index.php\/2023\/05\/22\/cantante-miguel-delgado-estrenara-su-disco-verano-con-concierto\/","url_meta":{"origin":138700,"position":1},"title":"Cantante Miguel Delgado estrenar\u00e1 su disco \u201cVerano\u201d con concierto","author":"prenxa100","date":"22 de mayo de 2023","format":false,"excerpt":"El cantante dominicano realizar\u00e1 su primer concierto en vivo el pr\u00f3ximo 30 de junio en Mecenas Caf\u00e9. SANTO DOMINGO. \u2013 El artista dominicano Miguel Delgado da grandes pasos en el mundo art\u00edstico con la presentaci\u00f3n de su EP, titulado, \u201cVerano\u201d, en el marco de su primer concierto en vivo el\u2026","rel":"","context":"En \u00abENTRETENIMIENTO\u00bb","block_context":{"text":"ENTRETENIMIENTO","link":"https:\/\/lasprimeras.com.do\/index.php\/category\/entretenimiento\/"},"img":{"alt_text":"","src":"","width":0,"height":0},"classes":[]},{"id":72455,"url":"https:\/\/lasprimeras.com.do\/index.php\/2023\/12\/29\/cristian-allexis-cierra-gran-ano-en-concierto\/","url_meta":{"origin":138700,"position":2},"title":"Cristian Allexis cierra gran a\u00f1o en concierto","author":"BIMARY DE JES\u00daS Matos","date":"29 de diciembre de 2023","format":false,"excerpt":"Santo Domingo. RD. Para cerrar un gran a\u00f1o cargado de \u00e9xitos, el cantautor dominicano Cristian Allexis estar\u00e1 este 30 de diciembre llevando lo mejor de su repertorio a la Plaza de Espa\u00f1a, en un concierto para toda la familia. A partir de las 8:00 de la noche el artista, acompa\u00f1ado\u2026","rel":"","context":"En \u00abENTRETENIMIENTO\u00bb","block_context":{"text":"ENTRETENIMIENTO","link":"https:\/\/lasprimeras.com.do\/index.php\/category\/entretenimiento\/"},"img":{"alt_text":"","src":"","width":0,"height":0},"classes":[]},{"id":72569,"url":"https:\/\/lasprimeras.com.do\/index.php\/2024\/01\/01\/aventura-y-romeo-santos-entre-los-mas-buscados-en-google\/","url_meta":{"origin":138700,"position":3},"title":"Aventura y Romeo Santos entre los m\u00e1s buscados en Google","author":"BIMARY DE JES\u00daS Matos","date":"1 de enero de 2024","format":false,"excerpt":"Santo Domingo.-Los exponentes de m\u00fasica dominicana Romeo Santos y Aventura han sido nombrados dentro de la lista de \u00ablos artistas con m\u00fasica en espa\u00f1ol o portugu\u00e9s m\u00e1s buscados en Google en todo el mundo de todos los tiempos\u00bb. En el listado, el grupo de bachata ocupa la quinta posici\u00f3n mientras\u2026","rel":"","context":"En \u00abENTRETENIMIENTO\u00bb","block_context":{"text":"ENTRETENIMIENTO","link":"https:\/\/lasprimeras.com.do\/index.php\/category\/entretenimiento\/"},"img":{"alt_text":"","src":"https:\/\/i0.wp.com\/lasprimeras.com.do\/wp-content\/uploads\/2024\/01\/Las-portadas-de-la-semana-EH-13-3.jpg?resize=350%2C200&ssl=1","width":350,"height":200,"srcset":"https:\/\/i0.wp.com\/lasprimeras.com.do\/wp-content\/uploads\/2024\/01\/Las-portadas-de-la-semana-EH-13-3.jpg?resize=350%2C200&ssl=1 1x, https:\/\/i0.wp.com\/lasprimeras.com.do\/wp-content\/uploads\/2024\/01\/Las-portadas-de-la-semana-EH-13-3.jpg?resize=525%2C300&ssl=1 1.5x"},"classes":[]},{"id":67213,"url":"https:\/\/lasprimeras.com.do\/index.php\/2023\/11\/14\/wason-brazoban-celebrara-20-anos-de-carrera-artistica-con-una-emocionante-gira-por-el-pais\/","url_meta":{"origin":138700,"position":4},"title":"Wason Brazob\u00e1n celebrar\u00e1 20 a\u00f1os de carrera art\u00edstica con una emocionante gira por el pa\u00eds","author":"BIMARY DE JES\u00daS Matos","date":"14 de noviembre de 2023","format":false,"excerpt":"Santo Domingo.-El cantautor Wason Brazob\u00e1n celebrar\u00e1 el 20 aniversario de su carrera art\u00edstica con una gira que lo llevar\u00e1 por varias ciudades de Rep\u00fablica Dominicana, desde principio de diciembre. La empresa de conciertos Emporio Luis Medrano revel\u00f3 que el periplo musical, que se extender\u00e1 hasta el 2024, iniciar\u00e1 el domingo\u2026","rel":"","context":"En \u00abENTRETENIMIENTO\u00bb","block_context":{"text":"ENTRETENIMIENTO","link":"https:\/\/lasprimeras.com.do\/index.php\/category\/entretenimiento\/"},"img":{"alt_text":"","src":"","width":0,"height":0},"classes":[]},{"id":88336,"url":"https:\/\/lasprimeras.com.do\/index.php\/2024\/08\/26\/felipe-pelaez-marca-historia-de-la-musica-colombiana-en-el-movistar-arena-de-bogota\/","url_meta":{"origin":138700,"position":5},"title":"Felipe Pel\u00e1ez marca historia de la m\u00fasica colombiana en el Movistar Arena de Bogot\u00e1","author":"Nelson Feliz","date":"26 de agosto de 2024","format":false,"excerpt":"Miami. El pasado s\u00e1bado 24 de agosto, el Movistar Arena de Bogot\u00e1 fue el escenario de una velada memorable que quedar\u00e1 marcada en la historia de la m\u00fasica colombiana. Felipe Pel\u00e1ez, el aclamado cantautor y embajador del vallenato rom\u00e1ntico, celebr\u00f3 20 a\u00f1os de trayectoria con un concierto sinf\u00f3nico que super\u00f3\u2026","rel":"","context":"En \u00abENTRETENIMIENTO\u00bb","block_context":{"text":"ENTRETENIMIENTO","link":"https:\/\/lasprimeras.com.do\/index.php\/category\/entretenimiento\/"},"img":{"alt_text":"Felipe Pel\u00e1ez","src":"https:\/\/i0.wp.com\/lasprimeras.com.do\/wp-content\/uploads\/2024\/08\/Felipe-Pelaez-1.png?resize=350%2C200&ssl=1","width":350,"height":200,"srcset":"https:\/\/i0.wp.com\/lasprimeras.com.do\/wp-content\/uploads\/2024\/08\/Felipe-Pelaez-1.png?resize=350%2C200&ssl=1 1x, https:\/\/i0.wp.com\/lasprimeras.com.do\/wp-content\/uploads\/2024\/08\/Felipe-Pelaez-1.png?resize=525%2C300&ssl=1 1.5x, https:\/\/i0.wp.com\/lasprimeras.com.do\/wp-content\/uploads\/2024\/08\/Felipe-Pelaez-1.png?resize=700%2C400&ssl=1 2x"},"classes":[]}],"jetpack_sharing_enabled":true,"jetpack_featured_media_url":"https:\/\/lasprimeras.com.do\/wp-content\/uploads\/2026\/09\/IMG-20260901-WA0340.jpg","_links":{"self":[{"href":"https:\/\/lasprimeras.com.do\/index.php\/wp-json\/wp\/v2\/posts\/138700","targetHints":{"allow":["GET"]}}],"collection":[{"href":"https:\/\/lasprimeras.com.do\/index.php\/wp-json\/wp\/v2\/posts"}],"about":[{"href":"https:\/\/lasprimeras.com.do\/index.php\/wp-json\/wp\/v2\/types\/post"}],"author":[{"embeddable":true,"href":"https:\/\/lasprimeras.com.do\/index.php\/wp-json\/wp\/v2\/users\/10"}],"replies":[{"embeddable":true,"href":"https:\/\/lasprimeras.com.do\/index.php\/wp-json\/wp\/v2\/comments?post=138700"}],"version-history":[{"count":1,"href":"https:\/\/lasprimeras.com.do\/index.php\/wp-json\/wp\/v2\/posts\/138700\/revisions"}],"predecessor-version":[{"id":138702,"href":"https:\/\/lasprimeras.com.do\/index.php\/wp-json\/wp\/v2\/posts\/138700\/revisions\/138702"}],"wp:featuredmedia":[{"embeddable":true,"href":"https:\/\/lasprimeras.com.do\/index.php\/wp-json\/wp\/v2\/media\/138701"}],"wp:attachment":[{"href":"https:\/\/lasprimeras.com.do\/index.php\/wp-json\/wp\/v2\/media?parent=138700"}],"wp:term":[{"taxonomy":"category","embeddable":true,"href":"https:\/\/lasprimeras.com.do\/index.php\/wp-json\/wp\/v2\/categories?post=138700"},{"taxonomy":"post_tag","embeddable":true,"href":"https:\/\/lasprimeras.com.do\/index.php\/wp-json\/wp\/v2\/tags?post=138700"}],"curies":[{"name":"wp","href":"https:\/\/api.w.org\/{rel}","templated":true}]}}