{"id":138706,"date":"2026-09-01T12:06:02","date_gmt":"2026-09-01T16:06:02","guid":{"rendered":"https:\/\/lasprimeras.com.do\/?p=138706"},"modified":"2026-09-01T12:06:05","modified_gmt":"2026-09-01T16:06:05","slug":"uasd-y-jce-inauguran-centro-para-emision-inmediata-de-cedula","status":"publish","type":"post","link":"https:\/\/lasprimeras.com.do\/index.php\/2026\/09\/01\/uasd-y-jce-inauguran-centro-para-emision-inmediata-de-cedula\/","title":{"rendered":"UASD y JCE inauguran centro para emisi\u00f3n inmediata de c\u00e9dula"},"content":{"rendered":"\n<p class=\"wp-block-paragraph\"><em>SANTO DOMINGO.<\/em> La UASD y la JCE pusieron en funcionamiento un moderno centro de cedulaci\u00f3n.<\/p>\n\n\n\n<p class=\"wp-block-paragraph\">Estar\u00e1 en la sede central y beneficiar\u00e1 a m\u00e1s de 100 mil estudiantes y al p\u00fablico general.<\/p>\n\n\n\n<p class=\"wp-block-paragraph\">El acto fue encabezado por el rector Jorge Asjana David y el presidente de la JCE, Rom\u00e1n J\u00e1quez.<\/p>\n\n\n\n<p class=\"wp-block-paragraph\">El centro permite la captura de datos biom\u00e9tricos y la entrega inmediata de la nueva c\u00e9dula.<\/p>\n\n\n\n<p class=\"wp-block-paragraph\">Seg\u00fan el rector, esta facilidad fortalece el registro civil y el servicio a la sociedad.<br>Se diferencia de otros centros por la emisi\u00f3n instant\u00e1nea del documento.<\/p>\n\n\n\n<p class=\"wp-block-paragraph\">Cuenta con tecnolog\u00eda de punta: esc\u00e1neres dactilares, m\u00e1quinas l\u00e1ser y codificadores de chip.<\/p>\n\n\n\n<p class=\"wp-block-paragraph\">Dispone de plataforma PKI para firma digital y servidores AFIS para evitar duplicidad.<\/p>\n\n\n\n<p class=\"wp-block-paragraph\">J\u00e1quez Liranzo lo calific\u00f3 como el m\u00e1s grande del pa\u00eds para estos servicios.<\/p>\n\n\n\n<p class=\"wp-block-paragraph\">El presidente de la JCE destac\u00f3 que contribuir\u00e1 a ampliar los m\u00e1s de 3 millones de c\u00e9dulas nuevas.<\/p>\n\n\n\n<p class=\"wp-block-paragraph\">El rector reafirm\u00f3 el compromiso de la UASD con iniciativas de alto impacto ciudadano.<\/p>\n\n\n\n<p class=\"wp-block-paragraph\">Tambi\u00e9n participaron los vicerrectores y otras autoridades de ambas instituciones.<\/p>\n\n\n\n<p class=\"wp-block-paragraph\">El centro opera de lunes a s\u00e1bado de 9:00 a.m. a 7:00 p.m. en el edificio de Multiservicios.<\/p>\n\n\n\n<p class=\"wp-block-paragraph\">Con este ya son dos los centros de la JCE en la UASD. Adem\u00e1s funciona una oficial\u00eda que expide actas del registro civil.<\/p>\n","protected":false},"excerpt":{"rendered":"<p>SANTO DOMINGO. La UASD y la JCE pusieron en funcionamiento un moderno centro de cedulaci\u00f3n. Estar\u00e1 en la sede central y beneficiar\u00e1 a m\u00e1s de 100 mil estudiantes y al&hellip;<\/p>\n","protected":false},"author":10,"featured_media":138707,"comment_status":"open","ping_status":"open","sticky":false,"template":"","format":"standard","meta":{"content-type":"","_jetpack_newsletter_access":"","_jetpack_dont_email_post_to_subs":false,"_jetpack_newsletter_tier_id":0,"_jetpack_memberships_contains_paywalled_content":false,"_jetpack_feature_clip_id":0,"_jetpack_memberships_contains_paid_content":false,"footnotes":"","jetpack_post_was_ever_published":false},"categories":[35],"tags":[36192,36194,20366,36193],"class_list":["post-138706","post","type-post","status-publish","format-standard","has-post-thumbnail","hentry","category-nacionales","tag-centro-biometrico-uasd","tag-nueva-cedula-rd","tag-roman-jaquez","tag-uasd-jce-cedulacion"],"jetpack-related-posts":[{"id":124739,"url":"https:\/\/lasprimeras.com.do\/index.php\/2026\/03\/16\/robert-polanco-destaca-eficiencia-de-jce-en-proceso-de-emision-de-la-nueva-cedula\/","url_meta":{"origin":138706,"position":0},"title":"Robert Polanco destaca eficiencia de JCE en proceso de emisi\u00f3n de la nueva c\u00e9dula","author":"Nelson Feliz","date":"16 de marzo de 2026","format":false,"excerpt":"_Director de Propeep valora agilidad y calidad del servicio ofrecido por la Junta Central Electoral_ El director de Proyectos Estrat\u00e9gicos y Especiales de la Presidencia (Propeep), Robert Polanco, recibi\u00f3 este lunes su nueva c\u00e9dula de identidad y electoral, acto donde destac\u00f3 la eficiencia con que la Junta Central Electoral (JCE)\u2026","rel":"","context":"En \u00abNACIONALES\u00bb","block_context":{"text":"NACIONALES","link":"https:\/\/lasprimeras.com.do\/index.php\/category\/nacionales\/"},"img":{"alt_text":"","src":"https:\/\/i0.wp.com\/lasprimeras.com.do\/wp-content\/uploads\/2026\/03\/IMG-20260316-WA0401.jpg?resize=350%2C200&ssl=1","width":350,"height":200,"srcset":"https:\/\/i0.wp.com\/lasprimeras.com.do\/wp-content\/uploads\/2026\/03\/IMG-20260316-WA0401.jpg?resize=350%2C200&ssl=1 1x, https:\/\/i0.wp.com\/lasprimeras.com.do\/wp-content\/uploads\/2026\/03\/IMG-20260316-WA0401.jpg?resize=525%2C300&ssl=1 1.5x, https:\/\/i0.wp.com\/lasprimeras.com.do\/wp-content\/uploads\/2026\/03\/IMG-20260316-WA0401.jpg?resize=700%2C400&ssl=1 2x, https:\/\/i0.wp.com\/lasprimeras.com.do\/wp-content\/uploads\/2026\/03\/IMG-20260316-WA0401.jpg?resize=1050%2C600&ssl=1 3x"},"classes":[]},{"id":127424,"url":"https:\/\/lasprimeras.com.do\/index.php\/2026\/04\/12\/la-jce-inicia-proceso-de-renovacion-de-la-cedula-de-identidad-en-bani\/","url_meta":{"origin":138706,"position":1},"title":"La JCE Inicia proceso de renovaci\u00f3n de la c\u00e9dula de identidad en Bani","author":"Nelson Feliz","date":"12 de abril de 2026","format":false,"excerpt":"Por Alex Montero La Junta Central Electoral (JCE), inicio este domingo el procedimiento para la renovaci\u00f3n de la nueva Cedula de Identidad y Electoral de todos los dominicanos, en el centro de la entidad ubicado en la calle Mella # 35 en Ban\u00ed, provincia Peravia. El proceso estaba pautado para\u2026","rel":"","context":"En \u00abNACIONALES\u00bb","block_context":{"text":"NACIONALES","link":"https:\/\/lasprimeras.com.do\/index.php\/category\/nacionales\/"},"img":{"alt_text":"","src":"https:\/\/i0.wp.com\/lasprimeras.com.do\/wp-content\/uploads\/2026\/04\/IMG-20260412-WA0288.jpg?resize=350%2C200&ssl=1","width":350,"height":200,"srcset":"https:\/\/i0.wp.com\/lasprimeras.com.do\/wp-content\/uploads\/2026\/04\/IMG-20260412-WA0288.jpg?resize=350%2C200&ssl=1 1x, https:\/\/i0.wp.com\/lasprimeras.com.do\/wp-content\/uploads\/2026\/04\/IMG-20260412-WA0288.jpg?resize=525%2C300&ssl=1 1.5x, https:\/\/i0.wp.com\/lasprimeras.com.do\/wp-content\/uploads\/2026\/04\/IMG-20260412-WA0288.jpg?resize=700%2C400&ssl=1 2x, https:\/\/i0.wp.com\/lasprimeras.com.do\/wp-content\/uploads\/2026\/04\/IMG-20260412-WA0288.jpg?resize=1050%2C600&ssl=1 3x, https:\/\/i0.wp.com\/lasprimeras.com.do\/wp-content\/uploads\/2026\/04\/IMG-20260412-WA0288.jpg?resize=1400%2C800&ssl=1 4x"},"classes":[]},{"id":120950,"url":"https:\/\/lasprimeras.com.do\/index.php\/2026\/01\/29\/jce-dejara-de-emitir-cedulas-actuales-desde-febrero-2026\/","url_meta":{"origin":138706,"position":2},"title":"JCE dejar\u00e1 de emitir c\u00e9dulas actuales desde febrero 2026","author":"Nelson Feliz","date":"29 de enero de 2026","format":false,"excerpt":"La Junta Central Electoral (JCE) inform\u00f3 este jueves que a partir del 1 de febrero de 2026 dejar\u00e1 de emitir c\u00e9dulas en el formato actual, como parte del proceso de transici\u00f3n hacia el nuevo modelo de c\u00e9dula de identidad y electoral. De acuerdo con un comunicado oficial difundido por la\u2026","rel":"","context":"En \u00abNACIONALES\u00bb","block_context":{"text":"NACIONALES","link":"https:\/\/lasprimeras.com.do\/index.php\/category\/nacionales\/"},"img":{"alt_text":"","src":"https:\/\/i0.wp.com\/lasprimeras.com.do\/wp-content\/uploads\/2025\/10\/JCE-1.jpg?resize=350%2C200&ssl=1","width":350,"height":200,"srcset":"https:\/\/i0.wp.com\/lasprimeras.com.do\/wp-content\/uploads\/2025\/10\/JCE-1.jpg?resize=350%2C200&ssl=1 1x, https:\/\/i0.wp.com\/lasprimeras.com.do\/wp-content\/uploads\/2025\/10\/JCE-1.jpg?resize=525%2C300&ssl=1 1.5x, https:\/\/i0.wp.com\/lasprimeras.com.do\/wp-content\/uploads\/2025\/10\/JCE-1.jpg?resize=700%2C400&ssl=1 2x"},"classes":[]},{"id":106864,"url":"https:\/\/lasprimeras.com.do\/index.php\/2025\/08\/19\/jce-da-apertura-a-sobre-b-y-da-a-conocer-propuesta-de-oferente-para-emision-de-la-nueva-cedula\/","url_meta":{"origin":138706,"position":3},"title":"JCE da apertura a sobre B y da a conocer propuesta de oferente para emisi\u00f3n de la nueva c\u00e9dula","author":"Nelson Feliz","date":"19 de agosto de 2025","format":false,"excerpt":"La Junta Central Electoral (JCE), a trav\u00e9s del Comit\u00e9 de Compras y Contrataciones, abri\u00f3 este martes el sobre B, que contiene la propuesta econ\u00f3mica referente a la licitaci\u00f3n JCE-CCC-LPI-2024-0001 p\u00fablica internacional para elegir el consorcio que suplir\u00e1 los equipos, materiales y servicios para la emisi\u00f3n de la nueva C\u00e9dula de\u2026","rel":"","context":"En \u00abECONOM\u00cdA\u00bb","block_context":{"text":"ECONOM\u00cdA","link":"https:\/\/lasprimeras.com.do\/index.php\/category\/economia\/"},"img":{"alt_text":"","src":"https:\/\/i0.wp.com\/lasprimeras.com.do\/wp-content\/uploads\/2025\/08\/Licitacion-3.jpg?resize=350%2C200&ssl=1","width":350,"height":200,"srcset":"https:\/\/i0.wp.com\/lasprimeras.com.do\/wp-content\/uploads\/2025\/08\/Licitacion-3.jpg?resize=350%2C200&ssl=1 1x, https:\/\/i0.wp.com\/lasprimeras.com.do\/wp-content\/uploads\/2025\/08\/Licitacion-3.jpg?resize=525%2C300&ssl=1 1.5x, https:\/\/i0.wp.com\/lasprimeras.com.do\/wp-content\/uploads\/2025\/08\/Licitacion-3.jpg?resize=700%2C400&ssl=1 2x"},"classes":[]},{"id":128862,"url":"https:\/\/lasprimeras.com.do\/index.php\/2026\/04\/27\/jce-236-mil-solicitudes-para-nueva-cedula-en-dos-semanas\/","url_meta":{"origin":138706,"position":4},"title":"JCE: 236 mil solicitudes para nueva c\u00e9dula en dos semanas","author":"Nelson Feliz","date":"27 de abril de 2026","format":false,"excerpt":"La Junta Central Electoral recibi\u00f3 236 mil 358 solicitudes de servicios con miras a obtener la nueva c\u00e9dula de identidad y c\u00e9dula de identidad y electoral desde el domingo 12 al s\u00e1bado 25 de abril del presente a\u00f1o. De esta cifra, han sido entregadas 182,006 c\u00e9dulas en el nuevo formato\u2026","rel":"","context":"En \u00abNACIONALES\u00bb","block_context":{"text":"NACIONALES","link":"https:\/\/lasprimeras.com.do\/index.php\/category\/nacionales\/"},"img":{"alt_text":"","src":"https:\/\/i0.wp.com\/lasprimeras.com.do\/wp-content\/uploads\/2025\/11\/JCE.jpg?resize=350%2C200&ssl=1","width":350,"height":200,"srcset":"https:\/\/i0.wp.com\/lasprimeras.com.do\/wp-content\/uploads\/2025\/11\/JCE.jpg?resize=350%2C200&ssl=1 1x, https:\/\/i0.wp.com\/lasprimeras.com.do\/wp-content\/uploads\/2025\/11\/JCE.jpg?resize=525%2C300&ssl=1 1.5x, https:\/\/i0.wp.com\/lasprimeras.com.do\/wp-content\/uploads\/2025\/11\/JCE.jpg?resize=700%2C400&ssl=1 2x"},"classes":[]},{"id":127521,"url":"https:\/\/lasprimeras.com.do\/index.php\/2026\/04\/13\/jce-inicio-este-domingo-la-renovacion-de-la-nueva-cedula-a-nivel-nacional\/","url_meta":{"origin":138706,"position":5},"title":"JCE inici\u00f3 este domingo la renovaci\u00f3n de la nueva c\u00e9dula a nivel nacional","author":"Nelson Feliz","date":"13 de abril de 2026","format":false,"excerpt":"La Junta Central Electoral (JCE) inici\u00f3 oficialmente este domingo el proceso de renovaci\u00f3n de la c\u00e9dula de identidad y la c\u00e9dula de identidad y electoral en todo el territorio nacional. A partir de esta fecha, la ciudadan\u00eda podr\u00e1 realizar la captura de sus datos biom\u00e9tricos y personales con entrega inmediata\u2026","rel":"","context":"En \u00abNACIONALES\u00bb","block_context":{"text":"NACIONALES","link":"https:\/\/lasprimeras.com.do\/index.php\/category\/nacionales\/"},"img":{"alt_text":"","src":"https:\/\/i0.wp.com\/lasprimeras.com.do\/wp-content\/uploads\/2025\/11\/JCE.jpg?resize=350%2C200&ssl=1","width":350,"height":200,"srcset":"https:\/\/i0.wp.com\/lasprimeras.com.do\/wp-content\/uploads\/2025\/11\/JCE.jpg?resize=350%2C200&ssl=1 1x, https:\/\/i0.wp.com\/lasprimeras.com.do\/wp-content\/uploads\/2025\/11\/JCE.jpg?resize=525%2C300&ssl=1 1.5x, https:\/\/i0.wp.com\/lasprimeras.com.do\/wp-content\/uploads\/2025\/11\/JCE.jpg?resize=700%2C400&ssl=1 2x"},"classes":[]}],"jetpack_sharing_enabled":true,"jetpack_featured_media_url":"https:\/\/lasprimeras.com.do\/wp-content\/uploads\/2026\/09\/IMG-20260831-WA0610.jpg","_links":{"self":[{"href":"https:\/\/lasprimeras.com.do\/index.php\/wp-json\/wp\/v2\/posts\/138706","targetHints":{"allow":["GET"]}}],"collection":[{"href":"https:\/\/lasprimeras.com.do\/index.php\/wp-json\/wp\/v2\/posts"}],"about":[{"href":"https:\/\/lasprimeras.com.do\/index.php\/wp-json\/wp\/v2\/types\/post"}],"author":[{"embeddable":true,"href":"https:\/\/lasprimeras.com.do\/index.php\/wp-json\/wp\/v2\/users\/10"}],"replies":[{"embeddable":true,"href":"https:\/\/lasprimeras.com.do\/index.php\/wp-json\/wp\/v2\/comments?post=138706"}],"version-history":[{"count":1,"href":"https:\/\/lasprimeras.com.do\/index.php\/wp-json\/wp\/v2\/posts\/138706\/revisions"}],"predecessor-version":[{"id":138708,"href":"https:\/\/lasprimeras.com.do\/index.php\/wp-json\/wp\/v2\/posts\/138706\/revisions\/138708"}],"wp:featuredmedia":[{"embeddable":true,"href":"https:\/\/lasprimeras.com.do\/index.php\/wp-json\/wp\/v2\/media\/138707"}],"wp:attachment":[{"href":"https:\/\/lasprimeras.com.do\/index.php\/wp-json\/wp\/v2\/media?parent=138706"}],"wp:term":[{"taxonomy":"category","embeddable":true,"href":"https:\/\/lasprimeras.com.do\/index.php\/wp-json\/wp\/v2\/categories?post=138706"},{"taxonomy":"post_tag","embeddable":true,"href":"https:\/\/lasprimeras.com.do\/index.php\/wp-json\/wp\/v2\/tags?post=138706"}],"curies":[{"name":"wp","href":"https:\/\/api.w.org\/{rel}","templated":true}]}}