{"id":138709,"date":"2026-09-01T12:27:37","date_gmt":"2026-09-01T16:27:37","guid":{"rendered":"https:\/\/lasprimeras.com.do\/?p=138709"},"modified":"2026-09-01T12:27:39","modified_gmt":"2026-09-01T16:27:39","slug":"junta-de-retiro-reconoce-merito-de-directivos-y-colaboradores","status":"publish","type":"post","link":"https:\/\/lasprimeras.com.do\/index.php\/2026\/09\/01\/junta-de-retiro-reconoce-merito-de-directivos-y-colaboradores\/","title":{"rendered":"Junta de Retiro reconoce m\u00e9rito de directivos y colaboradores"},"content":{"rendered":"\n<p class=\"wp-block-paragraph\">SANTO DOMINGO.=. La Junta de Retiro de las FF.AA. entreg\u00f3 reconocimientos a directores, subdirectores y colaboradores.<\/p>\n\n\n\n<p class=\"wp-block-paragraph\">El acto valor\u00f3 su compromiso y aporte al cumplimiento de los objetivos institucionales.<\/p>\n\n\n\n<p class=\"wp-block-paragraph\">Lo encabez\u00f3 el General Pablo Roberto Jim\u00e9nez S\u00e1nchez, presidente de la JRFPFFAA.<\/p>\n\n\n\n<p class=\"wp-block-paragraph\">Jim\u00e9nez S\u00e1nchez destac\u00f3 el liderazgo y la responsabilidad del equipo directivo.<\/p>\n\n\n\n<p class=\"wp-block-paragraph\">Resalt\u00f3 que su trabajo ha fortalecido la gesti\u00f3n y la calidad de los servicios.<\/p>\n\n\n\n<p class=\"wp-block-paragraph\">Los reconocidos fueron evaluados por desempe\u00f1o durante el segundo y tercer trimestre.<\/p>\n\n\n\n<p class=\"wp-block-paragraph\">En un momento especial se reconoci\u00f3 al Ministro de Defensa, Tte. Gral. Carlos Fern\u00e1ndez Onofre.<\/p>\n\n\n\n<p class=\"wp-block-paragraph\">Se le entreg\u00f3 una escultura que simboliza respaldo y protecci\u00f3n a los retirados.<\/p>\n\n\n\n<p class=\"wp-block-paragraph\">Lleva la frase: \u201cHonrar a quienes sirvieron es el m\u00e1s alto deber de la Naci\u00f3n\u201d.<\/p>\n\n\n\n<p class=\"wp-block-paragraph\">Tambi\u00e9n se entregaron certificados a los colaboradores de mejor desempe\u00f1o. Se valor\u00f3 su dedicaci\u00f3n, eficiencia, disciplina y vocaci\u00f3n de servicio.<\/p>\n\n\n\n<p class=\"wp-block-paragraph\">El general exhort\u00f3 a mantener excelencia y transparencia en la gesti\u00f3n.<\/p>\n\n\n\n<p class=\"wp-block-paragraph\">Con esta iniciativa la JRFPFFAA promueve una cultura de m\u00e9rito y mejora continua.<\/p>\n\n\n\n<p class=\"wp-block-paragraph\">Reafirma su misi\u00f3n de servir con dignidad a los militares retirados y sus familiares.<\/p>\n\n\n\n<p class=\"wp-block-paragraph\">La actividad se realiz\u00f3 en la sede del Ministerio de Defensa.<\/p>\n","protected":false},"excerpt":{"rendered":"<p>SANTO DOMINGO.=. La Junta de Retiro de las FF.AA. entreg\u00f3 reconocimientos a directores, subdirectores y colaboradores. El acto valor\u00f3 su compromiso y aporte al cumplimiento de los objetivos institucionales. Lo&hellip;<\/p>\n","protected":false},"author":10,"featured_media":138710,"comment_status":"open","ping_status":"open","sticky":false,"template":"","format":"standard","meta":{"content-type":"","_jetpack_newsletter_access":"","_jetpack_dont_email_post_to_subs":false,"_jetpack_newsletter_tier_id":0,"_jetpack_memberships_contains_paywalled_content":false,"_jetpack_feature_clip_id":0,"_jetpack_memberships_contains_paid_content":false,"footnotes":"","jetpack_post_was_ever_published":false},"categories":[35],"tags":[3092,7569,31443,9098],"class_list":["post-138709","post","type-post","status-publish","format-standard","has-post-thumbnail","hentry","category-nacionales","tag-colaboradores","tag-directivos","tag-junta-de-retiro-ff-aa","tag-meritos"],"jetpack-related-posts":[{"id":133426,"url":"https:\/\/lasprimeras.com.do\/index.php\/2026\/06\/13\/ministro-de-defensa-encabeza-jornada-social-para-retirados-militares-en-pedro-brand\/","url_meta":{"origin":138709,"position":0},"title":"Ministro de Defensa encabeza &#8220;Jornada Social para Retirados Militares&#8221; en Pedro Brand","author":"Nelson Feliz","date":"13 de junio de 2026","format":false,"excerpt":"Pedro Brand, Santo Domingo. \u2014 El Ministerio de Defensa reafirm\u00f3 su compromiso social con los militares retirados, pensionados, viudas, tutores y familiares, al encabezar una Jornada Social para Retirados Militares, realizada en el Polideportivo de Pedro Brand, ubicado en el Campamento Militar 16 de Agosto de la Primera Brigada de\u2026","rel":"","context":"En \u00abMILITARES\u00bb","block_context":{"text":"MILITARES","link":"https:\/\/lasprimeras.com.do\/index.php\/category\/militares\/"},"img":{"alt_text":"Carlos Antonio Fern\u00e1ndez Onofre","src":"https:\/\/i0.wp.com\/lasprimeras.com.do\/wp-content\/uploads\/2026\/06\/Carlos-Antonio-Fernandez-Onofre-1.jpg?resize=350%2C200&ssl=1","width":350,"height":200,"srcset":"https:\/\/i0.wp.com\/lasprimeras.com.do\/wp-content\/uploads\/2026\/06\/Carlos-Antonio-Fernandez-Onofre-1.jpg?resize=350%2C200&ssl=1 1x, https:\/\/i0.wp.com\/lasprimeras.com.do\/wp-content\/uploads\/2026\/06\/Carlos-Antonio-Fernandez-Onofre-1.jpg?resize=525%2C300&ssl=1 1.5x, https:\/\/i0.wp.com\/lasprimeras.com.do\/wp-content\/uploads\/2026\/06\/Carlos-Antonio-Fernandez-Onofre-1.jpg?resize=700%2C400&ssl=1 2x"},"classes":[]},{"id":136466,"url":"https:\/\/lasprimeras.com.do\/index.php\/2026\/08\/04\/mide-siembra-esperanza-y-protege-el-agua-mediante-jornada-de-reforestacion-en-manabao\/","url_meta":{"origin":138709,"position":1},"title":"MIDE siembra esperanza y protege el agua mediante Jornada de Reforestaci\u00f3n en Manabao","author":"Nelson Feliz","date":"4 de agosto de 2026","format":false,"excerpt":"Manabao, Jarabacoa, La Vega.\u2013 El Ministerio de Defensa (MIDE) a trav\u00e9s de la la Junta de Retiro y Fondo de Pensiones de las Fuerzas Armadas realiz\u00f3 una Jornada de Reforestaci\u00f3n y Siembra de Agua en Arroyo Bonito, sector Mata de Caf\u00e9, distrito municipal de Manabao. Los directivos y cientos de\u2026","rel":"","context":"En \u00abMEDIO AMBIENTE\u00bb","block_context":{"text":"MEDIO AMBIENTE","link":"https:\/\/lasprimeras.com.do\/index.php\/category\/medio-ambiente\/"},"img":{"alt_text":"","src":"https:\/\/i0.wp.com\/lasprimeras.com.do\/wp-content\/uploads\/2026\/08\/IMG-20260803-WA0167.jpg?resize=350%2C200&ssl=1","width":350,"height":200,"srcset":"https:\/\/i0.wp.com\/lasprimeras.com.do\/wp-content\/uploads\/2026\/08\/IMG-20260803-WA0167.jpg?resize=350%2C200&ssl=1 1x, https:\/\/i0.wp.com\/lasprimeras.com.do\/wp-content\/uploads\/2026\/08\/IMG-20260803-WA0167.jpg?resize=525%2C300&ssl=1 1.5x, https:\/\/i0.wp.com\/lasprimeras.com.do\/wp-content\/uploads\/2026\/08\/IMG-20260803-WA0167.jpg?resize=700%2C400&ssl=1 2x, https:\/\/i0.wp.com\/lasprimeras.com.do\/wp-content\/uploads\/2026\/08\/IMG-20260803-WA0167.jpg?resize=1050%2C600&ssl=1 3x, https:\/\/i0.wp.com\/lasprimeras.com.do\/wp-content\/uploads\/2026\/08\/IMG-20260803-WA0167.jpg?resize=1400%2C800&ssl=1 4x"},"classes":[]},{"id":125123,"url":"https:\/\/lasprimeras.com.do\/index.php\/2026\/03\/19\/junta-de-retiro-conmemora-el-%c2%a8dia-internacional-de-la-mujer%c2%a8-con-charla-sobre-salud-y-prevencion\/","url_meta":{"origin":138709,"position":2},"title":"Junta de Retiro conmemora el \u00a8D\u00eda Internacional de la Mujer\u00a8 con charla sobre salud y prevenci\u00f3n","author":"Nelson Feliz","date":"19 de marzo de 2026","format":false,"excerpt":"En el marco del D\u00eda Internacional de la Mujer, la Junta de Retiro y Fondo de Pensiones de las Fuerzas Armadas, dependencia del Ministerio de Defensa (MIDE), realiz\u00f3 la charla \u201cC\u00e1ncer de C\u00e9rvix: Inf\u00f3rmate, Previene y Protege tu Salud\u201d, con el objetivo de orientar y concienciar sobre la importancia de\u2026","rel":"","context":"En \u00abSALUD\u00bb","block_context":{"text":"SALUD","link":"https:\/\/lasprimeras.com.do\/index.php\/category\/salud\/"},"img":{"alt_text":"","src":"https:\/\/i0.wp.com\/lasprimeras.com.do\/wp-content\/uploads\/2026\/03\/portada-2.jpg?resize=350%2C200&ssl=1","width":350,"height":200,"srcset":"https:\/\/i0.wp.com\/lasprimeras.com.do\/wp-content\/uploads\/2026\/03\/portada-2.jpg?resize=350%2C200&ssl=1 1x, https:\/\/i0.wp.com\/lasprimeras.com.do\/wp-content\/uploads\/2026\/03\/portada-2.jpg?resize=525%2C300&ssl=1 1.5x, https:\/\/i0.wp.com\/lasprimeras.com.do\/wp-content\/uploads\/2026\/03\/portada-2.jpg?resize=700%2C400&ssl=1 2x"},"classes":[]},{"id":111326,"url":"https:\/\/lasprimeras.com.do\/index.php\/2025\/10\/07\/cercania-y-oportunidades-retirados-militares-reciben-respaldo-integral-en-haina\/","url_meta":{"origin":138709,"position":3},"title":"Cercan\u00eda y oportunidades: Retirados militares reciben respaldo integral en Haina","author":"Nelson Feliz","date":"7 de octubre de 2025","format":false,"excerpt":"La Junta de Retiro y Fondo de Pensiones de las Fuerzas Armadas, dependencia del Ministerio de Defensa (MIDE), volvi\u00f3 a demostrar su compromiso con los militares en condici\u00f3n de retiro, sus viudas y tutores, al llevar a cabo un encuentro en la Escuela Amparo Garc\u00eda, ubicada en el sector El\u2026","rel":"","context":"En \u00abMILITARES\u00bb","block_context":{"text":"MILITARES","link":"https:\/\/lasprimeras.com.do\/index.php\/category\/militares\/"},"img":{"alt_text":"","src":"https:\/\/i0.wp.com\/lasprimeras.com.do\/wp-content\/uploads\/2025\/10\/Pablo-Roberto-Jimenez-Sanchez.jpg?resize=350%2C200&ssl=1","width":350,"height":200,"srcset":"https:\/\/i0.wp.com\/lasprimeras.com.do\/wp-content\/uploads\/2025\/10\/Pablo-Roberto-Jimenez-Sanchez.jpg?resize=350%2C200&ssl=1 1x, https:\/\/i0.wp.com\/lasprimeras.com.do\/wp-content\/uploads\/2025\/10\/Pablo-Roberto-Jimenez-Sanchez.jpg?resize=525%2C300&ssl=1 1.5x, https:\/\/i0.wp.com\/lasprimeras.com.do\/wp-content\/uploads\/2025\/10\/Pablo-Roberto-Jimenez-Sanchez.jpg?resize=700%2C400&ssl=1 2x"},"classes":[]},{"id":101883,"url":"https:\/\/lasprimeras.com.do\/index.php\/2025\/06\/27\/ministerio-de-defensa-realiza-encuentro-con-pensionados-en-san-isidro\/","url_meta":{"origin":138709,"position":4},"title":"Ministerio de Defensa realiza encuentro con pensionados en San Isidro","author":"Nelson Feliz","date":"27 de junio de 2025","format":false,"excerpt":"La Junta de Retiro y Fondo de Pensiones de las Fuerzas Armadas del Ministerio de Defensa contin\u00faa desarrollando su agenda de acercamiento con nuestros h\u00e9roes en la honrosa condici\u00f3n de retiro, as\u00ed como las viudas y tutores, llevando a cabo un significativo encuentro en la Direcci\u00f3n General de Entrenamiento Militar\u2026","rel":"","context":"En \u00abECONOM\u00cdA\u00bb","block_context":{"text":"ECONOM\u00cdA","link":"https:\/\/lasprimeras.com.do\/index.php\/category\/economia\/"},"img":{"alt_text":"","src":"https:\/\/i0.wp.com\/lasprimeras.com.do\/wp-content\/uploads\/2025\/06\/jr.jpg?resize=350%2C200&ssl=1","width":350,"height":200,"srcset":"https:\/\/i0.wp.com\/lasprimeras.com.do\/wp-content\/uploads\/2025\/06\/jr.jpg?resize=350%2C200&ssl=1 1x, https:\/\/i0.wp.com\/lasprimeras.com.do\/wp-content\/uploads\/2025\/06\/jr.jpg?resize=525%2C300&ssl=1 1.5x, https:\/\/i0.wp.com\/lasprimeras.com.do\/wp-content\/uploads\/2025\/06\/jr.jpg?resize=700%2C400&ssl=1 2x"},"classes":[]},{"id":99728,"url":"https:\/\/lasprimeras.com.do\/index.php\/2025\/05\/26\/acroarte-ny-valora-entrega-premio-merito-periodistico-2025-a-dania-goris\/","url_meta":{"origin":138709,"position":5},"title":"Acroarte NY valora entrega Premio M\u00e9rito Period\u00edstico 2025 a Dania Goris","author":"Nelson Feliz","date":"26 de mayo de 2025","format":false,"excerpt":"Por Ram\u00f3n Mercedes NUEVA YORK.- El expresidente de la Asociaci\u00f3n de Cronistas de Arte en esta ciudad (ACROARTE-NY), Roberto Ger\u00f3nimo, manifest\u00f3 que el \u00abPremio Acroarte al M\u00e9rito Period\u00edstico 2025\u00bb, otorgado por la entidad en la RD durante su XIV edici\u00f3n a la versada y reconocida periodista de vieja data Dania\u2026","rel":"","context":"En \u00abENTRETENIMIENTO\u00bb","block_context":{"text":"ENTRETENIMIENTO","link":"https:\/\/lasprimeras.com.do\/index.php\/category\/entretenimiento\/"},"img":{"alt_text":"","src":"https:\/\/i0.wp.com\/lasprimeras.com.do\/wp-content\/uploads\/2025\/05\/WhatsApp-Image-2025-05-26-at-6.09.01-AM-1.jpeg?resize=350%2C200&ssl=1","width":350,"height":200,"srcset":"https:\/\/i0.wp.com\/lasprimeras.com.do\/wp-content\/uploads\/2025\/05\/WhatsApp-Image-2025-05-26-at-6.09.01-AM-1.jpeg?resize=350%2C200&ssl=1 1x, https:\/\/i0.wp.com\/lasprimeras.com.do\/wp-content\/uploads\/2025\/05\/WhatsApp-Image-2025-05-26-at-6.09.01-AM-1.jpeg?resize=525%2C300&ssl=1 1.5x"},"classes":[]}],"jetpack_sharing_enabled":true,"jetpack_featured_media_url":"https:\/\/lasprimeras.com.do\/wp-content\/uploads\/2026\/09\/IMG-20260901-WA0453.jpg","_links":{"self":[{"href":"https:\/\/lasprimeras.com.do\/index.php\/wp-json\/wp\/v2\/posts\/138709","targetHints":{"allow":["GET"]}}],"collection":[{"href":"https:\/\/lasprimeras.com.do\/index.php\/wp-json\/wp\/v2\/posts"}],"about":[{"href":"https:\/\/lasprimeras.com.do\/index.php\/wp-json\/wp\/v2\/types\/post"}],"author":[{"embeddable":true,"href":"https:\/\/lasprimeras.com.do\/index.php\/wp-json\/wp\/v2\/users\/10"}],"replies":[{"embeddable":true,"href":"https:\/\/lasprimeras.com.do\/index.php\/wp-json\/wp\/v2\/comments?post=138709"}],"version-history":[{"count":1,"href":"https:\/\/lasprimeras.com.do\/index.php\/wp-json\/wp\/v2\/posts\/138709\/revisions"}],"predecessor-version":[{"id":138711,"href":"https:\/\/lasprimeras.com.do\/index.php\/wp-json\/wp\/v2\/posts\/138709\/revisions\/138711"}],"wp:featuredmedia":[{"embeddable":true,"href":"https:\/\/lasprimeras.com.do\/index.php\/wp-json\/wp\/v2\/media\/138710"}],"wp:attachment":[{"href":"https:\/\/lasprimeras.com.do\/index.php\/wp-json\/wp\/v2\/media?parent=138709"}],"wp:term":[{"taxonomy":"category","embeddable":true,"href":"https:\/\/lasprimeras.com.do\/index.php\/wp-json\/wp\/v2\/categories?post=138709"},{"taxonomy":"post_tag","embeddable":true,"href":"https:\/\/lasprimeras.com.do\/index.php\/wp-json\/wp\/v2\/tags?post=138709"}],"curies":[{"name":"wp","href":"https:\/\/api.w.org\/{rel}","templated":true}]}}