{"id":138712,"date":"2026-09-01T12:53:59","date_gmt":"2026-09-01T16:53:59","guid":{"rendered":"https:\/\/lasprimeras.com.do\/?p=138712"},"modified":"2026-09-01T12:54:01","modified_gmt":"2026-09-01T16:54:01","slug":"diocesis-de-barahona-celebra-25-anos-de-sacerdocio-de-2-padres","status":"publish","type":"post","link":"https:\/\/lasprimeras.com.do\/index.php\/2026\/09\/01\/diocesis-de-barahona-celebra-25-anos-de-sacerdocio-de-2-padres\/","title":{"rendered":"Di\u00f3cesis de Barahona celebra 25 a\u00f1os de sacerdocio de 2 padres"},"content":{"rendered":"\n<p class=\"wp-block-paragraph\"><em>BARAHONA.<\/em> La Di\u00f3cesis de Barahona celebr\u00f3 con una eucarist\u00eda los 25 a\u00f1os de ordenaci\u00f3n de los padres Marco P\u00e9rez y Secilio Espinal.<\/p>\n\n\n\n<p class=\"wp-block-paragraph\">La ceremonia en la Catedral Nuestra Se\u00f1ora del Rosario se enmarc\u00f3 en los 50 a\u00f1os de la di\u00f3cesis.<\/p>\n\n\n\n<p class=\"wp-block-paragraph\">Asistieron obispos, sacerdotes, autoridades y fieles de distintas comunidades.<\/p>\n\n\n\n<p class=\"wp-block-paragraph\">La misa fue presidida por monse\u00f1or Faustino Burgos Brisman, obispo de Ban\u00ed y administrador apost\u00f3lico.<\/p>\n\n\n\n<p class=\"wp-block-paragraph\">Destac\u00f3 la perseverancia y entrega de ambos sacerdotes durante 25 a\u00f1os de ministerio.<\/p>\n\n\n\n<p class=\"wp-block-paragraph\">\u201cA quien el Se\u00f1or llama, lo capacita para ponerlo al servicio de los dem\u00e1s\u201d, expres\u00f3.<\/p>\n\n\n\n<p class=\"wp-block-paragraph\">El padre Marco Antonio P\u00e9rez, oriundo de Duverg\u00e9, fue ordenado el 11 de agosto de 2001.<\/p>\n\n\n\n<p class=\"wp-block-paragraph\">Actualmente es rector de UCATEBA y ha trabajado en varias comunidades. Invit\u00f3 a los j\u00f3venes a escuchar el llamado de Dios: \u201cCada llamado es \u00fanico e irrepetible\u201d.<\/p>\n\n\n\n<p class=\"wp-block-paragraph\">El padre Secilio Espinal agradeci\u00f3 a Dios por 25 a\u00f1os de gracia.<\/p>\n\n\n\n<p class=\"wp-block-paragraph\">Afirm\u00f3 que \u201cel sacerdocio no es un proyecto personal, sino una iniciativa de Dios\u201d. Ha sido rector de UCATEBA y actualmente de la PUCMM.<\/p>\n\n\n\n<p class=\"wp-block-paragraph\">A la celebraci\u00f3n asistieron monse\u00f1or Grull\u00f3n Estrella y monse\u00f1or Romero C\u00e1rdenas.<\/p>\n\n\n\n<p class=\"wp-block-paragraph\">Tambi\u00e9n rectores universitarios y autoridades acad\u00e9micas de UCNE, UCATECI y UASD.<\/p>\n\n\n\n<p class=\"wp-block-paragraph\">La di\u00f3cesis resalt\u00f3 el testimonio de ambos como ejemplo vocacional para la Iglesia.<\/p>\n","protected":false},"excerpt":{"rendered":"<p>BARAHONA. La Di\u00f3cesis de Barahona celebr\u00f3 con una eucarist\u00eda los 25 a\u00f1os de ordenaci\u00f3n de los padres Marco P\u00e9rez y Secilio Espinal. La ceremonia en la Catedral Nuestra Se\u00f1ora del&hellip;<\/p>\n","protected":false},"author":10,"featured_media":138713,"comment_status":"open","ping_status":"open","sticky":false,"template":"","format":"standard","meta":{"content-type":"","_jetpack_newsletter_access":"","_jetpack_dont_email_post_to_subs":false,"_jetpack_newsletter_tier_id":0,"_jetpack_memberships_contains_paywalled_content":false,"_jetpack_feature_clip_id":0,"_jetpack_memberships_contains_paid_content":false,"footnotes":"","jetpack_post_was_ever_published":false},"categories":[25],"tags":[16713,265,7436,36195],"class_list":["post-138712","post","type-post","status-publish","format-standard","has-post-thumbnail","hentry","category-portada","tag-25-aniversario","tag-barahona","tag-diocesis","tag-sacerdocio"],"jetpack-related-posts":[{"id":133304,"url":"https:\/\/lasprimeras.com.do\/index.php\/2026\/06\/12\/el-papa-leon-nombra-como-nuevo-obispo-de-la-vega-a-monsenor-andres-napoleon-romero-cardenas\/","url_meta":{"origin":138712,"position":0},"title":"El papa Le\u00f3n nombra como nuevo obispo de La Vega a monse\u00f1or Andr\u00e9s Napole\u00f3n Romero C\u00e1rdenas","author":"Nelson Feliz","date":"12 de junio de 2026","format":false,"excerpt":"Romero C\u00e1rdenas se desempe\u00f1aba como obispo de la di\u00f3cesis de Barahona desde el 25 de abril de 2015 El\u00a0papa Le\u00f3n XIV\u00a0nombr\u00f3\u00a0a monse\u00f1or Andr\u00e9s Napole\u00f3n\u00a0Romero C\u00e1rdenas\u00a0como nuevo obispo de la di\u00f3cesis de La Vega, inform\u00f3 este jueves la\u00a0Conferencia del Episcopado Dominicano\u00a0(CED). Romero C\u00e1rdenas\u00a0se desempe\u00f1aba hasta la fecha como obispo de la\u2026","rel":"","context":"En \u00abNACIONALES\u00bb","block_context":{"text":"NACIONALES","link":"https:\/\/lasprimeras.com.do\/index.php\/category\/nacionales\/"},"img":{"alt_text":"","src":"https:\/\/i0.wp.com\/lasprimeras.com.do\/wp-content\/uploads\/2026\/06\/el-papa-leon-nombra-a-monsenor-romero-cardenas-obispo-de-la-vega-726e6ff2-focus-min0.04-0.67-375-240.jpg?resize=350%2C200&ssl=1","width":350,"height":200},"classes":[]},{"id":117497,"url":"https:\/\/lasprimeras.com.do\/index.php\/2025\/12\/11\/fallece-monsenor-felipe-nunez-pastor-emerito-de-barahona-y-figura-emblematica-de-la-iglesia-dominicana\/","url_meta":{"origin":138712,"position":1},"title":"Fallece monse\u00f1or Felipe N\u00fa\u00f1ez, pastor em\u00e9rito de Barahona y figura emblem\u00e1tica de la Iglesia dominicana","author":"Nelson Feliz","date":"11 de diciembre de 2025","format":false,"excerpt":"Bartolo Garc\u00eda La Iglesia cat\u00f3lica de la Rep\u00fablica Dominicana inform\u00f3 con profundo pesar el fallecimiento de monse\u00f1or Rafael Le\u00f3nidas Felipe N\u00fa\u00f1ez, obispo em\u00e9rito de la di\u00f3cesis de Barahona, quien parti\u00f3 a la Casa del Padre la noche del mi\u00e9rcoles 10 de diciembre de 2025, a las 11:44 p. m., en\u2026","rel":"","context":"En \u00abNACIONALES\u00bb","block_context":{"text":"NACIONALES","link":"https:\/\/lasprimeras.com.do\/index.php\/category\/nacionales\/"},"img":{"alt_text":"Felipe N\u00fa\u00f1ez","src":"https:\/\/i0.wp.com\/lasprimeras.com.do\/wp-content\/uploads\/2025\/12\/Felipe-Nunez.jpg?resize=350%2C200&ssl=1","width":350,"height":200},"classes":[]},{"id":128526,"url":"https:\/\/lasprimeras.com.do\/index.php\/2026\/04\/24\/edgar-feliz-resalta-legado-de-los-obispos-de-barahona-en-el-50-aniversario-de-la-diocesis\/","url_meta":{"origin":138712,"position":2},"title":"Edgar F\u00e9liz resalta legado de los obispos de Barahona en el 50 aniversario de la Di\u00f3cesis","author":"Nelson Feliz","date":"24 de abril de 2026","format":false,"excerpt":"El director de la Direcci\u00f3n de Asistencia Social y Alimentaci\u00f3n Comunitaria (DASAC), Edgar Augusto F\u00e9liz Arbona, destac\u00f3 la trascendental labor religiosa, social y comunitaria de la Di\u00f3cesis de Barahona al cumplirse 50 a\u00f1os de su fundaci\u00f3n, resaltando el legado de sus pastores y el liderazgo actual de monse\u00f1or Andr\u00e9s Napole\u00f3n\u2026","rel":"","context":"En \u00abNACIONALES\u00bb","block_context":{"text":"NACIONALES","link":"https:\/\/lasprimeras.com.do\/index.php\/category\/nacionales\/"},"img":{"alt_text":"","src":"https:\/\/i0.wp.com\/lasprimeras.com.do\/wp-content\/uploads\/2026\/04\/IMG-20260424-WA0249.jpg?resize=350%2C200&ssl=1","width":350,"height":200},"classes":[]},{"id":117572,"url":"https:\/\/lasprimeras.com.do\/index.php\/2025\/12\/11\/victor-manuel-terrero-lamenta-el-fallecimiento-de-monsenor-rafael-leonidas-felipe-nunez\/","url_meta":{"origin":138712,"position":3},"title":"V\u00edctor Manuel Terrero lamenta el fallecimiento de Monse\u00f1or Rafael Le\u00f3nidas Felipe N\u00fa\u00f1ez","author":"Nelson Feliz","date":"11 de diciembre de 2025","format":false,"excerpt":"Terrero califico al sacerdote como \"un pastor cercano a su comunidad\" El exdiputado de Barahona y miembro del Comit\u00e9 Central del Partido de la Liberaci\u00f3n Dominicana (PLD), Dr. V\u00edctor Manuel Terrero, ha expresado su profundo pesar por la partida f\u00edsica de Monse\u00f1or Rafael Le\u00f3nidas Felipe N\u00fa\u00f1ez, Obispo Em\u00e9rito de la\u2026","rel":"","context":"En \u00abNACIONALES\u00bb","block_context":{"text":"NACIONALES","link":"https:\/\/lasprimeras.com.do\/index.php\/category\/nacionales\/"},"img":{"alt_text":"V\u00edctor Manuel Terrero","src":"https:\/\/i0.wp.com\/lasprimeras.com.do\/wp-content\/uploads\/2024\/04\/Victor-Manuel-Terrero.jpg?resize=350%2C200&ssl=1","width":350,"height":200,"srcset":"https:\/\/i0.wp.com\/lasprimeras.com.do\/wp-content\/uploads\/2024\/04\/Victor-Manuel-Terrero.jpg?resize=350%2C200&ssl=1 1x, https:\/\/i0.wp.com\/lasprimeras.com.do\/wp-content\/uploads\/2024\/04\/Victor-Manuel-Terrero.jpg?resize=525%2C300&ssl=1 1.5x"},"classes":[]},{"id":67485,"url":"https:\/\/lasprimeras.com.do\/index.php\/2023\/11\/16\/el-padre-rogelio-cruz-abandona-la-iglesia-catolica-romana-y-se-va-a-otra-denominacion-catolica\/","url_meta":{"origin":138712,"position":4},"title":"El padre Rogelio Cruz abandona la Iglesia Cat\u00f3lica Romana y se va a otra denominaci\u00f3n cat\u00f3lica","author":"Nelson Feliz","date":"16 de noviembre de 2023","format":false,"excerpt":"El padre Rogelio Cruz abandonar\u00e1 la Iglesia Cat\u00f3lica Apost\u00f3lica Romana para servir a una denominaci\u00f3n Cat\u00f3lica Apost\u00f3lica no Romana, de car\u00e1cter nacionalista, que no depende del Papa, sino de un obispo en Brasil, y plantea el celibato como opcional. As\u00ed lo inform\u00f3 el propio padre Rogelio, como se le conoce,\u2026","rel":"","context":"En \u00abNACIONALES\u00bb","block_context":{"text":"NACIONALES","link":"https:\/\/lasprimeras.com.do\/index.php\/category\/nacionales\/"},"img":{"alt_text":"","src":"https:\/\/i0.wp.com\/lasprimeras.com.do\/wp-content\/uploads\/2023\/11\/Rogelio-Cruz.jpg?resize=350%2C200&ssl=1","width":350,"height":200,"srcset":"https:\/\/i0.wp.com\/lasprimeras.com.do\/wp-content\/uploads\/2023\/11\/Rogelio-Cruz.jpg?resize=350%2C200&ssl=1 1x, https:\/\/i0.wp.com\/lasprimeras.com.do\/wp-content\/uploads\/2023\/11\/Rogelio-Cruz.jpg?resize=525%2C300&ssl=1 1.5x, https:\/\/i0.wp.com\/lasprimeras.com.do\/wp-content\/uploads\/2023\/11\/Rogelio-Cruz.jpg?resize=700%2C400&ssl=1 2x"},"classes":[]},{"id":81092,"url":"https:\/\/lasprimeras.com.do\/index.php\/2024\/04\/16\/ucateba-realiza-su-xxvii-graduacion-ordinaria-graduando-314-nuevos-profesionales\/","url_meta":{"origin":138712,"position":5},"title":"UCATEBA realiza su XXVII Graduaci\u00f3n Ordinaria, graduando 314 Nuevos Profesionales","author":"Nelson Feliz","date":"16 de abril de 2024","format":false,"excerpt":"Por Nicolas Grull\u00f3n La Universidad Cat\u00f3lica Tecnol\u00f3gica de Barahona (UCATEBA) celebr\u00f3 su vig\u00e9simo s\u00e9ptima Graduaci\u00f3n Ordinaria, en la que 314 nuevos profesionales culminaron exitosamente sus estudios, sumando as\u00ed un total de 7,308 egresados en los 28 a\u00f1os de historia de esta prestigiosa instituci\u00f3n acad\u00e9mica. De los graduandos en esta ceremonia,\u2026","rel":"","context":"En \u00abNACIONALES\u00bb","block_context":{"text":"NACIONALES","link":"https:\/\/lasprimeras.com.do\/index.php\/category\/nacionales\/"},"img":{"alt_text":"BARAHONA","src":"https:\/\/i0.wp.com\/lasprimeras.com.do\/wp-content\/uploads\/2024\/04\/BARAHONA-02.jpg?resize=350%2C200&ssl=1","width":350,"height":200,"srcset":"https:\/\/i0.wp.com\/lasprimeras.com.do\/wp-content\/uploads\/2024\/04\/BARAHONA-02.jpg?resize=350%2C200&ssl=1 1x, https:\/\/i0.wp.com\/lasprimeras.com.do\/wp-content\/uploads\/2024\/04\/BARAHONA-02.jpg?resize=525%2C300&ssl=1 1.5x"},"classes":[]}],"jetpack_sharing_enabled":true,"jetpack_featured_media_url":"https:\/\/lasprimeras.com.do\/wp-content\/uploads\/2026\/09\/IMG-20260901-WA0299.jpg","_links":{"self":[{"href":"https:\/\/lasprimeras.com.do\/index.php\/wp-json\/wp\/v2\/posts\/138712","targetHints":{"allow":["GET"]}}],"collection":[{"href":"https:\/\/lasprimeras.com.do\/index.php\/wp-json\/wp\/v2\/posts"}],"about":[{"href":"https:\/\/lasprimeras.com.do\/index.php\/wp-json\/wp\/v2\/types\/post"}],"author":[{"embeddable":true,"href":"https:\/\/lasprimeras.com.do\/index.php\/wp-json\/wp\/v2\/users\/10"}],"replies":[{"embeddable":true,"href":"https:\/\/lasprimeras.com.do\/index.php\/wp-json\/wp\/v2\/comments?post=138712"}],"version-history":[{"count":1,"href":"https:\/\/lasprimeras.com.do\/index.php\/wp-json\/wp\/v2\/posts\/138712\/revisions"}],"predecessor-version":[{"id":138714,"href":"https:\/\/lasprimeras.com.do\/index.php\/wp-json\/wp\/v2\/posts\/138712\/revisions\/138714"}],"wp:featuredmedia":[{"embeddable":true,"href":"https:\/\/lasprimeras.com.do\/index.php\/wp-json\/wp\/v2\/media\/138713"}],"wp:attachment":[{"href":"https:\/\/lasprimeras.com.do\/index.php\/wp-json\/wp\/v2\/media?parent=138712"}],"wp:term":[{"taxonomy":"category","embeddable":true,"href":"https:\/\/lasprimeras.com.do\/index.php\/wp-json\/wp\/v2\/categories?post=138712"},{"taxonomy":"post_tag","embeddable":true,"href":"https:\/\/lasprimeras.com.do\/index.php\/wp-json\/wp\/v2\/tags?post=138712"}],"curies":[{"name":"wp","href":"https:\/\/api.w.org\/{rel}","templated":true}]}}