{"id":138718,"date":"2026-09-01T14:24:23","date_gmt":"2026-09-01T18:24:23","guid":{"rendered":"https:\/\/lasprimeras.com.do\/?p=138718"},"modified":"2026-09-01T14:24:25","modified_gmt":"2026-09-01T18:24:25","slug":"puerto-plata-recibira-34-cruceros-durante-septiembre-de-2026","status":"publish","type":"post","link":"https:\/\/lasprimeras.com.do\/index.php\/2026\/09\/01\/puerto-plata-recibira-34-cruceros-durante-septiembre-de-2026\/","title":{"rendered":"Puerto Plata recibir\u00e1 34 cruceros durante septiembre de 2026"},"content":{"rendered":"\n<p class=\"wp-block-paragraph\">Puerto Plata, RD.\u2013 El destino Puerto Plata contin\u00faa fortaleciendo su posicionamiento como uno de los principales polos de turismo de cruceros del Caribe, con la llegada programada de 34 embarcaciones durante el mes de septiembre de 2026, a trav\u00e9s de las terminales Amber Cove y Ta\u00edno Bay.<\/p>\n\n\n\n<p class=\"wp-block-paragraph\">De acuerdo con el calendario del Ministerio de Turismo, 20 cruceros estar\u00e1n arribando por Amber Cove y 14 por Ta\u00edno Bay, manteniendo un importante flujo de visitantes que impacta positivamente la actividad tur\u00edstica y comercial de la provincia.<\/p>\n\n\n\n<p class=\"wp-block-paragraph\">La programaci\u00f3n contempla operaciones durante diferentes d\u00edas del mes, generando oportunidades para taxistas, gu\u00edas, artesanos, vendedores, restaurantes, comercios y dem\u00e1s actores vinculados a la cadena de valor del turismo.<\/p>\n\n\n\n<p class=\"wp-block-paragraph\">Desde el Ministerio de Turismo continuamos trabajando junto a los distintos sectores para garantizar una buena experiencia a quienes visitan Puerto Plata y seguir consolidando el crecimiento del turismo de cruceros en la Costa Norte. Atahualpa Paulino Ministerio de Turismo Rep\u00fablica Dominicana.<\/p>\n\n\n\n<figure class=\"wp-block-gallery has-nested-images columns-default is-cropped wp-block-gallery-1 is-layout-flex wp-block-gallery-is-layout-flex\">\n<figure class=\"wp-block-image size-full\"><img decoding=\"async\" width=\"720\" height=\"595\" data-id=\"138719\" src=\"https:\/\/lasprimeras.com.do\/wp-content\/uploads\/2026\/09\/609477.jpg\" alt=\"\" class=\"wp-image-138719\" srcset=\"https:\/\/lasprimeras.com.do\/wp-content\/uploads\/2026\/09\/609477.jpg 720w, https:\/\/lasprimeras.com.do\/wp-content\/uploads\/2026\/09\/609477-300x248.jpg 300w\" sizes=\"(max-width: 720px) 100vw, 720px\" \/><\/figure>\n<\/figure>\n","protected":false},"excerpt":{"rendered":"<p>Puerto Plata, RD.\u2013 El destino Puerto Plata contin\u00faa fortaleciendo su posicionamiento como uno de los principales polos de turismo de cruceros del Caribe, con la llegada programada de 34 embarcaciones&hellip;<\/p>\n","protected":false},"author":10,"featured_media":129983,"comment_status":"open","ping_status":"open","sticky":false,"template":"","format":"standard","meta":{"content-type":"","_jetpack_newsletter_access":"","_jetpack_dont_email_post_to_subs":false,"_jetpack_newsletter_tier_id":0,"_jetpack_memberships_contains_paywalled_content":false,"_jetpack_feature_clip_id":0,"_jetpack_memberships_contains_paid_content":false,"footnotes":"","jetpack_post_was_ever_published":false},"categories":[376],"tags":[1104,687],"class_list":["post-138718","post","type-post","status-publish","format-standard","has-post-thumbnail","hentry","category-turismo","tag-crucero","tag-puerto-plata"],"jetpack-related-posts":[{"id":54561,"url":"https:\/\/lasprimeras.com.do\/index.php\/2023\/07\/12\/republica-dominicana-cierra-primer-semestre-2023-con-cifras-record-en-llegada-de-cruceros\/","url_meta":{"origin":138718,"position":0},"title":"Rep\u00fablica Dominicana cierra primer semestre 2023 con cifras r\u00e9cord en llegada de cruceros","author":"Nelson Feliz","date":"12 de julio de 2023","format":false,"excerpt":"El turismo de cruceros en Rep\u00fablica Dominicana alcanz\u00f3 niveles altos en junio de 2023 con un cierre excepcional reportado por la Autoridad Portuaria Dominicana (APORDOM), que registr\u00f3 el arribo de 144,525 cruceristas a bordo de 44 embarcaciones; concluido el primer semestre del a\u00f1o 2023 con 1,266,732 pasajeros v\u00eda mar\u00edtima. Los\u2026","rel":"","context":"En \u00abTURISMO\u00bb","block_context":{"text":"TURISMO","link":"https:\/\/lasprimeras.com.do\/index.php\/category\/turismo\/"},"img":{"alt_text":"cruceros","src":"https:\/\/i0.wp.com\/lasprimeras.com.do\/wp-content\/uploads\/2023\/07\/cruceros.jpg?resize=350%2C200&ssl=1","width":350,"height":200,"srcset":"https:\/\/i0.wp.com\/lasprimeras.com.do\/wp-content\/uploads\/2023\/07\/cruceros.jpg?resize=350%2C200&ssl=1 1x, https:\/\/i0.wp.com\/lasprimeras.com.do\/wp-content\/uploads\/2023\/07\/cruceros.jpg?resize=525%2C300&ssl=1 1.5x, https:\/\/i0.wp.com\/lasprimeras.com.do\/wp-content\/uploads\/2023\/07\/cruceros.jpg?resize=700%2C400&ssl=1 2x"},"classes":[]},{"id":72094,"url":"https:\/\/lasprimeras.com.do\/index.php\/2023\/12\/26\/rd-rompe-record-con-mas-de-10-millones-de-visitantes-en-2023\/","url_meta":{"origin":138718,"position":1},"title":"RD rompe r\u00e9cord con m\u00e1s de 10 millones de visitantes en 2023","author":"Nelson Feliz","date":"26 de diciembre de 2023","format":false,"excerpt":"El ministro de Turismo, David Collado, inform\u00f3 que este 26 de diciembre, Rep\u00fablica Dominicana recibi\u00f3 su visitante n\u00famero 10 millones del 2023, lo que marc\u00f3 un hito sin precedentes en el turismo del pa\u00eds y de toda la regi\u00f3n. Collado indic\u00f3 que la tan anhelada cifra se alcanz\u00f3 por primera\u2026","rel":"","context":"En \u00abPORTADA\u00bb","block_context":{"text":"PORTADA","link":"https:\/\/lasprimeras.com.do\/index.php\/category\/portada\/"},"img":{"alt_text":"Visitante 10 millones","src":"https:\/\/i0.wp.com\/lasprimeras.com.do\/wp-content\/uploads\/2023\/12\/Visitante-10-millones.jpg?resize=350%2C200&ssl=1","width":350,"height":200,"srcset":"https:\/\/i0.wp.com\/lasprimeras.com.do\/wp-content\/uploads\/2023\/12\/Visitante-10-millones.jpg?resize=350%2C200&ssl=1 1x, https:\/\/i0.wp.com\/lasprimeras.com.do\/wp-content\/uploads\/2023\/12\/Visitante-10-millones.jpg?resize=525%2C300&ssl=1 1.5x, https:\/\/i0.wp.com\/lasprimeras.com.do\/wp-content\/uploads\/2023\/12\/Visitante-10-millones.jpg?resize=700%2C400&ssl=1 2x"},"classes":[]},{"id":61445,"url":"https:\/\/lasprimeras.com.do\/index.php\/2023\/09\/27\/republica-dominicana-recibe-el-dia-mundial-del-turismo-con-mas-ingresos-y-visitantes\/","url_meta":{"origin":138718,"position":2},"title":"Rep\u00fablica Dominicana recibe el D\u00eda Mundial del Turismo con m\u00e1s ingresos y visitantes","author":"Nelson Feliz","date":"27 de septiembre de 2023","format":false,"excerpt":"En un contexto en el que la industria tur\u00edstica global sigue esforz\u00e1ndose por sobrepasar los flujos tur\u00edsticos de hace tres a\u00f1os -antes del rezago que supuso la pandemia para el sector-, Rep\u00fablica Dominicana trabaja en seguir posicion\u00e1ndose en Am\u00e9rica Latina y el Caribe. Este desempe\u00f1o ya ha sumado 7,668.9 millones\u2026","rel":"","context":"En \u00abTURISMO\u00bb","block_context":{"text":"TURISMO","link":"https:\/\/lasprimeras.com.do\/index.php\/category\/turismo\/"},"img":{"alt_text":"Turistas recorren la fortaleza San Felipe y sus inmediaciones durante una visita a Puerto Plata. (DIARIO LIBRE\/ANEUDY TAV\u00c1REZ)","src":"https:\/\/i0.wp.com\/lasprimeras.com.do\/wp-content\/uploads\/2023\/09\/Turistas-recorren-la-fortaleza-San-Felipe.jpg?resize=350%2C200&ssl=1","width":350,"height":200,"srcset":"https:\/\/i0.wp.com\/lasprimeras.com.do\/wp-content\/uploads\/2023\/09\/Turistas-recorren-la-fortaleza-San-Felipe.jpg?resize=350%2C200&ssl=1 1x, https:\/\/i0.wp.com\/lasprimeras.com.do\/wp-content\/uploads\/2023\/09\/Turistas-recorren-la-fortaleza-San-Felipe.jpg?resize=525%2C300&ssl=1 1.5x, https:\/\/i0.wp.com\/lasprimeras.com.do\/wp-content\/uploads\/2023\/09\/Turistas-recorren-la-fortaleza-San-Felipe.jpg?resize=700%2C400&ssl=1 2x"},"classes":[]},{"id":72045,"url":"https:\/\/lasprimeras.com.do\/index.php\/2023\/12\/26\/rd-celebrara-hoy-llegada-de-10-millones-de-visitantes\/","url_meta":{"origin":138718,"position":3},"title":"RD celebrar\u00e1 hoy llegada de 10 millones de visitantes","author":"Nelson Feliz","date":"26 de diciembre de 2023","format":false,"excerpt":"\"Esto es un logro de todos, tenemos que sentirnos orgullosos, \u00a1Feliz Navidad\", concluy\u00f3 el ministro. Este martes la Rep\u00fablica Dominicana celebrar\u00e1 la llegada de los 10 millones de visitantes en este a\u00f1o 2023, as\u00ed lo anunci\u00f3 el ministro de Turismo, David Collado, a trav\u00e9s de sus redes sociales. Asimismo, anunci\u00f3\u2026","rel":"","context":"En \u00abPORTADA\u00bb","block_context":{"text":"PORTADA","link":"https:\/\/lasprimeras.com.do\/index.php\/category\/portada\/"},"img":{"alt_text":"Turistas","src":"https:\/\/i0.wp.com\/lasprimeras.com.do\/wp-content\/uploads\/2023\/12\/Turistas.jpg?resize=350%2C200&ssl=1","width":350,"height":200,"srcset":"https:\/\/i0.wp.com\/lasprimeras.com.do\/wp-content\/uploads\/2023\/12\/Turistas.jpg?resize=350%2C200&ssl=1 1x, https:\/\/i0.wp.com\/lasprimeras.com.do\/wp-content\/uploads\/2023\/12\/Turistas.jpg?resize=525%2C300&ssl=1 1.5x, https:\/\/i0.wp.com\/lasprimeras.com.do\/wp-content\/uploads\/2023\/12\/Turistas.jpg?resize=700%2C400&ssl=1 2x"},"classes":[]},{"id":49286,"url":"https:\/\/lasprimeras.com.do\/index.php\/2023\/05\/09\/fallece-orfila-salazar-encargada-de-cruceros-del-mitur\/","url_meta":{"origin":138718,"position":4},"title":"Fallece Orfila Salazar, encargada de Cruceros del MITUR","author":"prenxa100","date":"9 de mayo de 2023","format":false,"excerpt":"Santo Domingo. - El Ministerio de Turismo (MITUR) lamenta profundamente el sorpresivo fallecimiento de la encargada del departamento de Cruceros de esta instituci\u00f3n, Orfila Salazar Sim\u00f3, tras padecer quebrantos de salud en una cl\u00ednica privada de la capital. Sus restos ser\u00e1n velados en la funeraria Blandino de la avenida Abraham\u2026","rel":"","context":"En \u00abNACIONALES\u00bb","block_context":{"text":"NACIONALES","link":"https:\/\/lasprimeras.com.do\/index.php\/category\/nacionales\/"},"img":{"alt_text":"","src":"","width":0,"height":0},"classes":[]},{"id":69671,"url":"https:\/\/lasprimeras.com.do\/index.php\/2023\/12\/04\/abinader-valora-proceso-de-transformacion-y-de-cambios-en-los-muelles-del-pais\/","url_meta":{"origin":138718,"position":5},"title":"Abinader valora proceso de transformaci\u00f3n y de cambios en los muelles del pa\u00eds","author":"Nelson Feliz","date":"4 de diciembre de 2023","format":false,"excerpt":"Mandatario revela que turismo de cruceros proyecta un cierre de a\u00f1o de 2 millones de cruceristas. El presidente Luis Abinader al encabezar este martes LA Semanal en San Pedro Macoris, declar\u00f3 qu\u00e9 nunca antes se hab\u00eda iniciado en los muelles del pa\u00eds un proceso de Transformaci\u00f3n del Sistema Portuario Dominicano\u2026","rel":"","context":"En \u00abPORTADA\u00bb","block_context":{"text":"PORTADA","link":"https:\/\/lasprimeras.com.do\/index.php\/category\/portada\/"},"img":{"alt_text":"Luis Abinader","src":"https:\/\/i0.wp.com\/lasprimeras.com.do\/wp-content\/uploads\/2023\/12\/Luis-1.jpg?resize=350%2C200&ssl=1","width":350,"height":200,"srcset":"https:\/\/i0.wp.com\/lasprimeras.com.do\/wp-content\/uploads\/2023\/12\/Luis-1.jpg?resize=350%2C200&ssl=1 1x, https:\/\/i0.wp.com\/lasprimeras.com.do\/wp-content\/uploads\/2023\/12\/Luis-1.jpg?resize=525%2C300&ssl=1 1.5x, https:\/\/i0.wp.com\/lasprimeras.com.do\/wp-content\/uploads\/2023\/12\/Luis-1.jpg?resize=700%2C400&ssl=1 2x"},"classes":[]}],"jetpack_sharing_enabled":true,"jetpack_featured_media_url":"https:\/\/lasprimeras.com.do\/wp-content\/uploads\/2026\/05\/crucero-1.jpg","_links":{"self":[{"href":"https:\/\/lasprimeras.com.do\/index.php\/wp-json\/wp\/v2\/posts\/138718","targetHints":{"allow":["GET"]}}],"collection":[{"href":"https:\/\/lasprimeras.com.do\/index.php\/wp-json\/wp\/v2\/posts"}],"about":[{"href":"https:\/\/lasprimeras.com.do\/index.php\/wp-json\/wp\/v2\/types\/post"}],"author":[{"embeddable":true,"href":"https:\/\/lasprimeras.com.do\/index.php\/wp-json\/wp\/v2\/users\/10"}],"replies":[{"embeddable":true,"href":"https:\/\/lasprimeras.com.do\/index.php\/wp-json\/wp\/v2\/comments?post=138718"}],"version-history":[{"count":1,"href":"https:\/\/lasprimeras.com.do\/index.php\/wp-json\/wp\/v2\/posts\/138718\/revisions"}],"predecessor-version":[{"id":138720,"href":"https:\/\/lasprimeras.com.do\/index.php\/wp-json\/wp\/v2\/posts\/138718\/revisions\/138720"}],"wp:featuredmedia":[{"embeddable":true,"href":"https:\/\/lasprimeras.com.do\/index.php\/wp-json\/wp\/v2\/media\/129983"}],"wp:attachment":[{"href":"https:\/\/lasprimeras.com.do\/index.php\/wp-json\/wp\/v2\/media?parent=138718"}],"wp:term":[{"taxonomy":"category","embeddable":true,"href":"https:\/\/lasprimeras.com.do\/index.php\/wp-json\/wp\/v2\/categories?post=138718"},{"taxonomy":"post_tag","embeddable":true,"href":"https:\/\/lasprimeras.com.do\/index.php\/wp-json\/wp\/v2\/tags?post=138718"}],"curies":[{"name":"wp","href":"https:\/\/api.w.org\/{rel}","templated":true}]}}