{"id":138721,"date":"2026-09-01T14:38:35","date_gmt":"2026-09-01T18:38:35","guid":{"rendered":"https:\/\/lasprimeras.com.do\/?p=138721"},"modified":"2026-09-01T14:38:37","modified_gmt":"2026-09-01T18:38:37","slug":"evitan-que-abogada-y-actriz-se-lanzara-de-edificio-en-plaza-central","status":"publish","type":"post","link":"https:\/\/lasprimeras.com.do\/index.php\/2026\/09\/01\/evitan-que-abogada-y-actriz-se-lanzara-de-edificio-en-plaza-central\/","title":{"rendered":"Evitan que abogada y actriz se lanzara de edificio en Plaza Central"},"content":{"rendered":"\n<p class=\"wp-block-paragraph\">Erick Ortiz interviene y logra persuadir a Felin\u00e9 Quezada Figueroa.<\/p>\n\n\n\n<p class=\"wp-block-paragraph\">Por Abd\u00edas Estrella<\/p>\n\n\n\n<p class=\"wp-block-paragraph\">Santo Domingo, RD.= La abogada y actriz Felin\u00e9 Quezada Figueroa fue impedida este lunes de lanzarse desde la azotea de un edificio ubicado en Plaza Central, luego de la intervenci\u00f3n oportuna del empresario y excandidato a senador por el Distrito Nacional, Erick Ortiz.<\/p>\n\n\n\n<p class=\"wp-block-paragraph\">Un audiovisual que circula en redes sociales muestra el momento exacto en que Ortiz aborda a Quezada, dialoga con ella y logra persuadirla para que desista de atentar contra su vida. Posteriormente, la profesional fue puesta a salvo.<\/p>\n\n\n\n<p class=\"wp-block-paragraph\">De acuerdo con publicaciones realizadas por la propia actriz en sus redes sociales desde el interior del edificio, la acci\u00f3n se habr\u00eda originado en medio de un conflicto que mantiene desde hace aproximadamente cinco a\u00f1os relacionado con la propiedad de una vivienda.<\/p>\n\n\n\n<p class=\"wp-block-paragraph\">En sus mensajes, Quezada tambi\u00e9n advirti\u00f3 sobre la posibilidad de iniciar una huelga de hambre como medida para llamar la atenci\u00f3n de las autoridades sobre su reclamo.<\/p>\n\n\n\n<p class=\"wp-block-paragraph\">El incidente gener\u00f3 preocupaci\u00f3n entre ciudadanos y usuarios que tuvieron conocimiento del contenido publicado por la actriz y que posteriormente presenciaron lo ocurrido en el centro comercial.<\/p>\n","protected":false},"excerpt":{"rendered":"<p>Erick Ortiz interviene y logra persuadir a Felin\u00e9 Quezada Figueroa. Por Abd\u00edas Estrella Santo Domingo, RD.= La abogada y actriz Felin\u00e9 Quezada Figueroa fue impedida este lunes de lanzarse desde&hellip;<\/p>\n","protected":false},"author":10,"featured_media":138722,"comment_status":"open","ping_status":"open","sticky":false,"template":"","format":"standard","meta":{"content-type":"","_jetpack_newsletter_access":"","_jetpack_dont_email_post_to_subs":false,"_jetpack_newsletter_tier_id":0,"_jetpack_memberships_contains_paywalled_content":false,"_jetpack_feature_clip_id":0,"_jetpack_memberships_contains_paid_content":false,"footnotes":"","jetpack_post_was_ever_published":false},"categories":[35],"tags":[17526,14812,1580,33694],"class_list":["post-138721","post","type-post","status-publish","format-standard","has-post-thumbnail","hentry","category-nacionales","tag-abogada","tag-azotea","tag-lanzara-2","tag-plaza-central"],"jetpack-related-posts":[{"id":118610,"url":"https:\/\/lasprimeras.com.do\/index.php\/2026\/01\/01\/hospital-de-ocoa-registra-primer-nacimiento-del-ano-2026-tambien-por-cesarea\/","url_meta":{"origin":138721,"position":0},"title":"Hospital de Ocoa registra primer nacimiento del a\u00f1o 2026, tambi\u00e9n por ces\u00e1rea","author":"Nelson Feliz","date":"1 de enero de 2026","format":false,"excerpt":"Irver Quezada, con un peso de 8 libras y 9 onzas, es el primer beb\u00e9 nacido este 2026 en el Hospital San Jos\u00e9, en Ocoa.","rel":"","context":"En \u00abPORTADA\u00bb","block_context":{"text":"PORTADA","link":"https:\/\/lasprimeras.com.do\/index.php\/category\/portada\/"},"img":{"alt_text":"Irver Quezada, con un peso de 8 libras y 9 onzas, es el primer beb\u00e9 nacido este 2026 en el Hospital San Jos\u00e9, en Ocoa.","src":"https:\/\/i0.wp.com\/lasprimeras.com.do\/wp-content\/uploads\/2026\/01\/Jeiri-Quezada.jpeg?resize=350%2C200&ssl=1","width":350,"height":200,"srcset":"https:\/\/i0.wp.com\/lasprimeras.com.do\/wp-content\/uploads\/2026\/01\/Jeiri-Quezada.jpeg?resize=350%2C200&ssl=1 1x, https:\/\/i0.wp.com\/lasprimeras.com.do\/wp-content\/uploads\/2026\/01\/Jeiri-Quezada.jpeg?resize=525%2C300&ssl=1 1.5x, https:\/\/i0.wp.com\/lasprimeras.com.do\/wp-content\/uploads\/2026\/01\/Jeiri-Quezada.jpeg?resize=700%2C400&ssl=1 2x"},"classes":[]},{"id":69279,"url":"https:\/\/lasprimeras.com.do\/index.php\/2023\/12\/01\/eric-ortiz-es-el-candidato-a-senador-de-opcion-democratica\/","url_meta":{"origin":138721,"position":1},"title":"Eric Ortiz es el candidato a senador de Opci\u00f3n Democr\u00e1tica","author":"Nelson Feliz","date":"1 de diciembre de 2023","format":false,"excerpt":"El joven emprendedor y empresario, Eric Ortiz, asumi\u00f3 hoy el compromiso de ser candidato a la senadur\u00eda del Distrito Nacional por el partido Opci\u00f3n Democr\u00e1tica. Ortiz, joven prominente y emprendedor exitoso, manifest\u00f3 que su inter\u00e9s de representar al Distrito Nacional en la c\u00e1mara alta, est\u00e1 motivado por su compromiso de\u2026","rel":"","context":"En \u00abPORTADA\u00bb","block_context":{"text":"PORTADA","link":"https:\/\/lasprimeras.com.do\/index.php\/category\/portada\/"},"img":{"alt_text":"Eric Ortiz","src":"https:\/\/i0.wp.com\/lasprimeras.com.do\/wp-content\/uploads\/2023\/12\/Eric-Ortiz.jpg?resize=350%2C200&ssl=1","width":350,"height":200,"srcset":"https:\/\/i0.wp.com\/lasprimeras.com.do\/wp-content\/uploads\/2023\/12\/Eric-Ortiz.jpg?resize=350%2C200&ssl=1 1x, https:\/\/i0.wp.com\/lasprimeras.com.do\/wp-content\/uploads\/2023\/12\/Eric-Ortiz.jpg?resize=525%2C300&ssl=1 1.5x, https:\/\/i0.wp.com\/lasprimeras.com.do\/wp-content\/uploads\/2023\/12\/Eric-Ortiz.jpg?resize=700%2C400&ssl=1 2x"},"classes":[]},{"id":128130,"url":"https:\/\/lasprimeras.com.do\/index.php\/2026\/04\/20\/yailin-pone-sus-abogados-a-disposicion-de-familiares-del-caso-deity-abreu\/","url_meta":{"origin":138721,"position":2},"title":"Yailin pone sus abogados a disposici\u00f3n de familiares del caso Deity Abreu","author":"Nelson Feliz","date":"20 de abril de 2026","format":false,"excerpt":"Yailin La M\u00e1s Viral pide justicia y ofreci\u00f3 sus abogados para el caso de Deity Carlos Abreu Quezada, chofer del cami\u00f3n recolector de basura en Santiago. Yailin La M\u00e1s Viral reacciona al caso del chofer fallecido en Santiago y ofrece apoyo legal. La artista expres\u00f3 su indignaci\u00f3n por lo ocurrido\u2026","rel":"","context":"En \u00abENTRETENIMIENTO\u00bb","block_context":{"text":"ENTRETENIMIENTO","link":"https:\/\/lasprimeras.com.do\/index.php\/category\/entretenimiento\/"},"img":{"alt_text":"","src":"https:\/\/i0.wp.com\/lasprimeras.com.do\/wp-content\/uploads\/2026\/04\/IMG-20260419-WA0327.jpg?resize=350%2C200&ssl=1","width":350,"height":200,"srcset":"https:\/\/i0.wp.com\/lasprimeras.com.do\/wp-content\/uploads\/2026\/04\/IMG-20260419-WA0327.jpg?resize=350%2C200&ssl=1 1x, https:\/\/i0.wp.com\/lasprimeras.com.do\/wp-content\/uploads\/2026\/04\/IMG-20260419-WA0327.jpg?resize=525%2C300&ssl=1 1.5x, https:\/\/i0.wp.com\/lasprimeras.com.do\/wp-content\/uploads\/2026\/04\/IMG-20260419-WA0327.jpg?resize=700%2C400&ssl=1 2x, https:\/\/i0.wp.com\/lasprimeras.com.do\/wp-content\/uploads\/2026\/04\/IMG-20260419-WA0327.jpg?resize=1050%2C600&ssl=1 3x"},"classes":[]},{"id":94583,"url":"https:\/\/lasprimeras.com.do\/index.php\/2025\/03\/03\/zoe-saldana-gana-el-oscar-como-mejor-actriz-de-reparto\/","url_meta":{"origin":138721,"position":3},"title":"Zoe Salda\u00f1a gana el Oscar como Mejor Actriz de Reparto por \u201cEmilia P\u00e9rez\u201d","author":"Nelson Feliz","date":"3 de marzo de 2025","format":false,"excerpt":"Zoe Salda\u00f1a gana el Oscar como Mejor Actriz de Reparto por \u201cEmilia P\u00e9rez\u201d. Es la primera dominicana en conseguir un premio de la Academia. La dominicana Zoe Salda\u00f1a gana el Oscar como Mejor Actriz de Reparto por su participaci\u00f3n en \u201cEmilia P\u00e9rez\u201c. Salda\u00f1a marca un hito en la industria cinematogr\u00e1fica\u2026","rel":"","context":"En \u00abENTRETENIMIENTO\u00bb","block_context":{"text":"ENTRETENIMIENTO","link":"https:\/\/lasprimeras.com.do\/index.php\/category\/entretenimiento\/"},"img":{"alt_text":"","src":"https:\/\/i0.wp.com\/lasprimeras.com.do\/wp-content\/uploads\/2025\/03\/Zoe-Saldana-2.png?resize=350%2C200&ssl=1","width":350,"height":200,"srcset":"https:\/\/i0.wp.com\/lasprimeras.com.do\/wp-content\/uploads\/2025\/03\/Zoe-Saldana-2.png?resize=350%2C200&ssl=1 1x, https:\/\/i0.wp.com\/lasprimeras.com.do\/wp-content\/uploads\/2025\/03\/Zoe-Saldana-2.png?resize=525%2C300&ssl=1 1.5x, https:\/\/i0.wp.com\/lasprimeras.com.do\/wp-content\/uploads\/2025\/03\/Zoe-Saldana-2.png?resize=700%2C400&ssl=1 2x"},"classes":[]},{"id":128925,"url":"https:\/\/lasprimeras.com.do\/index.php\/2026\/04\/28\/dictan-tres-meses-de-prision-preventiva-a-motoristas-atacaron-conductor-de-camion-en-santiago\/","url_meta":{"origin":138721,"position":4},"title":"Dictan tres meses de prision preventiva a motoristas atacaron conductor de cami\u00f3n en Santiago\u00a0","author":"Nelson Feliz","date":"28 de abril de 2026","format":false,"excerpt":"Los imputados en el crimen son Adony Antonio Ure\u00f1a Ventura, Andr\u00e9s Moncl\u00fa Gonz\u00e1lez, Carlos Andr\u00e9s Roa Mor\u00e1n, Miguel Garc\u00eda Balbuena, Joanfry Joel N\u00fa\u00f1ez, Juan Carlos Soto Ortiz y Kevin Francisco Metz Cruz Los imputados en el crimen son Adony Antonio Ure\u00f1a Ventura, Andr\u00e9s Moncl\u00fa Gonz\u00e1lez, Carlos Andr\u00e9s Roa Mor\u00e1n, Miguel\u2026","rel":"","context":"En \u00abJUSTICIA\u00bb","block_context":{"text":"JUSTICIA","link":"https:\/\/lasprimeras.com.do\/index.php\/category\/justicia\/"},"img":{"alt_text":"","src":"https:\/\/i0.wp.com\/lasprimeras.com.do\/wp-content\/uploads\/2026\/04\/Motoristas.jpeg?resize=350%2C200&ssl=1","width":350,"height":200,"srcset":"https:\/\/i0.wp.com\/lasprimeras.com.do\/wp-content\/uploads\/2026\/04\/Motoristas.jpeg?resize=350%2C200&ssl=1 1x, https:\/\/i0.wp.com\/lasprimeras.com.do\/wp-content\/uploads\/2026\/04\/Motoristas.jpeg?resize=525%2C300&ssl=1 1.5x, https:\/\/i0.wp.com\/lasprimeras.com.do\/wp-content\/uploads\/2026\/04\/Motoristas.jpeg?resize=700%2C400&ssl=1 2x, https:\/\/i0.wp.com\/lasprimeras.com.do\/wp-content\/uploads\/2026\/04\/Motoristas.jpeg?resize=1050%2C600&ssl=1 3x"},"classes":[]},{"id":82129,"url":"https:\/\/lasprimeras.com.do\/index.php\/2024\/04\/29\/penelope-cruz-celebra-sus-50-anos-en-concierto-de-bad-bunny\/","url_meta":{"origin":138721,"position":5},"title":"Pen\u00e9lope Cruz celebra sus 50 a\u00f1os en concierto de Bad Bunny","author":"BIMARY DE JES\u00daS Matos","date":"29 de abril de 2024","format":false,"excerpt":"La exitosa y reconocida, actriz y modelo espa\u00f1ola Pen\u00e9lope Cruz S\u00e1nchez, inici\u00f3 la noche de ayer la celebraci\u00f3n de su cumplea\u00f1os n\u00famero 50 en la cuidad de New York en un concierto del Conejo Malo, Bad Bunny. La afamada actriz quien en el pasado a\u00f1o 2006 se convirtiera en la\u2026","rel":"","context":"En \u00abENTRETENIMIENTO\u00bb","block_context":{"text":"ENTRETENIMIENTO","link":"https:\/\/lasprimeras.com.do\/index.php\/category\/entretenimiento\/"},"img":{"alt_text":"","src":"https:\/\/i0.wp.com\/lasprimeras.com.do\/wp-content\/uploads\/2024\/04\/6a0c8a05-4f4b-48f5-a1d9-1ad180753c4a-55.jpg?resize=350%2C200&ssl=1","width":350,"height":200},"classes":[]}],"jetpack_sharing_enabled":true,"jetpack_featured_media_url":"https:\/\/lasprimeras.com.do\/wp-content\/uploads\/2026\/09\/IMG-20260901-WA0484.jpg","_links":{"self":[{"href":"https:\/\/lasprimeras.com.do\/index.php\/wp-json\/wp\/v2\/posts\/138721","targetHints":{"allow":["GET"]}}],"collection":[{"href":"https:\/\/lasprimeras.com.do\/index.php\/wp-json\/wp\/v2\/posts"}],"about":[{"href":"https:\/\/lasprimeras.com.do\/index.php\/wp-json\/wp\/v2\/types\/post"}],"author":[{"embeddable":true,"href":"https:\/\/lasprimeras.com.do\/index.php\/wp-json\/wp\/v2\/users\/10"}],"replies":[{"embeddable":true,"href":"https:\/\/lasprimeras.com.do\/index.php\/wp-json\/wp\/v2\/comments?post=138721"}],"version-history":[{"count":1,"href":"https:\/\/lasprimeras.com.do\/index.php\/wp-json\/wp\/v2\/posts\/138721\/revisions"}],"predecessor-version":[{"id":138723,"href":"https:\/\/lasprimeras.com.do\/index.php\/wp-json\/wp\/v2\/posts\/138721\/revisions\/138723"}],"wp:featuredmedia":[{"embeddable":true,"href":"https:\/\/lasprimeras.com.do\/index.php\/wp-json\/wp\/v2\/media\/138722"}],"wp:attachment":[{"href":"https:\/\/lasprimeras.com.do\/index.php\/wp-json\/wp\/v2\/media?parent=138721"}],"wp:term":[{"taxonomy":"category","embeddable":true,"href":"https:\/\/lasprimeras.com.do\/index.php\/wp-json\/wp\/v2\/categories?post=138721"},{"taxonomy":"post_tag","embeddable":true,"href":"https:\/\/lasprimeras.com.do\/index.php\/wp-json\/wp\/v2\/tags?post=138721"}],"curies":[{"name":"wp","href":"https:\/\/api.w.org\/{rel}","templated":true}]}}