{"id":138725,"date":"2026-09-01T21:38:30","date_gmt":"2026-09-02T01:38:30","guid":{"rendered":"https:\/\/lasprimeras.com.do\/?p=138725"},"modified":"2026-09-01T21:38:32","modified_gmt":"2026-09-02T01:38:32","slug":"el-ejercito-estadounidense-completa-sus-ultimos-ataques-contra-iran","status":"publish","type":"post","link":"https:\/\/lasprimeras.com.do\/index.php\/2026\/09\/01\/el-ejercito-estadounidense-completa-sus-ultimos-ataques-contra-iran\/","title":{"rendered":"El ej\u00e9rcito estadounidense completa sus \u00faltimos ataques contra Ir\u00e1n"},"content":{"rendered":"\n<p class=\"wp-block-paragraph\">Trump promete m\u00e1s represalias por parte de Teher\u00e1n<\/p>\n\n\n\n<p class=\"wp-block-paragraph\">Por BEN FINLEY<\/p>\n\n\n\n<p class=\"wp-block-paragraph\">WASHINGTON (AP) \u2014 El ej\u00e9rcito estadounidense atac\u00f3 objetivos en Ir\u00e1n el martes, y Teher\u00e1n respondi\u00f3 con misiles y drones contra varios puntos de la regi\u00f3n, en un recrudecimiento de las hostilidades en una guerra intermitente que ya dura m\u00e1s de seis meses.<\/p>\n\n\n\n<p class=\"wp-block-paragraph\">Un ataque estadounidense impact\u00f3 una casa donde se celebraba una boda, causando la muerte de cinco personas y dejando decenas de heridos, seg\u00fan informaron las autoridades locales.<\/p>\n\n\n\n<p class=\"wp-block-paragraph\">El Comando Central de Estados Unidos declar\u00f3 el martes por la noche que hab\u00eda completado el \u00faltimo ataque contra objetivos militares iran\u00edes, incluidos emplazamientos de defensa a\u00e9rea, sistemas de radar y activos mar\u00edtimos.<\/p>\n\n\n\n<p class=\"wp-block-paragraph\">Los ataques estadounidenses se sumaron a otros del domingo que pusieron fin abruptamente a un mes sin acci\u00f3n militar y amenazaron con reavivar por completo un conflicto que ha disparado los precios mundiales del petr\u00f3leo y planteado problemas pol\u00edticos a los republicanos en las elecciones legislativas de mitad de mandato de noviembre.<\/p>\n\n\n\n<p class=\"wp-block-paragraph\">La reanudaci\u00f3n de los combates se produce despu\u00e9s de que el presidente Donald Trump pareciera inclinarse hacia la idea de doblegar a Ir\u00e1n a su voluntad mediante sanciones econ\u00f3micas .<\/p>\n\n\n\n<p class=\"wp-block-paragraph\">\u201cSi la fallida naci\u00f3n de Ir\u00e1n toma represalias por este ataque tan justificado, recibir\u00e1 otro golpe mucho m\u00e1s duro y de mayor envergadura, pero no ser\u00e1 el mayor ataque de todos, que est\u00e1 a la espera\u201d, advirti\u00f3 Trump en las redes sociales.<\/p>\n\n\n\n<p class=\"wp-block-paragraph\">El Comando Central de Estados Unidos afirm\u00f3 que los \u00faltimos ataques fueron en respuesta a los intentos de Teher\u00e1n de atacar buques mercantes y fuerzas estadounidenses en Oriente Medio.<\/p>\n\n\n\n<p class=\"wp-block-paragraph\">Trump ofreci\u00f3 una explicaci\u00f3n adicional, declarando a Fox News en una llamada telef\u00f3nica que las fuerzas estadounidenses atacaron los radares de Ir\u00e1n.<\/p>\n\n\n\n<p class=\"wp-block-paragraph\">\u201cIntentaron reconstruir su radar porque no pueden ver nada\u201d, dijo Trump a Fox. \u201cEsperamos hasta que estuviera casi terminado y entonces lo atacamos\u201d.<\/p>\n\n\n\n<p class=\"wp-block-paragraph\">Tras el inicio de los ataques estadounidenses, Ir\u00e1n lanz\u00f3 misiles bal\u00edsticos contra Jordania.<\/p>\n\n\n\n<p class=\"wp-block-paragraph\">Seg\u00fan la televisi\u00f3n estatal iran\u00ed, la Guardia Revolucionaria iran\u00ed afirm\u00f3 haber atacado una base estadounidense en la costa jordana del golfo de Aqaba.<\/p>\n\n\n\n<p class=\"wp-block-paragraph\">El ej\u00e9rcito jordano inform\u00f3 haber derribado 10 de los misiles, y los tres restantes cayeron en zonas despobladas. Se observaron explosiones sobre Aqaba que parec\u00edan ser interceptaciones de ataques a\u00e9reos.<\/p>\n\n\n\n<p class=\"wp-block-paragraph\">Los medios estatales iran\u00edes informaron que Estados Unidos hab\u00eda bombardeado objetivos civiles a lo largo de la costa sur de Ir\u00e1n y alcanzado un aeropuerto civil.<\/p>\n\n\n\n<p class=\"wp-block-paragraph\">Un ataque estadounidense impact\u00f3 una casa donde se celebraba una ceremonia nupcial en Kuhestak, en el sur de Ir\u00e1n, causando la muerte de cinco personas, entre ellas un ni\u00f1o, e hiriendo al menos a otras 68, seg\u00fan declar\u00f3 Ahmad Nafisi, vicegobernador de la provincia de Hormozgan, a la televisi\u00f3n estatal iran\u00ed en una llamada telef\u00f3nica.<\/p>\n\n\n\n<p class=\"wp-block-paragraph\">\u201cQue no quepa duda: estos cr\u00edmenes no quedar\u00e1n impunes\u201d, declar\u00f3 Ebrahim Azizi, presidente del Comit\u00e9 de Seguridad Nacional y Pol\u00edtica Exterior del Parlamento iran\u00ed, el d\u00eda X.<\/p>\n\n\n\n<p class=\"wp-block-paragraph\">El Comando Central de Estados Unidos est\u00e1 al tanto de los informes sobre v\u00edctimas civiles, declar\u00f3 el capit\u00e1n Tim Hawkins, portavoz de la compa\u00f1\u00eda. A\u00f1adi\u00f3 que estos informes \u201cprovienen de medios estatales iran\u00edes\u201d.<\/p>\n\n\n\n<p class=\"wp-block-paragraph\">\u201cA diferencia de la Guardia Revolucionaria Isl\u00e1mica, el ej\u00e9rcito estadounidense nunca ataca a civiles\u201d, dijo Hawkins.<\/p>\n\n\n\n<p class=\"wp-block-paragraph\">El ej\u00e9rcito kuwait\u00ed declar\u00f3 en X que sus defensas a\u00e9reas interceptaron ataques con drones &#8220;tras la agresi\u00f3n criminal iran\u00ed&#8221;. Ir\u00e1n tambi\u00e9n afirm\u00f3 haber lanzado un ataque con drones contra las fuerzas estadounidenses en Bahr\u00e9in, pero no hubo confirmaci\u00f3n inmediata por parte de ese pa\u00eds.<\/p>\n\n\n\n<p class=\"wp-block-paragraph\">El ej\u00e9rcito iran\u00ed advierte de &#8220;golpes devastadores&#8221; mientras el pa\u00eds denuncia un ataque en el aeropuerto.<\/p>\n\n\n\n<p class=\"wp-block-paragraph\">El Estado Mayor de las Fuerzas Armadas de Ir\u00e1n y su mando militar conjunto anunciaron que las fuerzas armadas asestar\u00edan lo que describieron como &#8220;golpes aplastantes y devastadores&#8221; contra Estados Unidos.<\/p>\n\n\n\n<p class=\"wp-block-paragraph\">La agencia estatal de noticias IRNA cit\u00f3 un comunicado de la Guardia Revolucionaria iran\u00ed, que advirti\u00f3 que los ataques solo han fortalecido la determinaci\u00f3n de la Rep\u00fablica Isl\u00e1mica y reforzado el cierre efectivo del estrecho de Ormuz por parte de Ir\u00e1n, por donde normalmente fluye el 20% del petr\u00f3leo mundial.<\/p>\n\n\n\n<p class=\"wp-block-paragraph\">Se registraron explosiones en varias zonas costeras del sur de Ir\u00e1n, incluyendo la ciudad portuaria de Bandar Abbas, sede de instalaciones navales y a\u00e9reas, as\u00ed como la isla de Qeshm en el estrecho de Ormuz.<\/p>\n\n\n\n<p class=\"wp-block-paragraph\">Testigos en Bandar Abbas declararon a Associated Press que las explosiones fueron m\u00e1s fuertes que las del domingo y que vieron humo elev\u00e1ndose desde la parte oriental de la ciudad, en el estrecho.<\/p>\n\n\n\n<p class=\"wp-block-paragraph\">La televisi\u00f3n estatal iran\u00ed inform\u00f3 que los ataques estadounidenses alcanzaron una f\u00e1brica de harina de pescado en la isla de Qeshm y varios objetivos civiles en la provincia de Hormozgan.<\/p>\n\n\n\n<p class=\"wp-block-paragraph\">A\u00f1adi\u00f3 que entre los lugares atacados se encontraban un muelle pesquero y una torre de la Organizaci\u00f3n de Puertos y Asuntos Mar\u00edtimos en Sirik.<\/p>\n\n\n\n<p class=\"wp-block-paragraph\">La televisi\u00f3n estatal tambi\u00e9n inform\u00f3 que el ej\u00e9rcito estadounidense atac\u00f3 el aeropuerto civil de Jiroft, en la provincia de Kerman, en el centro de Ir\u00e1n, y afirm\u00f3 que un proyectil impact\u00f3 en una zona fuera de la pista y no caus\u00f3 v\u00edctimas ni da\u00f1os a la infraestructura del aeropuerto.<\/p>\n\n\n\n<p class=\"wp-block-paragraph\">La televisi\u00f3n estatal iran\u00ed inform\u00f3 que Tavanir, la empresa gestora de la red el\u00e9ctrica de Ir\u00e1n, declar\u00f3 que varias partes de la red el\u00e9ctrica de la provincia de Hormozgan hab\u00edan sufrido cortes de suministro.<\/p>\n\n\n\n<p class=\"wp-block-paragraph\">A\u00f1adi\u00f3 que las autoridades estaban trabajando para restablecer el servicio.<\/p>\n\n\n\n<p class=\"wp-block-paragraph\">Tanto Estados Unidos como Ir\u00e1n buscan controlar el estrecho de Ormuz , un estrecho canal frente a la costa iran\u00ed que constituye un corredor vital para el transporte de petr\u00f3leo. Teher\u00e1n lo cerr\u00f3 de facto tras el inicio de la guerra.<\/p>\n\n\n\n<p class=\"wp-block-paragraph\">Los precios del petr\u00f3leo han subido considerablemente esta semana debido a los renovados enfrentamientos entre Ir\u00e1n y Estados Unidos. El crudo, que ya hab\u00eda aumentado cerca de un 7% esta semana, continu\u00f3 su alza tras los ataques del martes.<\/p>\n\n\n\n<p class=\"wp-block-paragraph\">El precio del crudo ha subido m\u00e1s del 50% este a\u00f1o, arrastrando consigo el precio de la gasolina. El gal\u00f3n de gasolina regular en Estados Unidos volvi\u00f3 a subir durante la noche, alcanzando los 4,10 d\u00f3lares, seg\u00fan la AAA. El a\u00f1o pasado, por estas fechas, el gal\u00f3n costaba 3,19 d\u00f3lares.<\/p>\n\n\n\n<p class=\"wp-block-paragraph\">Los ataques se han reanudado despu\u00e9s de que Ir\u00e1n dijera que respetar\u00eda un acuerdo de alto el fuego si Estados Unidos hac\u00eda lo mismo.<\/p>\n\n\n\n<p class=\"wp-block-paragraph\">Antes de que se reanudaran las operaciones militares, la administraci\u00f3n Trump argument\u00f3 que atacar el objetivo econ\u00f3mico adecuado en una campa\u00f1a de aislamiento financiero llevar\u00eda a Teher\u00e1n al l\u00edmite.<\/p>\n\n\n\n<p class=\"wp-block-paragraph\">Ahora, los ataques se est\u00e1n reanudando, incluso cuando las reservas estadounidenses de interceptores avanzados han disminuido y la guerra es impopular entre muchos estadounidenses .<\/p>\n\n\n\n<p class=\"wp-block-paragraph\">Un retorno al conflicto abierto ser\u00eda peligroso para la regi\u00f3n , donde Ir\u00e1n ha atacado bases militares e infraestructuras estadounidenses en los pa\u00edses del Golfo desde que comenz\u00f3 la guerra.<\/p>\n\n\n\n<p class=\"wp-block-paragraph\">El presidente iran\u00ed, Masoud Pezeshkian, declar\u00f3 el martes, antes de los \u00faltimos ataques, que la Rep\u00fablica Isl\u00e1mica est\u00e1 dispuesta a retomar el acuerdo de alto el fuego provisional alcanzado con Estados Unidos en junio si Washington hace lo mismo.<\/p>\n\n\n\n<p class=\"wp-block-paragraph\">\u201cSi Estados Unidos retoma sus compromisos del memorando de entendimiento, la Rep\u00fablica Isl\u00e1mica de Ir\u00e1n corresponder\u00e1 de inmediato\u201d, citaron los medios estatales iran\u00edes a Pezeshkian diciendo en la cumbre de la Organizaci\u00f3n de Cooperaci\u00f3n de Shangh\u00e1i en Kirguist\u00e1n.<\/p>\n\n\n\n<p class=\"wp-block-paragraph\">El acuerdo provisional de junio exig\u00eda un alto el fuego inmediato e iniciaba un per\u00edodo de 60 d\u00edas para negociaciones destinadas a alcanzar un acuerdo m\u00e1s amplio, pero se desmoron\u00f3 poco despu\u00e9s.<\/p>\n\n\n\n<p class=\"wp-block-paragraph\">En los ataques previos del domingo, el Comando Central de Estados Unidos afirm\u00f3 que sus fuerzas atacaron lanzadores de cohetes iran\u00edes que lanzar\u00edan minas marinas al estrecho.<\/p>\n\n\n\n<p class=\"wp-block-paragraph\">Ir\u00e1n respondi\u00f3 a los ataques del domingo lanzando misiles contra objetivos estadounidenses en Jordania, los cuales fueron interceptados, mientras que los Emiratos \u00c1rabes Unidos afirmaron haber detenido un dron iran\u00ed sobre sus aguas. Trump reconoci\u00f3 el lunes que podr\u00edan ser necesarios m\u00e1s ataques.<\/p>\n\n\n\n<p class=\"wp-block-paragraph\">En los \u00faltimos d\u00edas, el ej\u00e9rcito estadounidense ha calificado los nuevos enfrentamientos como limitados. El Comando Central reiter\u00f3 el martes que sus ataques se produjeron tras la agresi\u00f3n iran\u00ed contra buques mercantes y tropas estadounidenses en la regi\u00f3n.<\/p>\n\n\n\n<hr class=\"wp-block-separator has-alpha-channel-opacity\"\/>\n\n\n\n<p class=\"wp-block-paragraph\">Los periodistas de Associated Press Aamer Madhani y Michelle L. Price en Washington, Christopher Weber en Los \u00c1ngeles y Charles Sheehan en Nueva York contribuyeron a este informe.<\/p>\n","protected":false},"excerpt":{"rendered":"<p>Trump promete m\u00e1s represalias por parte de Teher\u00e1n Por BEN FINLEY WASHINGTON (AP) \u2014 El ej\u00e9rcito estadounidense atac\u00f3 objetivos en Ir\u00e1n el martes, y Teher\u00e1n respondi\u00f3 con misiles y drones&hellip;<\/p>\n","protected":false},"author":10,"featured_media":138726,"comment_status":"open","ping_status":"open","sticky":false,"template":"","format":"standard","meta":{"content-type":"","_jetpack_newsletter_access":"","_jetpack_dont_email_post_to_subs":false,"_jetpack_newsletter_tier_id":0,"_jetpack_memberships_contains_paywalled_content":false,"_jetpack_feature_clip_id":0,"_jetpack_memberships_contains_paid_content":false,"footnotes":"","jetpack_post_was_ever_published":false},"categories":[16289],"tags":[5605,978,11092,6186,3337,11094],"class_list":["post-138725","post","type-post","status-publish","format-standard","has-post-thumbnail","hentry","category-internacionales","tag-ataques","tag-donald-trump","tag-ejercito-estadounidense","tag-iran","tag-represalias","tag-teheran"],"jetpack-related-posts":[{"id":72145,"url":"https:\/\/lasprimeras.com.do\/index.php\/2023\/12\/27\/biden-ordena-ataques-contra-un-grupo-alineado-con-iran\/","url_meta":{"origin":138725,"position":0},"title":"Biden ordena ataques contra un grupo alineado con Ir\u00e1n","author":"Nelson Feliz","date":"27 de diciembre de 2023","format":false,"excerpt":"Tres soldados estadounidenses resultar\u00f3n heridos en un ataque con drones en Irak. POR AAMER MADHANI,ZEKE MILLER Y QASSIM ABDUL-ZAHRA WASHINGTON (AP) \u2014 El presidente de Estados Unidos, Joe Biden, orden\u00f3 al ej\u00e9rcito estadounidense que llevara a cabo ataques a\u00e9reos de represalia contra grupos de milicias respaldados por Ir\u00e1n despu\u00e9s de\u2026","rel":"","context":"En \u00abSin categor\u00eda\u00bb","block_context":{"text":"Sin categor\u00eda","link":"https:\/\/lasprimeras.com.do\/index.php\/category\/sin-categoria\/"},"img":{"alt_text":"Joe Biden","src":"https:\/\/i0.wp.com\/lasprimeras.com.do\/wp-content\/uploads\/2023\/12\/Joe-Biden.jpg?resize=350%2C200&ssl=1","width":350,"height":200,"srcset":"https:\/\/i0.wp.com\/lasprimeras.com.do\/wp-content\/uploads\/2023\/12\/Joe-Biden.jpg?resize=350%2C200&ssl=1 1x, https:\/\/i0.wp.com\/lasprimeras.com.do\/wp-content\/uploads\/2023\/12\/Joe-Biden.jpg?resize=525%2C300&ssl=1 1.5x, https:\/\/i0.wp.com\/lasprimeras.com.do\/wp-content\/uploads\/2023\/12\/Joe-Biden.jpg?resize=700%2C400&ssl=1 2x"},"classes":[]},{"id":73995,"url":"https:\/\/lasprimeras.com.do\/index.php\/2024\/01\/18\/el-ejercito-estadounidense-lanza-misiles-contra-sitios-huties-en-yemen\/","url_meta":{"origin":138725,"position":1},"title":"El ej\u00e9rcito estadounidense lanza misiles contra sitios hut\u00edes en Yemen","author":"Nelson Feliz","date":"18 de enero de 2024","format":false,"excerpt":"POR TARA COPP Y LOLITA C. BALDOR WASHINGTON (AP) \u2014 El ej\u00e9rcito estadounidense lanz\u00f3 otra ola de ataques con misiles desde barcos y submarinos contra sitios controlados por los hut\u00edes el mi\u00e9rcoles, dijo el Comando Central de Estados Unidos, marcando la cuarta vez en d\u00edas que ataca directamente al grupo\u2026","rel":"","context":"En \u00abSin categor\u00eda\u00bb","block_context":{"text":"Sin categor\u00eda","link":"https:\/\/lasprimeras.com.do\/index.php\/category\/sin-categoria\/"},"img":{"alt_text":"Combatientes","src":"https:\/\/i0.wp.com\/lasprimeras.com.do\/wp-content\/uploads\/2024\/01\/Combatientes.jpg?resize=350%2C200&ssl=1","width":350,"height":200,"srcset":"https:\/\/i0.wp.com\/lasprimeras.com.do\/wp-content\/uploads\/2024\/01\/Combatientes.jpg?resize=350%2C200&ssl=1 1x, https:\/\/i0.wp.com\/lasprimeras.com.do\/wp-content\/uploads\/2024\/01\/Combatientes.jpg?resize=525%2C300&ssl=1 1.5x, https:\/\/i0.wp.com\/lasprimeras.com.do\/wp-content\/uploads\/2024\/01\/Combatientes.jpg?resize=700%2C400&ssl=1 2x"},"classes":[]},{"id":62827,"url":"https:\/\/lasprimeras.com.do\/index.php\/2023\/10\/08\/el-ataque-de-hamas-a-israel-empuja-a-biden-a-la-crisis-de-medio-oriente-y-lo-hace-defenderse-de-las-criticas-del-partido-republicano\/","url_meta":{"origin":138725,"position":2},"title":"El ataque de Hamas a Israel empuja a Biden a la crisis de Medio Oriente y lo hace defenderse de las cr\u00edticas del Partido Republicano","author":"Nelson Feliz","date":"8 de octubre de 2023","format":false,"excerpt":"POR MATTHEW LEE Y AAMER MADHANI WASHINGTON (AP) \u2014 El ataque militante de Hamas contra Israel y las represalias masivas que provoc\u00f3 desde Jerusal\u00e9n han empujado al presidente Joe Biden a una crisis en Medio Oriente que corre el riesgo de expandirse a un conflicto m\u00e1s amplio y lo ha\u2026","rel":"","context":"En \u00abSin categor\u00eda\u00bb","block_context":{"text":"Sin categor\u00eda","link":"https:\/\/lasprimeras.com.do\/index.php\/category\/sin-categoria\/"},"img":{"alt_text":"Joe Biden","src":"https:\/\/i0.wp.com\/lasprimeras.com.do\/wp-content\/uploads\/2023\/08\/Joe-Biden-1.jpg?resize=350%2C200&ssl=1","width":350,"height":200,"srcset":"https:\/\/i0.wp.com\/lasprimeras.com.do\/wp-content\/uploads\/2023\/08\/Joe-Biden-1.jpg?resize=350%2C200&ssl=1 1x, https:\/\/i0.wp.com\/lasprimeras.com.do\/wp-content\/uploads\/2023\/08\/Joe-Biden-1.jpg?resize=525%2C300&ssl=1 1.5x, https:\/\/i0.wp.com\/lasprimeras.com.do\/wp-content\/uploads\/2023\/08\/Joe-Biden-1.jpg?resize=700%2C400&ssl=1 2x"},"classes":[]},{"id":81294,"url":"https:\/\/lasprimeras.com.do\/index.php\/2024\/04\/19\/israel-lanza-ataque-limitado-con-drones-contra-iran\/","url_meta":{"origin":138725,"position":3},"title":"Israel lanza ataque limitado con drones contra Ir\u00e1n","author":"BIMARY DE JES\u00daS Matos","date":"19 de abril de 2024","format":false,"excerpt":"TEHERAN \u2013 Las autoridades de Ir\u00e1n han asegurado este viernes haber repelido un ataque con drones contra los alrededores de la ciudad de Isfah\u00e1n (centro), donde hay una importante base militar y una instalaci\u00f3n nuclear. Ha sido un paso por parte de Israel tras los ataques ejecutados por Ir\u00e1n contra\u2026","rel":"","context":"En \u00abSin categor\u00eda\u00bb","block_context":{"text":"Sin categor\u00eda","link":"https:\/\/lasprimeras.com.do\/index.php\/category\/sin-categoria\/"},"img":{"alt_text":"","src":"https:\/\/i0.wp.com\/lasprimeras.com.do\/wp-content\/uploads\/2024\/04\/6a0c8a05-4f4b-48f5-a1d9-1ad180753c4a-21.jpg?resize=350%2C200&ssl=1","width":350,"height":200,"srcset":"https:\/\/i0.wp.com\/lasprimeras.com.do\/wp-content\/uploads\/2024\/04\/6a0c8a05-4f4b-48f5-a1d9-1ad180753c4a-21.jpg?resize=350%2C200&ssl=1 1x, https:\/\/i0.wp.com\/lasprimeras.com.do\/wp-content\/uploads\/2024\/04\/6a0c8a05-4f4b-48f5-a1d9-1ad180753c4a-21.jpg?resize=525%2C300&ssl=1 1.5x, https:\/\/i0.wp.com\/lasprimeras.com.do\/wp-content\/uploads\/2024\/04\/6a0c8a05-4f4b-48f5-a1d9-1ad180753c4a-21.jpg?resize=700%2C400&ssl=1 2x"},"classes":[]},{"id":73998,"url":"https:\/\/lasprimeras.com.do\/index.php\/2024\/01\/18\/pakistan-lanza-ataques-aereos-de-represalia-en-iran-matan-9-personas\/","url_meta":{"origin":138725,"position":4},"title":"Pakist\u00e1n lanza ataques a\u00e9reos de represalia en Ir\u00e1n, matando 9 personas","author":"Nelson Feliz","date":"18 de enero de 2024","format":false,"excerpt":"POR MUNIR AHMED Y JON GAMBRELL ISLAMABAD (AP) \u2014 La fuerza a\u00e9rea de Pakist\u00e1n lanz\u00f3 ataques a\u00e9reos de represalia la madrugada del jueves en Ir\u00e1n, supuestamente contra escondites de militantes, un ataque que mat\u00f3 al menos a nueve personas y aument\u00f3 a\u00fan m\u00e1s las tensiones entre las naciones vecinas. Los\u2026","rel":"","context":"En \u00abSin categor\u00eda\u00bb","block_context":{"text":"Sin categor\u00eda","link":"https:\/\/lasprimeras.com.do\/index.php\/category\/sin-categoria\/"},"img":{"alt_text":"Musulmanes","src":"https:\/\/i0.wp.com\/lasprimeras.com.do\/wp-content\/uploads\/2024\/01\/Musulmanes.jpg?resize=350%2C200&ssl=1","width":350,"height":200,"srcset":"https:\/\/i0.wp.com\/lasprimeras.com.do\/wp-content\/uploads\/2024\/01\/Musulmanes.jpg?resize=350%2C200&ssl=1 1x, https:\/\/i0.wp.com\/lasprimeras.com.do\/wp-content\/uploads\/2024\/01\/Musulmanes.jpg?resize=525%2C300&ssl=1 1.5x, https:\/\/i0.wp.com\/lasprimeras.com.do\/wp-content\/uploads\/2024\/01\/Musulmanes.jpg?resize=700%2C400&ssl=1 2x"},"classes":[]},{"id":74358,"url":"https:\/\/lasprimeras.com.do\/index.php\/2024\/01\/22\/ejercitos-estadounidense-y-britanico-lanzan-nueva-ronda-de-ataques-contra-yemen\/","url_meta":{"origin":138725,"position":5},"title":"Ej\u00e9rcitos estadounidense y brit\u00e1nico lanzan nueva ronda de ataques contra Yemen","author":"Nelson Feliz","date":"22 de enero de 2024","format":false,"excerpt":"POR LOLITA C. BALDOR Y TARA COPP WASHINGTON (AP) \u2014 Los ej\u00e9rcitos estadounidense y brit\u00e1nico bombardearon m\u00faltiples objetivos en ocho lugares utilizados por los hut\u00edes respaldados por Ir\u00e1n en Yemen el lunes por la noche, la segunda vez que los dos aliados han llevado a cabo ataques coordinados de represalia\u2026","rel":"","context":"En \u00abSin categor\u00eda\u00bb","block_context":{"text":"Sin categor\u00eda","link":"https:\/\/lasprimeras.com.do\/index.php\/category\/sin-categoria\/"},"img":{"alt_text":"Ataques","src":"https:\/\/i0.wp.com\/lasprimeras.com.do\/wp-content\/uploads\/2024\/01\/Ataques-2.jpg?resize=350%2C200&ssl=1","width":350,"height":200,"srcset":"https:\/\/i0.wp.com\/lasprimeras.com.do\/wp-content\/uploads\/2024\/01\/Ataques-2.jpg?resize=350%2C200&ssl=1 1x, https:\/\/i0.wp.com\/lasprimeras.com.do\/wp-content\/uploads\/2024\/01\/Ataques-2.jpg?resize=525%2C300&ssl=1 1.5x, https:\/\/i0.wp.com\/lasprimeras.com.do\/wp-content\/uploads\/2024\/01\/Ataques-2.jpg?resize=700%2C400&ssl=1 2x"},"classes":[]}],"jetpack_sharing_enabled":true,"jetpack_featured_media_url":"https:\/\/lasprimeras.com.do\/wp-content\/uploads\/2026\/09\/Donald-Trump-2.jpg","_links":{"self":[{"href":"https:\/\/lasprimeras.com.do\/index.php\/wp-json\/wp\/v2\/posts\/138725","targetHints":{"allow":["GET"]}}],"collection":[{"href":"https:\/\/lasprimeras.com.do\/index.php\/wp-json\/wp\/v2\/posts"}],"about":[{"href":"https:\/\/lasprimeras.com.do\/index.php\/wp-json\/wp\/v2\/types\/post"}],"author":[{"embeddable":true,"href":"https:\/\/lasprimeras.com.do\/index.php\/wp-json\/wp\/v2\/users\/10"}],"replies":[{"embeddable":true,"href":"https:\/\/lasprimeras.com.do\/index.php\/wp-json\/wp\/v2\/comments?post=138725"}],"version-history":[{"count":1,"href":"https:\/\/lasprimeras.com.do\/index.php\/wp-json\/wp\/v2\/posts\/138725\/revisions"}],"predecessor-version":[{"id":138727,"href":"https:\/\/lasprimeras.com.do\/index.php\/wp-json\/wp\/v2\/posts\/138725\/revisions\/138727"}],"wp:featuredmedia":[{"embeddable":true,"href":"https:\/\/lasprimeras.com.do\/index.php\/wp-json\/wp\/v2\/media\/138726"}],"wp:attachment":[{"href":"https:\/\/lasprimeras.com.do\/index.php\/wp-json\/wp\/v2\/media?parent=138725"}],"wp:term":[{"taxonomy":"category","embeddable":true,"href":"https:\/\/lasprimeras.com.do\/index.php\/wp-json\/wp\/v2\/categories?post=138725"},{"taxonomy":"post_tag","embeddable":true,"href":"https:\/\/lasprimeras.com.do\/index.php\/wp-json\/wp\/v2\/tags?post=138725"}],"curies":[{"name":"wp","href":"https:\/\/api.w.org\/{rel}","templated":true}]}}