{"id":138731,"date":"2026-09-01T22:47:49","date_gmt":"2026-09-02T02:47:49","guid":{"rendered":"https:\/\/lasprimeras.com.do\/?p=138731"},"modified":"2026-09-01T22:57:39","modified_gmt":"2026-09-02T02:57:39","slug":"acusan-agente-de-policia-de-pensilvania-de-la-muerte-de-un-estudiante-universitario","status":"publish","type":"post","link":"https:\/\/lasprimeras.com.do\/index.php\/2026\/09\/01\/acusan-agente-de-policia-de-pensilvania-de-la-muerte-de-un-estudiante-universitario\/","title":{"rendered":"Acusan agente de polic\u00eda de Pensilvania de la muerte de un estudiante universitario"},"content":{"rendered":"\n<p class=\"wp-block-paragraph\">Por TASSANEE VEJPONGSA y KATE BRUMBACK<\/p>\n\n\n\n<p class=\"wp-block-paragraph\">NORRISTOWN, Pensilvania (AP) \u2014 Un agente de polic\u00eda de Pensilvania fue acusado el martes de homicidio voluntario por el tiroteo mortal de la semana pasada en el que muri\u00f3 un estudiante universitario que buscaba a sus amigos a altas horas de la noche y fue a la casa equivocada.<\/p>\n\n\n\n<p class=\"wp-block-paragraph\">El video de la c\u00e1mara corporal del polic\u00eda, revisado por los investigadores, muestra al agente gritando: &#8220;\u00a1T\u00edrate al suelo!&#8221;, seguido de &#8220;\u00a1Alto o te matar\u00e9!&#8221;.<\/p>\n\n\n\n<p class=\"wp-block-paragraph\">Antes de terminar la frase, dispar\u00f3 dos veces contra el hombre, que estaba desarmado y ten\u00eda las manos en alto. Alcanz\u00f3 a Glenwood Earl Pysher IV, de 22 a\u00f1os, dos veces en el pecho, caus\u00e1ndole la muerte.<\/p>\n\n\n\n<p class=\"wp-block-paragraph\">El agente, el cabo Sean Farrell de la polic\u00eda de Upper Pottsgrove, dispon\u00eda de opciones menos letales y no necesitaba recurrir a disparar a Pysher, declar\u00f3 el fiscal de distrito del condado de Montgomery, Kevin Steele, en una rueda de prensa.<\/p>\n\n\n\n<p class=\"wp-block-paragraph\">\u201cLa investigaci\u00f3n determin\u00f3 que el cabo Farrell llevaba en su cintur\u00f3n de herramientas opciones no letales que no utiliz\u00f3, incluyendo una pistola Taser. En el momento del tiroteo, el agente se encontraba a una distancia segura de Pysher, detr\u00e1s de un autom\u00f3vil, y la v\u00edctima ten\u00eda las manos en alto y no portaba ning\u00fan tipo de arma.<\/p>\n\n\n\n<p class=\"wp-block-paragraph\">El Sr. Pysher no representaba una amenaza. Esto no constituye un uso legal de fuerza letal, lo que da lugar al cargo de homicidio voluntario\u201d, declar\u00f3 Steele en un comunicado de prensa.<\/p>\n\n\n\n<p class=\"wp-block-paragraph\">Un abogado de la familia de Pysher emiti\u00f3 un comunicado agradeciendo al fiscal.<\/p>\n\n\n\n<p class=\"wp-block-paragraph\">\u201cLa familia agradece el trabajo de la fiscal\u00eda del condado de Montgomery y espera que se haga justicia en este caso de conducta terriblemente tr\u00e1gica, evitable e imprudente que le cost\u00f3 la vida a su hijo\u201d, dijo el abogado Ken Fulginiti.<\/p>\n\n\n\n<p class=\"wp-block-paragraph\">Farrell se entreg\u00f3 a los detectives del condado de Montgomery el martes. La jueza de distrito Kathleen Rebar fij\u00f3 la fianza en 75.000 d\u00f3lares, y como condici\u00f3n para su liberaci\u00f3n, Farrell deber\u00e1 entregar todas sus armas a la polic\u00eda estatal, seg\u00fan inform\u00f3 un portavoz de la fiscal\u00eda. Su audiencia preliminar est\u00e1 programada para el 10 de septiembre.<\/p>\n\n\n\n<p class=\"wp-block-paragraph\">Un agente responde a una llamada al 911.<\/p>\n\n\n\n<p class=\"wp-block-paragraph\">Farrell fue el primer agente en llegar al lugar despu\u00e9s de que un residente llamara al 911 para reportar que alguien estaba intentando entrar por la puerta trasera de una casa.<\/p>\n\n\n\n<p class=\"wp-block-paragraph\">La c\u00e1mara corporal de Farrell mostr\u00f3 al agente caminando por la entrada con su arma desenfundada, usando la linterna para iluminar el camino, seg\u00fan el comunicado.<\/p>\n\n\n\n<p class=\"wp-block-paragraph\">De pie detr\u00e1s de un coche en la entrada, Farrell vio a Pysher en el patio de la casa, cerca de la puerta trasera. Farrell grit\u00f3: \u00ab\u00a1Polic\u00eda, d\u00e9jeme ver sus manos!\u00bb. Luego grit\u00f3: \u00ab\u00a1Manos arriba, manos arriba ahora, t\u00edrese al suelo!\u00bb.<\/p>\n\n\n\n<p class=\"wp-block-paragraph\">En el video se ve a Pysher levantando las manos mientras caminaba hacia el agente y continuaba caminando en esa direcci\u00f3n mientras el agente gritaba: &#8220;\u00a1T\u00edrate al suelo!&#8221;, seg\u00fan el comunicado.<\/p>\n\n\n\n<p class=\"wp-block-paragraph\">Farrell volvi\u00f3 a gritar: &#8220;\u00a1T\u00edrate al suelo!&#8221;, y luego grit\u00f3: &#8220;\u00a1Alto o te voy a&#8230;!&#8221;. Pero antes de terminar la frase, Farrell dispar\u00f3 dos veces, hiriendo a Pysher dos veces en el pecho, inform\u00f3 la fiscal\u00eda.<\/p>\n\n\n\n<p class=\"wp-block-paragraph\">Seg\u00fan el comunicado, Pysher se encontraba a una distancia de entre 5 y 6 metros (17 a 20 pies) del agente cuando recibi\u00f3 el disparo.<\/p>\n\n\n\n<p class=\"wp-block-paragraph\">Farrell le dijo a otro agente que lleg\u00f3 despu\u00e9s del tiroteo que Pysher se abalanz\u00f3 sobre \u00e9l, &#8220;gritando y vociferando, y que no se tiraba al suelo&#8221;, pero el v\u00eddeo de la c\u00e1mara corporal no muestra que eso haya sucedido, seg\u00fan una declaraci\u00f3n jurada presentada junto con la denuncia penal.<\/p>\n\n\n\n<p class=\"wp-block-paragraph\">El padre de Pysher cree que su hijo pens\u00f3 que estaba en casa de un amigo.<br>La investigaci\u00f3n revel\u00f3 que Pysher hab\u00eda estado en varios bares esa misma noche para celebrar el 21 cumplea\u00f1os de un amigo.<\/p>\n\n\n\n<p class=\"wp-block-paragraph\">Un conductor designado llev\u00f3 al grupo a la casa de la persona que cumpl\u00eda a\u00f1os alrededor de las 11 de la noche, y Pysher se march\u00f3 aproximadamente media hora despu\u00e9s para caminar medio kil\u00f3metro hasta la casa de otro amigo para seguir bebiendo, pero acab\u00f3 en la casa equivocada, seg\u00fan el comunicado.<\/p>\n\n\n\n<p class=\"wp-block-paragraph\">El padre de Pysher ha declarado que cree, bas\u00e1ndose en lo que le han contado los amigos de su hijo, que este intent\u00f3 entrar en la que cre\u00eda que era la casa de su amigo.<\/p>\n\n\n\n<p class=\"wp-block-paragraph\">\u201cIntent\u00f3 abrir la puerta y, obviamente, asust\u00f3 al due\u00f1o de la casa\u201d, declar\u00f3 Glen Pysher a Associated Press la semana pasada. \u201cSeg\u00fan tenemos entendido, grit\u00f3: \u2018\u00a1Oye! \u00a1Abre la puerta!\u2019, porque pens\u00f3 que estaba en casa de un amigo\u201d.<\/p>\n\n\n\n<p class=\"wp-block-paragraph\">Seg\u00fan cont\u00f3 el padre, su hijo se sent\u00f3 en el porche trasero y contact\u00f3 con sus amigos, quienes se dieron cuenta de que estaba en el lugar equivocado y salieron a buscarlo.<\/p>\n\n\n\n<p class=\"wp-block-paragraph\">Detenciones de agentes en otros casos<\/p>\n\n\n\n<p class=\"wp-block-paragraph\">Philip Stinson, profesor de justicia penal en la Universidad Estatal de Bowling Green, mantiene una base de datos a nivel nacional con aproximadamente 25.000 casos de agentes de polic\u00eda arrestados desde 2005.<\/p>\n\n\n\n<p class=\"wp-block-paragraph\">Seg\u00fan los datos de Stinson, entre enero de 2005 y finales de julio de 2026, 218 agentes de polic\u00eda locales fueron acusados \u200b\u200bde asesinato u homicidio involuntario en tiroteos policiales mortales ocurridos en acto de servicio.<\/p>\n\n\n\n<p class=\"wp-block-paragraph\">Si bien a\u00fan hay varios casos pendientes, hasta la fecha, 78 agentes han sido condenados por un delito relacionado con esos tiroteos, mientras que 107 han sido absueltos o sus casos han sido desestimados.<\/p>\n\n\n\n<p class=\"wp-block-paragraph\">En Pensilvania, diez agentes fueron acusados \u200b\u200bdurante ese per\u00edodo, seis de los cuales fueron condenados.<\/p>\n\n\n\n<p class=\"wp-block-paragraph\">Stinson afirm\u00f3 que existen fluctuaciones en el n\u00famero de agentes acusados \u200b\u200ba lo largo de los a\u00f1os, pero dado que se producen cerca de mil encuentros policiales fatales cada a\u00f1o, esas fluctuaciones parecen estad\u00edsticamente insignificantes.<\/p>\n\n\n\n<p class=\"wp-block-paragraph\">\u201cEstos son casos complicados. Los hechos nunca son f\u00e1ciles\u201d, dijo Stinson. \u201cLos grandes jurados parecen tener un problema similar al de los jurados penales. Son muy reacios a cuestionar las decisiones tomadas en fracciones de segundo, a menudo de vida o muerte, por un agente de polic\u00eda en servicio durante un encuentro potencialmente violento en la calle\u201d.<\/p>\n\n\n\n<p class=\"wp-block-paragraph\">La mayor\u00eda de los agentes acusados \u200b\u200bde tiroteos mortales en acto de servicio dispararon contra una persona desarmada. En las 78 condenas, solo 10 de las v\u00edctimas portaban un arma de fuego en el momento de los tiroteos.<\/p>\n\n\n\n<p class=\"wp-block-paragraph\">\u2014-<\/p>\n\n\n\n<p class=\"wp-block-paragraph\">Brumback inform\u00f3 desde Atlanta. La periodista de Associated Press, Claudia Lauer, en Filadelfia, contribuy\u00f3 a este reportaje.<\/p>\n","protected":false},"excerpt":{"rendered":"<p>Por TASSANEE VEJPONGSA y KATE BRUMBACK NORRISTOWN, Pensilvania (AP) \u2014 Un agente de polic\u00eda de Pensilvania fue acusado el martes de homicidio voluntario por el tiroteo mortal de la semana&hellip;<\/p>\n","protected":false},"author":10,"featured_media":138732,"comment_status":"open","ping_status":"open","sticky":false,"template":"","format":"standard","meta":{"content-type":"","_jetpack_newsletter_access":"","_jetpack_dont_email_post_to_subs":false,"_jetpack_newsletter_tier_id":0,"_jetpack_memberships_contains_paywalled_content":false,"_jetpack_feature_clip_id":0,"_jetpack_memberships_contains_paid_content":false,"footnotes":"","jetpack_post_was_ever_published":false},"categories":[16289],"tags":[286,1261,29346,36198,330,152,48],"class_list":["post-138731","post","type-post","status-publish","format-standard","has-post-thumbnail","hentry","category-internacionales","tag-acusado","tag-agente","tag-estudiante-universitario","tag-homicidio-voluntario","tag-muerte","tag-pensilvania","tag-policia"],"jetpack-related-posts":[{"id":60724,"url":"https:\/\/lasprimeras.com.do\/index.php\/2023\/09\/18\/estan-bajo-custodia-9-menores-que-escaparon-de-un-centro-de-detencion-dice-la-policia-de-pensilvania\/","url_meta":{"origin":138731,"position":0},"title":"Est\u00e1n bajo custodia 9 menores que escaparon de un centro de detenci\u00f3n, dice la polic\u00eda de Pensilvania","author":"Nelson Feliz","date":"18 de septiembre de 2023","format":false,"excerpt":"MORGANTOWN, Pensilvania (AP) \u2014 Nueve menores que escaparon de un centro de detenci\u00f3n en Pensilvania y estuvieron pr\u00f3fugos durante menos de un d\u00eda fueron capturados, dijo el lunes la polic\u00eda estatal. Todos ser\u00e1n acusados \u200b\u200bde fuga y algunos podr\u00edan enfrentar otros cargos. \"Vamos a entrevistar a los nueve\", dijo el\u2026","rel":"","context":"En \u00abSin categor\u00eda\u00bb","block_context":{"text":"Sin categor\u00eda","link":"https:\/\/lasprimeras.com.do\/index.php\/category\/sin-categoria\/"},"img":{"alt_text":"","src":"","width":0,"height":0},"classes":[]},{"id":85964,"url":"https:\/\/lasprimeras.com.do\/index.php\/2024\/07\/14\/departamento-de-policia-identifica-como-mark-violets-al-tirador-de-donald-trump\/","url_meta":{"origin":138731,"position":1},"title":"Departamento de Polic\u00eda identifica como Mark Violets al tirador de Donald Trump","author":"Nelson Feliz","date":"14 de julio de 2024","format":false,"excerpt":"El Departamento de Polic\u00eda de la localidad de Butler, en el Estado de Pensilvania, fue quien revel\u00f3 la identidad del tirador que gatill\u00f3 al menos 12 veces contra al expresidente Donald Trump. El tirador que intent\u00f3 asesinar a Donald Trump durante un acto de campa\u00f1a este martes 13 de julio\u2026","rel":"","context":"En \u00abPORTADA\u00bb","block_context":{"text":"PORTADA","link":"https:\/\/lasprimeras.com.do\/index.php\/category\/portada\/"},"img":{"alt_text":"","src":"https:\/\/i0.wp.com\/lasprimeras.com.do\/wp-content\/uploads\/2024\/07\/tirador.jpg?resize=350%2C200&ssl=1","width":350,"height":200,"srcset":"https:\/\/i0.wp.com\/lasprimeras.com.do\/wp-content\/uploads\/2024\/07\/tirador.jpg?resize=350%2C200&ssl=1 1x, https:\/\/i0.wp.com\/lasprimeras.com.do\/wp-content\/uploads\/2024\/07\/tirador.jpg?resize=525%2C300&ssl=1 1.5x"},"classes":[]},{"id":53988,"url":"https:\/\/lasprimeras.com.do\/index.php\/2023\/07\/04\/al-menos-4-muertos-y-dos-heridos-en-un-tiroteo-en-filadelfia\/","url_meta":{"origin":138731,"position":2},"title":"Al menos 4 muertos y dos heridos en un tiroteo en Filadelfia","author":"Nelson Feliz","date":"4 de julio de 2023","format":false,"excerpt":"Por EUROPA PRESS Al menos cuatro personas han fallecido y dos han resultado heridas por un tiroteo que ha tenido lugar en la ciudad estadounidense de Filadelfia, en Pensilvania. Los agentes de Polic\u00eda respondieron a un aviso que tuvo lugar alrededor de las 20.30 horas (hora local) en el que\u2026","rel":"","context":"En \u00abSin categor\u00eda\u00bb","block_context":{"text":"Sin categor\u00eda","link":"https:\/\/lasprimeras.com.do\/index.php\/category\/sin-categoria\/"},"img":{"alt_text":"","src":"https:\/\/i0.wp.com\/lasprimeras.com.do\/wp-content\/uploads\/2023\/07\/filad.jpg?resize=350%2C200&ssl=1","width":350,"height":200},"classes":[]},{"id":85944,"url":"https:\/\/lasprimeras.com.do\/index.php\/2024\/07\/13\/incidente-en-acto-de-campana-de-trump-es-investigado-como-intento-de-asesinato\/","url_meta":{"origin":138731,"position":3},"title":"Incidente en acto de campa\u00f1a de Trump es investigado como intento de asesinato","author":"Nelson Feliz","date":"13 de julio de 2024","format":false,"excerpt":"BY JILL COLVIN, JULIE CARR SMYTH, COLLEEN LONG, ERIC TUCKER, MICHAEL BALSAMO AND MICHELLE L. PRICE BUTLER, Pensilvania, EE.UU. (AP) \u2014 Donald Trump aparentemente fue el blanco de un intento de asesinato durante un acto de campa\u00f1a en Pensilvania el s\u00e1bado, afirmaron funcionarios de fuerzas policiales. El expresidente, con la\u2026","rel":"","context":"En \u00abPORTADA\u00bb","block_context":{"text":"PORTADA","link":"https:\/\/lasprimeras.com.do\/index.php\/category\/portada\/"},"img":{"alt_text":"Donald Trump","src":"https:\/\/i0.wp.com\/lasprimeras.com.do\/wp-content\/uploads\/2024\/07\/Donald-Trump-1.jpg?resize=350%2C200&ssl=1","width":350,"height":200,"srcset":"https:\/\/i0.wp.com\/lasprimeras.com.do\/wp-content\/uploads\/2024\/07\/Donald-Trump-1.jpg?resize=350%2C200&ssl=1 1x, https:\/\/i0.wp.com\/lasprimeras.com.do\/wp-content\/uploads\/2024\/07\/Donald-Trump-1.jpg?resize=525%2C300&ssl=1 1.5x, https:\/\/i0.wp.com\/lasprimeras.com.do\/wp-content\/uploads\/2024\/07\/Donald-Trump-1.jpg?resize=700%2C400&ssl=1 2x"},"classes":[]},{"id":80494,"url":"https:\/\/lasprimeras.com.do\/index.php\/2024\/04\/09\/jovenes-de-fp-condenan-que-policias-violaron-el-fuero-universitario-entrando-a-la-uasd-sin-autorizacion-y-armados\/","url_meta":{"origin":138731,"position":4},"title":"J\u00f3venes de FP condenan que polic\u00edas violaron el Fuero Universitario, entrando a la UASD sin autorizaci\u00f3n y armados","author":"BIMARY DE JES\u00daS Matos","date":"9 de abril de 2024","format":false,"excerpt":"Santo Domingo.- El coordinador nacional del frente estudiantil del partido Fuerza del Pueblo, Yoel Jim\u00e9nez, conden\u00f3 este lunes que miembros de la Polic\u00eda Nacional entraran al campus principal de la Universidad Aut\u00f3noma de Santo Domingo, portando armas de fuego y sin autorizaci\u00f3n, en violaci\u00f3n al Fuero Universitario, que protege las\u2026","rel":"","context":"En \u00abNACIONALES\u00bb","block_context":{"text":"NACIONALES","link":"https:\/\/lasprimeras.com.do\/index.php\/category\/nacionales\/"},"img":{"alt_text":"","src":"https:\/\/i0.wp.com\/lasprimeras.com.do\/wp-content\/uploads\/2024\/04\/IMG-20240409-WA0009-scaled.jpg?resize=350%2C200&ssl=1","width":350,"height":200,"srcset":"https:\/\/i0.wp.com\/lasprimeras.com.do\/wp-content\/uploads\/2024\/04\/IMG-20240409-WA0009-scaled.jpg?resize=350%2C200&ssl=1 1x, https:\/\/i0.wp.com\/lasprimeras.com.do\/wp-content\/uploads\/2024\/04\/IMG-20240409-WA0009-scaled.jpg?resize=525%2C300&ssl=1 1.5x, https:\/\/i0.wp.com\/lasprimeras.com.do\/wp-content\/uploads\/2024\/04\/IMG-20240409-WA0009-scaled.jpg?resize=700%2C400&ssl=1 2x, https:\/\/i0.wp.com\/lasprimeras.com.do\/wp-content\/uploads\/2024\/04\/IMG-20240409-WA0009-scaled.jpg?resize=1050%2C600&ssl=1 3x, https:\/\/i0.wp.com\/lasprimeras.com.do\/wp-content\/uploads\/2024\/04\/IMG-20240409-WA0009-scaled.jpg?resize=1400%2C800&ssl=1 4x"},"classes":[]},{"id":77542,"url":"https:\/\/lasprimeras.com.do\/index.php\/2024\/02\/22\/al-menos-52-muertos-en-operaciones-de-la-policia-militar\/","url_meta":{"origin":138731,"position":5},"title":"Al menos 52 muertos en operaciones de la Polic\u00eda Militar","author":"BIMARY DE JES\u00daS Matos","date":"22 de febrero de 2024","format":false,"excerpt":"Brasil.-El menos 52 personas han muerto en menos de dos meses en operaciones de la Polic\u00eda Militar de Sao Paulo en el \u00c1rea Metropolitana de Baixada Santista, una zona que a pesar de contar con el 4 por ciento de la poblaci\u00f3n del estado concentra el 45 por ciento de\u2026","rel":"","context":"En \u00abSin categor\u00eda\u00bb","block_context":{"text":"Sin categor\u00eda","link":"https:\/\/lasprimeras.com.do\/index.php\/category\/sin-categoria\/"},"img":{"alt_text":"","src":"https:\/\/i0.wp.com\/lasprimeras.com.do\/wp-content\/uploads\/2024\/02\/operaciones.jpg?resize=350%2C200&ssl=1","width":350,"height":200,"srcset":"https:\/\/i0.wp.com\/lasprimeras.com.do\/wp-content\/uploads\/2024\/02\/operaciones.jpg?resize=350%2C200&ssl=1 1x, https:\/\/i0.wp.com\/lasprimeras.com.do\/wp-content\/uploads\/2024\/02\/operaciones.jpg?resize=525%2C300&ssl=1 1.5x, https:\/\/i0.wp.com\/lasprimeras.com.do\/wp-content\/uploads\/2024\/02\/operaciones.jpg?resize=700%2C400&ssl=1 2x, https:\/\/i0.wp.com\/lasprimeras.com.do\/wp-content\/uploads\/2024\/02\/operaciones.jpg?resize=1050%2C600&ssl=1 3x"},"classes":[]}],"jetpack_sharing_enabled":true,"jetpack_featured_media_url":"https:\/\/lasprimeras.com.do\/wp-content\/uploads\/2026\/09\/policia-pensilvania.jpg","_links":{"self":[{"href":"https:\/\/lasprimeras.com.do\/index.php\/wp-json\/wp\/v2\/posts\/138731","targetHints":{"allow":["GET"]}}],"collection":[{"href":"https:\/\/lasprimeras.com.do\/index.php\/wp-json\/wp\/v2\/posts"}],"about":[{"href":"https:\/\/lasprimeras.com.do\/index.php\/wp-json\/wp\/v2\/types\/post"}],"author":[{"embeddable":true,"href":"https:\/\/lasprimeras.com.do\/index.php\/wp-json\/wp\/v2\/users\/10"}],"replies":[{"embeddable":true,"href":"https:\/\/lasprimeras.com.do\/index.php\/wp-json\/wp\/v2\/comments?post=138731"}],"version-history":[{"count":1,"href":"https:\/\/lasprimeras.com.do\/index.php\/wp-json\/wp\/v2\/posts\/138731\/revisions"}],"predecessor-version":[{"id":138733,"href":"https:\/\/lasprimeras.com.do\/index.php\/wp-json\/wp\/v2\/posts\/138731\/revisions\/138733"}],"wp:featuredmedia":[{"embeddable":true,"href":"https:\/\/lasprimeras.com.do\/index.php\/wp-json\/wp\/v2\/media\/138732"}],"wp:attachment":[{"href":"https:\/\/lasprimeras.com.do\/index.php\/wp-json\/wp\/v2\/media?parent=138731"}],"wp:term":[{"taxonomy":"category","embeddable":true,"href":"https:\/\/lasprimeras.com.do\/index.php\/wp-json\/wp\/v2\/categories?post=138731"},{"taxonomy":"post_tag","embeddable":true,"href":"https:\/\/lasprimeras.com.do\/index.php\/wp-json\/wp\/v2\/tags?post=138731"}],"curies":[{"name":"wp","href":"https:\/\/api.w.org\/{rel}","templated":true}]}}