{"id":138734,"date":"2026-09-01T23:01:09","date_gmt":"2026-09-02T03:01:09","guid":{"rendered":"https:\/\/lasprimeras.com.do\/?p=138734"},"modified":"2026-09-01T23:01:14","modified_gmt":"2026-09-02T03:01:14","slug":"la-policia-de-tucson-arizona-investiga-el-tiroteo-en-un-bar-gay-como-un-posible-delito-de-odio","status":"publish","type":"post","link":"https:\/\/lasprimeras.com.do\/index.php\/2026\/09\/01\/la-policia-de-tucson-arizona-investiga-el-tiroteo-en-un-bar-gay-como-un-posible-delito-de-odio\/","title":{"rendered":"La polic\u00eda de Tucson, Arizona, investiga el tiroteo en un bar gay como un posible delito de odio"},"content":{"rendered":"\n<p class=\"wp-block-paragraph\">Por REBECCA BOONE<\/p>\n\n\n\n<p class=\"wp-block-paragraph\">La polic\u00eda de Arizona afirma que el tiroteo ocurrido en un bar gay de Tucson, que dej\u00f3 tres muertos, incluido el atacante, est\u00e1 siendo investigado como un posible crimen de odio.<\/p>\n\n\n\n<p class=\"wp-block-paragraph\">Vincent Anthony Siqueiros, de 42 a\u00f1os, y Cameron Davis Capara, de 33, fueron baleados en el estacionamiento de Venture-N poco despu\u00e9s de la medianoche del lunes y ambos fallecieron en el lugar, inform\u00f3 el Departamento de Polic\u00eda de Tucson.<\/p>\n\n\n\n<p class=\"wp-block-paragraph\">El sospechoso, Ousman Ceesay, de 44 a\u00f1os, tambi\u00e9n sufri\u00f3 una herida de bala y fue declarado muerto en un hospital local, seg\u00fan el departamento.<\/p>\n\n\n\n<p class=\"wp-block-paragraph\">Seg\u00fan un comunicado de prensa de la polic\u00eda, Ceesay portaba una nota con una lista de varios negocios relacionados con la comunidad LGBTQIA+, y las primeras pruebas sugieren que se enfrent\u00f3 a las dos v\u00edctimas en el estacionamiento antes de dispararles.<\/p>\n\n\n\n<p class=\"wp-block-paragraph\">La investigaci\u00f3n contin\u00faa, pero no se conoce ninguna amenaza activa para la comunidad, seg\u00fan inform\u00f3 la polic\u00eda. Aun as\u00ed, el departamento ha aumentado su presencia policial en torno a otros negocios que son amigables con la comunidad gay en la regi\u00f3n.<\/p>\n\n\n\n<p class=\"wp-block-paragraph\">\u201cLos cr\u00edmenes motivados por prejuicios son especialmente atroces y no tienen cabida en nuestra comunidad\u201d, declar\u00f3 la jefa de polic\u00eda Monica Prieto.<br>\u201cNuestros investigadores est\u00e1n examinando minuciosamente las pruebas y siguiendo todas las pistas disponibles para esclarecer las circunstancias que rodean este tr\u00e1gico incidente\u201d.<\/p>\n\n\n\n<p class=\"wp-block-paragraph\">El departamento de polic\u00eda ofreci\u00f3 pocos detalles sobre el tiroteo y no especific\u00f3 si Ceesay conoc\u00eda a las v\u00edctimas.<\/p>\n\n\n\n<p class=\"wp-block-paragraph\">Asimismo, se neg\u00f3 a divulgar de inmediato detalles sobre la causa de la muerte de Ceesay, limit\u00e1ndose a decir que presentaba una herida de bala.<\/p>\n\n\n\n<p class=\"wp-block-paragraph\">El portavoz del departamento, James Horton, indic\u00f3 que los investigadores estaban a la espera del informe del m\u00e9dico forense para confirmar las lesiones de Ceesay.<\/p>\n\n\n\n<p class=\"wp-block-paragraph\">Flores, velas y fotograf\u00edas adornaban el creciente monumento conmemorativo a Siqueiros y Capara frente al bar el martes, y varios grupos comunitarios, entre ellos Tucson Queerstory, Southern Arizona Senior Pride y la Southern Arizona AIDS Foundation, planeaban una vigilia con velas para la noche del mi\u00e9rcoles en un parque local.<\/p>\n\n\n\n<p class=\"wp-block-paragraph\">\u201cVenture-N ha sido un refugio seguro, un santuario y un lugar de consuelo para la comunidad queer de Tucson durante d\u00e9cadas\u201d, escribi\u00f3 PFLAG Phoenix en una publicaci\u00f3n en redes sociales.<\/p>\n\n\n\n<p class=\"wp-block-paragraph\">\u201cEsta tragedia es un recordatorio doloroso y contundente de la homofobia y el odio que a\u00fan existen\u201d.<\/p>\n\n\n\n<p class=\"wp-block-paragraph\">El tiroteo dej\u00f3 a los miembros de la comunidad LGBTQIA+ conmocionados y desconsolados, declar\u00f3 Mary O&#8217;Donoghue, directora ejecutiva de Southern Arizona Senior Pride.<\/p>\n\n\n\n<p class=\"wp-block-paragraph\">Adem\u00e1s, reaviv\u00f3 recuerdos traum\u00e1ticos para muchos adultos mayores, da\u00f1ando la sensaci\u00f3n de seguridad que ten\u00edan en una ciudad que, por lo general, suele ser acogedora, a\u00f1adi\u00f3 O&#8217;Donoghue, cuya organizaci\u00f3n ofrece servicios de apoyo y programas de envejecimiento saludable para adultos mayores LGBTQ.<\/p>\n\n\n\n<p class=\"wp-block-paragraph\">\u201cHablamos de personas de entre 70 y 80 a\u00f1os que vivieron los sucesos de Stonewall y otras experiencias de discriminaci\u00f3n, agresi\u00f3n y violencia\u201d, dijo O&#8217;Donoghue.<\/p>\n\n\n\n<p class=\"wp-block-paragraph\">\u201cEsto tiene un efecto domin\u00f3: reviven toda una vida de violencia y discriminaci\u00f3n en su comunidad\u201d.<\/p>\n\n\n\n<p class=\"wp-block-paragraph\">O&#8217;Donoghue coment\u00f3 que una persona con la que habl\u00f3 se hab\u00eda mudado a Tucson desde Colorado Springs, Colorado, donde un tiroteo en una discoteca gay en 2022 dej\u00f3 cinco muertos.<\/p>\n\n\n\n<p class=\"wp-block-paragraph\">Otros miembros del grupo se jubilaron y se mudaron a Tucson despu\u00e9s de vivir en Florida, donde 49 personas murieron y otras 53 resultaron heridas en el tiroteo de 2016 en la discoteca Pulse de Orlando, Florida.<\/p>\n\n\n\n<p class=\"wp-block-paragraph\">La alcaldesa de Tucson, Regina Romero, afirm\u00f3 que el tiroteo en Venture-N fue un \u201cataque directo y devastador contra nuestra comunidad LGBTQ+, otro acto de violencia armada sin sentido\u201d.<\/p>\n\n\n\n<p class=\"wp-block-paragraph\">El tiroteo &#8220;sirve como otro doloroso recordatorio de que la homofobia sigue campando a sus anchas en nuestro pa\u00eds&#8221;, dijo Romero en un video publicado en Facebook.<\/p>\n","protected":false},"excerpt":{"rendered":"<p>Por REBECCA BOONE La polic\u00eda de Arizona afirma que el tiroteo ocurrido en un bar gay de Tucson, que dej\u00f3 tres muertos, incluido el atacante, est\u00e1 siendo investigado como un&hellip;<\/p>\n","protected":false},"author":10,"featured_media":138735,"comment_status":"open","ping_status":"open","sticky":false,"template":"","format":"standard","meta":{"content-type":"","_jetpack_newsletter_access":"","_jetpack_dont_email_post_to_subs":false,"_jetpack_newsletter_tier_id":0,"_jetpack_memberships_contains_paywalled_content":false,"_jetpack_feature_clip_id":0,"_jetpack_memberships_contains_paid_content":false,"footnotes":"","jetpack_post_was_ever_published":false},"categories":[16289],"tags":[1464,36200,3233,36199,70],"class_list":["post-138734","post","type-post","status-publish","format-standard","has-post-thumbnail","hentry","category-internacionales","tag-arizona","tag-bar-gay","tag-delito-de-odio","tag-policia-de-tucson","tag-tiroteo"],"jetpack-related-posts":[{"id":49801,"url":"https:\/\/lasprimeras.com.do\/index.php\/2023\/05\/14\/dos-muertos-y-cinco-heridos-tras-tiroteo-masivo-en-la-frontera-de-yuma-arizona\/","url_meta":{"origin":138734,"position":0},"title":"Dos muertos y cinco heridos tras tiroteo masivo en la frontera de Yuma, Arizona","author":"prenxa100","date":"14 de mayo de 2023","format":false,"excerpt":"El tiroteo ocurri\u00f3 poco antes de las 11:00 p.m. en un vecindario residencial en el sureste del centro de Yuma, donde las dos personas murieron al ser trasladadas a un hospital local. Por: Jerald Jim\u00e9nez Arizona.-. Al menos dos personas murieron y cinco resultaron heridas tras un tiroteo durante una\u2026","rel":"","context":"En \u00abSin categor\u00eda\u00bb","block_context":{"text":"Sin categor\u00eda","link":"https:\/\/lasprimeras.com.do\/index.php\/category\/sin-categoria\/"},"img":{"alt_text":"","src":"","width":0,"height":0},"classes":[]},{"id":58462,"url":"https:\/\/lasprimeras.com.do\/index.php\/2023\/08\/24\/un-tiroteo-en-un-bar-de-moteros-de-california-mata-a-4-personas-incluido-el-tirador-y-hiere-a-5-mas\/","url_meta":{"origin":138734,"position":1},"title":"Un tiroteo en un bar de moteros de California mata a 4 personas, incluido el tirador, y hiere a 5 m\u00e1s","author":"Nelson Feliz","date":"24 de agosto de 2023","format":false,"excerpt":"Tres personas murieron y otras cinco resultaron heridas en un tiroteo el mi\u00e9rcoles en un bar de motociclistas en el sur de California, dijo el Departamento del Sheriff del condado de Orange. El pistolero tambi\u00e9n fue asesinado por los agentes. El tiroteo ocurri\u00f3 despu\u00e9s de las 7 pm en Cook's\u2026","rel":"","context":"En \u00abSin categor\u00eda\u00bb","block_context":{"text":"Sin categor\u00eda","link":"https:\/\/lasprimeras.com.do\/index.php\/category\/sin-categoria\/"},"img":{"alt_text":"","src":"https:\/\/i0.wp.com\/lasprimeras.com.do\/wp-content\/uploads\/2023\/08\/bar.jpg?resize=350%2C200&ssl=1","width":350,"height":200,"srcset":"https:\/\/i0.wp.com\/lasprimeras.com.do\/wp-content\/uploads\/2023\/08\/bar.jpg?resize=350%2C200&ssl=1 1x, https:\/\/i0.wp.com\/lasprimeras.com.do\/wp-content\/uploads\/2023\/08\/bar.jpg?resize=525%2C300&ssl=1 1.5x, https:\/\/i0.wp.com\/lasprimeras.com.do\/wp-content\/uploads\/2023\/08\/bar.jpg?resize=700%2C400&ssl=1 2x"},"classes":[]},{"id":53878,"url":"https:\/\/lasprimeras.com.do\/index.php\/2023\/07\/02\/tiroteo-masivo-en-baltimore-varios-muertos-y-una-treintena-de-heridos-segun-la-policia\/","url_meta":{"origin":138734,"position":2},"title":"Tiroteo masivo en Baltimore: varios muertos y una treintena de heridos seg\u00fan la polic\u00eda","author":"Nelson Feliz","date":"2 de julio de 2023","format":false,"excerpt":"Por Euronews Un tiroteo en Baltimore (Maryland, Estados Unidos) ha dejado decenas de heridos y varios muertos, seg\u00fan los medios locales. Dos personas murieron y 28 resultaron heridas en un tiroteo masivo, entre ellas tres personas que se encontraban en estado cr\u00edtico, seg\u00fan ha informado la polic\u00eda. El tiroteo tuvo\u2026","rel":"","context":"En \u00abSin categor\u00eda\u00bb","block_context":{"text":"Sin categor\u00eda","link":"https:\/\/lasprimeras.com.do\/index.php\/category\/sin-categoria\/"},"img":{"alt_text":"","src":"https:\/\/i0.wp.com\/lasprimeras.com.do\/wp-content\/uploads\/2023\/07\/tiroteo.jpg?resize=350%2C200&ssl=1","width":350,"height":200,"srcset":"https:\/\/i0.wp.com\/lasprimeras.com.do\/wp-content\/uploads\/2023\/07\/tiroteo.jpg?resize=350%2C200&ssl=1 1x, https:\/\/i0.wp.com\/lasprimeras.com.do\/wp-content\/uploads\/2023\/07\/tiroteo.jpg?resize=525%2C300&ssl=1 1.5x, https:\/\/i0.wp.com\/lasprimeras.com.do\/wp-content\/uploads\/2023\/07\/tiroteo.jpg?resize=700%2C400&ssl=1 2x"},"classes":[]},{"id":91313,"url":"https:\/\/lasprimeras.com.do\/index.php\/2024\/11\/17\/un-muerto-y-un-herido-durante-una-balacera-en-montecristi\/","url_meta":{"origin":138734,"position":3},"title":"Un muerto y un herido durante una balacera en Montecristi","author":"Nelson Feliz","date":"17 de noviembre de 2024","format":false,"excerpt":"Un fallecido y un herido durante una balacera ocurrida este s\u00e1bado frente al bar \"La Doble V\u00eda\", en el barrio San Pedro, del municipio San Fernando de la provincia Montecristi. El incidente ocurri\u00f3 alrededor de las 11:25 de la noche, cuando hombres a bordo de un veh\u00edculo tipo Jeep, marca\u2026","rel":"","context":"En \u00abNACIONALES\u00bb","block_context":{"text":"NACIONALES","link":"https:\/\/lasprimeras.com.do\/index.php\/category\/nacionales\/"},"img":{"alt_text":"Balacera","src":"https:\/\/i0.wp.com\/lasprimeras.com.do\/wp-content\/uploads\/2024\/11\/balas.jpg?resize=350%2C200&ssl=1","width":350,"height":200,"srcset":"https:\/\/i0.wp.com\/lasprimeras.com.do\/wp-content\/uploads\/2024\/11\/balas.jpg?resize=350%2C200&ssl=1 1x, https:\/\/i0.wp.com\/lasprimeras.com.do\/wp-content\/uploads\/2024\/11\/balas.jpg?resize=525%2C300&ssl=1 1.5x, https:\/\/i0.wp.com\/lasprimeras.com.do\/wp-content\/uploads\/2024\/11\/balas.jpg?resize=700%2C400&ssl=1 2x"},"classes":[]},{"id":79749,"url":"https:\/\/lasprimeras.com.do\/index.php\/2024\/03\/31\/hieren-a-7-jovenes-afuera-del-centro-comercial-de-indianapolis-dice-la-policia\/","url_meta":{"origin":138734,"position":4},"title":"Hieren a 7 j\u00f3venes afuera del centro comercial de Indian\u00e1polis, dice la polic\u00eda","author":"Nelson Feliz","date":"31 de marzo de 2024","format":false,"excerpt":"INDIANAPOLIS (AP) \u2014 Siete j\u00f3venes de entre 12 y 17 a\u00f1os resultaron heridos en un tiroteo afuera de un centro comercial en el centro de Indian\u00e1polis el s\u00e1bado por la noche, dijo la polic\u00eda. Los agentes de polic\u00eda que patrullaban el \u00e1rea escucharon disparos cerca del centro comercial Circle Center\u2026","rel":"","context":"En \u00abSin categor\u00eda\u00bb","block_context":{"text":"Sin categor\u00eda","link":"https:\/\/lasprimeras.com.do\/index.php\/category\/sin-categoria\/"},"img":{"alt_text":"Tiroteo","src":"https:\/\/i0.wp.com\/lasprimeras.com.do\/wp-content\/uploads\/2024\/03\/Tiroteo.jpg?resize=350%2C200&ssl=1","width":350,"height":200,"srcset":"https:\/\/i0.wp.com\/lasprimeras.com.do\/wp-content\/uploads\/2024\/03\/Tiroteo.jpg?resize=350%2C200&ssl=1 1x, https:\/\/i0.wp.com\/lasprimeras.com.do\/wp-content\/uploads\/2024\/03\/Tiroteo.jpg?resize=525%2C300&ssl=1 1.5x, https:\/\/i0.wp.com\/lasprimeras.com.do\/wp-content\/uploads\/2024\/03\/Tiroteo.jpg?resize=700%2C400&ssl=1 2x"},"classes":[]},{"id":53988,"url":"https:\/\/lasprimeras.com.do\/index.php\/2023\/07\/04\/al-menos-4-muertos-y-dos-heridos-en-un-tiroteo-en-filadelfia\/","url_meta":{"origin":138734,"position":5},"title":"Al menos 4 muertos y dos heridos en un tiroteo en Filadelfia","author":"Nelson Feliz","date":"4 de julio de 2023","format":false,"excerpt":"Por EUROPA PRESS Al menos cuatro personas han fallecido y dos han resultado heridas por un tiroteo que ha tenido lugar en la ciudad estadounidense de Filadelfia, en Pensilvania. Los agentes de Polic\u00eda respondieron a un aviso que tuvo lugar alrededor de las 20.30 horas (hora local) en el que\u2026","rel":"","context":"En \u00abSin categor\u00eda\u00bb","block_context":{"text":"Sin categor\u00eda","link":"https:\/\/lasprimeras.com.do\/index.php\/category\/sin-categoria\/"},"img":{"alt_text":"","src":"https:\/\/i0.wp.com\/lasprimeras.com.do\/wp-content\/uploads\/2023\/07\/filad.jpg?resize=350%2C200&ssl=1","width":350,"height":200},"classes":[]}],"jetpack_sharing_enabled":true,"jetpack_featured_media_url":"https:\/\/lasprimeras.com.do\/wp-content\/uploads\/2026\/09\/venture.jpg","_links":{"self":[{"href":"https:\/\/lasprimeras.com.do\/index.php\/wp-json\/wp\/v2\/posts\/138734","targetHints":{"allow":["GET"]}}],"collection":[{"href":"https:\/\/lasprimeras.com.do\/index.php\/wp-json\/wp\/v2\/posts"}],"about":[{"href":"https:\/\/lasprimeras.com.do\/index.php\/wp-json\/wp\/v2\/types\/post"}],"author":[{"embeddable":true,"href":"https:\/\/lasprimeras.com.do\/index.php\/wp-json\/wp\/v2\/users\/10"}],"replies":[{"embeddable":true,"href":"https:\/\/lasprimeras.com.do\/index.php\/wp-json\/wp\/v2\/comments?post=138734"}],"version-history":[{"count":1,"href":"https:\/\/lasprimeras.com.do\/index.php\/wp-json\/wp\/v2\/posts\/138734\/revisions"}],"predecessor-version":[{"id":138736,"href":"https:\/\/lasprimeras.com.do\/index.php\/wp-json\/wp\/v2\/posts\/138734\/revisions\/138736"}],"wp:featuredmedia":[{"embeddable":true,"href":"https:\/\/lasprimeras.com.do\/index.php\/wp-json\/wp\/v2\/media\/138735"}],"wp:attachment":[{"href":"https:\/\/lasprimeras.com.do\/index.php\/wp-json\/wp\/v2\/media?parent=138734"}],"wp:term":[{"taxonomy":"category","embeddable":true,"href":"https:\/\/lasprimeras.com.do\/index.php\/wp-json\/wp\/v2\/categories?post=138734"},{"taxonomy":"post_tag","embeddable":true,"href":"https:\/\/lasprimeras.com.do\/index.php\/wp-json\/wp\/v2\/tags?post=138734"}],"curies":[{"name":"wp","href":"https:\/\/api.w.org\/{rel}","templated":true}]}}