{"id":138737,"date":"2026-09-01T23:18:21","date_gmt":"2026-09-02T03:18:21","guid":{"rendered":"https:\/\/lasprimeras.com.do\/?p=138737"},"modified":"2026-09-01T23:18:22","modified_gmt":"2026-09-02T03:18:22","slug":"juez-hondureno-desestima-caso-de-fraude-y-lavado-de-dinero-contra-el-expresidente-hernandez","status":"publish","type":"post","link":"https:\/\/lasprimeras.com.do\/index.php\/2026\/09\/01\/juez-hondureno-desestima-caso-de-fraude-y-lavado-de-dinero-contra-el-expresidente-hernandez\/","title":{"rendered":"Juez hondure\u00f1o desestima caso de fraude y lavado de dinero contra el expresidente Hern\u00e1ndez"},"content":{"rendered":"\n<p class=\"wp-block-paragraph\">TEGUCIGALPA, Honduras (AP) \u2014 Un juez de Honduras desestim\u00f3 el martes la causa contra el expresidente Juan Orlando Hern\u00e1ndez por cargos de fraude y lavado de dinero, absolvi\u00e9ndolo de cualquier cargo pendiente en la naci\u00f3n centroamericana.<\/p>\n\n\n\n<p class=\"wp-block-paragraph\">Hern\u00e1ndez regres\u00f3 a su pa\u00eds natal en julio, en un pol\u00e9mico regreso, cuatro a\u00f1os despu\u00e9s de ser extraditado a Estados Unidos para ser juzgado por narcotr\u00e1fico.<\/p>\n\n\n\n<p class=\"wp-block-paragraph\">El exl\u00edder, condenado a 45 a\u00f1os de prisi\u00f3n en Estados Unidos, fue liberado en diciembre tras recibir el indulto presidencial del presidente estadounidense Donald Trump.<\/p>\n\n\n\n<p class=\"wp-block-paragraph\">Se comprometi\u00f3 a comparecer ante la justicia en su pa\u00eds, pero algunos abogados cuestionaron la solidez del sistema judicial hondure\u00f1o para llevar adelante el caso.<\/p>\n\n\n\n<p class=\"wp-block-paragraph\">Los cargos est\u00e1n relacionados con un caso conocido como Pandora I, que alega que una red de ex altos funcionarios, entre 2010 y 2013, particip\u00f3 en la ampliaci\u00f3n y aprobaci\u00f3n de desembolsos de fondos p\u00fablicos por un total de m\u00e1s de 288 millones de lempiras (10,8 millones de d\u00f3lares) a diversas fundaciones, seg\u00fan una investigaci\u00f3n de la Unidad Especializada de la Fiscal\u00eda contra las Redes de Corrupci\u00f3n (UFERCO) del pa\u00eds.<\/p>\n\n\n\n<p class=\"wp-block-paragraph\">Seg\u00fan la UFERCO, Hern\u00e1ndez se benefici\u00f3 de estos desembolsos, recibiendo al menos 62 millones de lempiras (2,3 millones de d\u00f3lares) para su campa\u00f1a pol\u00edtica a trav\u00e9s de diversos esquemas, incluyendo la creaci\u00f3n de empresas fantasma, el uso de testaferros y contratos ficticios.<\/p>\n\n\n\n<p class=\"wp-block-paragraph\">Hern\u00e1ndez afirm\u00f3 repetidamente su inocencia y declar\u00f3 el martes que los cargos carec\u00edan de fundamento.<\/p>\n\n\n\n<p class=\"wp-block-paragraph\">El fallo del martes se debi\u00f3 a que las pruebas presentadas en la audiencia &#8220;no demostraron la participaci\u00f3n del acusado en los hechos investigados&#8221;, inform\u00f3 el Poder Judicial hondure\u00f1o en su cuenta de redes sociales.<\/p>\n\n\n\n<p class=\"wp-block-paragraph\">La fiscal\u00eda hondure\u00f1a hab\u00eda solicitado al juez que admitiera las pruebas y presentara una acusaci\u00f3n formal contra el expresidente, pero su petici\u00f3n fue rechazada y Hern\u00e1ndez fue puesto en libertad definitivamente.<\/p>\n\n\n\n<p class=\"wp-block-paragraph\">Anteriormente, mientras el caso avanzaba, se le hab\u00eda concedido la libertad condicional.<\/p>\n\n\n\n<p class=\"wp-block-paragraph\">El martes, a las afueras del tribunal, se congreg\u00f3 un gran n\u00famero de partidarios de Hern\u00e1ndez, tal como lo hab\u00edan hecho durante todo el breve proceso judicial en el que se encontraba.<\/p>\n\n\n\n<p class=\"wp-block-paragraph\">\u201cHoy se cierra este cap\u00edtulo de persecuci\u00f3n pol\u00edtica, cerramos el de Estados Unidos, este tambi\u00e9n se cierra\u201d, declar\u00f3 el expresidente ante la multitud al abandonar la audiencia.<\/p>\n\n\n\n<p class=\"wp-block-paragraph\">El portavoz del Tribunal Supremo, Carlos Silva, declar\u00f3 en rueda de prensa que cualquiera de las partes implicadas en el proceso que no est\u00e9 de acuerdo con la decisi\u00f3n puede interponer un recurso de apelaci\u00f3n.<\/p>\n","protected":false},"excerpt":{"rendered":"<p>TEGUCIGALPA, Honduras (AP) \u2014 Un juez de Honduras desestim\u00f3 el martes la causa contra el expresidente Juan Orlando Hern\u00e1ndez por cargos de fraude y lavado de dinero, absolvi\u00e9ndolo de cualquier&hellip;<\/p>\n","protected":false},"author":10,"featured_media":138738,"comment_status":"open","ping_status":"open","sticky":false,"template":"","format":"standard","meta":{"content-type":"","_jetpack_newsletter_access":"","_jetpack_dont_email_post_to_subs":false,"_jetpack_newsletter_tier_id":0,"_jetpack_memberships_contains_paywalled_content":false,"_jetpack_feature_clip_id":0,"_jetpack_memberships_contains_paid_content":false,"footnotes":"","jetpack_post_was_ever_published":false},"categories":[16289],"tags":[36201,4793,4698,36202,10900,36203],"class_list":["post-138737","post","type-post","status-publish","format-standard","has-post-thumbnail","hentry","category-internacionales","tag-caso-de-fraude","tag-desestima","tag-expresidente","tag-juez-hondureno","tag-lavado-de-dinero","tag-uan-orlando-hernandez"],"jetpack-related-posts":[{"id":82978,"url":"https:\/\/lasprimeras.com.do\/index.php\/2024\/05\/10\/rechazada-la-peticion-de-expresidente-hondureno-para-obtener-nuevo-juicio-en-nueva-york\/","url_meta":{"origin":138737,"position":0},"title":"Rechazada la petici\u00f3n de expresidente hondure\u00f1o para obtener nuevo juicio en Nueva York","author":"BIMARY DE JES\u00daS Matos","date":"10 de mayo de 2024","format":false,"excerpt":"NY.-Hern\u00e1ndez trat\u00f3 de utilizar la supuesta baza de que la analista de la DEA Jennifer Taul minti\u00f3 en el juicio penal en que fue culpado de trabajar con narcotraficantes respaldados por c\u00e1rteles para transportar coca\u00edna a trav\u00e9s de Honduras con destino principalmente a Estados Unidos. Taul defendi\u00f3 en el juicio\u2026","rel":"","context":"En \u00abSin categor\u00eda\u00bb","block_context":{"text":"Sin categor\u00eda","link":"https:\/\/lasprimeras.com.do\/index.php\/category\/sin-categoria\/"},"img":{"alt_text":"","src":"https:\/\/i0.wp.com\/lasprimeras.com.do\/wp-content\/uploads\/2024\/05\/6a0c8a05-4f4b-48f5-a1d9-1ad180753c4a-13.jpg?resize=350%2C200&ssl=1","width":350,"height":200,"srcset":"https:\/\/i0.wp.com\/lasprimeras.com.do\/wp-content\/uploads\/2024\/05\/6a0c8a05-4f4b-48f5-a1d9-1ad180753c4a-13.jpg?resize=350%2C200&ssl=1 1x, https:\/\/i0.wp.com\/lasprimeras.com.do\/wp-content\/uploads\/2024\/05\/6a0c8a05-4f4b-48f5-a1d9-1ad180753c4a-13.jpg?resize=525%2C300&ssl=1 1.5x, https:\/\/i0.wp.com\/lasprimeras.com.do\/wp-content\/uploads\/2024\/05\/6a0c8a05-4f4b-48f5-a1d9-1ad180753c4a-13.jpg?resize=700%2C400&ssl=1 2x"},"classes":[]},{"id":116707,"url":"https:\/\/lasprimeras.com.do\/index.php\/2025\/12\/03\/expresidente-hondureno-juan-orlando-hernandez-liberado-tras-indulto-de-trump\/","url_meta":{"origin":138737,"position":1},"title":"Expresidente hondure\u00f1o Juan Orlando Hern\u00e1ndez liberado tras indulto de Trump","author":"Nelson Feliz","date":"3 de diciembre de 2025","format":false,"excerpt":"Por CHRISTOPHER SHERMAN y MIKE CATALINI TEGUCIGALPA, Honduras (AP) \u2014 El expresidente hondure\u00f1o Juan Orlando Hern\u00e1ndez, sentenciado el a\u00f1o pasado a 45 a\u00f1os de prisi\u00f3n por su papel en una operaci\u00f3n de narcotr\u00e1fico que traslad\u00f3 cientos de toneladas de coca\u00edna a Estados Unidos, fue liberado de prisi\u00f3n tras un indulto\u2026","rel":"","context":"En \u00abINTERNACIONALES\u00bb","block_context":{"text":"INTERNACIONALES","link":"https:\/\/lasprimeras.com.do\/index.php\/category\/sin-categoria\/internacionales\/"},"img":{"alt_text":"Juan Orlando Hern\u00e1ndez","src":"https:\/\/i0.wp.com\/lasprimeras.com.do\/wp-content\/uploads\/2025\/12\/Juan-Orlando-Hernandez.jpg?resize=350%2C200&ssl=1","width":350,"height":200,"srcset":"https:\/\/i0.wp.com\/lasprimeras.com.do\/wp-content\/uploads\/2025\/12\/Juan-Orlando-Hernandez.jpg?resize=350%2C200&ssl=1 1x, https:\/\/i0.wp.com\/lasprimeras.com.do\/wp-content\/uploads\/2025\/12\/Juan-Orlando-Hernandez.jpg?resize=525%2C300&ssl=1 1.5x, https:\/\/i0.wp.com\/lasprimeras.com.do\/wp-content\/uploads\/2025\/12\/Juan-Orlando-Hernandez.jpg?resize=700%2C400&ssl=1 2x"},"classes":[]},{"id":86815,"url":"https:\/\/lasprimeras.com.do\/index.php\/2024\/08\/01\/exjefe-de-la-policia-hondurena-es-condenado-a-19-anos-de-carcel-en-eeuu-por-distribucion-de-cocaina\/","url_meta":{"origin":138737,"position":2},"title":"Exjefe de la polic\u00eda hondure\u00f1a es condenado a 19 a\u00f1os de c\u00e1rcel en EEUU por distribuci\u00f3n de coca\u00edna","author":"Nelson Feliz","date":"1 de agosto de 2024","format":false,"excerpt":"By LARRY NEUMEISTER NUEVA YORK (AP) \u2014 El exdirector de la Polic\u00eda Nacional de Honduras fue condenado el jueves en Nueva York a 19 a\u00f1os de prisi\u00f3n tras declararse culpable de participar en una conjura para proteger cargamentos de coca\u00edna con destino a Estados Unidos. Juan Carlos Bonilla Valladares, de\u2026","rel":"","context":"En \u00abSin categor\u00eda\u00bb","block_context":{"text":"Sin categor\u00eda","link":"https:\/\/lasprimeras.com.do\/index.php\/category\/sin-categoria\/"},"img":{"alt_text":"Juan Carlos Bonilla Valladares","src":"https:\/\/i0.wp.com\/lasprimeras.com.do\/wp-content\/uploads\/2024\/08\/Juan-Carlos-Bonilla-Valladares.png?resize=350%2C200&ssl=1","width":350,"height":200,"srcset":"https:\/\/i0.wp.com\/lasprimeras.com.do\/wp-content\/uploads\/2024\/08\/Juan-Carlos-Bonilla-Valladares.png?resize=350%2C200&ssl=1 1x, https:\/\/i0.wp.com\/lasprimeras.com.do\/wp-content\/uploads\/2024\/08\/Juan-Carlos-Bonilla-Valladares.png?resize=525%2C300&ssl=1 1.5x, https:\/\/i0.wp.com\/lasprimeras.com.do\/wp-content\/uploads\/2024\/08\/Juan-Carlos-Bonilla-Valladares.png?resize=700%2C400&ssl=1 2x"},"classes":[]},{"id":78744,"url":"https:\/\/lasprimeras.com.do\/index.php\/2024\/03\/19\/trump-pide-a-corte-suprema-que-desestime-caso-de-conspiracion-contra-elecciones-de-2020\/","url_meta":{"origin":138737,"position":3},"title":"Trump pide a Corte Suprema que desestime caso de conspiraci\u00f3n contra elecciones de 2020","author":"Nelson Feliz","date":"19 de marzo de 2024","format":false,"excerpt":"POR ERIC TUCKER WASHINGTON (AP) \u2014 Los abogados de Donald Trump instaron a la Corte Suprema de Estados Unidos a desestimar una acusaci\u00f3n que acusa al expresidente de conspirar para anular los resultados de las elecciones de 2020 , renovando sus argumentos de que es inmune a ser procesado por\u2026","rel":"","context":"En \u00abSin categor\u00eda\u00bb","block_context":{"text":"Sin categor\u00eda","link":"https:\/\/lasprimeras.com.do\/index.php\/category\/sin-categoria\/"},"img":{"alt_text":"Donald Trump","src":"https:\/\/i0.wp.com\/lasprimeras.com.do\/wp-content\/uploads\/2024\/03\/Donald-Trump-1.jpg?resize=350%2C200&ssl=1","width":350,"height":200,"srcset":"https:\/\/i0.wp.com\/lasprimeras.com.do\/wp-content\/uploads\/2024\/03\/Donald-Trump-1.jpg?resize=350%2C200&ssl=1 1x, https:\/\/i0.wp.com\/lasprimeras.com.do\/wp-content\/uploads\/2024\/03\/Donald-Trump-1.jpg?resize=525%2C300&ssl=1 1.5x, https:\/\/i0.wp.com\/lasprimeras.com.do\/wp-content\/uploads\/2024\/03\/Donald-Trump-1.jpg?resize=700%2C400&ssl=1 2x"},"classes":[]},{"id":116342,"url":"https:\/\/lasprimeras.com.do\/index.php\/2025\/12\/01\/con-43-de-conteo-preliminar-en-honduras-conservador-nasry-asfura-encabeza-eleccion-nasralla-cerca\/","url_meta":{"origin":138737,"position":4},"title":"Con 43% de conteo preliminar en Honduras, conservador Nasry Asfura encabeza elecci\u00f3n; Nasralla cerca","author":"Nelson Feliz","date":"1 de diciembre de 2025","format":false,"excerpt":"POR MARLON GONZ\u00c1LEZand CHRISTOPHER SHERMAN TEGUCIGALPA (AP) \u2014 Con el 43% de los votos escrutados en Honduras, los resultados preliminares y parciales publicados la madrugada del lunes mostraban al empresario conservador Nasry Asfura encabezando la contienda presidencial del domingo, con el popular expresentador de TV Salvador Nasralla cerca en segundo\u2026","rel":"","context":"En \u00abINTERNACIONALES\u00bb","block_context":{"text":"INTERNACIONALES","link":"https:\/\/lasprimeras.com.do\/index.php\/category\/sin-categoria\/internacionales\/"},"img":{"alt_text":"","src":"https:\/\/i0.wp.com\/lasprimeras.com.do\/wp-content\/uploads\/2025\/12\/Honduras-1.jpg?resize=350%2C200&ssl=1","width":350,"height":200,"srcset":"https:\/\/i0.wp.com\/lasprimeras.com.do\/wp-content\/uploads\/2025\/12\/Honduras-1.jpg?resize=350%2C200&ssl=1 1x, https:\/\/i0.wp.com\/lasprimeras.com.do\/wp-content\/uploads\/2025\/12\/Honduras-1.jpg?resize=525%2C300&ssl=1 1.5x, https:\/\/i0.wp.com\/lasprimeras.com.do\/wp-content\/uploads\/2025\/12\/Honduras-1.jpg?resize=700%2C400&ssl=1 2x"},"classes":[]},{"id":116870,"url":"https:\/\/lasprimeras.com.do\/index.php\/2025\/12\/04\/lento-conteo-de-votos-da-exigua-ventaja-a-conservador-asfura-en-comicios-presidenciales-de-honduras\/","url_meta":{"origin":138737,"position":5},"title":"Lento conteo de votos da exigua ventaja a conservador Asfura en comicios presidenciales de Honduras","author":"Nelson Feliz","date":"4 de diciembre de 2025","format":false,"excerpt":"TEGUCIGALPA (AP) \u2014 El candidato conservador Nasry Asfura encabezaba el jueves la elecci\u00f3n presidencial en Honduras con una ligera ventaja de apenas 22.748 votos sobre el tambi\u00e9n conservador Salvador Nasralla, mientras el pa\u00eds centroamericano segu\u00eda expectante al desenlace del conteo. Los resultados preliminares otorgaban a Asfura, del Partido Nacional, 40,24%\u2026","rel":"","context":"En \u00abINTERNACIONALES\u00bb","block_context":{"text":"INTERNACIONALES","link":"https:\/\/lasprimeras.com.do\/index.php\/category\/sin-categoria\/internacionales\/"},"img":{"alt_text":"","src":"https:\/\/i0.wp.com\/lasprimeras.com.do\/wp-content\/uploads\/2025\/12\/conteo-de-votos.jpg?resize=350%2C200&ssl=1","width":350,"height":200,"srcset":"https:\/\/i0.wp.com\/lasprimeras.com.do\/wp-content\/uploads\/2025\/12\/conteo-de-votos.jpg?resize=350%2C200&ssl=1 1x, https:\/\/i0.wp.com\/lasprimeras.com.do\/wp-content\/uploads\/2025\/12\/conteo-de-votos.jpg?resize=525%2C300&ssl=1 1.5x, https:\/\/i0.wp.com\/lasprimeras.com.do\/wp-content\/uploads\/2025\/12\/conteo-de-votos.jpg?resize=700%2C400&ssl=1 2x"},"classes":[]}],"jetpack_sharing_enabled":true,"jetpack_featured_media_url":"https:\/\/lasprimeras.com.do\/wp-content\/uploads\/2026\/09\/Juan-Orlando-Hernandez.jpg","_links":{"self":[{"href":"https:\/\/lasprimeras.com.do\/index.php\/wp-json\/wp\/v2\/posts\/138737","targetHints":{"allow":["GET"]}}],"collection":[{"href":"https:\/\/lasprimeras.com.do\/index.php\/wp-json\/wp\/v2\/posts"}],"about":[{"href":"https:\/\/lasprimeras.com.do\/index.php\/wp-json\/wp\/v2\/types\/post"}],"author":[{"embeddable":true,"href":"https:\/\/lasprimeras.com.do\/index.php\/wp-json\/wp\/v2\/users\/10"}],"replies":[{"embeddable":true,"href":"https:\/\/lasprimeras.com.do\/index.php\/wp-json\/wp\/v2\/comments?post=138737"}],"version-history":[{"count":1,"href":"https:\/\/lasprimeras.com.do\/index.php\/wp-json\/wp\/v2\/posts\/138737\/revisions"}],"predecessor-version":[{"id":138739,"href":"https:\/\/lasprimeras.com.do\/index.php\/wp-json\/wp\/v2\/posts\/138737\/revisions\/138739"}],"wp:featuredmedia":[{"embeddable":true,"href":"https:\/\/lasprimeras.com.do\/index.php\/wp-json\/wp\/v2\/media\/138738"}],"wp:attachment":[{"href":"https:\/\/lasprimeras.com.do\/index.php\/wp-json\/wp\/v2\/media?parent=138737"}],"wp:term":[{"taxonomy":"category","embeddable":true,"href":"https:\/\/lasprimeras.com.do\/index.php\/wp-json\/wp\/v2\/categories?post=138737"},{"taxonomy":"post_tag","embeddable":true,"href":"https:\/\/lasprimeras.com.do\/index.php\/wp-json\/wp\/v2\/tags?post=138737"}],"curies":[{"name":"wp","href":"https:\/\/api.w.org\/{rel}","templated":true}]}}