{"id":138749,"date":"2026-09-01T21:56:00","date_gmt":"2026-09-02T01:56:00","guid":{"rendered":"https:\/\/lasprimeras.com.do\/?p=138749"},"modified":"2026-09-01T23:59:36","modified_gmt":"2026-09-02T03:59:36","slug":"dasac-lleva-asistencia-a-familia-afectada-por-incendio-en-cabral","status":"publish","type":"post","link":"https:\/\/lasprimeras.com.do\/index.php\/2026\/09\/01\/dasac-lleva-asistencia-a-familia-afectada-por-incendio-en-cabral\/","title":{"rendered":"DASAC lleva asistencia a familia afectada por incendio en Cabral"},"content":{"rendered":"\n<p class=\"wp-block-paragraph\">BARAHONA.\u2013 El director ejecutivo de la Direcci\u00f3n de Asistencia Social y Alimentaci\u00f3n Comunitaria (DASAC), Edgar Augusto F\u00e9liz Arbona, dispuso la reparaci\u00f3n del techo de la vivienda de Rosalba Urb\u00e1ez y la entrega de ajuares a su familia, luego de que un incendio afectara su residencia en el sector Barrio Arriba, del municipio de Cabral.<\/p>\n\n\n\n<p class=\"wp-block-paragraph\">La intervenci\u00f3n fue gestionada ante DASAC por el alcalde de Cabral, Rolbik Urb\u00e1ez, quien solicit\u00f3 el apoyo de la instituci\u00f3n para contribuir a la recuperaci\u00f3n de la familia damnificada.<\/p>\n\n\n\n<p class=\"wp-block-paragraph\">Por disposici\u00f3n de F\u00e9liz Arbona, Ver\u00f3nica F\u00e9liz, encargada regional de DASAC, e Iv\u00e1n Galarza, encargado provincial, se trasladaron hasta la vivienda afectada para hacer entrega de los enseres y dar seguimiento a los trabajos realizados.<\/p>\n\n\n\n<p class=\"wp-block-paragraph\">Los trabajos permitieron rehabilitar el techo de la residencia y reponer parte de los art\u00edculos perdidos durante el incendio, brindando a la familia condiciones m\u00e1s adecuadas para retomar su vida cotidiana tras el siniestro.<\/p>\n\n\n\n<p class=\"wp-block-paragraph\">La respuesta de DASAC se enmarca en las acciones de asistencia social que impulsa la instituci\u00f3n para atender a familias en condiciones de vulnerabilidad y ofrecer apoyo oportuno ante emergencias que afectan sus hogares.<\/p>\n\n\n\n<p class=\"wp-block-paragraph\">Edgar F\u00e9liz Arbona ha reiterado el compromiso de DASAC de mantener una pol\u00edtica de asistencia cercana a las comunidades, priorizando la atenci\u00f3n de las familias que requieren apoyo ante situaciones que ponen en riesgo su bienestar.<\/p>\n","protected":false},"excerpt":{"rendered":"<p>BARAHONA.\u2013 El director ejecutivo de la Direcci\u00f3n de Asistencia Social y Alimentaci\u00f3n Comunitaria (DASAC), Edgar Augusto F\u00e9liz Arbona, dispuso la reparaci\u00f3n del techo de la vivienda de Rosalba Urb\u00e1ez y&hellip;<\/p>\n","protected":false},"author":10,"featured_media":138750,"comment_status":"open","ping_status":"open","sticky":false,"template":"","format":"standard","meta":{"content-type":"","_jetpack_newsletter_access":"","_jetpack_dont_email_post_to_subs":false,"_jetpack_newsletter_tier_id":0,"_jetpack_memberships_contains_paywalled_content":false,"_jetpack_feature_clip_id":0,"_jetpack_memberships_contains_paid_content":false,"footnotes":"","jetpack_post_was_ever_published":false},"categories":[25],"tags":[2632,266,26854,2649,1399],"class_list":["post-138749","post","type-post","status-publish","format-standard","has-post-thumbnail","hentry","category-portada","tag-asistencia","tag-cabral","tag-dasac","tag-familia","tag-incendio"],"jetpack-related-posts":[{"id":123493,"url":"https:\/\/lasprimeras.com.do\/index.php\/2026\/03\/01\/dasac-entrega-enseres-y-raciones-en-gaspar-hernandez-por-emergencia\/","url_meta":{"origin":138749,"position":0},"title":"DASAC entrega enseres y raciones en Gaspar Hern\u00e1ndez por emergencia","author":"Nelson Feliz","date":"1 de marzo de 2026","format":false,"excerpt":"El director general, Edgar Augusto F\u00e9liz Arbona, asegur\u00f3 que la instituci\u00f3n se mantendr\u00e1 presente el tiempo que sea necesario hasta devolverle la tranquilidad a las familias afectadas con las inundaciones. El director General de la Direcci\u00f3n de Asistencia Social y Alimentaci\u00f3n Comunitaria (DASAC), Edgar Augusto F\u00e9liz Arbona, encabez\u00f3 este domingo\u2026","rel":"","context":"En \u00abNACIONALES\u00bb","block_context":{"text":"NACIONALES","link":"https:\/\/lasprimeras.com.do\/index.php\/category\/nacionales\/"},"img":{"alt_text":"Edgar Augusto F\u00e9liz","src":"https:\/\/i0.wp.com\/lasprimeras.com.do\/wp-content\/uploads\/2026\/03\/Edgar-Augusto-Feliz-2.jpg?resize=350%2C200&ssl=1","width":350,"height":200,"srcset":"https:\/\/i0.wp.com\/lasprimeras.com.do\/wp-content\/uploads\/2026\/03\/Edgar-Augusto-Feliz-2.jpg?resize=350%2C200&ssl=1 1x, https:\/\/i0.wp.com\/lasprimeras.com.do\/wp-content\/uploads\/2026\/03\/Edgar-Augusto-Feliz-2.jpg?resize=525%2C300&ssl=1 1.5x, https:\/\/i0.wp.com\/lasprimeras.com.do\/wp-content\/uploads\/2026\/03\/Edgar-Augusto-Feliz-2.jpg?resize=700%2C400&ssl=1 2x"},"classes":[]},{"id":126185,"url":"https:\/\/lasprimeras.com.do\/index.php\/2026\/03\/30\/dasac-desarrolla-amplia-jornada-social-y-comunitaria-en-varias-regiones-del-pais\/","url_meta":{"origin":138749,"position":1},"title":"DASAC desarrolla amplia jornada social y comunitaria en varias regiones del pa\u00eds","author":"Nelson Feliz","date":"30 de marzo de 2026","format":false,"excerpt":"Edgar Augusto F\u00e9liz Arbona, destac\u00f3 que las jornadas simult\u00e1neas forman parte del compromiso de asistencia social del gobierno del presidente Luis Abinader Corona, con los sectores m\u00e1s vulnerables. La Direcci\u00f3n de Asistencia Social y Alimentaci\u00f3n Comunitaria (DASAC) desarroll\u00f3 durante el fin de semana una amplia jornada de intervenci\u00f3n que impact\u00f3\u2026","rel":"","context":"En \u00abNACIONALES\u00bb","block_context":{"text":"NACIONALES","link":"https:\/\/lasprimeras.com.do\/index.php\/category\/nacionales\/"},"img":{"alt_text":"DASAC","src":"https:\/\/i0.wp.com\/lasprimeras.com.do\/wp-content\/uploads\/2026\/03\/WhatsApp-Image-2026-03-30-at-6.31.39-PM-1.jpeg?resize=350%2C200&ssl=1","width":350,"height":200,"srcset":"https:\/\/i0.wp.com\/lasprimeras.com.do\/wp-content\/uploads\/2026\/03\/WhatsApp-Image-2026-03-30-at-6.31.39-PM-1.jpeg?resize=350%2C200&ssl=1 1x, https:\/\/i0.wp.com\/lasprimeras.com.do\/wp-content\/uploads\/2026\/03\/WhatsApp-Image-2026-03-30-at-6.31.39-PM-1.jpeg?resize=525%2C300&ssl=1 1.5x, https:\/\/i0.wp.com\/lasprimeras.com.do\/wp-content\/uploads\/2026\/03\/WhatsApp-Image-2026-03-30-at-6.31.39-PM-1.jpeg?resize=700%2C400&ssl=1 2x, https:\/\/i0.wp.com\/lasprimeras.com.do\/wp-content\/uploads\/2026\/03\/WhatsApp-Image-2026-03-30-at-6.31.39-PM-1.jpeg?resize=1050%2C600&ssl=1 3x"},"classes":[]},{"id":124225,"url":"https:\/\/lasprimeras.com.do\/index.php\/2026\/03\/09\/dasac-devuelve-tranquilidad-a-familias-afectadas-por-inundaciones-y-honra-legado-de-francisco-del-rosario-sanchez\/","url_meta":{"origin":138749,"position":2},"title":"DASAC devuelve tranquilidad a familias afectadas por inundaciones y honra legado de Francisco del Rosario S\u00e1nchez","author":"Nelson Feliz","date":"9 de marzo de 2026","format":false,"excerpt":"Edgar Augusto F\u00e9liz Arbona, resalta ideales de Padres de la Patria, contin\u00faan inspirando el compromiso del Estado con la construcci\u00f3n de una naci\u00f3n m\u00e1s justa y solidaria. La r\u00e1pida y oportuna respuesta del Gobierno, a trav\u00e9s de la Direcci\u00f3n de Asistencia Social y Alimentaci\u00f3n Comunitaria (DASAC), ha logrado retornar la\u2026","rel":"","context":"En \u00abNACIONALES\u00bb","block_context":{"text":"NACIONALES","link":"https:\/\/lasprimeras.com.do\/index.php\/category\/nacionales\/"},"img":{"alt_text":"","src":"https:\/\/i0.wp.com\/lasprimeras.com.do\/wp-content\/uploads\/2026\/03\/Edgar-Augusto-Feliz-Arbona.jpg?resize=350%2C200&ssl=1","width":350,"height":200,"srcset":"https:\/\/i0.wp.com\/lasprimeras.com.do\/wp-content\/uploads\/2026\/03\/Edgar-Augusto-Feliz-Arbona.jpg?resize=350%2C200&ssl=1 1x, https:\/\/i0.wp.com\/lasprimeras.com.do\/wp-content\/uploads\/2026\/03\/Edgar-Augusto-Feliz-Arbona.jpg?resize=525%2C300&ssl=1 1.5x, https:\/\/i0.wp.com\/lasprimeras.com.do\/wp-content\/uploads\/2026\/03\/Edgar-Augusto-Feliz-Arbona.jpg?resize=700%2C400&ssl=1 2x"},"classes":[]},{"id":121569,"url":"https:\/\/lasprimeras.com.do\/index.php\/2026\/02\/06\/dasac-eted-y-fundacion-del-padre-rogelio-cruz-transforman-vidas-en-varias-comunidades-del-sur\/","url_meta":{"origin":138749,"position":3},"title":"DASAC, ETED y Fundaci\u00f3n del Padre Rogelio Cruz transforman vidas en varias comunidades del sur","author":"Nelson Feliz","date":"6 de febrero de 2026","format":false,"excerpt":"16 viviendas fueron entregadas a familias vulnerables, las cuales fueron totalmente amuebladas por la instituci\u00f3n que dirige Edgar Augusto Feliz Arbona. La Direcci\u00f3n de Asistencia Social y Alimentaci\u00f3n Comunitaria (DASAC), contin\u00faa llevando esperanza y dignidad a familias vulnerables, en esta ocasi\u00f3n amuebl\u00f3 un total 16 viviendas que fueron entregadas por\u2026","rel":"","context":"En \u00abNACIONALES\u00bb","block_context":{"text":"NACIONALES","link":"https:\/\/lasprimeras.com.do\/index.php\/category\/nacionales\/"},"img":{"alt_text":"","src":"https:\/\/i0.wp.com\/lasprimeras.com.do\/wp-content\/uploads\/2026\/02\/DASAC-780x400-1.jpg?resize=350%2C200&ssl=1","width":350,"height":200,"srcset":"https:\/\/i0.wp.com\/lasprimeras.com.do\/wp-content\/uploads\/2026\/02\/DASAC-780x400-1.jpg?resize=350%2C200&ssl=1 1x, https:\/\/i0.wp.com\/lasprimeras.com.do\/wp-content\/uploads\/2026\/02\/DASAC-780x400-1.jpg?resize=525%2C300&ssl=1 1.5x, https:\/\/i0.wp.com\/lasprimeras.com.do\/wp-content\/uploads\/2026\/02\/DASAC-780x400-1.jpg?resize=700%2C400&ssl=1 2x"},"classes":[]},{"id":123172,"url":"https:\/\/lasprimeras.com.do\/index.php\/2026\/02\/26\/dasac-asiste-a-familias-afectadas-por-inundaciones-en-las-provincias-pp-maria-trinidad-sanchez-espaillat-y-samana\/","url_meta":{"origin":138749,"position":4},"title":"DASAC asiste a familias afectadas por inundaciones en las provincias PP, Mar\u00eda Trinidad S\u00e1nchez, Espaillat y Saman\u00e1","author":"Nelson Feliz","date":"26 de febrero de 2026","format":false,"excerpt":"El director general, Edgar Augusto Feliz Arbona, indic\u00f3 que la instituci\u00f3n se mantiene en sesi\u00f3n permanente, dando seguimiento a la situaci\u00f3n en coordinaci\u00f3n con el Centro de Operaciones de Emergencias (COE), a fin de continuar llevando asistencia oportuna a las familias afectadas. Equipos de la direcci\u00f3n de Asistencia Social y\u2026","rel":"","context":"En \u00abNACIONALES\u00bb","block_context":{"text":"NACIONALES","link":"https:\/\/lasprimeras.com.do\/index.php\/category\/nacionales\/"},"img":{"alt_text":"","src":"https:\/\/i0.wp.com\/lasprimeras.com.do\/wp-content\/uploads\/2026\/02\/dasac-1.jpg?resize=350%2C200&ssl=1","width":350,"height":200,"srcset":"https:\/\/i0.wp.com\/lasprimeras.com.do\/wp-content\/uploads\/2026\/02\/dasac-1.jpg?resize=350%2C200&ssl=1 1x, https:\/\/i0.wp.com\/lasprimeras.com.do\/wp-content\/uploads\/2026\/02\/dasac-1.jpg?resize=525%2C300&ssl=1 1.5x, https:\/\/i0.wp.com\/lasprimeras.com.do\/wp-content\/uploads\/2026\/02\/dasac-1.jpg?resize=700%2C400&ssl=1 2x"},"classes":[]},{"id":127128,"url":"https:\/\/lasprimeras.com.do\/index.php\/2026\/04\/08\/dasac-intensifica-asistencia-en-zonas-inundadas\/","url_meta":{"origin":138749,"position":5},"title":"DASAC intensifica asistencia en zonas inundadas","author":"Nelson Feliz","date":"8 de abril de 2026","format":false,"excerpt":"La instituci\u00f3n que dirige Edgar Augusto F\u00e9liz Arbona, tambi\u00e9n habilit\u00f3 el n\u00famero 829-222-9194, para canalizar la asistencia a las familias afectadas. Desde las primeras horas de este mi\u00e9rcoles, brigadas de la Unidad de Acci\u00f3n R\u00e1pida de la Direcci\u00f3n de Asistencia Social y Alimentaci\u00f3n Comunitaria, (DASAC), permanecen asistiendo con alimentos cocidos\u2026","rel":"","context":"En \u00abNACIONALES\u00bb","block_context":{"text":"NACIONALES","link":"https:\/\/lasprimeras.com.do\/index.php\/category\/nacionales\/"},"img":{"alt_text":"Edgar Augusto F\u00e9liz","src":"https:\/\/i0.wp.com\/lasprimeras.com.do\/wp-content\/uploads\/2026\/04\/Edgar-Augusto-Feliz-1.jpg?resize=350%2C200&ssl=1","width":350,"height":200,"srcset":"https:\/\/i0.wp.com\/lasprimeras.com.do\/wp-content\/uploads\/2026\/04\/Edgar-Augusto-Feliz-1.jpg?resize=350%2C200&ssl=1 1x, https:\/\/i0.wp.com\/lasprimeras.com.do\/wp-content\/uploads\/2026\/04\/Edgar-Augusto-Feliz-1.jpg?resize=525%2C300&ssl=1 1.5x, https:\/\/i0.wp.com\/lasprimeras.com.do\/wp-content\/uploads\/2026\/04\/Edgar-Augusto-Feliz-1.jpg?resize=700%2C400&ssl=1 2x"},"classes":[]}],"jetpack_sharing_enabled":true,"jetpack_featured_media_url":"https:\/\/lasprimeras.com.do\/wp-content\/uploads\/2026\/09\/dasac.jpg","_links":{"self":[{"href":"https:\/\/lasprimeras.com.do\/index.php\/wp-json\/wp\/v2\/posts\/138749","targetHints":{"allow":["GET"]}}],"collection":[{"href":"https:\/\/lasprimeras.com.do\/index.php\/wp-json\/wp\/v2\/posts"}],"about":[{"href":"https:\/\/lasprimeras.com.do\/index.php\/wp-json\/wp\/v2\/types\/post"}],"author":[{"embeddable":true,"href":"https:\/\/lasprimeras.com.do\/index.php\/wp-json\/wp\/v2\/users\/10"}],"replies":[{"embeddable":true,"href":"https:\/\/lasprimeras.com.do\/index.php\/wp-json\/wp\/v2\/comments?post=138749"}],"version-history":[{"count":1,"href":"https:\/\/lasprimeras.com.do\/index.php\/wp-json\/wp\/v2\/posts\/138749\/revisions"}],"predecessor-version":[{"id":138751,"href":"https:\/\/lasprimeras.com.do\/index.php\/wp-json\/wp\/v2\/posts\/138749\/revisions\/138751"}],"wp:featuredmedia":[{"embeddable":true,"href":"https:\/\/lasprimeras.com.do\/index.php\/wp-json\/wp\/v2\/media\/138750"}],"wp:attachment":[{"href":"https:\/\/lasprimeras.com.do\/index.php\/wp-json\/wp\/v2\/media?parent=138749"}],"wp:term":[{"taxonomy":"category","embeddable":true,"href":"https:\/\/lasprimeras.com.do\/index.php\/wp-json\/wp\/v2\/categories?post=138749"},{"taxonomy":"post_tag","embeddable":true,"href":"https:\/\/lasprimeras.com.do\/index.php\/wp-json\/wp\/v2\/tags?post=138749"}],"curies":[{"name":"wp","href":"https:\/\/api.w.org\/{rel}","templated":true}]}}