{"id":138752,"date":"2026-09-02T00:05:32","date_gmt":"2026-09-02T04:05:32","guid":{"rendered":"https:\/\/lasprimeras.com.do\/?p=138752"},"modified":"2026-09-02T00:05:34","modified_gmt":"2026-09-02T04:05:34","slug":"convergencia-ciudadana-juramenta-su-direccion-cibao-y-fortalece-su-expansion-nacional","status":"publish","type":"post","link":"https:\/\/lasprimeras.com.do\/index.php\/2026\/09\/02\/convergencia-ciudadana-juramenta-su-direccion-cibao-y-fortalece-su-expansion-nacional\/","title":{"rendered":"Convergencia Ciudadana juramenta su Direcci\u00f3n Cibao y fortalece su expansi\u00f3n nacional"},"content":{"rendered":"\n<p class=\"wp-block-paragraph\">SANTIAGO.\u2013 Convergencia Ciudadana jurament\u00f3 su Direcci\u00f3n Cibao durante un acto encabezado por su presidente, Manolo Pichardo; la secretaria general, licenciada Elena Mej\u00eda, e integrantes de la Direcci\u00f3n Nacional de la organizaci\u00f3n.<\/p>\n\n\n\n<p class=\"wp-block-paragraph\">La actividad reuni\u00f3 a representantes de importantes sectores de Santiago y otras localidades del Cibao, as\u00ed como a comunicadores, periodistas y representantes de medios de comunicaci\u00f3n locales.<\/p>\n\n\n\n<p class=\"wp-block-paragraph\">Durante el acto qued\u00f3 juramentada la nueva Direcci\u00f3n Cibao, integrada por:<\/p>\n\n\n\n<ul class=\"wp-block-list\">\n<li>Edilio Garc\u00eda, coordinador general de la regi\u00f3n Cibao.<\/li>\n\n\n\n<li>Fabiola Peralta, secretaria general.<\/li>\n\n\n\n<li>Luis Suriel, subsecretario general.<\/li>\n\n\n\n<li>Vicente Pe\u00f1a, secretario de Finanzas.<\/li>\n\n\n\n<li>Andr\u00e9s Est\u00e9vez, subsecretario de Finanzas.<\/li>\n\n\n\n<li>Nancy Fondeur, secretaria de Actas y Correspondencia.<\/li>\n\n\n\n<li>Alberto Hiraldo, secretario de Comunicaci\u00f3n y Prensa.<\/li>\n\n\n\n<li>Marcos Roque, encargado de Redes y Tecnolog\u00eda.<\/li>\n\n\n\n<li>Felipe R\u00edos, encargado de Relaciones Internacionales.<\/li>\n\n\n\n<li>Estela Espinosa, subsecretaria de Relaciones Internacionales.<\/li>\n\n\n\n<li>Apolinar Fern\u00e1ndez, secretario de Juventud.<\/li>\n\n\n\n<li>Elaine L\u00f3pez, subsecretaria de Juventud.<\/li>\n<\/ul>\n\n\n\n<p class=\"wp-block-paragraph\">La juramentaci\u00f3n se llev\u00f3 a cabo en el Restaurante GFC, ubicado en la calle Hermanos Guti\u00e9rrez, esquina con la avenida 27 de Febrero, en Santiago de los Caballeros.<\/p>\n\n\n\n<p class=\"wp-block-paragraph\">La secretaria general de Convergencia Ciudadana para el Cibao, Fabiola Peralta, afirm\u00f3 que la organizaci\u00f3n constituye un espacio de participaci\u00f3n para ciudadanos independientes, dirigentes comunitarios, profesionales, j\u00f3venes, comerciantes, personas que han renunciado a otras organizaciones pol\u00edticas y representantes de distintos sectores que, sin pertenecer a Fuerza del Pueblo, se identifican con el liderazgo del expresidente Leonel Fern\u00e1ndez y con su propuesta de transformaci\u00f3n para la Rep\u00fablica Dominicana.<\/p>\n\n\n\n<p class=\"wp-block-paragraph\">En tanto, Edilio Garc\u00eda, coordinador regional del Cibao, afirm\u00f3 que la sociedad dominicana atraviesa actualmente un franco retroceso.<\/p>\n\n\n\n<p class=\"wp-block-paragraph\">Se\u00f1al\u00f3 que su motivaci\u00f3n para formar parte de Convergencia Ciudadana, junto con el equipo de la regi\u00f3n Cibao que lo acompa\u00f1a, es contribuir al avance del pa\u00eds.<\/p>\n\n\n\n<p class=\"wp-block-paragraph\">Por su parte, Manolo Pichardo, presidente de Convergencia Ciudadana, afirm\u00f3 que Leonel Fern\u00e1ndez es el pol\u00edtico con mayor formaci\u00f3n y capacidad para interpretar los procesos relacionados con el desarrollo de la f\u00edsica cu\u00e1ntica, la inteligencia artificial, la biotecnolog\u00eda y la rob\u00f3tica, \u00e1reas que representan nuevas formas de producir riqueza y que definir\u00e1n la sociedad del futuro.<\/p>\n\n\n\n<p class=\"wp-block-paragraph\">Pichardo explic\u00f3 que la nueva direcci\u00f3n tendr\u00e1 la responsabilidad de articular esos liderazgos, promover la creaci\u00f3n de movimientos sectoriales y territoriales y ampliar los espacios de participaci\u00f3n ciudadana en las diferentes provincias de la regi\u00f3n.<\/p>\n\n\n\n<p class=\"wp-block-paragraph\">El tambi\u00e9n miembro de la Direcci\u00f3n Pol\u00edtica de Fuerza del Pueblo afirm\u00f3 que Convergencia Ciudadana continuar\u00e1 desarrollando jornadas de organizaci\u00f3n, integraci\u00f3n y juramentaci\u00f3n en todo el territorio nacional, como parte de su estrategia de crecimiento y fortalecimiento institucional.<\/p>\n","protected":false},"excerpt":{"rendered":"<p>SANTIAGO.\u2013 Convergencia Ciudadana jurament\u00f3 su Direcci\u00f3n Cibao durante un acto encabezado por su presidente, Manolo Pichardo; la secretaria general, licenciada Elena Mej\u00eda, e integrantes de la Direcci\u00f3n Nacional de la&hellip;<\/p>\n","protected":false},"author":10,"featured_media":138753,"comment_status":"open","ping_status":"open","sticky":false,"template":"","format":"standard","meta":{"content-type":"","_jetpack_newsletter_access":"","_jetpack_dont_email_post_to_subs":false,"_jetpack_newsletter_tier_id":0,"_jetpack_memberships_contains_paywalled_content":false,"_jetpack_feature_clip_id":0,"_jetpack_memberships_contains_paid_content":false,"footnotes":"","jetpack_post_was_ever_published":false},"categories":[16559],"tags":[34932,36207,9904,3648,268,172],"class_list":["post-138752","post","type-post","status-publish","format-standard","has-post-thumbnail","hentry","category-politica","tag-convergencia-ciudadana","tag-direccion-cibao","tag-expansion","tag-fortalece","tag-juramenta","tag-nacional"],"jetpack-related-posts":[{"id":127825,"url":"https:\/\/lasprimeras.com.do\/index.php\/2026\/04\/16\/luis-manuel-rodriguez-nuevo-subdirector-general-del-infotep\/","url_meta":{"origin":138752,"position":0},"title":"Luis Manuel Rodr\u00edguez nuevo subdirector general del INFOTEP","author":"Nelson Feliz","date":"16 de abril de 2026","format":false,"excerpt":"\u00b7_El funcionario fue juramentado por la directora general, Maira Morla Pineda, tras su designaci\u00f3n mediante la circular n\u00fam. 1-002._ Luis Manuel Rodr\u00edguez tom\u00f3 posesi\u00f3n como subdirector general del Instituto Nacional de Formaci\u00f3n T\u00e9cnico Profesional (INFOTEP), luego de ser juramentado en el cargo por la directora general de la instituci\u00f3n, Maira\u2026","rel":"","context":"En \u00abNACIONALES\u00bb","block_context":{"text":"NACIONALES","link":"https:\/\/lasprimeras.com.do\/index.php\/category\/nacionales\/"},"img":{"alt_text":"","src":"https:\/\/i0.wp.com\/lasprimeras.com.do\/wp-content\/uploads\/2026\/04\/IMG-20260416-WA0421.jpg?resize=350%2C200&ssl=1","width":350,"height":200,"srcset":"https:\/\/i0.wp.com\/lasprimeras.com.do\/wp-content\/uploads\/2026\/04\/IMG-20260416-WA0421.jpg?resize=350%2C200&ssl=1 1x, https:\/\/i0.wp.com\/lasprimeras.com.do\/wp-content\/uploads\/2026\/04\/IMG-20260416-WA0421.jpg?resize=525%2C300&ssl=1 1.5x, https:\/\/i0.wp.com\/lasprimeras.com.do\/wp-content\/uploads\/2026\/04\/IMG-20260416-WA0421.jpg?resize=700%2C400&ssl=1 2x, https:\/\/i0.wp.com\/lasprimeras.com.do\/wp-content\/uploads\/2026\/04\/IMG-20260416-WA0421.jpg?resize=1050%2C600&ssl=1 3x, https:\/\/i0.wp.com\/lasprimeras.com.do\/wp-content\/uploads\/2026\/04\/IMG-20260416-WA0421.jpg?resize=1400%2C800&ssl=1 4x"},"classes":[]},{"id":108717,"url":"https:\/\/lasprimeras.com.do\/index.php\/2025\/09\/10\/codap-juramenta-su-nueva-directiva-en-santiago\/","url_meta":{"origin":138752,"position":1},"title":"CODAP juramenta su nueva directiva en Santiago","author":"Nelson Feliz","date":"10 de septiembre de 2025","format":false,"excerpt":"El Colegio Dominicano de Artistas Pl\u00e1sticos (CODAP) jurament\u00f3 su nueva directiva en la filial de Santiago, correspondiente al per\u00edodo 2025-2027, presidida por Zaida Mej\u00eda, quien fue electa a unanimidad. Como parte de la directiva del CODAP en Santiago, tambi\u00e9n fueron juramentados junto a Mej\u00eda, Jairo Ferreira, como vicepresidente; Jos\u00e9 Herrera,\u2026","rel":"","context":"En \u00abENTRETENIMIENTO\u00bb","block_context":{"text":"ENTRETENIMIENTO","link":"https:\/\/lasprimeras.com.do\/index.php\/category\/entretenimiento\/"},"img":{"alt_text":"Amaurys Reyes, Zaida Mej\u00eda, Francy Garc\u00eda y Joel Gonell","src":"https:\/\/i0.wp.com\/lasprimeras.com.do\/wp-content\/uploads\/2025\/09\/Amaurys-Reyes-Zaida-Mejia-Francy-Garcia-y-Joel-Gonell.jpg?resize=350%2C200&ssl=1","width":350,"height":200,"srcset":"https:\/\/i0.wp.com\/lasprimeras.com.do\/wp-content\/uploads\/2025\/09\/Amaurys-Reyes-Zaida-Mejia-Francy-Garcia-y-Joel-Gonell.jpg?resize=350%2C200&ssl=1 1x, https:\/\/i0.wp.com\/lasprimeras.com.do\/wp-content\/uploads\/2025\/09\/Amaurys-Reyes-Zaida-Mejia-Francy-Garcia-y-Joel-Gonell.jpg?resize=525%2C300&ssl=1 1.5x, https:\/\/i0.wp.com\/lasprimeras.com.do\/wp-content\/uploads\/2025\/09\/Amaurys-Reyes-Zaida-Mejia-Francy-Garcia-y-Joel-Gonell.jpg?resize=700%2C400&ssl=1 2x"},"classes":[]},{"id":104091,"url":"https:\/\/lasprimeras.com.do\/index.php\/2025\/07\/21\/carolina-sera-vocera-de-santiago-y-del-cibao-no-descansare-hasta-lograr-la-autopista-del-ambar\/","url_meta":{"origin":138752,"position":2},"title":"Carolina sera vocera de Santiago y del Cibao: \u201cNo descansar\u00e9 hasta lograr la Autopista del \u00c1mbar\u201d","author":"Nelson Feliz","date":"21 de julio de 2025","format":false,"excerpt":"\u2022La Secretaria General del partido de gobierno ofreci\u00f3 estas declaraciones en una entrevista al peri\u00f3dico La Informaci\u00f3n durante una visita a Santiago de los Caballeros, su ciudad natal. La Secretaria General del Partido Revolucionario Moderno (PRM) y alcaldesa del Distrito Nacional, Carolina Mej\u00eda reafirm\u00f3 su compromiso con el desarrollo del\u2026","rel":"","context":"En \u00abPOLITICA\u00bb","block_context":{"text":"POLITICA","link":"https:\/\/lasprimeras.com.do\/index.php\/category\/politica\/"},"img":{"alt_text":"","src":"https:\/\/i0.wp.com\/lasprimeras.com.do\/wp-content\/uploads\/2025\/07\/Carolina-Mejia-1-1.jpg?resize=350%2C200&ssl=1","width":350,"height":200,"srcset":"https:\/\/i0.wp.com\/lasprimeras.com.do\/wp-content\/uploads\/2025\/07\/Carolina-Mejia-1-1.jpg?resize=350%2C200&ssl=1 1x, https:\/\/i0.wp.com\/lasprimeras.com.do\/wp-content\/uploads\/2025\/07\/Carolina-Mejia-1-1.jpg?resize=525%2C300&ssl=1 1.5x, https:\/\/i0.wp.com\/lasprimeras.com.do\/wp-content\/uploads\/2025\/07\/Carolina-Mejia-1-1.jpg?resize=700%2C400&ssl=1 2x"},"classes":[]},{"id":123554,"url":"https:\/\/lasprimeras.com.do\/index.php\/2026\/03\/02\/pn-en-santiago-conmemora-su-90-aniversario-de-fundacion\/","url_meta":{"origin":138752,"position":3},"title":"PN en Santiago conmemora su 90 aniversario de fundaci\u00f3n","author":"Nelson Feliz","date":"2 de marzo de 2026","format":false,"excerpt":"La Direcci\u00f3n Regional Cibao Central de la Polic\u00eda Nacional conmemor\u00f3 este lunes el 90.\u00ba aniversario de su fundaci\u00f3n con una solemne eucarist\u00eda celebrada en la Catedral Santiago Ap\u00f3stol. La eucarist\u00eda presidida por monse\u00f1or H\u00e9ctor Rafael Rodr\u00edguez Rodr\u00edguez, arzobispo de la Arquidi\u00f3cesis de Santiago, acompa\u00f1ado del reverendo padre Eduardo N\u00fa\u00f1ez, p\u00e1rroco\u2026","rel":"","context":"En \u00abMILITARES\u00bb","block_context":{"text":"MILITARES","link":"https:\/\/lasprimeras.com.do\/index.php\/category\/militares\/"},"img":{"alt_text":"eucarist\u00eda","src":"https:\/\/i0.wp.com\/lasprimeras.com.do\/wp-content\/uploads\/2026\/03\/eucaristia.png?resize=350%2C200&ssl=1","width":350,"height":200},"classes":[]},{"id":131714,"url":"https:\/\/lasprimeras.com.do\/index.php\/2026\/05\/24\/carolina-ratifica-en-santiago-sera-candidata-presidencial-prm-estoy-preparada-para-ser-presidenta\/","url_meta":{"origin":138752,"position":4},"title":"Carolina ratifica en Santiago ser\u00e1 candidata presidencial PRM: \u201cestoy preparada para ser presidenta\u201d","author":"Nelson Feliz","date":"24 de mayo de 2026","format":false,"excerpt":"\u2022La secretaria general del PRM culmina en Santiago su recorrido nacional de rendici\u00f3n de cuentas de ocho a\u00f1os; re\u00fane dirigencia pol\u00edtica y su estructura de las 14 provincias del Cibao Santiago .\u2013 La secretaria general del Partido Revolucionario Moderno (PRM) y aspirante presidencial, Carolina Mej\u00eda, reafirm\u00f3 este domingo desde Santiago\u2026","rel":"","context":"En \u00abPOLITICA\u00bb","block_context":{"text":"POLITICA","link":"https:\/\/lasprimeras.com.do\/index.php\/category\/politica\/"},"img":{"alt_text":"Carolina Mejia","src":"https:\/\/i0.wp.com\/lasprimeras.com.do\/wp-content\/uploads\/2026\/05\/Carolina-Mejia-1-2.jpg?resize=350%2C200&ssl=1","width":350,"height":200,"srcset":"https:\/\/i0.wp.com\/lasprimeras.com.do\/wp-content\/uploads\/2026\/05\/Carolina-Mejia-1-2.jpg?resize=350%2C200&ssl=1 1x, https:\/\/i0.wp.com\/lasprimeras.com.do\/wp-content\/uploads\/2026\/05\/Carolina-Mejia-1-2.jpg?resize=525%2C300&ssl=1 1.5x, https:\/\/i0.wp.com\/lasprimeras.com.do\/wp-content\/uploads\/2026\/05\/Carolina-Mejia-1-2.jpg?resize=700%2C400&ssl=1 2x"},"classes":[]},{"id":138522,"url":"https:\/\/lasprimeras.com.do\/index.php\/2026\/08\/30\/director-de-la-policia-rodriguez-garcia-visita-agentes-de-cuatro-provincias-del-cibao\/","url_meta":{"origin":138752,"position":5},"title":"Director de la Polic\u00eda Rodr\u00edguez Garc\u00eda visita agentes de cuatro provincias del Cibao","author":"Nelson Feliz","date":"30 de agosto de 2026","format":false,"excerpt":"BONAO.-. El director de la Polic\u00eda Nacional, mayor general Ernesto Rafael Rodr\u00edguez Garc\u00eda, recorri\u00f3 este domingo cuatro provincias de la regi\u00f3n del Cibao como parte de las primeras acciones de su gesti\u00f3n, con las que busca fortalecer el contacto directo con los miembros de la instituci\u00f3n y reforzar las directrices\u2026","rel":"","context":"En \u00abNACIONALES\u00bb","block_context":{"text":"NACIONALES","link":"https:\/\/lasprimeras.com.do\/index.php\/category\/nacionales\/"},"img":{"alt_text":"Ernesto Rafael Rodr\u00edguez Garc\u00eda","src":"https:\/\/i0.wp.com\/lasprimeras.com.do\/wp-content\/uploads\/2026\/08\/Ernesto-Rafael-Rodriguez-Garcia-1.jpg?resize=350%2C200&ssl=1","width":350,"height":200,"srcset":"https:\/\/i0.wp.com\/lasprimeras.com.do\/wp-content\/uploads\/2026\/08\/Ernesto-Rafael-Rodriguez-Garcia-1.jpg?resize=350%2C200&ssl=1 1x, https:\/\/i0.wp.com\/lasprimeras.com.do\/wp-content\/uploads\/2026\/08\/Ernesto-Rafael-Rodriguez-Garcia-1.jpg?resize=525%2C300&ssl=1 1.5x, https:\/\/i0.wp.com\/lasprimeras.com.do\/wp-content\/uploads\/2026\/08\/Ernesto-Rafael-Rodriguez-Garcia-1.jpg?resize=700%2C400&ssl=1 2x"},"classes":[]}],"jetpack_sharing_enabled":true,"jetpack_featured_media_url":"https:\/\/lasprimeras.com.do\/wp-content\/uploads\/2026\/09\/Convergencia-Ciudadana.jpg","_links":{"self":[{"href":"https:\/\/lasprimeras.com.do\/index.php\/wp-json\/wp\/v2\/posts\/138752","targetHints":{"allow":["GET"]}}],"collection":[{"href":"https:\/\/lasprimeras.com.do\/index.php\/wp-json\/wp\/v2\/posts"}],"about":[{"href":"https:\/\/lasprimeras.com.do\/index.php\/wp-json\/wp\/v2\/types\/post"}],"author":[{"embeddable":true,"href":"https:\/\/lasprimeras.com.do\/index.php\/wp-json\/wp\/v2\/users\/10"}],"replies":[{"embeddable":true,"href":"https:\/\/lasprimeras.com.do\/index.php\/wp-json\/wp\/v2\/comments?post=138752"}],"version-history":[{"count":1,"href":"https:\/\/lasprimeras.com.do\/index.php\/wp-json\/wp\/v2\/posts\/138752\/revisions"}],"predecessor-version":[{"id":138754,"href":"https:\/\/lasprimeras.com.do\/index.php\/wp-json\/wp\/v2\/posts\/138752\/revisions\/138754"}],"wp:featuredmedia":[{"embeddable":true,"href":"https:\/\/lasprimeras.com.do\/index.php\/wp-json\/wp\/v2\/media\/138753"}],"wp:attachment":[{"href":"https:\/\/lasprimeras.com.do\/index.php\/wp-json\/wp\/v2\/media?parent=138752"}],"wp:term":[{"taxonomy":"category","embeddable":true,"href":"https:\/\/lasprimeras.com.do\/index.php\/wp-json\/wp\/v2\/categories?post=138752"},{"taxonomy":"post_tag","embeddable":true,"href":"https:\/\/lasprimeras.com.do\/index.php\/wp-json\/wp\/v2\/tags?post=138752"}],"curies":[{"name":"wp","href":"https:\/\/api.w.org\/{rel}","templated":true}]}}