{"id":138755,"date":"2026-09-02T00:19:09","date_gmt":"2026-09-02T04:19:09","guid":{"rendered":"https:\/\/lasprimeras.com.do\/?p=138755"},"modified":"2026-09-02T00:19:10","modified_gmt":"2026-09-02T04:19:10","slug":"roberto-angel-salcedo-no-descarta-aspirar-a-la-alcaldia-del-distrito-nacional","status":"publish","type":"post","link":"https:\/\/lasprimeras.com.do\/index.php\/2026\/09\/02\/roberto-angel-salcedo-no-descarta-aspirar-a-la-alcaldia-del-distrito-nacional\/","title":{"rendered":"Roberto \u00c1ngel Salcedo no descarta aspirar a la Alcald\u00eda del Distrito Nacional"},"content":{"rendered":"\n<p class=\"wp-block-paragraph\">SANTO DOMINGO &#8211; El actual Ministro de Cultura, Roberto \u00c1ngel Salcedo dej\u00f3 abierta la posibilidad de aspirar a la Alcald\u00eda del Distrito Nacional en las elecciones de 2028.<\/p>\n\n\n\n<p class=\"wp-block-paragraph\">Salcedo aclar\u00f3 que todav\u00eda no ha llegado el momento de fijar posiciones definitivas sobre las candidaturas, porque la pol\u00edtica es cambiante y existen plazos establecidos para definir las aspiraciones electorales.<\/p>\n\n\n\n<p class=\"wp-block-paragraph\">Durante una entrevista en el programa Una Nueva Ma\u00f1ana, Salcedo explic\u00f3 que, actualmente, su partido se encuentra concentrado en el proceso de renovaci\u00f3n y ratificaci\u00f3n de sus autoridades.<\/p>\n\n\n\n<p class=\"wp-block-paragraph\">El dirigente pol\u00edtico indic\u00f3 que primero deben completarse esas etapas internas antes de entrar de lleno en la discusi\u00f3n de las candidaturas para las elecciones de 2028.<\/p>\n\n\n\n<p class=\"wp-block-paragraph\">Salcedo destac\u00f3 que el partido acaba de escoger sus autoridades, proceso que incluye la ratificaci\u00f3n de Luis Abinader como presidente de la organizaci\u00f3n, adem\u00e1s de la elecci\u00f3n de un nuevo secretario general, un vicepresidente ejecutivo y otras posiciones dentro de la estructura partidaria.<\/p>\n\n\n\n<p class=\"wp-block-paragraph\">\u201cLlegar\u00e1n los plazos para discutir el tema de las candidaturas\u201d, afirm\u00f3 Salcedo al ser consultado sobre sus pr\u00f3ximos pasos pol\u00edticos, dejando claro que la definici\u00f3n de las aspiraciones deber\u00e1 producirse cuando corresponda dentro del calendario pol\u00edtico y electoral.<\/p>\n\n\n\n<p class=\"wp-block-paragraph\">Aunque no confirm\u00f3 formalmente una candidatura, sus declaraciones mantienen abierta la posibilidad de que pueda competir por la Alcald\u00eda del Distrito Nacional en 2028.<\/p>\n\n\n\n<p class=\"wp-block-paragraph\">Por el momento, Salcedo opta por no adelantar una decisi\u00f3n y deja el escenario abierto mientras avanza el proceso interno de su partido.<\/p>\n","protected":false},"excerpt":{"rendered":"<p>SANTO DOMINGO &#8211; El actual Ministro de Cultura, Roberto \u00c1ngel Salcedo dej\u00f3 abierta la posibilidad de aspirar a la Alcald\u00eda del Distrito Nacional en las elecciones de 2028. Salcedo aclar\u00f3&hellip;<\/p>\n","protected":false},"author":10,"featured_media":138756,"comment_status":"open","ping_status":"open","sticky":false,"template":"","format":"standard","meta":{"content-type":"","_jetpack_newsletter_access":"","_jetpack_dont_email_post_to_subs":false,"_jetpack_newsletter_tier_id":0,"_jetpack_memberships_contains_paywalled_content":false,"_jetpack_feature_clip_id":0,"_jetpack_memberships_contains_paid_content":false,"footnotes":"","jetpack_post_was_ever_published":false},"categories":[16559],"tags":[869,28719,2492,10972,646],"class_list":["post-138755","post","type-post","status-publish","format-standard","has-post-thumbnail","hentry","category-politica","tag-alcaldia","tag-aspirar","tag-distrito-nacional","tag-no-descarta","tag-roberto-angel-salcedo"],"jetpack-related-posts":[{"id":67046,"url":"https:\/\/lasprimeras.com.do\/index.php\/2023\/11\/12\/roberto-angel-vaticina-contundente-victoria-de-candidatos-del-prm-en-santiago\/","url_meta":{"origin":138755,"position":0},"title":"Roberto \u00c1ngel vaticina contundente victoria de candidatos del PRM en Santiago","author":"Nelson Feliz","date":"12 de noviembre de 2023","format":false,"excerpt":"Participa este domingo junto a dirigentes del PRM en actos masivos de apoyo a los aspirantes a dirigir los municipios de Santiago y Santiago Oeste (Cienfuegos) El miembro de la Direcci\u00f3n Ejecutiva del Partido Revolucionario Moderno (PRM), Roberto \u00c1ngel Salcedo, dio un total respaldo a las candidaturas de Ulises Rodr\u00edguez,\u2026","rel":"","context":"En \u00abPORTADA\u00bb","block_context":{"text":"PORTADA","link":"https:\/\/lasprimeras.com.do\/index.php\/category\/portada\/"},"img":{"alt_text":"Roberto \u00c1ngel Salcedo","src":"https:\/\/i0.wp.com\/lasprimeras.com.do\/wp-content\/uploads\/2023\/11\/Roberto-Angel-Salcedo-1-1.jpg?resize=350%2C200&ssl=1","width":350,"height":200,"srcset":"https:\/\/i0.wp.com\/lasprimeras.com.do\/wp-content\/uploads\/2023\/11\/Roberto-Angel-Salcedo-1-1.jpg?resize=350%2C200&ssl=1 1x, https:\/\/i0.wp.com\/lasprimeras.com.do\/wp-content\/uploads\/2023\/11\/Roberto-Angel-Salcedo-1-1.jpg?resize=525%2C300&ssl=1 1.5x, https:\/\/i0.wp.com\/lasprimeras.com.do\/wp-content\/uploads\/2023\/11\/Roberto-Angel-Salcedo-1-1.jpg?resize=700%2C400&ssl=1 2x"},"classes":[]},{"id":54315,"url":"https:\/\/lasprimeras.com.do\/index.php\/2023\/07\/09\/roberto-angel-afirma-prm-ganara-contundentemente-mayoria-de-las-alcaldias-en-2024\/","url_meta":{"origin":138755,"position":1},"title":"Roberto \u00c1ngel afirma PRM ganar\u00e1 contundentemente mayor\u00eda de las alcald\u00edas en 2024","author":"Nelson Feliz","date":"9 de julio de 2023","format":false,"excerpt":"El alto dirigente perremeista sostuvo varios encuentros con la alta dirigencia provincial y municipal de La Romana. El miembro de la Direcci\u00f3n Ejecutiva del Partido Revolucionario Moderno (PRM), Roberto \u00c1ngel Salcedo, \u00a0afirm\u00f3 en La Romana que esa organizaci\u00f3n pol\u00edtica ganar\u00e1 contundentemente la mayor\u00eda de las alcald\u00edas del pa\u00eds, lo que\u2026","rel":"","context":"En \u00abPORTADA\u00bb","block_context":{"text":"PORTADA","link":"https:\/\/lasprimeras.com.do\/index.php\/category\/portada\/"},"img":{"alt_text":"Roberto Angel Salcedo","src":"https:\/\/i0.wp.com\/lasprimeras.com.do\/wp-content\/uploads\/2023\/07\/Roberto-Angel-Salcedo.jpg?resize=350%2C200&ssl=1","width":350,"height":200,"srcset":"https:\/\/i0.wp.com\/lasprimeras.com.do\/wp-content\/uploads\/2023\/07\/Roberto-Angel-Salcedo.jpg?resize=350%2C200&ssl=1 1x, https:\/\/i0.wp.com\/lasprimeras.com.do\/wp-content\/uploads\/2023\/07\/Roberto-Angel-Salcedo.jpg?resize=525%2C300&ssl=1 1.5x, https:\/\/i0.wp.com\/lasprimeras.com.do\/wp-content\/uploads\/2023\/07\/Roberto-Angel-Salcedo.jpg?resize=700%2C400&ssl=1 2x"},"classes":[]},{"id":56189,"url":"https:\/\/lasprimeras.com.do\/index.php\/2023\/07\/29\/roberto-angel-unidad-del-prm-en-elias-pina-y-en-el-pais-es-garantia-de-triunfo-en-el-2024\/","url_meta":{"origin":138755,"position":2},"title":"Roberto \u00c1ngel: \u201cUnidad del PRM en El\u00edas Pi\u00f1a y en el pa\u00eds es garant\u00eda de triunfo en el 2024\u201d","author":"Nelson Feliz","date":"29 de julio de 2023","format":false,"excerpt":"Juramenta excandidata a diputada del PLD, Orqu\u00eddea de los Santos, a trav\u00e9s de la unidad externa de campa\u00f1a, \u201cUnidos con Luis\u201d. Por Martin Restituyo El miembro de la direcci\u00f3n Ejecutiva del Partido Revolucionario Moderno (PRM), Roberto \u00c1ngel Salcedo, afirm\u00f3 este s\u00e1bado que la unidad\u00a0 que mantiene esta organizaci\u00f3n pol\u00edtica en\u2026","rel":"","context":"En \u00abPORTADA\u00bb","block_context":{"text":"PORTADA","link":"https:\/\/lasprimeras.com.do\/index.php\/category\/portada\/"},"img":{"alt_text":"Roberto \u00c1ngel Salcedo","src":"https:\/\/i0.wp.com\/lasprimeras.com.do\/wp-content\/uploads\/2023\/07\/Roberto-Angel-Salcedo-2-1.jpg?resize=350%2C200&ssl=1","width":350,"height":200,"srcset":"https:\/\/i0.wp.com\/lasprimeras.com.do\/wp-content\/uploads\/2023\/07\/Roberto-Angel-Salcedo-2-1.jpg?resize=350%2C200&ssl=1 1x, https:\/\/i0.wp.com\/lasprimeras.com.do\/wp-content\/uploads\/2023\/07\/Roberto-Angel-Salcedo-2-1.jpg?resize=525%2C300&ssl=1 1.5x"},"classes":[]},{"id":60215,"url":"https:\/\/lasprimeras.com.do\/index.php\/2023\/09\/11\/jesus-ogando-recibe-apoyo-del-exalcalde-del-dn-roberto-salcedo\/","url_meta":{"origin":138755,"position":3},"title":"Jes\u00fas Ogando recibe apoyo del exalcalde del DN Roberto Salcedo","author":"Nelson Feliz","date":"11 de septiembre de 2023","format":false,"excerpt":"El diputado Jes\u00fas Ogando del Partido Revolucionario Moderno (PRM) por la circunscripci\u00f3n #2 del Distrito Nacional recibi\u00f3 el apoyo del exalcalde y dirigente pol\u00edtico, Roberto Salcedo en un encuentro organizado por la dirigencia de ambos equipos, los cuales acordaron la ayuda mutua para alcanzar nuevamente la diputaci\u00f3n del congresista. La\u2026","rel":"","context":"En \u00abSin categor\u00eda\u00bb","block_context":{"text":"Sin categor\u00eda","link":"https:\/\/lasprimeras.com.do\/index.php\/category\/sin-categoria\/"},"img":{"alt_text":"Jes\u00fas Ogando","src":"https:\/\/i0.wp.com\/lasprimeras.com.do\/wp-content\/uploads\/2023\/09\/Jesus-Ogando.jpg?resize=350%2C200&ssl=1","width":350,"height":200,"srcset":"https:\/\/i0.wp.com\/lasprimeras.com.do\/wp-content\/uploads\/2023\/09\/Jesus-Ogando.jpg?resize=350%2C200&ssl=1 1x, https:\/\/i0.wp.com\/lasprimeras.com.do\/wp-content\/uploads\/2023\/09\/Jesus-Ogando.jpg?resize=525%2C300&ssl=1 1.5x, https:\/\/i0.wp.com\/lasprimeras.com.do\/wp-content\/uploads\/2023\/09\/Jesus-Ogando.jpg?resize=700%2C400&ssl=1 2x"},"classes":[]},{"id":70304,"url":"https:\/\/lasprimeras.com.do\/index.php\/2023\/12\/10\/roberto-angel-encabeza-actos-de-apoyo-a-candidatos-a-alcaldes-del-prm\/","url_meta":{"origin":138755,"position":4},"title":"Roberto \u00c1ngel encabeza actos de apoyo a candidatos a alcaldes del PRM","author":"Nelson Feliz","date":"10 de diciembre de 2023","format":false,"excerpt":"El alto dirigente pol\u00edtico presidi\u00f3 encuentros s\u00e1bado y domingo con los candidatos municipales de Bohechio y Hato del Padre, en San Juan, de La Caleta, Boca Chica El miembro de la Direcci\u00f3n Ejecutiva del Partido Revolucionario Moderno (PRM), Roberto \u00c1ngel Salcedo, encabez\u00f3 este fin de semana actos de apoyo a\u2026","rel":"","context":"En \u00abPORTADA\u00bb","block_context":{"text":"PORTADA","link":"https:\/\/lasprimeras.com.do\/index.php\/category\/portada\/"},"img":{"alt_text":"Roberto \u00c1ngel Salcedo","src":"https:\/\/i0.wp.com\/lasprimeras.com.do\/wp-content\/uploads\/2023\/12\/Roberto-Angel-Salcedo-4.jpg?resize=350%2C200&ssl=1","width":350,"height":200,"srcset":"https:\/\/i0.wp.com\/lasprimeras.com.do\/wp-content\/uploads\/2023\/12\/Roberto-Angel-Salcedo-4.jpg?resize=350%2C200&ssl=1 1x, https:\/\/i0.wp.com\/lasprimeras.com.do\/wp-content\/uploads\/2023\/12\/Roberto-Angel-Salcedo-4.jpg?resize=525%2C300&ssl=1 1.5x, https:\/\/i0.wp.com\/lasprimeras.com.do\/wp-content\/uploads\/2023\/12\/Roberto-Angel-Salcedo-4.jpg?resize=700%2C400&ssl=1 2x"},"classes":[]},{"id":76028,"url":"https:\/\/lasprimeras.com.do\/index.php\/2024\/02\/06\/roberto-angel-vaticina-oposicion-recibira-una-pela-municipal-el-18-de-febrero\/","url_meta":{"origin":138755,"position":5},"title":"Roberto \u00c1ngel vaticina oposici\u00f3n recibir\u00e1 una \u201cpela municipal\u201d el 18 de febrero","author":"Nelson Feliz","date":"6 de febrero de 2024","format":false,"excerpt":"Durante mano a mano de apoyo a Junior Santos en Los Alcarrizos, manifest\u00f3 que con su unidad y fortaleza el PRM tiene ganadas del 70 al 75 por ciento de las alcald\u00edas. El miembro de la Direcci\u00f3n Ejecutiva del Partido Revolucionario Moderno (PRM), Roberto \u00c1ngel Salcedo, pronostic\u00f3 que los partidos\u2026","rel":"","context":"En \u00abPORTADA\u00bb","block_context":{"text":"PORTADA","link":"https:\/\/lasprimeras.com.do\/index.php\/category\/portada\/"},"img":{"alt_text":"Roberto \u00c1ngel Salcedo","src":"https:\/\/i0.wp.com\/lasprimeras.com.do\/wp-content\/uploads\/2024\/02\/Robertico-Angel-Salcedo-1.jpg?resize=350%2C200&ssl=1","width":350,"height":200,"srcset":"https:\/\/i0.wp.com\/lasprimeras.com.do\/wp-content\/uploads\/2024\/02\/Robertico-Angel-Salcedo-1.jpg?resize=350%2C200&ssl=1 1x, https:\/\/i0.wp.com\/lasprimeras.com.do\/wp-content\/uploads\/2024\/02\/Robertico-Angel-Salcedo-1.jpg?resize=525%2C300&ssl=1 1.5x, https:\/\/i0.wp.com\/lasprimeras.com.do\/wp-content\/uploads\/2024\/02\/Robertico-Angel-Salcedo-1.jpg?resize=700%2C400&ssl=1 2x"},"classes":[]}],"jetpack_sharing_enabled":true,"jetpack_featured_media_url":"https:\/\/lasprimeras.com.do\/wp-content\/uploads\/2026\/09\/RobertoAngel.jpg","_links":{"self":[{"href":"https:\/\/lasprimeras.com.do\/index.php\/wp-json\/wp\/v2\/posts\/138755","targetHints":{"allow":["GET"]}}],"collection":[{"href":"https:\/\/lasprimeras.com.do\/index.php\/wp-json\/wp\/v2\/posts"}],"about":[{"href":"https:\/\/lasprimeras.com.do\/index.php\/wp-json\/wp\/v2\/types\/post"}],"author":[{"embeddable":true,"href":"https:\/\/lasprimeras.com.do\/index.php\/wp-json\/wp\/v2\/users\/10"}],"replies":[{"embeddable":true,"href":"https:\/\/lasprimeras.com.do\/index.php\/wp-json\/wp\/v2\/comments?post=138755"}],"version-history":[{"count":1,"href":"https:\/\/lasprimeras.com.do\/index.php\/wp-json\/wp\/v2\/posts\/138755\/revisions"}],"predecessor-version":[{"id":138757,"href":"https:\/\/lasprimeras.com.do\/index.php\/wp-json\/wp\/v2\/posts\/138755\/revisions\/138757"}],"wp:featuredmedia":[{"embeddable":true,"href":"https:\/\/lasprimeras.com.do\/index.php\/wp-json\/wp\/v2\/media\/138756"}],"wp:attachment":[{"href":"https:\/\/lasprimeras.com.do\/index.php\/wp-json\/wp\/v2\/media?parent=138755"}],"wp:term":[{"taxonomy":"category","embeddable":true,"href":"https:\/\/lasprimeras.com.do\/index.php\/wp-json\/wp\/v2\/categories?post=138755"},{"taxonomy":"post_tag","embeddable":true,"href":"https:\/\/lasprimeras.com.do\/index.php\/wp-json\/wp\/v2\/tags?post=138755"}],"curies":[{"name":"wp","href":"https:\/\/api.w.org\/{rel}","templated":true}]}}