{"id":138758,"date":"2026-09-02T00:25:36","date_gmt":"2026-09-02T04:25:36","guid":{"rendered":"https:\/\/lasprimeras.com.do\/?p=138758"},"modified":"2026-09-02T00:25:38","modified_gmt":"2026-09-02T04:25:38","slug":"temistocles-montas-afirma-crecimiento-economico-no-se-refleja-en-bienestar-de-la-poblacion","status":"publish","type":"post","link":"https:\/\/lasprimeras.com.do\/index.php\/2026\/09\/02\/temistocles-montas-afirma-crecimiento-economico-no-se-refleja-en-bienestar-de-la-poblacion\/","title":{"rendered":"Tem\u00edstocles Mont\u00e1s Afirma crecimiento econ\u00f3mico no se refleja en bienestar de la poblaci\u00f3n"},"content":{"rendered":"\n<p class=\"wp-block-paragraph\"><strong>Tem\u00edstocles Mont\u00e1s advierte bajo dinamismo en sectores vinculados al empleo y al consumo y considera un grave error aumentar la tarifa el\u00e9ctrica.<\/strong><\/p>\n\n\n\n<p class=\"wp-block-paragraph\">Santo Domingo &#8211; El vicepresidente del Partido de la Liberaci\u00f3n Dominicana (PLD), Tem\u00edstocles Mont\u00e1s, afirm\u00f3 que el crecimiento econ\u00f3mico reportado por el gobierno no se est\u00e1 reflejando en una mejor\u00eda de las condiciones de vida de la poblaci\u00f3n dominicana.<\/p>\n\n\n\n<p class=\"wp-block-paragraph\">Entrevistado en el programa Despierta RD, Mont\u00e1s se\u00f1al\u00f3 que, aunque los datos del Banco Central indican un crecimiento de alrededor de 4.5 % durante los primeros siete meses del a\u00f1o, es necesario analizar cu\u00e1les sectores est\u00e1n impulsando ese resultado.<\/p>\n\n\n\n<p class=\"wp-block-paragraph\">Explic\u00f3 que la construcci\u00f3n privada ha sido uno de los principales motores de la econom\u00eda, pero advirti\u00f3 que su expansi\u00f3n tiene un impacto limitado sobre el empleo de los trabajadores dominicanos.<\/p>\n\n\n\n<p class=\"wp-block-paragraph\">Indic\u00f3 que sectores estrechamente relacionados con el consumo y la generaci\u00f3n de empleos muestran un desempe\u00f1o mucho m\u00e1s moderado. Cit\u00f3 el comercio, con un crecimiento de aproximadamente 2.4 %, y la manufactura y zonas francas, con alrededor de 3.2 %.<\/p>\n\n\n\n<p class=\"wp-block-paragraph\">\u201cLos sectores que realmente inciden en la vida cotidiana de la gente no est\u00e1n creciendo\u201d, sostuvo.<\/p>\n\n\n\n<p class=\"wp-block-paragraph\">Mont\u00e1s afirm\u00f3 que la agricultura tambi\u00e9n atraviesa dificultades por la falta de apoyo a los productores, problemas de tecnificaci\u00f3n y la incidencia de plagas y enfermedades que han afectado distintos rubros.<\/p>\n\n\n\n<p class=\"wp-block-paragraph\">Asimismo, se\u00f1al\u00f3 que la miner\u00eda contribuy\u00f3 al crecimiento como consecuencia del aumento del precio internacional del oro, pero record\u00f3 que se trata de una actividad con limitada generaci\u00f3n de empleos.<\/p>\n\n\n\n<p class=\"wp-block-paragraph\">A su juicio, esos factores explican la diferencia entre los buenos indicadores macroecon\u00f3micos y la percepci\u00f3n que tienen las familias sobre su situaci\u00f3n econ\u00f3mica.<\/p>\n\n\n\n<p class=\"wp-block-paragraph\">\u201cUna cosa es lo que se dice desde el punto de vista macro, que la econom\u00eda va bien, y otra cosa es lo que se ve abajo\u201d, expres\u00f3.<\/p>\n\n\n\n<p class=\"wp-block-paragraph\">El dirigente pelede\u00edsta sostuvo que el alto costo de la vida contin\u00faa siendo una de las principales preocupaciones de la poblaci\u00f3n, junto con la inseguridad y la corrupci\u00f3n.<\/p>\n\n\n\n<p class=\"wp-block-paragraph\">Tambi\u00e9n estim\u00f3 que la inversi\u00f3n p\u00fablica terminar\u00eda el a\u00f1o en alrededor de 1.5 % del producto interno bruto, nivel que considera insuficiente para contribuir de manera significativa a dinamizar la econom\u00eda.<\/p>\n\n\n\n<p class=\"wp-block-paragraph\">Rechaza aumento tarifa el\u00e9ctrica<\/p>\n\n\n\n<p class=\"wp-block-paragraph\">Mont\u00e1s advirti\u00f3 que ser\u00eda un grave error disponer un nuevo incremento de la tarifa el\u00e9ctrica en las actuales circunstancias.<\/p>\n\n\n\n<p class=\"wp-block-paragraph\">\u201cOjal\u00e1 que no, porque realmente, en el contexto en que est\u00e1 la situaci\u00f3n del pa\u00eds, yo creo que ser\u00eda un grave error que el Gobierno trate de incrementar los precios de la electricidad\u201d, manifest\u00f3.<\/p>\n\n\n\n<p class=\"wp-block-paragraph\">Consider\u00f3 que los hogares ya enfrentan fuertes presiones econ\u00f3micas y que un nuevo aumento del servicio el\u00e9ctrico agravar\u00eda su situaci\u00f3n.<\/p>\n\n\n\n<p class=\"wp-block-paragraph\">PLD y proceso interno<\/p>\n\n\n\n<p class=\"wp-block-paragraph\">En el \u00e1mbito pol\u00edtico, Tem\u00edstocles Mont\u00e1s neg\u00f3 que exista una crisis dentro del PLD por las aspiraciones presidenciales y asegur\u00f3 que las diferencias forman parte de un proceso democr\u00e1tico normal.<\/p>\n\n\n\n<p class=\"wp-block-paragraph\">El dirigente pelede\u00edsta afirm\u00f3 que el presidente del partido, Danilo Medina, mantiene una posici\u00f3n neutral frente a los aspirantes.<\/p>\n\n\n\n<p class=\"wp-block-paragraph\">\u201cEl compa\u00f1ero Danilo no est\u00e1 promoviendo a nadie. El compa\u00f1ero Danilo est\u00e1 neutral\u201d, declar\u00f3.<\/p>\n\n\n\n<p class=\"wp-block-paragraph\">Mont\u00e1s sostuvo que el proceso debe desarrollarse hasta su conclusi\u00f3n y que quienes no resulten favorecidos, deben reconocer los resultados.<\/p>\n\n\n\n<p class=\"wp-block-paragraph\">Asimismo, afirm\u00f3 que actualmente ninguna fuerza pol\u00edtica est\u00e1 en condiciones de ganar las elecciones presidenciales de 2028 en primera vuelta.<\/p>\n\n\n\n<p class=\"wp-block-paragraph\">Reconoci\u00f3 que existe una p\u00e9rdida de confianza de la ciudadan\u00eda en los partidos pol\u00edticos y se\u00f1al\u00f3 que el PLD trabaja para recuperarla mediante su fortalecimiento y un mayor acercamiento con la sociedad.<\/p>\n\n\n\n<p class=\"wp-block-paragraph\">\u201cDentro del PLD estamos trabajando precisamente para tratar de recuperar la confianza\u201d, concluy\u00f3.<\/p>\n","protected":false},"excerpt":{"rendered":"<p>Tem\u00edstocles Mont\u00e1s advierte bajo dinamismo en sectores vinculados al empleo y al consumo y considera un grave error aumentar la tarifa el\u00e9ctrica. Santo Domingo &#8211; El vicepresidente del Partido de&hellip;<\/p>\n","protected":false},"author":10,"featured_media":138759,"comment_status":"open","ping_status":"open","sticky":false,"template":"","format":"standard","meta":{"content-type":"","_jetpack_newsletter_access":"","_jetpack_dont_email_post_to_subs":false,"_jetpack_newsletter_tier_id":0,"_jetpack_memberships_contains_paywalled_content":false,"_jetpack_feature_clip_id":0,"_jetpack_memberships_contains_paid_content":false,"footnotes":"","jetpack_post_was_ever_published":false},"categories":[39],"tags":[2168,5478,13406,1417,3672],"class_list":["post-138758","post","type-post","status-publish","format-standard","has-post-thumbnail","hentry","category-economia","tag-bienestar","tag-crecimiento-economico","tag-no-se-refleja","tag-poblacion","tag-temistocles-montas"],"jetpack-related-posts":[{"id":113379,"url":"https:\/\/lasprimeras.com.do\/index.php\/2025\/11\/02\/temistocles-montasel-gobierno-se-requiere-mas-inversion-publica-y-privada-de-calidad\/","url_meta":{"origin":138758,"position":0},"title":"Tem\u00edstocles Mont\u00e1s:&#8221;El Gobierno se requiere m\u00e1s inversi\u00f3n p\u00fablica y privada de calidad&#8221;","author":"Nelson Feliz","date":"2 de noviembre de 2025","format":false,"excerpt":"El vicepresidente del Partido de la Liberaci\u00f3n Dominicana (PLD), Tem\u00edstocles Mont\u00e1s, considera que sin m\u00e1s inversi\u00f3n p\u00fablica y privada de calidad, es dif\u00edcil llegar a la meta de crecimiento propuesta por el Gobierno. La opini\u00f3n de Mont\u00e1s se da a conocer en el trabajo publicado en el peri\u00f3dico Hoy y\u2026","rel":"","context":"En \u00abECONOM\u00cdA\u00bb","block_context":{"text":"ECONOM\u00cdA","link":"https:\/\/lasprimeras.com.do\/index.php\/category\/economia\/"},"img":{"alt_text":"","src":"https:\/\/i0.wp.com\/lasprimeras.com.do\/wp-content\/uploads\/2025\/11\/Temistocles-Montas.jpg?resize=350%2C200&ssl=1","width":350,"height":200,"srcset":"https:\/\/i0.wp.com\/lasprimeras.com.do\/wp-content\/uploads\/2025\/11\/Temistocles-Montas.jpg?resize=350%2C200&ssl=1 1x, https:\/\/i0.wp.com\/lasprimeras.com.do\/wp-content\/uploads\/2025\/11\/Temistocles-Montas.jpg?resize=525%2C300&ssl=1 1.5x, https:\/\/i0.wp.com\/lasprimeras.com.do\/wp-content\/uploads\/2025\/11\/Temistocles-Montas.jpg?resize=700%2C400&ssl=1 2x"},"classes":[]},{"id":115516,"url":"https:\/\/lasprimeras.com.do\/index.php\/2025\/11\/23\/temistocles-montas-atribuye-el-frenazo-que-sufre-nuestra-economia-en-su-crecimiento-a-factores-internos\/","url_meta":{"origin":138758,"position":1},"title":"Tem\u00edstocles Mont\u00e1s atribuye el frenazo que sufre nuestra econom\u00eda en su crecimiento a factores internos","author":"Nelson Feliz","date":"23 de noviembre de 2025","format":false,"excerpt":"El ex Ministro de Econom\u00eda, Tem\u00edstocles Mont\u00e1s, vicepresidente del Partido de la Liberaci\u00f3n Dominicana (PLD) atribuye a factores internos, el frenazo que registra la econom\u00eda en la coyuntura actual. Con esta afirmaci\u00f3n Mont\u00e1s deslinda la reducci\u00f3n del crecimiento econ\u00f3mico en Rep\u00fablica Dominicana del entorno internacional cada vez m\u00e1s incierto. \u201cPor\u2026","rel":"","context":"En \u00abECONOM\u00cdA\u00bb","block_context":{"text":"ECONOM\u00cdA","link":"https:\/\/lasprimeras.com.do\/index.php\/category\/economia\/"},"img":{"alt_text":"Tem\u00edstocles Mont\u00e1s","src":"https:\/\/i0.wp.com\/lasprimeras.com.do\/wp-content\/uploads\/2025\/11\/Temistocles-Montas-1.jpg?resize=350%2C200&ssl=1","width":350,"height":200,"srcset":"https:\/\/i0.wp.com\/lasprimeras.com.do\/wp-content\/uploads\/2025\/11\/Temistocles-Montas-1.jpg?resize=350%2C200&ssl=1 1x, https:\/\/i0.wp.com\/lasprimeras.com.do\/wp-content\/uploads\/2025\/11\/Temistocles-Montas-1.jpg?resize=525%2C300&ssl=1 1.5x, https:\/\/i0.wp.com\/lasprimeras.com.do\/wp-content\/uploads\/2025\/11\/Temistocles-Montas-1.jpg?resize=700%2C400&ssl=1 2x"},"classes":[]},{"id":71862,"url":"https:\/\/lasprimeras.com.do\/index.php\/2023\/12\/24\/temistocles-montas-dice-el-2023-fue-desfavorable-para-la-economia-dominicana\/","url_meta":{"origin":138758,"position":2},"title":"Tem\u00edstocles Mont\u00e1s dice el 2023 fue desfavorable para la econom\u00eda dominicana","author":"Nelson Feliz","date":"24 de diciembre de 2023","format":false,"excerpt":"El vicepresidente del Partido de la Liberaci\u00f3n Dominicana (PLD), Tem\u00edstocles Mont\u00e1s, asegur\u00f3 que el 2023 fue desfavorable en materia econ\u00f3mica y cit\u00f3 los desaf\u00edos del 2024. En su art\u00edculo semanal publicado en la prensa local, Mont\u00e1s dijo que este pa\u00eds debe enfrentar dificultades en \u00e1reas claves como la econom\u00eda, la\u2026","rel":"","context":"En \u00abECONOM\u00cdA\u00bb","block_context":{"text":"ECONOM\u00cdA","link":"https:\/\/lasprimeras.com.do\/index.php\/category\/economia\/"},"img":{"alt_text":"Tem\u00edstocles Montas","src":"https:\/\/i0.wp.com\/lasprimeras.com.do\/wp-content\/uploads\/2023\/07\/Temistocles-Montas.jpg?resize=350%2C200&ssl=1","width":350,"height":200,"srcset":"https:\/\/i0.wp.com\/lasprimeras.com.do\/wp-content\/uploads\/2023\/07\/Temistocles-Montas.jpg?resize=350%2C200&ssl=1 1x, https:\/\/i0.wp.com\/lasprimeras.com.do\/wp-content\/uploads\/2023\/07\/Temistocles-Montas.jpg?resize=525%2C300&ssl=1 1.5x, https:\/\/i0.wp.com\/lasprimeras.com.do\/wp-content\/uploads\/2023\/07\/Temistocles-Montas.jpg?resize=700%2C400&ssl=1 2x"},"classes":[]},{"id":107369,"url":"https:\/\/lasprimeras.com.do\/index.php\/2025\/08\/26\/temistocles-montas-es-muy-diferente-lo-que-pregona-el-gobierno-y-lo-que-siente-la-poblacion\/","url_meta":{"origin":138758,"position":3},"title":"Tem\u00edstocles Mont\u00e1s: &#8220;Es muy diferente lo que pregona el Gobierno y lo que siente la poblaci\u00f3n&#8221;","author":"Nelson Feliz","date":"26 de agosto de 2025","format":false,"excerpt":"El vicepresidente del Partido de la Liberaci\u00f3n Dominicana (PLD), Tem\u00edstocles Mont\u00e1s, considera como muy serio la diferencia predominante en la poblaci\u00f3n con lo que dice y pregona el Gobierno y lo que sienten los ciudadanos. \u201cLo que percibe la poblaci\u00f3n dominicana es un deterioro real de las condiciones de vida\u201d,\u2026","rel":"","context":"En \u00abPOLITICA\u00bb","block_context":{"text":"POLITICA","link":"https:\/\/lasprimeras.com.do\/index.php\/category\/politica\/"},"img":{"alt_text":"Tem\u00edstocles Montas","src":"https:\/\/i0.wp.com\/lasprimeras.com.do\/wp-content\/uploads\/2023\/07\/Temistocles-Montas.jpg?resize=350%2C200&ssl=1","width":350,"height":200,"srcset":"https:\/\/i0.wp.com\/lasprimeras.com.do\/wp-content\/uploads\/2023\/07\/Temistocles-Montas.jpg?resize=350%2C200&ssl=1 1x, https:\/\/i0.wp.com\/lasprimeras.com.do\/wp-content\/uploads\/2023\/07\/Temistocles-Montas.jpg?resize=525%2C300&ssl=1 1.5x, https:\/\/i0.wp.com\/lasprimeras.com.do\/wp-content\/uploads\/2023\/07\/Temistocles-Montas.jpg?resize=700%2C400&ssl=1 2x"},"classes":[]},{"id":130350,"url":"https:\/\/lasprimeras.com.do\/index.php\/2026\/05\/12\/temistocles-montas-encuesta-evidencia-fortalecimiento-del-pld\/","url_meta":{"origin":138758,"position":4},"title":"Tem\u00edstocles Mont\u00e1s: Encuesta evidencia fortalecimiento del PLD","author":"Nelson Feliz","date":"12 de mayo de 2026","format":false,"excerpt":"Tem\u00edstocles Mont\u00e1s sostiene que el deterioro de la imagen del Gobierno abre espacio para un reordenamiento pol\u00edtico de cara a las elecciones de 2028. El vicepresidente del Partido de la Liberaci\u00f3n Dominicana (PLD), Tem\u00edstocles Mont\u00e1s, afirm\u00f3 que los resultados de la m\u00e1s reciente encuesta Gallup refleja que el escenario pol\u00edtico\u2026","rel":"","context":"En \u00abPOLITICA\u00bb","block_context":{"text":"POLITICA","link":"https:\/\/lasprimeras.com.do\/index.php\/category\/politica\/"},"img":{"alt_text":"","src":"https:\/\/i0.wp.com\/lasprimeras.com.do\/wp-content\/uploads\/2026\/05\/Temistocles-Montas.jpg?resize=350%2C200&ssl=1","width":350,"height":200,"srcset":"https:\/\/i0.wp.com\/lasprimeras.com.do\/wp-content\/uploads\/2026\/05\/Temistocles-Montas.jpg?resize=350%2C200&ssl=1 1x, https:\/\/i0.wp.com\/lasprimeras.com.do\/wp-content\/uploads\/2026\/05\/Temistocles-Montas.jpg?resize=525%2C300&ssl=1 1.5x, https:\/\/i0.wp.com\/lasprimeras.com.do\/wp-content\/uploads\/2026\/05\/Temistocles-Montas.jpg?resize=700%2C400&ssl=1 2x"},"classes":[]},{"id":55833,"url":"https:\/\/lasprimeras.com.do\/index.php\/2023\/07\/25\/temistocles-montas-descontento-de-poblacion-ocasionara-derrota-de-luis-abinader\/","url_meta":{"origin":138758,"position":5},"title":"Tem\u00edstocles Montas: Descontento de poblaci\u00f3n ocasionar\u00e1 derrota de Luis Abinader","author":"Nelson Feliz","date":"25 de julio de 2023","format":false,"excerpt":"Montas: \u201cEn las pr\u00f3ximas elecciones con el partido que se va a competir es con el PLD\u201d. El descontento generalizado de la poblaci\u00f3n con la actual gesti\u00f3n de gobierno es lo que generar\u00e1 la derrota del PRM en los pr\u00f3ximos comicios y del presidente Luis Abinader, si opta por su\u2026","rel":"","context":"En \u00abPORTADA\u00bb","block_context":{"text":"PORTADA","link":"https:\/\/lasprimeras.com.do\/index.php\/category\/portada\/"},"img":{"alt_text":"Tem\u00edstocles Montas","src":"https:\/\/i0.wp.com\/lasprimeras.com.do\/wp-content\/uploads\/2023\/07\/Temistocles-Montas.jpg?resize=350%2C200&ssl=1","width":350,"height":200,"srcset":"https:\/\/i0.wp.com\/lasprimeras.com.do\/wp-content\/uploads\/2023\/07\/Temistocles-Montas.jpg?resize=350%2C200&ssl=1 1x, https:\/\/i0.wp.com\/lasprimeras.com.do\/wp-content\/uploads\/2023\/07\/Temistocles-Montas.jpg?resize=525%2C300&ssl=1 1.5x, https:\/\/i0.wp.com\/lasprimeras.com.do\/wp-content\/uploads\/2023\/07\/Temistocles-Montas.jpg?resize=700%2C400&ssl=1 2x"},"classes":[]}],"jetpack_sharing_enabled":true,"jetpack_featured_media_url":"https:\/\/lasprimeras.com.do\/wp-content\/uploads\/2026\/09\/Temistocles-Montas.jpg","_links":{"self":[{"href":"https:\/\/lasprimeras.com.do\/index.php\/wp-json\/wp\/v2\/posts\/138758","targetHints":{"allow":["GET"]}}],"collection":[{"href":"https:\/\/lasprimeras.com.do\/index.php\/wp-json\/wp\/v2\/posts"}],"about":[{"href":"https:\/\/lasprimeras.com.do\/index.php\/wp-json\/wp\/v2\/types\/post"}],"author":[{"embeddable":true,"href":"https:\/\/lasprimeras.com.do\/index.php\/wp-json\/wp\/v2\/users\/10"}],"replies":[{"embeddable":true,"href":"https:\/\/lasprimeras.com.do\/index.php\/wp-json\/wp\/v2\/comments?post=138758"}],"version-history":[{"count":1,"href":"https:\/\/lasprimeras.com.do\/index.php\/wp-json\/wp\/v2\/posts\/138758\/revisions"}],"predecessor-version":[{"id":138760,"href":"https:\/\/lasprimeras.com.do\/index.php\/wp-json\/wp\/v2\/posts\/138758\/revisions\/138760"}],"wp:featuredmedia":[{"embeddable":true,"href":"https:\/\/lasprimeras.com.do\/index.php\/wp-json\/wp\/v2\/media\/138759"}],"wp:attachment":[{"href":"https:\/\/lasprimeras.com.do\/index.php\/wp-json\/wp\/v2\/media?parent=138758"}],"wp:term":[{"taxonomy":"category","embeddable":true,"href":"https:\/\/lasprimeras.com.do\/index.php\/wp-json\/wp\/v2\/categories?post=138758"},{"taxonomy":"post_tag","embeddable":true,"href":"https:\/\/lasprimeras.com.do\/index.php\/wp-json\/wp\/v2\/tags?post=138758"}],"curies":[{"name":"wp","href":"https:\/\/api.w.org\/{rel}","templated":true}]}}