{"id":138761,"date":"2026-09-02T00:31:49","date_gmt":"2026-09-02T04:31:49","guid":{"rendered":"https:\/\/lasprimeras.com.do\/?p=138761"},"modified":"2026-09-02T00:31:53","modified_gmt":"2026-09-02T04:31:53","slug":"margarita-cedeno-garantia-de-oportunidades-para-la-juventud-dominicana","status":"publish","type":"post","link":"https:\/\/lasprimeras.com.do\/index.php\/2026\/09\/02\/margarita-cedeno-garantia-de-oportunidades-para-la-juventud-dominicana\/","title":{"rendered":"Margarita Cede\u00f1o: Garant\u00eda de Oportunidades para la juventud dominicana"},"content":{"rendered":"\n<p class=\"wp-block-paragraph\"><strong>Margarita Cede\u00f1o plantea un programa nacional de primer empleo, formaci\u00f3n, emprendimiento y oportunidades para j\u00f3venes en todo el territorio nacional.<\/strong><\/p>\n\n\n\n<p class=\"wp-block-paragraph\">SANTO DOMINGO-La exvicepresidenta de la Rep\u00fablica Margarita Cede\u00f1o, miembro del Comit\u00e9 Pol\u00edtico del Partido de la Liberaci\u00f3n Dominicana (PLD), propuso la creaci\u00f3n de una Garant\u00eda de Oportunidades para J\u00f3venes, como pol\u00edtica nacional dirigida a facilitar el acceso de las nuevas generaciones a educaci\u00f3n superior, formaci\u00f3n t\u00e9cnico-profesional, pasant\u00edas remuneradas, primer empleo y apoyo al emprendimiento.<\/p>\n\n\n\n<p class=\"wp-block-paragraph\">En su art\u00edculo \u201cApostemos por nuestros j\u00f3venes\u201d, publicado en su columna Agenda Social del peri\u00f3dico List\u00edn Diario y en Vanguardia del Pueblo, Cede\u00f1o advirti\u00f3 que Rep\u00fablica Dominicana debe crear mejores condiciones para que los j\u00f3venes puedan desarrollarse y prosperar sin sentir que necesitan abandonar el pa\u00eds o sus comunidades para encontrar oportunidades.<\/p>\n\n\n\n<p class=\"wp-block-paragraph\">La ex vicepresidenta se\u00f1al\u00f3 que uno de los principales retos sigue siendo la transici\u00f3n entre la educaci\u00f3n, la formaci\u00f3n y el mercado laboral, por lo que consider\u00f3 indispensable construir un verdadero puente entre las aulas y el empleo.<\/p>\n\n\n\n<p class=\"wp-block-paragraph\">En ese sentido, plante\u00f3 cinco compromisos fundamentales para una pol\u00edtica nacional de oportunidades juveniles.<\/p>\n\n\n\n<p class=\"wp-block-paragraph\">El primero consiste en garantizar que todo joven que termine el bachillerato tenga acceso a una alternativa concreta: universidad, formaci\u00f3n t\u00e9cnico-profesional, pasant\u00eda remunerada, primer empleo o apoyo para emprender.<\/p>\n\n\n\n<p class=\"wp-block-paragraph\">Como segundo eje, propuso un gran Programa Nacional de Primer Empleo, mediante alianzas entre el Estado y el sector privado, con incentivos para las empresas que contraten j\u00f3venes sin experiencia y les proporcionen formaci\u00f3n certificada.<\/p>\n\n\n\n<p class=\"wp-block-paragraph\">Cede\u00f1o tambi\u00e9n plante\u00f3 convertir las competencias digitales y el dominio del ingl\u00e9s en herramientas masivas de movilidad social, aprovechando las oportunidades que ofrecen la inteligencia artificial, los servicios digitales y el trabajo remoto.<\/p>\n\n\n\n<p class=\"wp-block-paragraph\">Un cuarto compromiso est\u00e1 dirigido al emprendimiento juvenil, mediante fondos de capital semilla, mentor\u00edas, incubadoras regionales y mecanismos que faciliten la formalizaci\u00f3n de peque\u00f1os negocios.<\/p>\n\n\n\n<p class=\"wp-block-paragraph\">Asimismo, reclam\u00f3 una distribuci\u00f3n territorial m\u00e1s equitativa de las oportunidades, para que j\u00f3venes de provincias como Monte Plata, El\u00edas Pi\u00f1a, Pedernales, Dajab\u00f3n o San Juan puedan acceder a formaci\u00f3n, conectividad y generaci\u00f3n de ingresos sin verse obligados a emigrar hacia los principales centros urbanos.<\/p>\n\n\n\n<p class=\"wp-block-paragraph\">La ex vicemandataria resalt\u00f3 adem\u00e1s la necesidad de fortalecer la educaci\u00f3n t\u00e9cnico-profesional en \u00e1reas como programaci\u00f3n, inteligencia artificial, ciberseguridad, an\u00e1lisis de datos, ingl\u00e9s, log\u00edstica, mecatr\u00f3nica, energ\u00edas renovables, econom\u00eda creativa, turismo especializado y servicios digitales.<\/p>\n\n\n\n<p class=\"wp-block-paragraph\">Consider\u00f3 igualmente indispensable incorporar directamente a los j\u00f3venes en el dise\u00f1o de las pol\u00edticas p\u00fablicas que les afectan.<\/p>\n\n\n\n<p class=\"wp-block-paragraph\">Cede\u00f1o afirm\u00f3 que las pol\u00edticas juveniles deben evaluarse por resultados concretos y no solamente por la cantidad de personas inscritas en programas p\u00fablicos. Indic\u00f3 que es necesario medir cu\u00e1ntos j\u00f3venes completan su formaci\u00f3n, consiguen empleo, mejoran sus ingresos, permanecen trabajando despu\u00e9s de un a\u00f1o o logran sostener sus emprendimientos.<\/p>\n\n\n\n<p class=\"wp-block-paragraph\">Finalmente, sostuvo que el pr\u00f3ximo gran desaf\u00edo de Rep\u00fablica Dominicana debe ser convertir el crecimiento econ\u00f3mico en verdadera movilidad social para las nuevas generaciones.<\/p>\n\n\n\n<p class=\"wp-block-paragraph\">\u201cLa juventud dominicana no est\u00e1 esperando que le regalemos el futuro. Est\u00e1 esperando que eliminemos las barreras que le impiden construirlo\u201d, concluy\u00f3.<\/p>\n","protected":false},"excerpt":{"rendered":"<p>Margarita Cede\u00f1o plantea un programa nacional de primer empleo, formaci\u00f3n, emprendimiento y oportunidades para j\u00f3venes en todo el territorio nacional. SANTO DOMINGO-La exvicepresidenta de la Rep\u00fablica Margarita Cede\u00f1o, miembro del&hellip;<\/p>\n","protected":false},"author":10,"featured_media":138762,"comment_status":"open","ping_status":"open","sticky":false,"template":"","format":"standard","meta":{"content-type":"","_jetpack_newsletter_access":"","_jetpack_dont_email_post_to_subs":false,"_jetpack_newsletter_tier_id":0,"_jetpack_memberships_contains_paywalled_content":false,"_jetpack_feature_clip_id":0,"_jetpack_memberships_contains_paid_content":false,"footnotes":"","jetpack_post_was_ever_published":false},"categories":[16559],"tags":[155,36208,10749,2014],"class_list":["post-138761","post","type-post","status-publish","format-standard","has-post-thumbnail","hentry","category-politica","tag-garantia","tag-juventud-dominicana","tag-margarita-cedeno","tag-oportunidades"],"jetpack-related-posts":[{"id":134257,"url":"https:\/\/lasprimeras.com.do\/index.php\/2026\/07\/08\/margarita-cedeno-el-gobierno-debe-escuchar-a-la-ciudadania\/","url_meta":{"origin":138761,"position":0},"title":"Margarita Cede\u00f1o: El Gobierno debe escuchar a la ciudadan\u00eda","author":"Nelson Feliz","date":"8 de julio de 2026","format":false,"excerpt":"La ex vicepresidenta de la Rep\u00fablica, Margarita Cede\u00f1o, considera que antes de imponer nuevos sacrificios a la poblaci\u00f3n, el Gobierno debe demostrar austeridad, eficiencia y transparencia. SANTO DOMINGO .-. La exvicepresidenta de la Rep\u00fablica y miembro del Comit\u00e9 Pol\u00edtico del Partido de la Liberaci\u00f3n Dominicana, Margarita Cede\u00f1o, afirm\u00f3 que la\u2026","rel":"","context":"En \u00abPOLITICA\u00bb","block_context":{"text":"POLITICA","link":"https:\/\/lasprimeras.com.do\/index.php\/category\/politica\/"},"img":{"alt_text":"","src":"https:\/\/i0.wp.com\/lasprimeras.com.do\/wp-content\/uploads\/2026\/07\/Margarita_Cedeno.png?resize=350%2C200&ssl=1","width":350,"height":200},"classes":[]},{"id":126070,"url":"https:\/\/lasprimeras.com.do\/index.php\/2026\/03\/29\/margarita-cedeno-el-gobierno-desconectado-de-las-necesidades-de-la-poblacion\/","url_meta":{"origin":138761,"position":1},"title":"Margarita Cede\u00f1o: El Gobierno desconectado de las necesidades de la poblaci\u00f3n","author":"Nelson Feliz","date":"29 de marzo de 2026","format":false,"excerpt":"La ex vicepresidenta, Margarita Cede\u00f1o, define al PLD como el partido que s\u00ed sabe trabajar en beneficio del pueblo dominicano. La ex vicepresidenta de la Rep\u00fablica, Margarita Cede\u00f1o cuestion\u00f3 la gesti\u00f3n de gobierno del PRM, se\u00f1alando una desconexi\u00f3n con las necesidades de la poblaci\u00f3n, planteando que el pa\u00eds est\u00e1 enfrentando\u2026","rel":"","context":"En \u00abPOLITICA\u00bb","block_context":{"text":"POLITICA","link":"https:\/\/lasprimeras.com.do\/index.php\/category\/politica\/"},"img":{"alt_text":"Margarita Cede\u00f1o","src":"https:\/\/i0.wp.com\/lasprimeras.com.do\/wp-content\/uploads\/2026\/03\/Margarita-Cedeno.jpg?resize=350%2C200&ssl=1","width":350,"height":200,"srcset":"https:\/\/i0.wp.com\/lasprimeras.com.do\/wp-content\/uploads\/2026\/03\/Margarita-Cedeno.jpg?resize=350%2C200&ssl=1 1x, https:\/\/i0.wp.com\/lasprimeras.com.do\/wp-content\/uploads\/2026\/03\/Margarita-Cedeno.jpg?resize=525%2C300&ssl=1 1.5x, https:\/\/i0.wp.com\/lasprimeras.com.do\/wp-content\/uploads\/2026\/03\/Margarita-Cedeno.jpg?resize=700%2C400&ssl=1 2x"},"classes":[]},{"id":106345,"url":"https:\/\/lasprimeras.com.do\/index.php\/2025\/08\/13\/margarita-cedeno-expone-en-foro-onu-mujeres\/","url_meta":{"origin":138761,"position":2},"title":"Margarita Cede\u00f1o expone en foro ONU Mujeres","author":"Nelson Feliz","date":"13 de agosto de 2025","format":false,"excerpt":"Exvicepresidenta llama a legislar por sistemas de cuidados que impulsen el desarrollo humano y econ\u00f3mico. La exvicepresidenta de la Rep\u00fablica Dominicana y miembro del Comit\u00e9 Pol\u00edtico del Partido de la Liberaci\u00f3n Dominicana, Margarita Cede\u00f1o, destac\u00f3 la urgencia de reconocer el trabajo de cuidados como un derecho humano, un bien p\u00fablico\u2026","rel":"","context":"En \u00abPOLITICA\u00bb","block_context":{"text":"POLITICA","link":"https:\/\/lasprimeras.com.do\/index.php\/category\/politica\/"},"img":{"alt_text":"","src":"https:\/\/i0.wp.com\/lasprimeras.com.do\/wp-content\/uploads\/2025\/08\/Margarita-ONU.jpg?resize=350%2C200&ssl=1","width":350,"height":200,"srcset":"https:\/\/i0.wp.com\/lasprimeras.com.do\/wp-content\/uploads\/2025\/08\/Margarita-ONU.jpg?resize=350%2C200&ssl=1 1x, https:\/\/i0.wp.com\/lasprimeras.com.do\/wp-content\/uploads\/2025\/08\/Margarita-ONU.jpg?resize=525%2C300&ssl=1 1.5x, https:\/\/i0.wp.com\/lasprimeras.com.do\/wp-content\/uploads\/2025\/08\/Margarita-ONU.jpg?resize=700%2C400&ssl=1 2x"},"classes":[]},{"id":126795,"url":"https:\/\/lasprimeras.com.do\/index.php\/2026\/04\/05\/mensaje-de-margarita-cedeno-a-los-periodistas-en-su-dia-video\/","url_meta":{"origin":138761,"position":3},"title":"Mensaje de Margarita Cede\u00f1o a los periodistas en su dia | Video","author":"Nelson Feliz","date":"5 de abril de 2026","format":false,"excerpt":"La ex vicepresidenta de la Rep\u00fablica, Margarita Cede\u00f1o, resalt\u00f3 la integridad, valent\u00eda y \u00e9tica como pilares del ejercicio period\u00edstico. \u201cFelicito en especial a quienes ejercen esta profesi\u00f3n con integridad, valent\u00eda y un compromiso inquebrantable con la verdad\u201d, escribi\u00f3 en sus cuentas de redes sociales a prop\u00f3sito del D\u00eda Nacional del\u2026","rel":"","context":"En \u00abPOLITICA\u00bb","block_context":{"text":"POLITICA","link":"https:\/\/lasprimeras.com.do\/index.php\/category\/politica\/"},"img":{"alt_text":"Margarita Cede\u00f1o","src":"https:\/\/i0.wp.com\/lasprimeras.com.do\/wp-content\/uploads\/2026\/04\/Margarita-Cedeno-4.jpg?resize=350%2C200&ssl=1","width":350,"height":200,"srcset":"https:\/\/i0.wp.com\/lasprimeras.com.do\/wp-content\/uploads\/2026\/04\/Margarita-Cedeno-4.jpg?resize=350%2C200&ssl=1 1x, https:\/\/i0.wp.com\/lasprimeras.com.do\/wp-content\/uploads\/2026\/04\/Margarita-Cedeno-4.jpg?resize=525%2C300&ssl=1 1.5x, https:\/\/i0.wp.com\/lasprimeras.com.do\/wp-content\/uploads\/2026\/04\/Margarita-Cedeno-4.jpg?resize=700%2C400&ssl=1 2x"},"classes":[]},{"id":136478,"url":"https:\/\/lasprimeras.com.do\/index.php\/2026\/08\/04\/margarita-cedeno-advierte-sobre-el-riesgo-de-normalizar-el-estancamiento\/","url_meta":{"origin":138761,"position":4},"title":"Margarita Cede\u00f1o advierte sobre el riesgo de normalizar el estancamiento","author":"Nelson Feliz","date":"4 de agosto de 2026","format":false,"excerpt":"Margarita Cede\u00f1o advierte que el crecimiento econ\u00f3mico debe traducirse en bienestar, servicios p\u00fablicos eficientes y oportunidades reales para la poblaci\u00f3n. Santo Domingo = La exvicepresidenta de la Rep\u00fablica Margarita Cede\u00f1o advirti\u00f3 que la Rep\u00fablica Dominicana corre el riesgo de acostumbrarse a una apariencia de progreso, mientras persisten problemas que afectan\u2026","rel":"","context":"En \u00abPOLITICA\u00bb","block_context":{"text":"POLITICA","link":"https:\/\/lasprimeras.com.do\/index.php\/category\/politica\/"},"img":{"alt_text":"","src":"https:\/\/i0.wp.com\/lasprimeras.com.do\/wp-content\/uploads\/2025\/09\/Margarita-Cedeno.jpg?resize=350%2C200&ssl=1","width":350,"height":200,"srcset":"https:\/\/i0.wp.com\/lasprimeras.com.do\/wp-content\/uploads\/2025\/09\/Margarita-Cedeno.jpg?resize=350%2C200&ssl=1 1x, https:\/\/i0.wp.com\/lasprimeras.com.do\/wp-content\/uploads\/2025\/09\/Margarita-Cedeno.jpg?resize=525%2C300&ssl=1 1.5x, https:\/\/i0.wp.com\/lasprimeras.com.do\/wp-content\/uploads\/2025\/09\/Margarita-Cedeno.jpg?resize=700%2C400&ssl=1 2x"},"classes":[]},{"id":107371,"url":"https:\/\/lasprimeras.com.do\/index.php\/2025\/08\/26\/margarita-cedeno-en-2012-2020-millones-salieron-de-la-pobreza-en-2020-2025-miles-sienten-que-han-vuelto-a-caer-en-ella\/","url_meta":{"origin":138761,"position":5},"title":"Margarita Cede\u00f1o: \u00abEn 2012\u20132020, millones salieron de la pobreza. En 2020\u20132025, miles sienten que han vuelto a caer en ella\u201d","author":"Nelson Feliz","date":"26 de agosto de 2025","format":false,"excerpt":"Para la ex vicepresidenta de la Rep\u00fablica, Margarita Cede\u00f1o, el alto costo de la canasta alimenticia y que desde el Gobierno se conciba los gastos sociales como un veh\u00edculo de propaganda, entre otros aspectos, es una muestra del retroceso que ha vivido el pa\u00eds en los \u00faltimos cinco a\u00f1os. \u201cCinco\u2026","rel":"","context":"En \u00abPOLITICA\u00bb","block_context":{"text":"POLITICA","link":"https:\/\/lasprimeras.com.do\/index.php\/category\/politica\/"},"img":{"alt_text":"","src":"https:\/\/i0.wp.com\/lasprimeras.com.do\/wp-content\/uploads\/2025\/08\/Margarita-Cedeno.jpg?resize=350%2C200&ssl=1","width":350,"height":200,"srcset":"https:\/\/i0.wp.com\/lasprimeras.com.do\/wp-content\/uploads\/2025\/08\/Margarita-Cedeno.jpg?resize=350%2C200&ssl=1 1x, https:\/\/i0.wp.com\/lasprimeras.com.do\/wp-content\/uploads\/2025\/08\/Margarita-Cedeno.jpg?resize=525%2C300&ssl=1 1.5x, https:\/\/i0.wp.com\/lasprimeras.com.do\/wp-content\/uploads\/2025\/08\/Margarita-Cedeno.jpg?resize=700%2C400&ssl=1 2x"},"classes":[]}],"jetpack_sharing_enabled":true,"jetpack_featured_media_url":"https:\/\/lasprimeras.com.do\/wp-content\/uploads\/2026\/09\/Margarita-Cedeno.jpg","_links":{"self":[{"href":"https:\/\/lasprimeras.com.do\/index.php\/wp-json\/wp\/v2\/posts\/138761","targetHints":{"allow":["GET"]}}],"collection":[{"href":"https:\/\/lasprimeras.com.do\/index.php\/wp-json\/wp\/v2\/posts"}],"about":[{"href":"https:\/\/lasprimeras.com.do\/index.php\/wp-json\/wp\/v2\/types\/post"}],"author":[{"embeddable":true,"href":"https:\/\/lasprimeras.com.do\/index.php\/wp-json\/wp\/v2\/users\/10"}],"replies":[{"embeddable":true,"href":"https:\/\/lasprimeras.com.do\/index.php\/wp-json\/wp\/v2\/comments?post=138761"}],"version-history":[{"count":1,"href":"https:\/\/lasprimeras.com.do\/index.php\/wp-json\/wp\/v2\/posts\/138761\/revisions"}],"predecessor-version":[{"id":138763,"href":"https:\/\/lasprimeras.com.do\/index.php\/wp-json\/wp\/v2\/posts\/138761\/revisions\/138763"}],"wp:featuredmedia":[{"embeddable":true,"href":"https:\/\/lasprimeras.com.do\/index.php\/wp-json\/wp\/v2\/media\/138762"}],"wp:attachment":[{"href":"https:\/\/lasprimeras.com.do\/index.php\/wp-json\/wp\/v2\/media?parent=138761"}],"wp:term":[{"taxonomy":"category","embeddable":true,"href":"https:\/\/lasprimeras.com.do\/index.php\/wp-json\/wp\/v2\/categories?post=138761"},{"taxonomy":"post_tag","embeddable":true,"href":"https:\/\/lasprimeras.com.do\/index.php\/wp-json\/wp\/v2\/tags?post=138761"}],"curies":[{"name":"wp","href":"https:\/\/api.w.org\/{rel}","templated":true}]}}