{"id":138764,"date":"2026-09-02T00:36:04","date_gmt":"2026-09-02T04:36:04","guid":{"rendered":"https:\/\/lasprimeras.com.do\/?p=138764"},"modified":"2026-09-02T00:37:17","modified_gmt":"2026-09-02T04:37:17","slug":"intrant-y-digesett-intensifican-operativos-contra-motociclistas-que-infringen-la-ley-de-transito","status":"publish","type":"post","link":"https:\/\/lasprimeras.com.do\/index.php\/2026\/09\/02\/intrant-y-digesett-intensifican-operativos-contra-motociclistas-que-infringen-la-ley-de-transito\/","title":{"rendered":"INTRANT y DIGESETT intensifican operativos contra motociclistas que infringen la Ley de Tr\u00e1nsito"},"content":{"rendered":"\n<p class=\"wp-block-paragraph\">Santo Domingo, RD. \u2013 El Instituto Nacional de Tr\u00e1nsito y Transporte Terrestre (INTRANT) y la Direcci\u00f3n General de Seguridad de Tr\u00e1nsito y Transporte Terrestre (DIGESETT) intensificaron los operativos de control dirigidos a motociclistas que incumplen las normas de circulaci\u00f3n en las principales calles y avenidas del Gran Santo Domingo.<\/p>\n\n\n\n<p class=\"wp-block-paragraph\">Durante la jornada, realizada de manera conjunta por t\u00e9cnicos del INTRANT, agentes de la DIGESETT y miembros de la Polic\u00eda Preventiva, fueron fiscalizados m\u00e1s de 82 motociclistas por cometer distintas infracciones, entre ellas violar la luz roja de los sem\u00e1foros, realizar cruces indebidos y transitar sin casco protector.<\/p>\n\n\n\n<p class=\"wp-block-paragraph\">Estas acciones responden a la necesidad de intervenir de manera firme ante conductas que ponen en riesgo la seguridad vial y que pueden convertirse en factores desencadenantes de siniestros de tr\u00e1nsito.<\/p>\n\n\n\n<p class=\"wp-block-paragraph\">Las autoridades informaron que los operativos se mantendr\u00e1n de manera constante, con el prop\u00f3sito de garantizar el cumplimiento de la Ley n\u00fam. 63-17 de Movilidad, Transporte Terrestre, Tr\u00e1nsito y Seguridad Vial, reforzando los controles en las v\u00edas con mayor flujo vehicular y mayor incidencia de incumplimiento de las normas.<\/p>\n\n\n\n<p class=\"wp-block-paragraph\">Los operativos fueron desplegados en las intersecciones de las avenidas Winston Churchill con 27 de Febrero; Defill\u00f3 con John F. Kennedy; M\u00e1ximo G\u00f3mez con 27 de Febrero; Leopoldo Navarro con 27 de Febrero, y M\u00e1ximo G\u00f3mez con John F. Kennedy.<\/p>\n\n\n\n<p class=\"wp-block-paragraph\">Asimismo, las autoridades anunciaron que estas acciones ser\u00e1n intensificadas y extendidas a otros puntos estrat\u00e9gicos del Gran Santo Domingo, como parte de las medidas orientadas a fortalecer la seguridad y el orden en las v\u00edas.<\/p>\n\n\n\n<p class=\"wp-block-paragraph\">El director ejecutivo del INTRANT, Juan Manuel M\u00e9ndez Garc\u00eda, instruy\u00f3 el fortalecimiento de estas acciones como parte de una gesti\u00f3n enfocada en ordenar el tr\u00e1nsito, hacer cumplir las disposiciones de la Ley 63-17 y, especialmente, contribuir a reducir las muertes y lesiones ocasionadas por siniestros viales.<\/p>\n\n\n\n<p class=\"wp-block-paragraph\">El INTRANT y la DIGESETT reiteraron su compromiso de continuar trabajando de manera articulada para promover el respeto a las se\u00f1ales de tr\u00e1nsito, los sem\u00e1foros, los sentidos de circulaci\u00f3n, las aceras y las dem\u00e1s disposiciones establecidas en la normativa vigente, con el objetivo de que su cumplimiento se convierta en una pr\u00e1ctica cotidiana entre todos los usuarios de las v\u00edas.<\/p>\n","protected":false},"excerpt":{"rendered":"<p>Santo Domingo, RD. \u2013 El Instituto Nacional de Tr\u00e1nsito y Transporte Terrestre (INTRANT) y la Direcci\u00f3n General de Seguridad de Tr\u00e1nsito y Transporte Terrestre (DIGESETT) intensificaron los operativos de control&hellip;<\/p>\n","protected":false},"author":10,"featured_media":95903,"comment_status":"open","ping_status":"open","sticky":false,"template":"","format":"standard","meta":{"content-type":"","_jetpack_newsletter_access":"","_jetpack_dont_email_post_to_subs":false,"_jetpack_newsletter_tier_id":0,"_jetpack_memberships_contains_paywalled_content":false,"_jetpack_feature_clip_id":0,"_jetpack_memberships_contains_paid_content":false,"footnotes":"","jetpack_post_was_ever_published":false},"categories":[35],"tags":[244,36209,349,4348,3445,2493],"class_list":["post-138764","post","type-post","status-publish","format-standard","has-post-thumbnail","hentry","category-nacionales","tag-digesett","tag-infringen","tag-intrant","tag-ley-de-transito","tag-motociclistas","tag-operativos"],"jetpack-related-posts":[{"id":129382,"url":"https:\/\/lasprimeras.com.do\/index.php\/2026\/05\/02\/capacitacion-digesett-normativa-de-cascos-para-motociclistas-homologados\/","url_meta":{"origin":138764,"position":0},"title":"Capacitaci\u00f3n DIGESETT: normativa de cascos para motociclistas homologados","author":"Nelson Feliz","date":"2 de mayo de 2026","format":false,"excerpt":"El Instituto Nacional de Tr\u00e1nsito y Transporte Terrestre (INTRANT) capacit\u00f3 a 105 agentes de la Direcci\u00f3n General de Seguridad de Tr\u00e1nsito y Transporte Terrestre (DIGESETT) sobre la normativa t\u00e9cnica del est\u00e1ndar homologado de los cascos de protecci\u00f3n personal para usuarios de motocicletas. La formaci\u00f3n tuvo como objetivo fortalecer las capacidades\u2026","rel":"","context":"En \u00abNACIONALES\u00bb","block_context":{"text":"NACIONALES","link":"https:\/\/lasprimeras.com.do\/index.php\/category\/nacionales\/"},"img":{"alt_text":"","src":"https:\/\/i0.wp.com\/lasprimeras.com.do\/wp-content\/uploads\/2026\/05\/cascos-1.jpg?resize=350%2C200&ssl=1","width":350,"height":200,"srcset":"https:\/\/i0.wp.com\/lasprimeras.com.do\/wp-content\/uploads\/2026\/05\/cascos-1.jpg?resize=350%2C200&ssl=1 1x, https:\/\/i0.wp.com\/lasprimeras.com.do\/wp-content\/uploads\/2026\/05\/cascos-1.jpg?resize=525%2C300&ssl=1 1.5x, https:\/\/i0.wp.com\/lasprimeras.com.do\/wp-content\/uploads\/2026\/05\/cascos-1.jpg?resize=700%2C400&ssl=1 2x"},"classes":[]},{"id":79785,"url":"https:\/\/lasprimeras.com.do\/index.php\/2024\/03\/31\/digesett-retiene-cientos-de-vehiculos-por-infracciones-durante-operativos-de-semana-santa\/","url_meta":{"origin":138764,"position":1},"title":"Digesett retiene cientos de veh\u00edculos por infracciones durante operativos de Semana Santa","author":"Nelson Feliz","date":"31 de marzo de 2024","format":false,"excerpt":"Las autoridades de la Digesett llevaron a cabo un amplio operativo de fiscalizaci\u00f3n durante los d\u00edas jueves, y s\u00e1bado viernes santo, resultando con la retenci\u00f3n de miles de veh\u00edculos y la inspecci\u00f3n de conductores por diversas infracciones a la ley de tr\u00e1nsito, en especial a los motociclistas. Seg\u00fan detalla el\u2026","rel":"","context":"En \u00abNACIONALES\u00bb","block_context":{"text":"NACIONALES","link":"https:\/\/lasprimeras.com.do\/index.php\/category\/nacionales\/"},"img":{"alt_text":"Digesett","src":"https:\/\/i0.wp.com\/lasprimeras.com.do\/wp-content\/uploads\/2024\/03\/Digesett-1.jpg?resize=350%2C200&ssl=1","width":350,"height":200},"classes":[]},{"id":77704,"url":"https:\/\/lasprimeras.com.do\/index.php\/2024\/02\/24\/digesett-continua-los-operativos-contra-motociclistas-que-violan-la-ley-de-transito\/","url_meta":{"origin":138764,"position":2},"title":"DIGESETT contin\u00faa los operativos contra motociclistas que violan la Ley de tr\u00e1nsito","author":"BIMARY DE JES\u00daS Matos","date":"24 de febrero de 2024","format":false,"excerpt":"Martin Restituyo Santo Domingo.-En lo que va de a\u00f1o han fiscalizado 61,738 motociclista por no llevar casco protector Con el objetivo de prevenir accidentes de tr\u00e1nsito, la Direcci\u00f3n General de Seguridad de Tr\u00e1nsito y Transporte Terrestre (DIGESETT) continua con los operativos a nivel nacional contra aquellos motociclistas que violan la\u2026","rel":"","context":"En \u00abNACIONALES\u00bb","block_context":{"text":"NACIONALES","link":"https:\/\/lasprimeras.com.do\/index.php\/category\/nacionales\/"},"img":{"alt_text":"","src":"https:\/\/i0.wp.com\/lasprimeras.com.do\/wp-content\/uploads\/2024\/02\/IMG-20240224-WA00561.jpg?resize=350%2C200&ssl=1","width":350,"height":200,"srcset":"https:\/\/i0.wp.com\/lasprimeras.com.do\/wp-content\/uploads\/2024\/02\/IMG-20240224-WA00561.jpg?resize=350%2C200&ssl=1 1x, https:\/\/i0.wp.com\/lasprimeras.com.do\/wp-content\/uploads\/2024\/02\/IMG-20240224-WA00561.jpg?resize=525%2C300&ssl=1 1.5x, https:\/\/i0.wp.com\/lasprimeras.com.do\/wp-content\/uploads\/2024\/02\/IMG-20240224-WA00561.jpg?resize=700%2C400&ssl=1 2x, https:\/\/i0.wp.com\/lasprimeras.com.do\/wp-content\/uploads\/2024\/02\/IMG-20240224-WA00561.jpg?resize=1050%2C600&ssl=1 3x"},"classes":[]},{"id":128066,"url":"https:\/\/lasprimeras.com.do\/index.php\/2026\/04\/19\/digesett-e-intrant-realizan-operativos-de-vehiculos-pesados-por-circular-en-carril-izquierdo\/","url_meta":{"origin":138764,"position":3},"title":"DIGESETT e INTRANT realizan operativos de veh\u00edculos pesados por circular en carril izquierdo","author":"Nelson Feliz","date":"19 de abril de 2026","format":false,"excerpt":"Un total de 213 veh\u00edculos pesados fueron fiscalizados esta semana por incumplir dicha disposici\u00f3n La Direcci\u00f3n General de Seguridad de Tr\u00e1nsito y Transporte Terrestre (DIGESETT), en coordinaci\u00f3n con el Instituto Nacional de Tr\u00e1nsito y Transporte Terrestre (INTRANT), se mantiene realizando operativos de fiscalizaci\u00f3n dirigido a veh\u00edculos pesados y de carga\u2026","rel":"","context":"En \u00abNACIONALES\u00bb","block_context":{"text":"NACIONALES","link":"https:\/\/lasprimeras.com.do\/index.php\/category\/nacionales\/"},"img":{"alt_text":"","src":"https:\/\/i0.wp.com\/lasprimeras.com.do\/wp-content\/uploads\/2026\/04\/VPC2.jpg?resize=350%2C200&ssl=1","width":350,"height":200,"srcset":"https:\/\/i0.wp.com\/lasprimeras.com.do\/wp-content\/uploads\/2026\/04\/VPC2.jpg?resize=350%2C200&ssl=1 1x, https:\/\/i0.wp.com\/lasprimeras.com.do\/wp-content\/uploads\/2026\/04\/VPC2.jpg?resize=525%2C300&ssl=1 1.5x, https:\/\/i0.wp.com\/lasprimeras.com.do\/wp-content\/uploads\/2026\/04\/VPC2.jpg?resize=700%2C400&ssl=1 2x"},"classes":[]},{"id":106939,"url":"https:\/\/lasprimeras.com.do\/index.php\/2025\/08\/21\/digesett-e-intrant-retiran-cabezotes-furgones-y-colas-de-patanas-en-avenidas-y-autopistas-del-gsd\/","url_meta":{"origin":138764,"position":4},"title":"DIGESETT e INTRANT retiran cabezotes, furgones y colas de patanas en avenidas y autopistas del GSD","author":"Nelson Feliz","date":"21 de agosto de 2025","format":false,"excerpt":"La Direcci\u00f3n General de Seguridad de Tr\u00e1nsito y Transporte Terrestre (DIGESETT) junto al Instituto Nacional de Tr\u00e1nsito y Transporte Terrestre (INTRANT), desarrollaron un operativo de retiro de cabezotes, furgones y colas de patanas dejados estacionados de manera indebida en autopistas, avenidas y calles de alto flujo vehicular. La jornada la\u2026","rel":"","context":"En \u00abNACIONALES\u00bb","block_context":{"text":"NACIONALES","link":"https:\/\/lasprimeras.com.do\/index.php\/category\/nacionales\/"},"img":{"alt_text":"","src":"https:\/\/i0.wp.com\/lasprimeras.com.do\/wp-content\/uploads\/2025\/08\/operativo.jpg?resize=350%2C200&ssl=1","width":350,"height":200,"srcset":"https:\/\/i0.wp.com\/lasprimeras.com.do\/wp-content\/uploads\/2025\/08\/operativo.jpg?resize=350%2C200&ssl=1 1x, https:\/\/i0.wp.com\/lasprimeras.com.do\/wp-content\/uploads\/2025\/08\/operativo.jpg?resize=525%2C300&ssl=1 1.5x"},"classes":[]},{"id":97209,"url":"https:\/\/lasprimeras.com.do\/index.php\/2025\/04\/17\/intrant-realizara-7000-inspecciones-vehiculares-para-garantizar-seguridad-vial-durante-semana-santa-2025\/","url_meta":{"origin":138764,"position":5},"title":"INTRANT realizar\u00e1 7,000 inspecciones vehiculares para garantizar seguridad vial durante Semana Santa 2025","author":"Nelson Feliz","date":"17 de abril de 2025","format":false,"excerpt":"A estas jornadas se incorporar\u00e1 pruebas de dopaje y alcoholemia, as\u00ed como al sector de motociclistas. El Instituto Nacional de Tr\u00e1nsito y Transporte Terrestre (Intrant), impactar\u00e1 siete mil unidades y sus choferes de autobuses de transporte urbano e interurbano con sus operativos de inspecci\u00f3n t\u00e9cnica visual, con el prop\u00f3sito de\u2026","rel":"","context":"En \u00abNACIONALES\u00bb","block_context":{"text":"NACIONALES","link":"https:\/\/lasprimeras.com.do\/index.php\/category\/nacionales\/"},"img":{"alt_text":"","src":"https:\/\/i0.wp.com\/lasprimeras.com.do\/wp-content\/uploads\/2025\/04\/intrant-1.jpg?resize=350%2C200&ssl=1","width":350,"height":200,"srcset":"https:\/\/i0.wp.com\/lasprimeras.com.do\/wp-content\/uploads\/2025\/04\/intrant-1.jpg?resize=350%2C200&ssl=1 1x, https:\/\/i0.wp.com\/lasprimeras.com.do\/wp-content\/uploads\/2025\/04\/intrant-1.jpg?resize=525%2C300&ssl=1 1.5x, https:\/\/i0.wp.com\/lasprimeras.com.do\/wp-content\/uploads\/2025\/04\/intrant-1.jpg?resize=700%2C400&ssl=1 2x"},"classes":[]}],"jetpack_sharing_enabled":true,"jetpack_featured_media_url":"https:\/\/lasprimeras.com.do\/wp-content\/uploads\/2025\/03\/DIGESETT.jpg","_links":{"self":[{"href":"https:\/\/lasprimeras.com.do\/index.php\/wp-json\/wp\/v2\/posts\/138764","targetHints":{"allow":["GET"]}}],"collection":[{"href":"https:\/\/lasprimeras.com.do\/index.php\/wp-json\/wp\/v2\/posts"}],"about":[{"href":"https:\/\/lasprimeras.com.do\/index.php\/wp-json\/wp\/v2\/types\/post"}],"author":[{"embeddable":true,"href":"https:\/\/lasprimeras.com.do\/index.php\/wp-json\/wp\/v2\/users\/10"}],"replies":[{"embeddable":true,"href":"https:\/\/lasprimeras.com.do\/index.php\/wp-json\/wp\/v2\/comments?post=138764"}],"version-history":[{"count":1,"href":"https:\/\/lasprimeras.com.do\/index.php\/wp-json\/wp\/v2\/posts\/138764\/revisions"}],"predecessor-version":[{"id":138765,"href":"https:\/\/lasprimeras.com.do\/index.php\/wp-json\/wp\/v2\/posts\/138764\/revisions\/138765"}],"wp:featuredmedia":[{"embeddable":true,"href":"https:\/\/lasprimeras.com.do\/index.php\/wp-json\/wp\/v2\/media\/95903"}],"wp:attachment":[{"href":"https:\/\/lasprimeras.com.do\/index.php\/wp-json\/wp\/v2\/media?parent=138764"}],"wp:term":[{"taxonomy":"category","embeddable":true,"href":"https:\/\/lasprimeras.com.do\/index.php\/wp-json\/wp\/v2\/categories?post=138764"},{"taxonomy":"post_tag","embeddable":true,"href":"https:\/\/lasprimeras.com.do\/index.php\/wp-json\/wp\/v2\/tags?post=138764"}],"curies":[{"name":"wp","href":"https:\/\/api.w.org\/{rel}","templated":true}]}}