{"id":138766,"date":"2026-09-02T07:08:16","date_gmt":"2026-09-02T11:08:16","guid":{"rendered":"https:\/\/lasprimeras.com.do\/?p=138766"},"modified":"2026-09-02T07:08:17","modified_gmt":"2026-09-02T11:08:17","slug":"banreservas-celebra-la-fidelidad-de-sus-clientes-preferentes-y-pymes-entre-aromas-y-sabores","status":"publish","type":"post","link":"https:\/\/lasprimeras.com.do\/index.php\/2026\/09\/02\/banreservas-celebra-la-fidelidad-de-sus-clientes-preferentes-y-pymes-entre-aromas-y-sabores\/","title":{"rendered":"Banreservas celebra la fidelidad de sus clientes preferentes y pymes entre aromas y sabores"},"content":{"rendered":"\n<p class=\"wp-block-paragraph\">Santo Domingo.- El Banco de Reservas celebr\u00f3 un encuentro especial con clientes de los segmentos Preferente y Pyme en Santo Domingo, concebido para agradecer su confianza y fortalecer los v\u00ednculos que la instituci\u00f3n mantiene con este importante grupo.<\/p>\n\n\n\n<p class=\"wp-block-paragraph\">La actividad reuni\u00f3 a clientes y ejecutivos en un ambiente c\u00e1lido, elegante y contempor\u00e1neo, donde se combinaron espacios de relacionamiento, orientaci\u00f3n financiera y experiencias gastron\u00f3micas e interactivas.<\/p>\n\n\n\n<p class=\"wp-block-paragraph\">El vicepresidente ejecutivo senior de Negocios de Banreservas, Ysidro Garc\u00eda, quien habl\u00f3 en representaci\u00f3n del presidente ejecutivo de la entidad, doctor Leonardo Aguilera, agradeci\u00f3 la confianza de los asistentes y destac\u00f3 la importancia de mantener una relaci\u00f3n cercana con quienes forman parte del desarrollo y dinamismo de los distintos sectores productivos del pa\u00eds.<\/p>\n\n\n\n<figure class=\"wp-block-image size-large\"><img decoding=\"async\" width=\"655\" height=\"1024\" src=\"https:\/\/lasprimeras.com.do\/wp-content\/uploads\/2026\/09\/615285-655x1024.jpg\" alt=\"\" class=\"wp-image-138768\" srcset=\"https:\/\/lasprimeras.com.do\/wp-content\/uploads\/2026\/09\/615285-655x1024.jpg 655w, https:\/\/lasprimeras.com.do\/wp-content\/uploads\/2026\/09\/615285-192x300.jpg 192w, https:\/\/lasprimeras.com.do\/wp-content\/uploads\/2026\/09\/615285-768x1200.jpg 768w, https:\/\/lasprimeras.com.do\/wp-content\/uploads\/2026\/09\/615285.jpg 890w\" sizes=\"(max-width: 655px) 100vw, 655px\" \/><\/figure>\n\n\n\n<p class=\"wp-block-paragraph\">Asimismo, reafirm\u00f3 el compromiso de Banreservas de continuar ofreciendo soluciones financieras adaptadas a las necesidades de sus clientes, contribuyendo al fortalecimiento de sus proyectos personales y empresariales.<\/p>\n\n\n\n<figure class=\"wp-block-image size-large\"><img decoding=\"async\" width=\"1024\" height=\"682\" src=\"https:\/\/lasprimeras.com.do\/wp-content\/uploads\/2026\/09\/615293-1024x682.jpg\" alt=\"\" class=\"wp-image-138769\" srcset=\"https:\/\/lasprimeras.com.do\/wp-content\/uploads\/2026\/09\/615293-1024x682.jpg 1024w, https:\/\/lasprimeras.com.do\/wp-content\/uploads\/2026\/09\/615293-300x200.jpg 300w, https:\/\/lasprimeras.com.do\/wp-content\/uploads\/2026\/09\/615293-767x511.jpg 767w, https:\/\/lasprimeras.com.do\/wp-content\/uploads\/2026\/09\/615293-1536x1023.jpg 1536w, https:\/\/lasprimeras.com.do\/wp-content\/uploads\/2026\/09\/615293.jpg 1600w\" sizes=\"(max-width: 1024px) 100vw, 1024px\" \/><\/figure>\n\n\n\n<p class=\"wp-block-paragraph\">Durante la velada, los invitados compartieron con ejecutivos de negocios de la instituci\u00f3n mientras disfrutaban de una propuesta musical a cargo de la agrupaci\u00f3n Clara y Los Funkers, que fusion\u00f3 ritmos de soul, funk y rock.<\/p>\n\n\n\n<p class=\"wp-block-paragraph\">La experiencia incluy\u00f3 cocteles de autor, chocolates elaborados con un 70 % de cacao y una selecci\u00f3n de platillos especiales, acompa\u00f1ados de una ambientaci\u00f3n con aromas frescos y relajantes.<\/p>\n\n\n\n<figure class=\"wp-block-image size-large\"><img decoding=\"async\" width=\"1024\" height=\"662\" src=\"https:\/\/lasprimeras.com.do\/wp-content\/uploads\/2026\/09\/615301-1024x662.jpg\" alt=\"\" class=\"wp-image-138770\" srcset=\"https:\/\/lasprimeras.com.do\/wp-content\/uploads\/2026\/09\/615301-1024x662.jpg 1024w, https:\/\/lasprimeras.com.do\/wp-content\/uploads\/2026\/09\/615301-300x194.jpg 300w, https:\/\/lasprimeras.com.do\/wp-content\/uploads\/2026\/09\/615301-768x496.jpg 768w, https:\/\/lasprimeras.com.do\/wp-content\/uploads\/2026\/09\/615301-1536x993.jpg 1536w, https:\/\/lasprimeras.com.do\/wp-content\/uploads\/2026\/09\/615301.jpg 1600w\" sizes=\"(max-width: 1024px) 100vw, 1024px\" \/><\/figure>\n\n\n\n<p class=\"wp-block-paragraph\">Los asistentes tambi\u00e9n pudieron disfrutar de demostraciones preparadas especialmente para la ocasi\u00f3n.<\/p>\n\n\n\n<p class=\"wp-block-paragraph\">Con iniciativas como esta, Banreservas procura estrechar su relaci\u00f3n con sus clientes y propiciar escenarios que favorezcan el intercambio de experiencias, la generaci\u00f3n de oportunidades y el desarrollo de nuevas conexiones.<\/p>\n","protected":false},"excerpt":{"rendered":"<p>Santo Domingo.- El Banco de Reservas celebr\u00f3 un encuentro especial con clientes de los segmentos Preferente y Pyme en Santo Domingo, concebido para agradecer su confianza y fortalecer los v\u00ednculos&hellip;<\/p>\n","protected":false},"author":10,"featured_media":138767,"comment_status":"open","ping_status":"open","sticky":false,"template":"","format":"standard","meta":{"content-type":"","_jetpack_newsletter_access":"","_jetpack_dont_email_post_to_subs":false,"_jetpack_newsletter_tier_id":0,"_jetpack_memberships_contains_paywalled_content":false,"_jetpack_feature_clip_id":0,"_jetpack_memberships_contains_paid_content":false,"footnotes":"","jetpack_post_was_ever_published":false},"categories":[25],"tags":[726,10365],"class_list":["post-138766","post","type-post","status-publish","format-standard","has-post-thumbnail","hentry","category-portada","tag-banreservas","tag-pymes"],"jetpack-related-posts":[{"id":115230,"url":"https:\/\/lasprimeras.com.do\/index.php\/2025\/11\/20\/banreservas-lidera-creditos-bancarios-para-mujeres-con-el-42\/","url_meta":{"origin":138766,"position":0},"title":"Banreservas lidera cr\u00e9ditos bancarios para mujeres con el 42%","author":"Nelson Feliz","date":"20 de noviembre de 2025","format":false,"excerpt":"La instituci\u00f3n financiera realiza tradicional encuentro navide\u00f1o para fortalecer relaci\u00f3n de negocios con clientes de Santo Domingo El presidente ejecutivo del Banco de Reservas, doctor Leonardo Aguilera, afirm\u00f3 que la instituci\u00f3n financiera encabeza la lista de los bancos que m\u00e1s cr\u00e9ditos otorgan a las mujeres en la Rep\u00fablica Dominicana, con\u2026","rel":"","context":"En \u00abECONOM\u00cdA\u00bb","block_context":{"text":"ECONOM\u00cdA","link":"https:\/\/lasprimeras.com.do\/index.php\/category\/economia\/"},"img":{"alt_text":"","src":"https:\/\/i0.wp.com\/lasprimeras.com.do\/wp-content\/uploads\/2025\/11\/Leonardo-Aguilera.jpg?resize=350%2C200&ssl=1","width":350,"height":200,"srcset":"https:\/\/i0.wp.com\/lasprimeras.com.do\/wp-content\/uploads\/2025\/11\/Leonardo-Aguilera.jpg?resize=350%2C200&ssl=1 1x, https:\/\/i0.wp.com\/lasprimeras.com.do\/wp-content\/uploads\/2025\/11\/Leonardo-Aguilera.jpg?resize=525%2C300&ssl=1 1.5x, https:\/\/i0.wp.com\/lasprimeras.com.do\/wp-content\/uploads\/2025\/11\/Leonardo-Aguilera.jpg?resize=700%2C400&ssl=1 2x"},"classes":[]},{"id":113346,"url":"https:\/\/lasprimeras.com.do\/index.php\/2025\/11\/01\/expomovil-banreservas-2025-capta-gran-interes-de-clientes-a-nivel-nacional\/","url_meta":{"origin":138766,"position":1},"title":"ExpoM\u00f3vil Banreservas 2025 capta gran inter\u00e9s de clientes a nivel nacional","author":"Nelson Feliz","date":"1 de noviembre de 2025","format":false,"excerpt":"La Expo M\u00f3vil Banreservas 2025 se desarrolla con gran aceptaci\u00f3n y una notable afluencia de clientes que visitan este fin de semana las instalaciones de m\u00e1s de 350 dealers y concesionarios en todo el pa\u00eds, interesados en adquirir el veh\u00edculo de su preferencia con tasas desde 5.84% y condiciones especiales\u2026","rel":"","context":"En \u00abECONOM\u00cdA\u00bb","block_context":{"text":"ECONOM\u00cdA","link":"https:\/\/lasprimeras.com.do\/index.php\/category\/economia\/"},"img":{"alt_text":"","src":"https:\/\/i0.wp.com\/lasprimeras.com.do\/wp-content\/uploads\/2025\/10\/Banreservas-6.jpg?resize=350%2C200&ssl=1","width":350,"height":200,"srcset":"https:\/\/i0.wp.com\/lasprimeras.com.do\/wp-content\/uploads\/2025\/10\/Banreservas-6.jpg?resize=350%2C200&ssl=1 1x, https:\/\/i0.wp.com\/lasprimeras.com.do\/wp-content\/uploads\/2025\/10\/Banreservas-6.jpg?resize=525%2C300&ssl=1 1.5x, https:\/\/i0.wp.com\/lasprimeras.com.do\/wp-content\/uploads\/2025\/10\/Banreservas-6.jpg?resize=700%2C400&ssl=1 2x"},"classes":[]},{"id":113410,"url":"https:\/\/lasprimeras.com.do\/index.php\/2025\/11\/02\/expomovil-banreservas-cierracon-financiamientos-por-mas-de-rs8653-millones\/","url_meta":{"origin":138766,"position":2},"title":"Expom\u00f3vil Banreservas cierracon financiamientos por m\u00e1s de RS$8,653 millones","author":"Nelson Feliz","date":"2 de noviembre de 2025","format":false,"excerpt":"Leonardo Aguilera resalta que la feria dinamiza el sector automotriz; tambi\u00e9n respalda a familias y empresas para adquirir su medio de transporte El Banco de Reservas cerr\u00f3 este domingo su tradicional feria de veh\u00edculos con financiamientos que superaron los RD$8,653 millones, durante la cual el sector automotriz vendi\u00f3 m\u00e1s de\u2026","rel":"","context":"En \u00abECONOM\u00cdA\u00bb","block_context":{"text":"ECONOM\u00cdA","link":"https:\/\/lasprimeras.com.do\/index.php\/category\/economia\/"},"img":{"alt_text":"","src":"https:\/\/i0.wp.com\/lasprimeras.com.do\/wp-content\/uploads\/2025\/11\/AGUILERA-1.jpg?resize=350%2C200&ssl=1","width":350,"height":200,"srcset":"https:\/\/i0.wp.com\/lasprimeras.com.do\/wp-content\/uploads\/2025\/11\/AGUILERA-1.jpg?resize=350%2C200&ssl=1 1x, https:\/\/i0.wp.com\/lasprimeras.com.do\/wp-content\/uploads\/2025\/11\/AGUILERA-1.jpg?resize=525%2C300&ssl=1 1.5x, https:\/\/i0.wp.com\/lasprimeras.com.do\/wp-content\/uploads\/2025\/11\/AGUILERA-1.jpg?resize=700%2C400&ssl=1 2x"},"classes":[]},{"id":132921,"url":"https:\/\/lasprimeras.com.do\/index.php\/2026\/06\/08\/banreservas-inaugura-oficina-de-negocios-en-plaza-paseo-27-de-santo-domingo-oeste\/","url_meta":{"origin":138766,"position":3},"title":"Banreservas inaugura oficina de negocios en Plaza Paseo 27 de Santo Domingo Oeste","author":"Nelson Feliz","date":"8 de junio de 2026","format":false,"excerpt":"El presidente ejecutivo del banco destac\u00f3 el compromiso de la entidad de estar presente dondequiera que est\u00e9n los dominicanos Santo Domingo. \u2013 El Banco de Reservas inaugur\u00f3 una oficina de negocios en Plaza Paseo 27, en Santo Domingo Oeste, como parte de su estrategia de expansi\u00f3n y cercan\u00eda con los\u2026","rel":"","context":"En \u00abECONOM\u00cdA\u00bb","block_context":{"text":"ECONOM\u00cdA","link":"https:\/\/lasprimeras.com.do\/index.php\/category\/economia\/"},"img":{"alt_text":"El presidente ejecutivo de Banreservas, Leonardo Aguilera, pronuncia unas palabras durante el acto inaugural de la nueva oficina comercial en Plaza Paseo 27.","src":"https:\/\/i0.wp.com\/lasprimeras.com.do\/wp-content\/uploads\/2026\/06\/Banreservas-1.jpg?resize=350%2C200&ssl=1","width":350,"height":200,"srcset":"https:\/\/i0.wp.com\/lasprimeras.com.do\/wp-content\/uploads\/2026\/06\/Banreservas-1.jpg?resize=350%2C200&ssl=1 1x, https:\/\/i0.wp.com\/lasprimeras.com.do\/wp-content\/uploads\/2026\/06\/Banreservas-1.jpg?resize=525%2C300&ssl=1 1.5x, https:\/\/i0.wp.com\/lasprimeras.com.do\/wp-content\/uploads\/2026\/06\/Banreservas-1.jpg?resize=700%2C400&ssl=1 2x"},"classes":[]},{"id":125396,"url":"https:\/\/lasprimeras.com.do\/index.php\/2026\/03\/22\/tercera-feria-inmobiliaria-banreservas-en-ny-y-lawrence-cierra-con-financiamientos-que-superan-los-rd5118-millones\/","url_meta":{"origin":138766,"position":4},"title":"Tercera Feria Inmobiliaria Banreservas en NY y Lawrence cierra con financiamientos que superan los RD$5,118 millones","author":"Nelson Feliz","date":"22 de marzo de 2026","format":false,"excerpt":"La edici\u00f3n 2026 alcanz\u00f3 un cierre hist\u00f3rico, con un crecimiento superior al 65 % en financiamientos en comparaci\u00f3n con el pasado a\u00f1o. Massachusetts.\u2013 La Tercera Feria Inmobiliaria del Banco de Reservas celebrada en Nueva York y Lawrence cerr\u00f3 con financiamientos que superan los RD$5,118 millones, evidenciando un crecimiento significativo en\u2026","rel":"","context":"En \u00abECONOM\u00cdA\u00bb","block_context":{"text":"ECONOM\u00cdA","link":"https:\/\/lasprimeras.com.do\/index.php\/category\/economia\/"},"img":{"alt_text":"Leonardo Aguilera","src":"https:\/\/i0.wp.com\/lasprimeras.com.do\/wp-content\/uploads\/2026\/03\/Leonardo-Aguilera-2.jpg?resize=350%2C200&ssl=1","width":350,"height":200,"srcset":"https:\/\/i0.wp.com\/lasprimeras.com.do\/wp-content\/uploads\/2026\/03\/Leonardo-Aguilera-2.jpg?resize=350%2C200&ssl=1 1x, https:\/\/i0.wp.com\/lasprimeras.com.do\/wp-content\/uploads\/2026\/03\/Leonardo-Aguilera-2.jpg?resize=525%2C300&ssl=1 1.5x, https:\/\/i0.wp.com\/lasprimeras.com.do\/wp-content\/uploads\/2026\/03\/Leonardo-Aguilera-2.jpg?resize=700%2C400&ssl=1 2x"},"classes":[]},{"id":135297,"url":"https:\/\/lasprimeras.com.do\/index.php\/2026\/07\/22\/banreservas-inaugura-oficina-en-el-centro-de-retencion-de-vehiculos-de-pedro-brand\/","url_meta":{"origin":138766,"position":5},"title":"Banreservas inaugura oficina en el Centro de Retenci\u00f3n de Veh\u00edculos de Pedro Brand","author":"Nelson Feliz","date":"22 de julio de 2026","format":false,"excerpt":"El doctor Leonardo Aguilera destaca que la expansi\u00f3n de Banreservas busca acercar los servicios financieros y contribuir al bienestar de los dominicanosSanto Domingo.\u2013 El Banco de Reservas inaugur\u00f3 una nueva oficina en el Centro de Retenci\u00f3n de Veh\u00edculos de Pedro Brand, con el prop\u00f3sito de acercar sus servicios financieros a\u2026","rel":"","context":"En \u00abPORTADA\u00bb","block_context":{"text":"PORTADA","link":"https:\/\/lasprimeras.com.do\/index.php\/category\/portada\/"},"img":{"alt_text":"","src":"https:\/\/i0.wp.com\/lasprimeras.com.do\/wp-content\/uploads\/2026\/07\/IMG-20260722-WA0010.jpg?resize=350%2C200&ssl=1","width":350,"height":200,"srcset":"https:\/\/i0.wp.com\/lasprimeras.com.do\/wp-content\/uploads\/2026\/07\/IMG-20260722-WA0010.jpg?resize=350%2C200&ssl=1 1x, https:\/\/i0.wp.com\/lasprimeras.com.do\/wp-content\/uploads\/2026\/07\/IMG-20260722-WA0010.jpg?resize=525%2C300&ssl=1 1.5x, https:\/\/i0.wp.com\/lasprimeras.com.do\/wp-content\/uploads\/2026\/07\/IMG-20260722-WA0010.jpg?resize=700%2C400&ssl=1 2x, https:\/\/i0.wp.com\/lasprimeras.com.do\/wp-content\/uploads\/2026\/07\/IMG-20260722-WA0010.jpg?resize=1050%2C600&ssl=1 3x"},"classes":[]}],"jetpack_sharing_enabled":true,"jetpack_featured_media_url":"https:\/\/lasprimeras.com.do\/wp-content\/uploads\/2026\/09\/IMG-20260901-WA0597.jpg","_links":{"self":[{"href":"https:\/\/lasprimeras.com.do\/index.php\/wp-json\/wp\/v2\/posts\/138766","targetHints":{"allow":["GET"]}}],"collection":[{"href":"https:\/\/lasprimeras.com.do\/index.php\/wp-json\/wp\/v2\/posts"}],"about":[{"href":"https:\/\/lasprimeras.com.do\/index.php\/wp-json\/wp\/v2\/types\/post"}],"author":[{"embeddable":true,"href":"https:\/\/lasprimeras.com.do\/index.php\/wp-json\/wp\/v2\/users\/10"}],"replies":[{"embeddable":true,"href":"https:\/\/lasprimeras.com.do\/index.php\/wp-json\/wp\/v2\/comments?post=138766"}],"version-history":[{"count":1,"href":"https:\/\/lasprimeras.com.do\/index.php\/wp-json\/wp\/v2\/posts\/138766\/revisions"}],"predecessor-version":[{"id":138771,"href":"https:\/\/lasprimeras.com.do\/index.php\/wp-json\/wp\/v2\/posts\/138766\/revisions\/138771"}],"wp:featuredmedia":[{"embeddable":true,"href":"https:\/\/lasprimeras.com.do\/index.php\/wp-json\/wp\/v2\/media\/138767"}],"wp:attachment":[{"href":"https:\/\/lasprimeras.com.do\/index.php\/wp-json\/wp\/v2\/media?parent=138766"}],"wp:term":[{"taxonomy":"category","embeddable":true,"href":"https:\/\/lasprimeras.com.do\/index.php\/wp-json\/wp\/v2\/categories?post=138766"},{"taxonomy":"post_tag","embeddable":true,"href":"https:\/\/lasprimeras.com.do\/index.php\/wp-json\/wp\/v2\/tags?post=138766"}],"curies":[{"name":"wp","href":"https:\/\/api.w.org\/{rel}","templated":true}]}}