{"id":138796,"date":"2026-09-02T09:16:24","date_gmt":"2026-09-02T13:16:24","guid":{"rendered":"https:\/\/lasprimeras.com.do\/?p=138796"},"modified":"2026-09-02T09:16:28","modified_gmt":"2026-09-02T13:16:28","slug":"felix-tavarez-gobierno-agravo-la-crisis-electrica","status":"publish","type":"post","link":"https:\/\/lasprimeras.com.do\/index.php\/2026\/09\/02\/felix-tavarez-gobierno-agravo-la-crisis-electrica\/","title":{"rendered":"F\u00e9lix Tav\u00e1rez: Gobierno agrav\u00f3 la crisis el\u00e9ctrica"},"content":{"rendered":"\n<p class=\"wp-block-paragraph\">El vicesecretario de Energ\u00eda de la Fuerza del Pueblo y exadministrador general de EDENORTE afirm\u00f3 que el aumento de las p\u00e9rdidas, los apagones y las facturas el\u00e9ctricas evidencia seis a\u00f1os de improvisaci\u00f3n y deterioro administrativo en las empresas distribuidoras.<\/p>\n\n\n\n<p class=\"wp-block-paragraph\">Santiago.\u2013 El ingeniero F\u00e9lix Tav\u00e1rez afirm\u00f3 que la crisis que atraviesa el sistema el\u00e9ctrico dominicano no puede seguir siendo presentada por el Gobierno como una dificultad heredada, debido a que, despu\u00e9s de seis a\u00f1os de administraci\u00f3n del Partido Revolucionario Moderno, los principales indicadores de las empresas distribuidoras muestran un marcado deterioro.<\/p>\n\n\n\n<p class=\"wp-block-paragraph\">Tav\u00e1rez habl\u00f3 en su condici\u00f3n de vicesecretario de la Secretar\u00eda de Energ\u00eda de la Fuerza del Pueblo, miembro de la Direcci\u00f3n Central y de la Direcci\u00f3n Municipal de Santiago, as\u00ed como desde la experiencia acumulada como exadministrador general de la Empresa Distribuidora de Electricidad del Norte, EDENORTE.<\/p>\n\n\n\n<p class=\"wp-block-paragraph\">El dirigente pol\u00edtico sostuvo que los apagones, las quejas por facturas excesivas y el crecimiento de las p\u00e9rdidas operativas revelan que el Gobierno carece de una pol\u00edtica consistente para administrar las distribuidoras, modernizar las redes y garantizar un servicio estable a los hogares, comercios e industrias.<\/p>\n\n\n\n<p class=\"wp-block-paragraph\">Sus declaraciones se producen en momentos en que informes del propio sector indican que las p\u00e9rdidas de las tres empresas distribuidoras rondaban el 39 % a mayo de 2026, mientras EDENORTE registraba alrededor de un 26.1 %.<\/p>\n\n\n\n<p class=\"wp-block-paragraph\">Esto significa que una parte considerable de la energ\u00eda comprada por el Estado no es facturada o no llega a cobrarse.<\/p>\n\n\n\n<p class=\"wp-block-paragraph\">D\u00e9ficit casi se triplic\u00f3<\/p>\n\n\n\n<p class=\"wp-block-paragraph\">Tav\u00e1rez advirti\u00f3 que el deterioro financiero de las distribuidoras contradice el discurso gubernamental de eficiencia y modernizaci\u00f3n.<\/p>\n\n\n\n<p class=\"wp-block-paragraph\">De acuerdo con el documento presentado por la Secretar\u00eda de Energ\u00eda de la Fuerza del Pueblo, el d\u00e9ficit de las EDE pas\u00f3 de aproximadamente US$578 millones en 2020 a US$1,659 millones en 2025, una cifra cercana al triple en apenas cinco a\u00f1os.<\/p>\n\n\n\n<p class=\"wp-block-paragraph\">La organizaci\u00f3n opositora calcula, adem\u00e1s, que entre agosto de 2020 y mayo de 2026 el Estado transfiri\u00f3 cerca de US$8,450 millones, equivalentes a unos RD$500,000 millones, para cubrir los d\u00e9ficits y las ineficiencias de las distribuidoras.<\/p>\n\n\n\n<p class=\"wp-block-paragraph\">Para Tav\u00e1rez, esos resultados demuestran que el problema el\u00e9ctrico dej\u00f3 de ser \u00fanicamente t\u00e9cnico y se convirti\u00f3 en una expresi\u00f3n del fracaso administrativo del Gobierno.<\/p>\n\n\n\n<p class=\"wp-block-paragraph\">Indic\u00f3 que mientras las familias soportan interrupciones prolongadas, fluctuaciones del voltaje y aumentos dif\u00edciles de explicar en sus facturas.<\/p>\n\n\n\n<p class=\"wp-block-paragraph\">El Estado destina cada vez m\u00e1s recursos p\u00fablicos a mantener operando un modelo que no reduce las p\u00e9rdidas ni mejora de manera perceptible la calidad del servicio.<\/p>\n\n\n\n<p class=\"wp-block-paragraph\">El pueblo paga la ineficiencia<\/p>\n\n\n\n<p class=\"wp-block-paragraph\">El exadministrador de EDENORTE cuestion\u00f3 que se pretenda trasladar nuevamente el costo de la crisis a los consumidores mediante eventuales reajustes tarifarios, sin que antes el Gobierno explique por qu\u00e9 aumentaron las p\u00e9rdidas, el d\u00e9ficit y las transferencias presupuestarias.<\/p>\n\n\n\n<p class=\"wp-block-paragraph\">Solo durante el primer semestre de 2026 las distribuidoras consumieron RD$68,744 millones, equivalentes al 74.3 % de los recursos presupuestados para todo el a\u00f1o como subsidio el\u00e9ctrico.<\/p>\n\n\n\n<p class=\"wp-block-paragraph\">De mantenerse esa tendencia, el gasto podr\u00eda superar los RD$137,000 millones al finalizar el per\u00edodo.<\/p>\n\n\n\n<p class=\"wp-block-paragraph\">Tav\u00e1rez consider\u00f3 injustificable que los ciudadanos sean obligados a pagar facturas m\u00e1s elevadas mientras reciben un servicio caracterizado por interrupciones y deficiencias.<\/p>\n\n\n\n<p class=\"wp-block-paragraph\">Se\u00f1al\u00f3 que cualquier variaci\u00f3n considerable en la facturaci\u00f3n debe estar sustentada en mediciones verificables y debe poder ser reclamada mediante mecanismos que protejan realmente al usuario.<\/p>\n\n\n\n<p class=\"wp-block-paragraph\">La Fuerza del Pueblo ha advertido que numerosos consumidores sienten que sus reclamaciones ante las distribuidoras y posteriormente ante la Oficina de Protecci\u00f3n al Consumidor de Electricidad, PROTECOM, no reciben respuestas satisfactorias.<\/p>\n\n\n\n<p class=\"wp-block-paragraph\">Seis a\u00f1os eliminan cualquier excusa<\/p>\n\n\n\n<p class=\"wp-block-paragraph\">El dirigente de la Fuerza del Pueblo sostuvo que seis a\u00f1os representan tiempo suficiente para establecer metas, ejecutar inversiones, modernizar las redes, profesionalizar las distribuidoras y reducir las p\u00e9rdidas.<\/p>\n\n\n\n<p class=\"wp-block-paragraph\">Afirm\u00f3 que el Gobierno no puede continuar sustituyendo funcionarios, anunciando planes y ofreciendo explicaciones mientras el ciudadano sigue padeciendo apagones y observando c\u00f3mo aumenta su factura.<\/p>\n\n\n\n<p class=\"wp-block-paragraph\">Tav\u00e1rez reclam\u00f3 una revisi\u00f3n profunda de la gesti\u00f3n de las EDE, la ejecuci\u00f3n transparente de inversiones, el fortalecimiento de las redes de distribuci\u00f3n, la reducci\u00f3n comprobable de las p\u00e9rdidas y la evaluaci\u00f3n de los administradores conforme a resultados concretos.<\/p>\n\n\n\n<p class=\"wp-block-paragraph\">Sostuvo que el pa\u00eds no necesita m\u00e1s campa\u00f1as publicitarias para presentar como avances lo que la poblaci\u00f3n no siente en sus hogares y negocios.<\/p>\n\n\n\n<p class=\"wp-block-paragraph\">Necesita electricidad estable, facturaci\u00f3n confiable, autoridades que respondan por sus decisiones y una administraci\u00f3n que deje de convertir la ineficiencia en una carga permanente para el presupuesto nacional.<\/p>\n\n\n\n<p class=\"wp-block-paragraph\">El vicesecretario de Energ\u00eda concluy\u00f3 que el deterioro del sistema el\u00e9ctrico constituye una de las demostraciones m\u00e1s evidentes de la incapacidad administrativa del Gobierno del PRM, porque mientras aumentan el d\u00e9ficit, las p\u00e9rdidas y los subsidios, la poblaci\u00f3n contin\u00faa pagando m\u00e1s por un servicio que no mejora.<\/p>\n","protected":false},"excerpt":{"rendered":"<p>El vicesecretario de Energ\u00eda de la Fuerza del Pueblo y exadministrador general de EDENORTE afirm\u00f3 que el aumento de las p\u00e9rdidas, los apagones y las facturas el\u00e9ctricas evidencia seis a\u00f1os&hellip;<\/p>\n","protected":false},"author":10,"featured_media":138797,"comment_status":"open","ping_status":"open","sticky":false,"template":"","format":"standard","meta":{"content-type":"","_jetpack_newsletter_access":"","_jetpack_dont_email_post_to_subs":false,"_jetpack_newsletter_tier_id":0,"_jetpack_memberships_contains_paywalled_content":false,"_jetpack_feature_clip_id":0,"_jetpack_memberships_contains_paid_content":false,"footnotes":"","jetpack_post_was_ever_published":false},"categories":[39],"tags":[36212],"class_list":["post-138796","post","type-post","status-publish","format-standard","has-post-thumbnail","hentry","category-economia","tag-felix-tavarez"],"jetpack-related-posts":[{"id":114855,"url":"https:\/\/lasprimeras.com.do\/index.php\/2025\/11\/17\/jhael-isa-tavarez-es-juramentado-como-nuevo-director-de-la-opret\/","url_meta":{"origin":138796,"position":0},"title":"Jhael Isa Tav\u00e1rez es juramentado como nuevo director de la Opret","author":"Nelson Feliz","date":"17 de noviembre de 2025","format":false,"excerpt":"Fungir\u00e1 como director ejecutivo honor\u00edfico del Fitram y participar\u00e1 en su Consejo T\u00e9cnico con voz, pero sin voto. El ministro de Obras P\u00fablicas, Eduardo Estrella, jurament\u00f3 este lunes al ingeniero Jhael Isa Tav\u00e1rez, designado por el presidente Luis Abinader como nuevo director de la Oficina Para el Reordenamiento del Transporte\u2026","rel":"","context":"En \u00abNACIONALES\u00bb","block_context":{"text":"NACIONALES","link":"https:\/\/lasprimeras.com.do\/index.php\/category\/nacionales\/"},"img":{"alt_text":"El ministro de Obras P\u00fablicas, Eduardo Estrella, juramenta al ingeniero Jhael Isa Tav\u00e1rez como nuevo director de la Oficina Para el Reordenamiento del Transporte (Opret).","src":"https:\/\/i0.wp.com\/lasprimeras.com.do\/wp-content\/uploads\/2025\/11\/Jhael-Isa-Tavarez-1.jpg?resize=350%2C200&ssl=1","width":350,"height":200,"srcset":"https:\/\/i0.wp.com\/lasprimeras.com.do\/wp-content\/uploads\/2025\/11\/Jhael-Isa-Tavarez-1.jpg?resize=350%2C200&ssl=1 1x, https:\/\/i0.wp.com\/lasprimeras.com.do\/wp-content\/uploads\/2025\/11\/Jhael-Isa-Tavarez-1.jpg?resize=525%2C300&ssl=1 1.5x, https:\/\/i0.wp.com\/lasprimeras.com.do\/wp-content\/uploads\/2025\/11\/Jhael-Isa-Tavarez-1.jpg?resize=700%2C400&ssl=1 2x"},"classes":[]},{"id":113770,"url":"https:\/\/lasprimeras.com.do\/index.php\/2025\/11\/05\/abogado-denuncia-entramado-sospechoso-en-estafas-electronicas-en-santiago\/","url_meta":{"origin":138796,"position":1},"title":"Abogado denuncia entramado sospechoso en estafas electr\u00f3nicas en Santiago","author":"Nelson Feliz","date":"5 de noviembre de 2025","format":false,"excerpt":"El abogado Leonardo Tav\u00e1rez Valerio denunci\u00f3 la existencia de un entramado sospechoso en los procesos judiciales relacionados con denuncias de estafas electr\u00f3nicas que se cometen a trav\u00e9s de las redes sociales en la ciudad de Santiago, lo que, seg\u00fan afirma, est\u00e1 generando un clima de impunidad y desesperanza entre las\u2026","rel":"","context":"En \u00abNACIONALES\u00bb","block_context":{"text":"NACIONALES","link":"https:\/\/lasprimeras.com.do\/index.php\/category\/nacionales\/"},"img":{"alt_text":"","src":"https:\/\/i0.wp.com\/lasprimeras.com.do\/wp-content\/uploads\/2025\/11\/LEONARDO-TAVAREZ.jpg?resize=350%2C200&ssl=1","width":350,"height":200,"srcset":"https:\/\/i0.wp.com\/lasprimeras.com.do\/wp-content\/uploads\/2025\/11\/LEONARDO-TAVAREZ.jpg?resize=350%2C200&ssl=1 1x, https:\/\/i0.wp.com\/lasprimeras.com.do\/wp-content\/uploads\/2025\/11\/LEONARDO-TAVAREZ.jpg?resize=525%2C300&ssl=1 1.5x"},"classes":[]},{"id":88733,"url":"https:\/\/lasprimeras.com.do\/index.php\/2024\/09\/04\/sector-electrico-en-el-gobierno-del-prm-ha-retrocedido-catorce-anos-denuncia-fabio-pena\/","url_meta":{"origin":138796,"position":2},"title":"Sector el\u00e9ctrico en el gobierno del PRM ha retrocedido catorce a\u00f1os, denuncia Fabio Pe\u00f1a","author":"Nelson Feliz","date":"4 de septiembre de 2024","format":false,"excerpt":"El subsecretario de Energ\u00eda y Minas del Partido de la Liberaci\u00f3n Dominicana (PLD), Fabio Pe\u00f1a, afirm\u00f3 que continuar\u00e1 el deterioro en el servicio el\u00e9ctrico, apuntando que dicho sector ha retrocedido catorce a\u00f1os. Pe\u00f1a intervino en la rueda de prensa de la Secretar\u00eda de Energ\u00eda y Minas del PLD, respondiendo una\u2026","rel":"","context":"En \u00abPORTADA\u00bb","block_context":{"text":"PORTADA","link":"https:\/\/lasprimeras.com.do\/index.php\/category\/portada\/"},"img":{"alt_text":"Fabio Pe\u00f1a","src":"https:\/\/i0.wp.com\/lasprimeras.com.do\/wp-content\/uploads\/2024\/09\/Fabio-Pena.jpg?resize=350%2C200&ssl=1","width":350,"height":200,"srcset":"https:\/\/i0.wp.com\/lasprimeras.com.do\/wp-content\/uploads\/2024\/09\/Fabio-Pena.jpg?resize=350%2C200&ssl=1 1x, https:\/\/i0.wp.com\/lasprimeras.com.do\/wp-content\/uploads\/2024\/09\/Fabio-Pena.jpg?resize=525%2C300&ssl=1 1.5x, https:\/\/i0.wp.com\/lasprimeras.com.do\/wp-content\/uploads\/2024\/09\/Fabio-Pena.jpg?resize=700%2C400&ssl=1 2x"},"classes":[]},{"id":116512,"url":"https:\/\/lasprimeras.com.do\/index.php\/2025\/11\/28\/62-anos-del-levantamiento-armado-encabezado-por-manolo-tavarez-justo\/","url_meta":{"origin":138796,"position":3},"title":"62 a\u00f1os del levantamiento armado encabezado por Manolo Tav\u00e1rez Justo","author":"Nelson Feliz","date":"28 de noviembre de 2025","format":false,"excerpt":"El movimiento guerrillero cre\u00f3 las condiciones para la Guerra de Abril de 1965. El Partido de la Liberaci\u00f3n Dominicana (PLD) en el segmento de efem\u00e9rides de sus portales y en su \u00f3rgano escrito, Vanguardia del Pueblo, recuerda el alzamiento guerrillero del Movimiento Revolucionario 14 de Junio, liderado por Manuel Aurelio\u2026","rel":"","context":"En \u00abHISTORIA\u00bb","block_context":{"text":"HISTORIA","link":"https:\/\/lasprimeras.com.do\/index.php\/category\/historia\/"},"img":{"alt_text":"","src":"https:\/\/i0.wp.com\/lasprimeras.com.do\/wp-content\/uploads\/2025\/12\/Manolo-Tavarez-Justo.jpg?resize=350%2C200&ssl=1","width":350,"height":200,"srcset":"https:\/\/i0.wp.com\/lasprimeras.com.do\/wp-content\/uploads\/2025\/12\/Manolo-Tavarez-Justo.jpg?resize=350%2C200&ssl=1 1x, https:\/\/i0.wp.com\/lasprimeras.com.do\/wp-content\/uploads\/2025\/12\/Manolo-Tavarez-Justo.jpg?resize=525%2C300&ssl=1 1.5x"},"classes":[]},{"id":62996,"url":"https:\/\/lasprimeras.com.do\/index.php\/2023\/10\/09\/fuerza-del-pueblo-deplora-apagones-y-altas-tarifas-de-edenorte\/","url_meta":{"origin":138796,"position":4},"title":"Fuerza del Pueblo deplora apagones y altas tarifas de Edenorte","author":"BIMARY DE JES\u00daS Matos","date":"9 de octubre de 2023","format":false,"excerpt":"Santiago. \u2013 La Direcci\u00f3n Municipal de la Fuerza del Pueblo deplor\u00f3 que, en medio de las constantes interrupciones del servicio el\u00e9ctrico, se castigue a los consumidores con aumentos que superan hasta el 100 por ciento de las tarifas habituales. Denuncia que los aumentos desmedidos no solo achican a\u00fan m\u00e1s el\u2026","rel":"","context":"En \u00abSin categor\u00eda\u00bb","block_context":{"text":"Sin categor\u00eda","link":"https:\/\/lasprimeras.com.do\/index.php\/category\/sin-categoria\/"},"img":{"alt_text":"","src":"https:\/\/i0.wp.com\/lasprimeras.com.do\/wp-content\/uploads\/2023\/10\/WhatsApp-Image-2023-10-09-at-11.49.51-AM-4.jpeg?resize=350%2C200&ssl=1","width":350,"height":200,"srcset":"https:\/\/i0.wp.com\/lasprimeras.com.do\/wp-content\/uploads\/2023\/10\/WhatsApp-Image-2023-10-09-at-11.49.51-AM-4.jpeg?resize=350%2C200&ssl=1 1x, https:\/\/i0.wp.com\/lasprimeras.com.do\/wp-content\/uploads\/2023\/10\/WhatsApp-Image-2023-10-09-at-11.49.51-AM-4.jpeg?resize=525%2C300&ssl=1 1.5x, https:\/\/i0.wp.com\/lasprimeras.com.do\/wp-content\/uploads\/2023\/10\/WhatsApp-Image-2023-10-09-at-11.49.51-AM-4.jpeg?resize=700%2C400&ssl=1 2x"},"classes":[]},{"id":137175,"url":"https:\/\/lasprimeras.com.do\/index.php\/2026\/08\/13\/ruben-bichara-gobierno-paga-las-consecuencias-de-anos-de-inaccion-en-el-sector-electrico-video\/","url_meta":{"origin":138796,"position":5},"title":"Rub\u00e9n Bichara: Gobierno paga las consecuencias de a\u00f1os de inacci\u00f3n en el sector el\u00e9ctrico | Video","author":"Nelson Feliz","date":"13 de agosto de 2026","format":false,"excerpt":"Rub\u00e9n Bichara afirma que existe capacidad de generaci\u00f3n para cubrir la demanda, pero las p\u00e9rdidas superiores al 40 % y el d\u00e9ficit financiero condicionan el suministro. SANTO DOMINGO - El miembro del Comit\u00e9 Pol\u00edtico del Partido de la Liberaci\u00f3n Dominicana (PLD) y exvicepresidente ejecutivo de la CDEEE, Rub\u00e9n Bichara, afirm\u00f3\u2026","rel":"","context":"En \u00abPOLITICA\u00bb","block_context":{"text":"POLITICA","link":"https:\/\/lasprimeras.com.do\/index.php\/category\/politica\/"},"img":{"alt_text":"","src":"https:\/\/i0.wp.com\/lasprimeras.com.do\/wp-content\/uploads\/2026\/08\/ruben-bichara-1.jpg?resize=350%2C200&ssl=1","width":350,"height":200,"srcset":"https:\/\/i0.wp.com\/lasprimeras.com.do\/wp-content\/uploads\/2026\/08\/ruben-bichara-1.jpg?resize=350%2C200&ssl=1 1x, https:\/\/i0.wp.com\/lasprimeras.com.do\/wp-content\/uploads\/2026\/08\/ruben-bichara-1.jpg?resize=525%2C300&ssl=1 1.5x"},"classes":[]}],"jetpack_sharing_enabled":true,"jetpack_featured_media_url":"https:\/\/lasprimeras.com.do\/wp-content\/uploads\/2026\/09\/Felix-Tavarez.jpg","_links":{"self":[{"href":"https:\/\/lasprimeras.com.do\/index.php\/wp-json\/wp\/v2\/posts\/138796","targetHints":{"allow":["GET"]}}],"collection":[{"href":"https:\/\/lasprimeras.com.do\/index.php\/wp-json\/wp\/v2\/posts"}],"about":[{"href":"https:\/\/lasprimeras.com.do\/index.php\/wp-json\/wp\/v2\/types\/post"}],"author":[{"embeddable":true,"href":"https:\/\/lasprimeras.com.do\/index.php\/wp-json\/wp\/v2\/users\/10"}],"replies":[{"embeddable":true,"href":"https:\/\/lasprimeras.com.do\/index.php\/wp-json\/wp\/v2\/comments?post=138796"}],"version-history":[{"count":1,"href":"https:\/\/lasprimeras.com.do\/index.php\/wp-json\/wp\/v2\/posts\/138796\/revisions"}],"predecessor-version":[{"id":138798,"href":"https:\/\/lasprimeras.com.do\/index.php\/wp-json\/wp\/v2\/posts\/138796\/revisions\/138798"}],"wp:featuredmedia":[{"embeddable":true,"href":"https:\/\/lasprimeras.com.do\/index.php\/wp-json\/wp\/v2\/media\/138797"}],"wp:attachment":[{"href":"https:\/\/lasprimeras.com.do\/index.php\/wp-json\/wp\/v2\/media?parent=138796"}],"wp:term":[{"taxonomy":"category","embeddable":true,"href":"https:\/\/lasprimeras.com.do\/index.php\/wp-json\/wp\/v2\/categories?post=138796"},{"taxonomy":"post_tag","embeddable":true,"href":"https:\/\/lasprimeras.com.do\/index.php\/wp-json\/wp\/v2\/tags?post=138796"}],"curies":[{"name":"wp","href":"https:\/\/api.w.org\/{rel}","templated":true}]}}