{"id":138799,"date":"2026-09-02T09:37:39","date_gmt":"2026-09-02T13:37:39","guid":{"rendered":"https:\/\/lasprimeras.com.do\/?p=138799"},"modified":"2026-09-02T09:37:41","modified_gmt":"2026-09-02T13:37:41","slug":"rd-y-colombia-crean-equipo-conjunto-contra-crimen-organizado","status":"publish","type":"post","link":"https:\/\/lasprimeras.com.do\/index.php\/2026\/09\/02\/rd-y-colombia-crean-equipo-conjunto-contra-crimen-organizado\/","title":{"rendered":"RD y Colombia crean equipo conjunto contra crimen organizado"},"content":{"rendered":"\n<p class=\"wp-block-paragraph\">SANTO DOMINGO.=. El Ministerio P\u00fablico de RD y la Fiscal\u00eda de Colombia firmaron un acuerdo.<\/p>\n\n\n\n<p class=\"wp-block-paragraph\">Crearon un Equipo Conjunto de Investigaci\u00f3n (ECI) bajo la Convenci\u00f3n de Palermo.<\/p>\n\n\n\n<p class=\"wp-block-paragraph\">El objetivo es fortalecer la lucha contra el crimen organizado transnacional.<\/p>\n\n\n\n<p class=\"wp-block-paragraph\">La procuradora Yeni Berenice Reynoso y la fiscal Luz Adriana Camargo Garz\u00f3n rubricaron el convenio.<\/p>\n\n\n\n<p class=\"wp-block-paragraph\">El ECI enfocar\u00e1 casos de trata de personas y tr\u00e1fico de migrantes.<\/p>\n\n\n\n<p class=\"wp-block-paragraph\">Reynoso destac\u00f3 que ya RD tiene un ECI con Chile y que este incluye plan operativo.<\/p>\n\n\n\n<p class=\"wp-block-paragraph\">Camargo Garz\u00f3n se\u00f1al\u00f3 que es el ECI n\u00famero 18 de Colombia.<\/p>\n\n\n\n<p class=\"wp-block-paragraph\">Resalt\u00f3 la necesidad de intercambio ordenado de informaci\u00f3n y de experiencias metodol\u00f3gicas.<\/p>\n\n\n\n<p class=\"wp-block-paragraph\">Tambi\u00e9n mencion\u00f3 la persecuci\u00f3n de las finanzas criminales como clave para desarticular redes.<\/p>\n\n\n\n<p class=\"wp-block-paragraph\">Ambas fiscal\u00edas podr\u00e1n intercambiar pruebas y ejecutar medidas procesales de forma conjunta.<\/p>\n\n\n\n<p class=\"wp-block-paragraph\">El equipo cuenta con apoyo log\u00edstico de la UNODC.<\/p>\n\n\n\n<p class=\"wp-block-paragraph\">El convenio se ampara en el C\u00f3digo Procesal Penal dominicano y en la Convenci\u00f3n de Palermo.<\/p>\n\n\n\n<p class=\"wp-block-paragraph\">En el acto participaron autoridades de ambos pa\u00edses y de la UNODC.<\/p>\n\n\n\n<p class=\"wp-block-paragraph\">Reynoso afirm\u00f3 que la trata lacera la dignidad humana y es prioridad de su gesti\u00f3n.<\/p>\n\n\n\n<p class=\"wp-block-paragraph\">El ECI busca impacto directo en la vida de dominicanos, colombianos y otras nacionalidades.<\/p>\n","protected":false},"excerpt":{"rendered":"<p>SANTO DOMINGO.=. El Ministerio P\u00fablico de RD y la Fiscal\u00eda de Colombia firmaron un acuerdo. Crearon un Equipo Conjunto de Investigaci\u00f3n (ECI) bajo la Convenci\u00f3n de Palermo. El objetivo es&hellip;<\/p>\n","protected":false},"author":10,"featured_media":138800,"comment_status":"open","ping_status":"open","sticky":false,"template":"","format":"standard","meta":{"content-type":"","_jetpack_newsletter_access":"","_jetpack_dont_email_post_to_subs":false,"_jetpack_newsletter_tier_id":0,"_jetpack_memberships_contains_paywalled_content":false,"_jetpack_feature_clip_id":0,"_jetpack_memberships_contains_paid_content":false,"footnotes":"","jetpack_post_was_ever_published":false},"categories":[35],"tags":[36214,36213,16101,9337],"class_list":["post-138799","post","type-post","status-publish","format-standard","has-post-thumbnail","hentry","category-nacionales","tag-cooperacion-juridica-palermo","tag-eci-rd-colombia","tag-trata-de-personas","tag-yeni-berenice-reynoso"],"jetpack-related-posts":[{"id":117268,"url":"https:\/\/lasprimeras.com.do\/index.php\/2025\/12\/09\/yeni-berenice-reynoso-la-corrupcion-no-tendra-descanso\/","url_meta":{"origin":138799,"position":0},"title":"Yeni Berenice Reynoso: La corrupci\u00f3n no tendr\u00e1 descanso","author":"Nelson Feliz","date":"9 de diciembre de 2025","format":false,"excerpt":"Pese a las presiones y campa\u00f1as en su contra, la procuradora general Yeni Berenice Reynoso afirm\u00f3 que el Ministerio P\u00fablico seguir\u00e1 persiguiendo la corrupci\u00f3n \u201csin descanso\u201d. Reynoso ofreci\u00f3 estas declaraciones durante el acto inaugural del primer congreso \u201cLucha contra la corrupci\u00f3n: desaf\u00edos y oportunidades en RD y la regi\u00f3n\u201d, donde\u2026","rel":"","context":"En \u00abJUSTICIA\u00bb","block_context":{"text":"JUSTICIA","link":"https:\/\/lasprimeras.com.do\/index.php\/category\/justicia\/"},"img":{"alt_text":"Yeni Berenice Reynoso","src":"https:\/\/i0.wp.com\/lasprimeras.com.do\/wp-content\/uploads\/2025\/08\/Yeni-Berenice-Reynoso.jpg?resize=350%2C200&ssl=1","width":350,"height":200,"srcset":"https:\/\/i0.wp.com\/lasprimeras.com.do\/wp-content\/uploads\/2025\/08\/Yeni-Berenice-Reynoso.jpg?resize=350%2C200&ssl=1 1x, https:\/\/i0.wp.com\/lasprimeras.com.do\/wp-content\/uploads\/2025\/08\/Yeni-Berenice-Reynoso.jpg?resize=525%2C300&ssl=1 1.5x, https:\/\/i0.wp.com\/lasprimeras.com.do\/wp-content\/uploads\/2025\/08\/Yeni-Berenice-Reynoso.jpg?resize=700%2C400&ssl=1 2x"},"classes":[]},{"id":103708,"url":"https:\/\/lasprimeras.com.do\/index.php\/2025\/07\/17\/yeni-berenice-reynoso-advierte-sobre-el-auge-de-la-cibercriminalidad\/","url_meta":{"origin":138799,"position":1},"title":"Yeni Berenice Reynoso advierte sobre el auge de la cibercriminalidad","author":"Nelson Feliz","date":"17 de julio de 2025","format":false,"excerpt":"La procuradora general de la Rep\u00fablica se\u00f1ala que Am\u00e9rica Latina enfrenta un crecimiento del 30 % de ese delito respecto al resto del mundo. La procuradora general de la Rep\u00fablica, Yeni Berenice Reynoso, advirti\u00f3 este jueves que la cibercriminalidad se ha convertido en uno de los mayores desaf\u00edos para Am\u00e9rica\u2026","rel":"","context":"En \u00abJUSTICIA\u00bb","block_context":{"text":"JUSTICIA","link":"https:\/\/lasprimeras.com.do\/index.php\/category\/justicia\/"},"img":{"alt_text":"","src":"https:\/\/i0.wp.com\/lasprimeras.com.do\/wp-content\/uploads\/2025\/07\/PIQUITO.jpg?resize=350%2C200&ssl=1","width":350,"height":200,"srcset":"https:\/\/i0.wp.com\/lasprimeras.com.do\/wp-content\/uploads\/2025\/07\/PIQUITO.jpg?resize=350%2C200&ssl=1 1x, https:\/\/i0.wp.com\/lasprimeras.com.do\/wp-content\/uploads\/2025\/07\/PIQUITO.jpg?resize=525%2C300&ssl=1 1.5x, https:\/\/i0.wp.com\/lasprimeras.com.do\/wp-content\/uploads\/2025\/07\/PIQUITO.jpg?resize=700%2C400&ssl=1 2x"},"classes":[]},{"id":136052,"url":"https:\/\/lasprimeras.com.do\/index.php\/2026\/07\/30\/yeni-berenice-reynosoes-errado-hacer-interpretaciones-extensivas-con-el-codigo-penal-y-su-reforma\/","url_meta":{"origin":138799,"position":2},"title":"Yeni Berenice Reynoso:&#8221;Es errado hacer interpretaciones extensivas con el C\u00f3digo Penal y su reforma&#8221;","author":"Nelson Feliz","date":"30 de julio de 2026","format":false,"excerpt":"Yeni Berenice Reynoso recuerda que no es delito, \u201ccrear o publicar una caricatura, un meme, una parodia, una s\u00e1tira, un video o una imagen con fines period\u00edsticos, art\u00edsticos, humor\u00edsticos o como veh\u00edculo de cr\u00edtica social\u201d SANTO DOMINGO (RD).- \u201cNo es delito, porque el C\u00f3digo Penal aprobado ni su reforma lo\u2026","rel":"","context":"En \u00abJUSTICIA\u00bb","block_context":{"text":"JUSTICIA","link":"https:\/\/lasprimeras.com.do\/index.php\/category\/justicia\/"},"img":{"alt_text":"","src":"https:\/\/i0.wp.com\/lasprimeras.com.do\/wp-content\/uploads\/2026\/07\/IMG-20260729-WA0608-scaled.jpg?resize=350%2C200&ssl=1","width":350,"height":200,"srcset":"https:\/\/i0.wp.com\/lasprimeras.com.do\/wp-content\/uploads\/2026\/07\/IMG-20260729-WA0608-scaled.jpg?resize=350%2C200&ssl=1 1x, https:\/\/i0.wp.com\/lasprimeras.com.do\/wp-content\/uploads\/2026\/07\/IMG-20260729-WA0608-scaled.jpg?resize=525%2C300&ssl=1 1.5x, https:\/\/i0.wp.com\/lasprimeras.com.do\/wp-content\/uploads\/2026\/07\/IMG-20260729-WA0608-scaled.jpg?resize=700%2C400&ssl=1 2x, https:\/\/i0.wp.com\/lasprimeras.com.do\/wp-content\/uploads\/2026\/07\/IMG-20260729-WA0608-scaled.jpg?resize=1050%2C600&ssl=1 3x, https:\/\/i0.wp.com\/lasprimeras.com.do\/wp-content\/uploads\/2026\/07\/IMG-20260729-WA0608-scaled.jpg?resize=1400%2C800&ssl=1 4x"},"classes":[]},{"id":59278,"url":"https:\/\/lasprimeras.com.do\/index.php\/2023\/09\/01\/yeni-berenice-responde-a-criticas-abuso-prision-preventiva-en-la-rd\/","url_meta":{"origin":138799,"position":3},"title":"Yeni Berenice responde a criticas abuso prisi\u00f3n preventiva en la RD","author":"Nelson Feliz","date":"1 de septiembre de 2023","format":false,"excerpt":"La procuradora general adjunta Yeni Berenice Reynoso rebati\u00f3 las afirmaciones del presidente del Comit\u00e9 de Asuntos Exteriores de la C\u00e1mara de Representantes de Estados Unidos, Michael T.McCaul, sobre el abuso de la aplicaci\u00f3n de la prisi\u00f3n preventiva en la Rep\u00fablica Dominicana. Reynoso, directora de Persecuci\u00f3n del Ministerio P\u00fablico, indic\u00f3 que\u2026","rel":"","context":"En \u00abJUSTICIA\u00bb","block_context":{"text":"JUSTICIA","link":"https:\/\/lasprimeras.com.do\/index.php\/category\/justicia\/"},"img":{"alt_text":"","src":"https:\/\/i0.wp.com\/lasprimeras.com.do\/wp-content\/uploads\/2023\/07\/Yeni-Berenice-Reynoso.jpg?resize=350%2C200&ssl=1","width":350,"height":200},"classes":[]},{"id":109536,"url":"https:\/\/lasprimeras.com.do\/index.php\/2025\/09\/18\/yeni-berenice-por-primera-vez-en-rd-la-corrupcion-es-un-delito-autonomo\/","url_meta":{"origin":138799,"position":4},"title":"Yeni Berenice: &#8220;Por primera vez en RD, la corrupci\u00f3n es un delito aut\u00f3nomo&#8221;","author":"Nelson Feliz","date":"18 de septiembre de 2025","format":false,"excerpt":"La Procuradora general resalta la fortaleza de las modificaciones al C\u00f3digo Penal y la nueva Ley de Compras y Contrataciones P\u00fablicas durante una conferencia. \"Por primera vez en Rep\u00fablica Dominicana la corrupci\u00f3n es un delito aut\u00f3nomo\", resalt\u00f3 la procuradora general de la Rep\u00fablica, Yeni Berenice Reynoso, al dictar una conferencia\u2026","rel":"","context":"En \u00abNACIONALES\u00bb","block_context":{"text":"NACIONALES","link":"https:\/\/lasprimeras.com.do\/index.php\/category\/nacionales\/"},"img":{"alt_text":"","src":"https:\/\/i0.wp.com\/lasprimeras.com.do\/wp-content\/uploads\/2025\/09\/yeni-berenice-por-primera-la-corrupcion-es-un-delito-autonomo-6cff0710-focus-0-0-896-504.jpg?resize=350%2C200&ssl=1","width":350,"height":200,"srcset":"https:\/\/i0.wp.com\/lasprimeras.com.do\/wp-content\/uploads\/2025\/09\/yeni-berenice-por-primera-la-corrupcion-es-un-delito-autonomo-6cff0710-focus-0-0-896-504.jpg?resize=350%2C200&ssl=1 1x, https:\/\/i0.wp.com\/lasprimeras.com.do\/wp-content\/uploads\/2025\/09\/yeni-berenice-por-primera-la-corrupcion-es-un-delito-autonomo-6cff0710-focus-0-0-896-504.jpg?resize=525%2C300&ssl=1 1.5x, https:\/\/i0.wp.com\/lasprimeras.com.do\/wp-content\/uploads\/2025\/09\/yeni-berenice-por-primera-la-corrupcion-es-un-delito-autonomo-6cff0710-focus-0-0-896-504.jpg?resize=700%2C400&ssl=1 2x"},"classes":[]},{"id":132377,"url":"https:\/\/lasprimeras.com.do\/index.php\/2026\/06\/01\/procuradora-yeni-berenice-mp-no-detendra-lucha-contra-la-corrupcion-en-ninguna-circunstancia\/","url_meta":{"origin":138799,"position":5},"title":"Procuradora Yeni Berenice : \u201cMP no detendr\u00e1 lucha contra la corrupci\u00f3n en ninguna circunstancia\u201d","author":"Nelson Feliz","date":"1 de junio de 2026","format":false,"excerpt":"Yeni Berenice Reynoso reafirm\u00f3 el compromiso de su gesti\u00f3n de apelar cualquier auto de no ha lugar en favor de procesados en los que las pruebas apuntan a que deben ir a juicio y recibir condenas por sustraer fondos p\u00fablicos SANTO DOMINGO (RD). - La procuradora general de la Rep\u00fablica,\u2026","rel":"","context":"En \u00abJUSTICIA\u00bb","block_context":{"text":"JUSTICIA","link":"https:\/\/lasprimeras.com.do\/index.php\/category\/justicia\/"},"img":{"alt_text":"Yeni Berenice Reynoso","src":"https:\/\/i0.wp.com\/lasprimeras.com.do\/wp-content\/uploads\/2026\/06\/Yeni-Berenice-Reynoso.jpg?resize=350%2C200&ssl=1","width":350,"height":200,"srcset":"https:\/\/i0.wp.com\/lasprimeras.com.do\/wp-content\/uploads\/2026\/06\/Yeni-Berenice-Reynoso.jpg?resize=350%2C200&ssl=1 1x, https:\/\/i0.wp.com\/lasprimeras.com.do\/wp-content\/uploads\/2026\/06\/Yeni-Berenice-Reynoso.jpg?resize=525%2C300&ssl=1 1.5x, https:\/\/i0.wp.com\/lasprimeras.com.do\/wp-content\/uploads\/2026\/06\/Yeni-Berenice-Reynoso.jpg?resize=700%2C400&ssl=1 2x"},"classes":[]}],"jetpack_sharing_enabled":true,"jetpack_featured_media_url":"https:\/\/lasprimeras.com.do\/wp-content\/uploads\/2026\/09\/IMG-20260830-WA0252.jpg","_links":{"self":[{"href":"https:\/\/lasprimeras.com.do\/index.php\/wp-json\/wp\/v2\/posts\/138799","targetHints":{"allow":["GET"]}}],"collection":[{"href":"https:\/\/lasprimeras.com.do\/index.php\/wp-json\/wp\/v2\/posts"}],"about":[{"href":"https:\/\/lasprimeras.com.do\/index.php\/wp-json\/wp\/v2\/types\/post"}],"author":[{"embeddable":true,"href":"https:\/\/lasprimeras.com.do\/index.php\/wp-json\/wp\/v2\/users\/10"}],"replies":[{"embeddable":true,"href":"https:\/\/lasprimeras.com.do\/index.php\/wp-json\/wp\/v2\/comments?post=138799"}],"version-history":[{"count":1,"href":"https:\/\/lasprimeras.com.do\/index.php\/wp-json\/wp\/v2\/posts\/138799\/revisions"}],"predecessor-version":[{"id":138801,"href":"https:\/\/lasprimeras.com.do\/index.php\/wp-json\/wp\/v2\/posts\/138799\/revisions\/138801"}],"wp:featuredmedia":[{"embeddable":true,"href":"https:\/\/lasprimeras.com.do\/index.php\/wp-json\/wp\/v2\/media\/138800"}],"wp:attachment":[{"href":"https:\/\/lasprimeras.com.do\/index.php\/wp-json\/wp\/v2\/media?parent=138799"}],"wp:term":[{"taxonomy":"category","embeddable":true,"href":"https:\/\/lasprimeras.com.do\/index.php\/wp-json\/wp\/v2\/categories?post=138799"},{"taxonomy":"post_tag","embeddable":true,"href":"https:\/\/lasprimeras.com.do\/index.php\/wp-json\/wp\/v2\/tags?post=138799"}],"curies":[{"name":"wp","href":"https:\/\/api.w.org\/{rel}","templated":true}]}}