{"id":138802,"date":"2026-09-02T09:53:22","date_gmt":"2026-09-02T13:53:22","guid":{"rendered":"https:\/\/lasprimeras.com.do\/?p=138802"},"modified":"2026-09-02T09:53:24","modified_gmt":"2026-09-02T13:53:24","slug":"piden-prision-para-2-imputados-por-maltrato-a-13-ninos-en-haina","status":"publish","type":"post","link":"https:\/\/lasprimeras.com.do\/index.php\/2026\/09\/02\/piden-prision-para-2-imputados-por-maltrato-a-13-ninos-en-haina\/","title":{"rendered":"Piden prisi\u00f3n para 2 imputados por maltrato a 13 ni\u00f1os en Haina"},"content":{"rendered":"\n<p class=\"wp-block-paragraph\">SAN CRIST\u00d3BAL.=. El Ministerio P\u00fablico solicit\u00f3 prisi\u00f3n preventiva contra \u00c1ngel Gabriel Capell\u00e1n y Isa\u00edas Ram\u00f3n Mu\u00f1oz Rodr\u00edguez.<\/p>\n\n\n\n<p class=\"wp-block-paragraph\">Se les acusa de maltrato f\u00edsico, psicol\u00f3gico y trabajo forzado contra ni\u00f1os.<\/p>\n\n\n\n<p class=\"wp-block-paragraph\">Los hechos ocurrieron en la Fundaci\u00f3n Restaurando Vida, en Bajos de Haina.<\/p>\n\n\n\n<p class=\"wp-block-paragraph\">El \u00f3rgano persecutor rescat\u00f3 a 13 ni\u00f1os, ni\u00f1as y adolescentes de 4 meses a 13 a\u00f1os.<\/p>\n\n\n\n<p class=\"wp-block-paragraph\">Presentaban signos evidentes de maltrato y viv\u00edan en un local sin autorizaci\u00f3n.<\/p>\n\n\n\n<p class=\"wp-block-paragraph\">El operativo se realiz\u00f3 la noche del 29 al 30 de agosto en La Pared y El Carril.<\/p>\n\n\n\n<p class=\"wp-block-paragraph\">La investigaci\u00f3n inici\u00f3 tras la fuga de un menor que denunci\u00f3 en un destacamento.<\/p>\n\n\n\n<p class=\"wp-block-paragraph\">Una evaluaci\u00f3n m\u00e9dica revel\u00f3 quemaduras de segundo grado y m\u00faltiples lesiones.<\/p>\n\n\n\n<p class=\"wp-block-paragraph\">La psic\u00f3loga forense confirm\u00f3 que era obligado a trabajar con madera y castigado.<\/p>\n\n\n\n<p class=\"wp-block-paragraph\">Seg\u00fan la instancia, Mu\u00f1oz Rodr\u00edguez traslad\u00f3 menores al enterarse del arresto de Capell\u00e1n.<\/p>\n\n\n\n<p class=\"wp-block-paragraph\">En los allanamientos se ocuparon uniformes, documentos y armas blancas.<\/p>\n\n\n\n<p class=\"wp-block-paragraph\">La fundaci\u00f3n operaba al margen de la ley, sin permiso para acoger menores.<\/p>\n\n\n\n<p class=\"wp-block-paragraph\">La audiencia de coerci\u00f3n fue fijada para este jueves 3 de septiembre de 2026.<\/p>\n\n\n\n<p class=\"wp-block-paragraph\">Participaron la PETT, Fiscal\u00eda de San Crist\u00f3bal, Polic\u00eda, Conani y la UITIMC.<\/p>\n\n\n\n<p class=\"wp-block-paragraph\">El Ministerio P\u00fablico pidi\u00f3 prisi\u00f3n por la gravedad de los hechos.<\/p>\n","protected":false},"excerpt":{"rendered":"<p>SAN CRIST\u00d3BAL.=. El Ministerio P\u00fablico solicit\u00f3 prisi\u00f3n preventiva contra \u00c1ngel Gabriel Capell\u00e1n y Isa\u00edas Ram\u00f3n Mu\u00f1oz Rodr\u00edguez. Se les acusa de maltrato f\u00edsico, psicol\u00f3gico y trabajo forzado contra ni\u00f1os. Los&hellip;<\/p>\n","protected":false},"author":10,"featured_media":97411,"comment_status":"open","ping_status":"open","sticky":false,"template":"","format":"standard","meta":{"content-type":"","_jetpack_newsletter_access":"","_jetpack_dont_email_post_to_subs":false,"_jetpack_newsletter_tier_id":0,"_jetpack_memberships_contains_paywalled_content":false,"_jetpack_feature_clip_id":0,"_jetpack_memberships_contains_paid_content":false,"footnotes":"","jetpack_post_was_ever_published":false},"categories":[289],"tags":[5508,5750,11361,58,291],"class_list":["post-138802","post","type-post","status-publish","format-standard","has-post-thumbnail","hentry","category-justicia","tag-haina","tag-imputados","tag-maltrato","tag-ninos","tag-prision"],"jetpack-related-posts":[{"id":102323,"url":"https:\/\/lasprimeras.com.do\/index.php\/2025\/07\/03\/fallecimiento-bajo-custodia-y-denuncias-de-maltrato-colocan-en-la-mira-al-centro-de-detencion-de-haina\/","url_meta":{"origin":138802,"position":0},"title":"Fallecimiento bajo custodia y denuncias de maltrato colocan en la mira al Centro de Detenci\u00f3n de Haina","author":"Nelson Feliz","date":"3 de julio de 2025","format":false,"excerpt":"La muerte bajo custodia de la ciudadana estadounidense Ellen Hulett, en el Centro de Detenci\u00f3n Provisional de Haina, ha encendido las alarmas sobre las graves y persistentes violaciones a los derechos humanos que all\u00ed se registran. El caso plantea serias interrogantes sobre el trato que reciben las personas privadas de\u2026","rel":"","context":"En \u00abNACIONALES\u00bb","block_context":{"text":"NACIONALES","link":"https:\/\/lasprimeras.com.do\/index.php\/category\/nacionales\/"},"img":{"alt_text":"","src":"https:\/\/i0.wp.com\/lasprimeras.com.do\/wp-content\/uploads\/2025\/07\/Manuel-Meccariello.jpg?resize=350%2C200&ssl=1","width":350,"height":200,"srcset":"https:\/\/i0.wp.com\/lasprimeras.com.do\/wp-content\/uploads\/2025\/07\/Manuel-Meccariello.jpg?resize=350%2C200&ssl=1 1x, https:\/\/i0.wp.com\/lasprimeras.com.do\/wp-content\/uploads\/2025\/07\/Manuel-Meccariello.jpg?resize=525%2C300&ssl=1 1.5x, https:\/\/i0.wp.com\/lasprimeras.com.do\/wp-content\/uploads\/2025\/07\/Manuel-Meccariello.jpg?resize=700%2C400&ssl=1 2x"},"classes":[]},{"id":101700,"url":"https:\/\/lasprimeras.com.do\/index.php\/2025\/06\/25\/muere-ciudadana-estadounidenses-en-el-centro-de-retencion-de-haina\/","url_meta":{"origin":138802,"position":1},"title":"Muere ciudadana estadounidenses en el Centro de Retenci\u00f3n de Haina","author":"Nelson Feliz","date":"25 de junio de 2025","format":false,"excerpt":"Muri\u00f3 una ciudadana gringa en el famoso Centro de Retenci\u00f3n de Haina, que es donde llevan a los indocumentados antes de deportarlos. La encontraron muerta en su celda ayer y no ten\u00eda signos de violencia, pero hay que esperar la autopsia. La Politur la hab\u00eda recogido de una playa del\u2026","rel":"","context":"En \u00abNACIONALES\u00bb","block_context":{"text":"NACIONALES","link":"https:\/\/lasprimeras.com.do\/index.php\/category\/nacionales\/"},"img":{"alt_text":"","src":"","width":0,"height":0},"classes":[]},{"id":55524,"url":"https:\/\/lasprimeras.com.do\/index.php\/2023\/07\/22\/envian-a-prision-mujer-que-fue-filmada-golpeando-a-su-hijastro-en-santiago\/","url_meta":{"origin":138802,"position":2},"title":"Env\u00edan a prisi\u00f3n mujer que fue filmada golpeando a su hijastro en Santiago","author":"Nelson Feliz","date":"22 de julio de 2023","format":false,"excerpt":"Deber\u00e1 cumplir tres meses de prisi\u00f3n preventiva en penitenciario Rafey Mujeres. Una mujer acusada de maltrato infantil fue enviada a prisi\u00f3n preventiva por tres meses despu\u00e9s de ser filmada por vecinos mientras agred\u00eda a su hijastro de dos a\u00f1os y siete meses en la provincia Santiago. La magistrada Iris Borges,\u2026","rel":"","context":"En \u00abNACIONALES\u00bb","block_context":{"text":"NACIONALES","link":"https:\/\/lasprimeras.com.do\/index.php\/category\/nacionales\/"},"img":{"alt_text":"Vista de Austria Rub\u00ed Jim\u00e9nez, acusada de maltrato infantil, luego de que le dictaron medida de coerci\u00f3n.","src":"https:\/\/i0.wp.com\/lasprimeras.com.do\/wp-content\/uploads\/2023\/07\/Austria-Rubi-Jimenez.jpg?resize=350%2C200&ssl=1","width":350,"height":200,"srcset":"https:\/\/i0.wp.com\/lasprimeras.com.do\/wp-content\/uploads\/2023\/07\/Austria-Rubi-Jimenez.jpg?resize=350%2C200&ssl=1 1x, https:\/\/i0.wp.com\/lasprimeras.com.do\/wp-content\/uploads\/2023\/07\/Austria-Rubi-Jimenez.jpg?resize=525%2C300&ssl=1 1.5x, https:\/\/i0.wp.com\/lasprimeras.com.do\/wp-content\/uploads\/2023\/07\/Austria-Rubi-Jimenez.jpg?resize=700%2C400&ssl=1 2x"},"classes":[]},{"id":124402,"url":"https:\/\/lasprimeras.com.do\/index.php\/2026\/03\/11\/aplazan-medida-de-coercion-contra-maestra-acusada-de-maltrato-infantil\/","url_meta":{"origin":138802,"position":3},"title":"Aplazan medida de coerci\u00f3n contra maestra acusada de maltrato infantil","author":"Nelson Feliz","date":"11 de marzo de 2026","format":false,"excerpt":"La Oficina Judicial de Servicios de Atenci\u00f3n Permanente del Distrito Nacional aplaz\u00f3 el conocimiento de la solicitud de medida de coerci\u00f3n contra la maestra Yamelsy Matos Beltr\u00e9, acusada de presunto maltrato infantil en un centro de cuidado ubicado en Santo Domingo Este. La imputada compareci\u00f3 este martes ante el tribunal,\u2026","rel":"","context":"En \u00abJUSTICIA\u00bb","block_context":{"text":"JUSTICIA","link":"https:\/\/lasprimeras.com.do\/index.php\/category\/justicia\/"},"img":{"alt_text":"","src":"https:\/\/i0.wp.com\/lasprimeras.com.do\/wp-content\/uploads\/2025\/04\/mallete.png?resize=350%2C200&ssl=1","width":350,"height":200,"srcset":"https:\/\/i0.wp.com\/lasprimeras.com.do\/wp-content\/uploads\/2025\/04\/mallete.png?resize=350%2C200&ssl=1 1x, https:\/\/i0.wp.com\/lasprimeras.com.do\/wp-content\/uploads\/2025\/04\/mallete.png?resize=525%2C300&ssl=1 1.5x, https:\/\/i0.wp.com\/lasprimeras.com.do\/wp-content\/uploads\/2025\/04\/mallete.png?resize=700%2C400&ssl=1 2x"},"classes":[]},{"id":70692,"url":"https:\/\/lasprimeras.com.do\/index.php\/2023\/12\/13\/prision-preventiva-contra-aspirante-a-diputado-de-la-fp-por-violencia-de-genero\/","url_meta":{"origin":138802,"position":4},"title":"Prisi\u00f3n preventiva contra aspirante a diputado de la FP por violencia de g\u00e9nero","author":"Nelson Feliz","date":"13 de diciembre de 2023","format":false,"excerpt":"El aspirante a diputado por la Fuerza del Pueblo en el Distrito Nacional, Jeremy Jim\u00e9nez Olivero, fue enviado a prisi\u00f3n preventiva por tres meses, debido a presuntos maltratos f\u00edsicos, verbales y psicol\u00f3gicos contra su ex pareja y madre de su hija menor de edad, mientras ella resid\u00eda en esta provincia\u2026","rel":"","context":"En \u00abNACIONALES\u00bb","block_context":{"text":"NACIONALES","link":"https:\/\/lasprimeras.com.do\/index.php\/category\/nacionales\/"},"img":{"alt_text":"Jeremy Jim\u00e9nez Olivero","src":"https:\/\/i0.wp.com\/lasprimeras.com.do\/wp-content\/uploads\/2023\/12\/Jeremy-Jimenez-Olivero.jpeg?resize=350%2C200&ssl=1","width":350,"height":200,"srcset":"https:\/\/i0.wp.com\/lasprimeras.com.do\/wp-content\/uploads\/2023\/12\/Jeremy-Jimenez-Olivero.jpeg?resize=350%2C200&ssl=1 1x, https:\/\/i0.wp.com\/lasprimeras.com.do\/wp-content\/uploads\/2023\/12\/Jeremy-Jimenez-Olivero.jpeg?resize=525%2C300&ssl=1 1.5x, https:\/\/i0.wp.com\/lasprimeras.com.do\/wp-content\/uploads\/2023\/12\/Jeremy-Jimenez-Olivero.jpeg?resize=700%2C400&ssl=1 2x"},"classes":[]},{"id":63787,"url":"https:\/\/lasprimeras.com.do\/index.php\/2023\/10\/15\/dirigentes-del-prm-en-haina-se-juramentan-en-la-fuerza-del-pueblo\/","url_meta":{"origin":138802,"position":5},"title":"Dirigentes del PRM en Haina se juramentan en la Fuerza del Pueblo","author":"Nelson Feliz","date":"15 de octubre de 2023","format":false,"excerpt":"Varios dirigentes del Partido Revolucionario Moderno renunciaron a esa organizaci\u00f3n en el municipio de Haina y se juramentaron este domingo en el partido Fuerza del Pueblo. Carlos Miguel Paredes Brown y Esmarlin Flores Nova (La Flaca), junto a sus equipos pol\u00edticos, encabezan la lista de los reci\u00e9n juramentados en el\u2026","rel":"","context":"En \u00abSin categor\u00eda\u00bb","block_context":{"text":"Sin categor\u00eda","link":"https:\/\/lasprimeras.com.do\/index.php\/category\/sin-categoria\/"},"img":{"alt_text":"FP","src":"https:\/\/i0.wp.com\/lasprimeras.com.do\/wp-content\/uploads\/2023\/10\/FP-1.jpg?resize=350%2C200&ssl=1","width":350,"height":200,"srcset":"https:\/\/i0.wp.com\/lasprimeras.com.do\/wp-content\/uploads\/2023\/10\/FP-1.jpg?resize=350%2C200&ssl=1 1x, https:\/\/i0.wp.com\/lasprimeras.com.do\/wp-content\/uploads\/2023\/10\/FP-1.jpg?resize=525%2C300&ssl=1 1.5x, https:\/\/i0.wp.com\/lasprimeras.com.do\/wp-content\/uploads\/2023\/10\/FP-1.jpg?resize=700%2C400&ssl=1 2x"},"classes":[]}],"jetpack_sharing_enabled":true,"jetpack_featured_media_url":"https:\/\/lasprimeras.com.do\/wp-content\/uploads\/2025\/04\/mallete.png","_links":{"self":[{"href":"https:\/\/lasprimeras.com.do\/index.php\/wp-json\/wp\/v2\/posts\/138802","targetHints":{"allow":["GET"]}}],"collection":[{"href":"https:\/\/lasprimeras.com.do\/index.php\/wp-json\/wp\/v2\/posts"}],"about":[{"href":"https:\/\/lasprimeras.com.do\/index.php\/wp-json\/wp\/v2\/types\/post"}],"author":[{"embeddable":true,"href":"https:\/\/lasprimeras.com.do\/index.php\/wp-json\/wp\/v2\/users\/10"}],"replies":[{"embeddable":true,"href":"https:\/\/lasprimeras.com.do\/index.php\/wp-json\/wp\/v2\/comments?post=138802"}],"version-history":[{"count":1,"href":"https:\/\/lasprimeras.com.do\/index.php\/wp-json\/wp\/v2\/posts\/138802\/revisions"}],"predecessor-version":[{"id":138803,"href":"https:\/\/lasprimeras.com.do\/index.php\/wp-json\/wp\/v2\/posts\/138802\/revisions\/138803"}],"wp:featuredmedia":[{"embeddable":true,"href":"https:\/\/lasprimeras.com.do\/index.php\/wp-json\/wp\/v2\/media\/97411"}],"wp:attachment":[{"href":"https:\/\/lasprimeras.com.do\/index.php\/wp-json\/wp\/v2\/media?parent=138802"}],"wp:term":[{"taxonomy":"category","embeddable":true,"href":"https:\/\/lasprimeras.com.do\/index.php\/wp-json\/wp\/v2\/categories?post=138802"},{"taxonomy":"post_tag","embeddable":true,"href":"https:\/\/lasprimeras.com.do\/index.php\/wp-json\/wp\/v2\/tags?post=138802"}],"curies":[{"name":"wp","href":"https:\/\/api.w.org\/{rel}","templated":true}]}}