{"id":138808,"date":"2026-09-02T11:50:24","date_gmt":"2026-09-02T15:50:24","guid":{"rendered":"https:\/\/lasprimeras.com.do\/?p=138808"},"modified":"2026-09-02T11:50:26","modified_gmt":"2026-09-02T15:50:26","slug":"exministros-y-exdirectores-agropecuarios-de-danilo-medina-se-suman-a-francisco-javier-garcia","status":"publish","type":"post","link":"https:\/\/lasprimeras.com.do\/index.php\/2026\/09\/02\/exministros-y-exdirectores-agropecuarios-de-danilo-medina-se-suman-a-francisco-javier-garcia\/","title":{"rendered":"Exministros y exdirectores agropecuarios de Danilo Medina se suman a Francisco Javier Garc\u00eda"},"content":{"rendered":"\n<p class=\"wp-block-paragraph\">Afirman que el campo dominicano necesita volver a tener un gobierno que escuche y respalde a los productores<\/p>\n\n\n\n<p class=\"wp-block-paragraph\">Santo Domingo. \u2013 Exministros y exdirectores de las principales instituciones del sector agropecuario durante los gobiernos de Danilo Medina anunciaron su respaldo al proyecto presidencial de Francisco Javier Garc\u00eda, convencidos de que representa la experiencia y la capacidad de Estado que necesita el pa\u00eds para recuperar la producci\u00f3n nacional y devolverle al campo dominicano el protagonismo que, aseguran, ha perdido.<\/p>\n\n\n\n<p class=\"wp-block-paragraph\">Los dirigentes, agrupados en la Direcci\u00f3n Ejecutiva del Sector Agropecuario que respalda a Francisco Javier Garc\u00eda, afirmaron que el campo dominicano necesita pasar de los discursos a las acciones y plantearon la necesidad de retomar pol\u00edticas de acompa\u00f1amiento directo a los productores, incluyendo las \u201cVisitas Sorpresa\u201d, como instrumento para identificar necesidades, financiar proyectos y llevar soluciones directamente a las comunidades rurales.<\/p>\n\n\n\n<p class=\"wp-block-paragraph\">\u201cEl campo dominicano necesita volver a ser escuchado. Necesita un gobierno que conozca sus problemas, que visite a los productores, que se siente con ellos y que convierta sus necesidades en pol\u00edticas p\u00fablicas. Francisco Javier Garc\u00eda tiene la experiencia y la capacidad para hacerlo\u201d, afirmaron.<\/p>\n\n\n\n<p class=\"wp-block-paragraph\">Los exfuncionarios consideraron que el sector agropecuario no puede continuar enfrentando lo que calificaron como falta de visi\u00f3n, experiencia e indiferencia, al tiempo que advirtieron que la seguridad alimentaria y la estabilidad econ\u00f3mica del pa\u00eds dependen de un campo productivo, competitivo y respaldado por el Estado.<\/p>\n\n\n\n<p class=\"wp-block-paragraph\">Francisco Javier Garc\u00eda sabe c\u00f3mo funciona el Estado<\/p>\n\n\n\n<p class=\"wp-block-paragraph\">Los dirigentes destacaron que una de las principales fortalezas de Francisco Javier Garc\u00eda es su amplia experiencia en la administraci\u00f3n p\u00fablica y su conocimiento de las instituciones del Estado, elementos que le permitir\u00edan asumir desde el primer d\u00eda una agenda efectiva para la recuperaci\u00f3n del sector agropecuario.<\/p>\n\n\n\n<p class=\"wp-block-paragraph\">Respaldo desde el sector agropecuario<\/p>\n\n\n\n<p class=\"wp-block-paragraph\">Durante el encuentro participaron Emilio Toribio, exdirector del Instituto Agrario Dominicano (IAD), \u00c1ngel Est\u00e9vez, exministro de Agricultura; Olgo Fern\u00e1ndez, exdirector del Instituto Nacional de Recursos Hidr\u00e1ulicos (INDRHI); Juan Francisco Caraballo, exdirector del Fondo Especial para el Desarrollo Agropecuario (FEDA); Jos\u00e9 Dom\u00ednguez, exdirector del Consejo Estatal del Az\u00facar (CEA), y Eduard Camilo, exdirector del Programa de Pignoraci\u00f3n.<\/p>\n\n\n\n<p class=\"wp-block-paragraph\">Tambi\u00e9n participaron dirigentes campesinos y productores de la regi\u00f3n Sur del pa\u00eds, representantes de asociaciones de productores de Neiba y empresarios vinculados al sector agropecuario.<\/p>\n\n\n\n<p class=\"wp-block-paragraph\"><\/p>\n","protected":false},"excerpt":{"rendered":"<p>Afirman que el campo dominicano necesita volver a tener un gobierno que escuche y respalde a los productores Santo Domingo. \u2013 Exministros y exdirectores de las principales instituciones del sector&hellip;<\/p>\n","protected":false},"author":10,"featured_media":138809,"comment_status":"open","ping_status":"open","sticky":false,"template":"","format":"standard","meta":{"content-type":"","_jetpack_newsletter_access":"","_jetpack_dont_email_post_to_subs":false,"_jetpack_newsletter_tier_id":0,"_jetpack_memberships_contains_paywalled_content":false,"_jetpack_feature_clip_id":0,"_jetpack_memberships_contains_paid_content":false,"footnotes":"","jetpack_post_was_ever_published":false},"categories":[25],"tags":[7769,501,36216,13383,26732],"class_list":["post-138808","post","type-post","status-publish","format-standard","has-post-thumbnail","hentry","category-portada","tag-agropecuarios","tag-danilo-medina","tag-exdirectores","tag-exministros","tag-francisco-javier-garcia-2"],"jetpack-related-posts":[{"id":104884,"url":"https:\/\/lasprimeras.com.do\/index.php\/2025\/07\/28\/francisco-javier-garcia-este-gobierno-no-cumple-y-el-campo-dominicano-lo-esta-pagando\/","url_meta":{"origin":138808,"position":0},"title":"Francisco Javier Garc\u00eda: \u201cEste gobierno no cumple, y el campo dominicano lo est\u00e1 pagando\u201d","author":"Nelson Feliz","date":"28 de julio de 2025","format":false,"excerpt":"\u201cEn nuestro gobierno vamos a blindar el sector agropecuario\u00a8. El aspirante presidencial del Partido de la Liberaci\u00f3n Dominicana (PLD), Francisco Javier Garc\u00eda, arremeti\u00f3 contra la gesti\u00f3n del Partido Revolucionario Moderno (PRM), acusando al gobierno de abandonar al sector agropecuario y de gobernar con promesas vac\u00edas mientras los productores enfrentan una\u2026","rel":"","context":"En \u00abPOLITICA\u00bb","block_context":{"text":"POLITICA","link":"https:\/\/lasprimeras.com.do\/index.php\/category\/politica\/"},"img":{"alt_text":"","src":"https:\/\/i0.wp.com\/lasprimeras.com.do\/wp-content\/uploads\/2025\/07\/Francisco-Javier-Garcia.jpg?resize=350%2C200&ssl=1","width":350,"height":200,"srcset":"https:\/\/i0.wp.com\/lasprimeras.com.do\/wp-content\/uploads\/2025\/07\/Francisco-Javier-Garcia.jpg?resize=350%2C200&ssl=1 1x, https:\/\/i0.wp.com\/lasprimeras.com.do\/wp-content\/uploads\/2025\/07\/Francisco-Javier-Garcia.jpg?resize=525%2C300&ssl=1 1.5x, https:\/\/i0.wp.com\/lasprimeras.com.do\/wp-content\/uploads\/2025\/07\/Francisco-Javier-Garcia.jpg?resize=700%2C400&ssl=1 2x"},"classes":[]},{"id":123141,"url":"https:\/\/lasprimeras.com.do\/index.php\/2026\/02\/26\/danilo-medina-respalda-la-lucha-de-la-anpa-a-favor-de-los-profesionales-agropecuarios\/","url_meta":{"origin":138808,"position":1},"title":"Danilo Medina respalda la lucha de la ANPA a favor de los profesionales agropecuarios","author":"Nelson Feliz","date":"26 de febrero de 2026","format":false,"excerpt":"El expresidente de la Rep\u00fablica y presidente del Partido de la Liberaci\u00f3n Dominicana (PLD), Danilo Medina, recibi\u00f3 a una comisi\u00f3n del Pleno Nacional de Dirigentes de la Asociaci\u00f3n Nacional de Profesionales Agropecuarios (ANPA). La reuni\u00f3n fue encabezada por su presidente Tito Hern\u00e1ndez, a quienes expres\u00f3 su respaldo a la lucha\u2026","rel":"","context":"En \u00abPOLITICA\u00bb","block_context":{"text":"POLITICA","link":"https:\/\/lasprimeras.com.do\/index.php\/category\/politica\/"},"img":{"alt_text":"","src":"https:\/\/i0.wp.com\/lasprimeras.com.do\/wp-content\/uploads\/2026\/02\/IMG-20260225-WA0761.jpg?resize=350%2C200&ssl=1","width":350,"height":200,"srcset":"https:\/\/i0.wp.com\/lasprimeras.com.do\/wp-content\/uploads\/2026\/02\/IMG-20260225-WA0761.jpg?resize=350%2C200&ssl=1 1x, https:\/\/i0.wp.com\/lasprimeras.com.do\/wp-content\/uploads\/2026\/02\/IMG-20260225-WA0761.jpg?resize=525%2C300&ssl=1 1.5x, https:\/\/i0.wp.com\/lasprimeras.com.do\/wp-content\/uploads\/2026\/02\/IMG-20260225-WA0761.jpg?resize=700%2C400&ssl=1 2x, https:\/\/i0.wp.com\/lasprimeras.com.do\/wp-content\/uploads\/2026\/02\/IMG-20260225-WA0761.jpg?resize=1050%2C600&ssl=1 3x, https:\/\/i0.wp.com\/lasprimeras.com.do\/wp-content\/uploads\/2026\/02\/IMG-20260225-WA0761.jpg?resize=1400%2C800&ssl=1 4x"},"classes":[]},{"id":108432,"url":"https:\/\/lasprimeras.com.do\/index.php\/2025\/09\/07\/francisco-javier-garcia-el-prm-inaugura-obras-incompletas-y-engana-al-pueblo-azuano\/","url_meta":{"origin":138808,"position":2},"title":"Francisco Javier Garc\u00eda: \u201cEl PRM inaugura obras incompletas y enga\u00f1a al pueblo Azuano\u201d","author":"Nelson Feliz","date":"7 de septiembre de 2025","format":false,"excerpt":"El aspirante presidencial por el Partido de la Liberaci\u00f3n Dominicana (PLD), Francisco Javier Garc\u00eda, afirm\u00f3 que el actual gobierno del Partido Revolucionario Moderno (PRM) \u201cse ha especializado en inaugurar obras que no ha terminado\u201d, al ser cuestionado por periodistas sobre el estado de la presa de Azua. \u201cLo que ocurre\u2026","rel":"","context":"En \u00abPOLITICA\u00bb","block_context":{"text":"POLITICA","link":"https:\/\/lasprimeras.com.do\/index.php\/category\/politica\/"},"img":{"alt_text":"","src":"https:\/\/i0.wp.com\/lasprimeras.com.do\/wp-content\/uploads\/2025\/09\/Francisco-Javier-Garcia.jpg?resize=350%2C200&ssl=1","width":350,"height":200,"srcset":"https:\/\/i0.wp.com\/lasprimeras.com.do\/wp-content\/uploads\/2025\/09\/Francisco-Javier-Garcia.jpg?resize=350%2C200&ssl=1 1x, https:\/\/i0.wp.com\/lasprimeras.com.do\/wp-content\/uploads\/2025\/09\/Francisco-Javier-Garcia.jpg?resize=525%2C300&ssl=1 1.5x, https:\/\/i0.wp.com\/lasprimeras.com.do\/wp-content\/uploads\/2025\/09\/Francisco-Javier-Garcia.jpg?resize=700%2C400&ssl=1 2x"},"classes":[]},{"id":127744,"url":"https:\/\/lasprimeras.com.do\/index.php\/2026\/04\/15\/danilo-medina-el-pld-estara-siempre-al-lado-de-las-mujeres-y-hombres-del-campo\/","url_meta":{"origin":138808,"position":3},"title":"Danilo Medina: &#8220;El PLD estar\u00e1 siempre al lado de las mujeres y hombres del campo&#8221;","author":"Nelson Feliz","date":"15 de abril de 2026","format":false,"excerpt":"En el conversatorio de productores y representantes de asociaciones campesinas con el PLD, exponen las precariedades del campo dominicano. Representantes de asociaciones de productores y campesinos de todo el pa\u00eds expusieron al Partido de la Liberaci\u00f3n Dominicana la precaria situaci\u00f3n del campo y los problemas que enfrentan ante el abandono\u2026","rel":"","context":"En \u00abPOLITICA\u00bb","block_context":{"text":"POLITICA","link":"https:\/\/lasprimeras.com.do\/index.php\/category\/politica\/"},"img":{"alt_text":"","src":"https:\/\/i0.wp.com\/lasprimeras.com.do\/wp-content\/uploads\/2026\/04\/Encuentro-2.jpg?resize=350%2C200&ssl=1","width":350,"height":200,"srcset":"https:\/\/i0.wp.com\/lasprimeras.com.do\/wp-content\/uploads\/2026\/04\/Encuentro-2.jpg?resize=350%2C200&ssl=1 1x, https:\/\/i0.wp.com\/lasprimeras.com.do\/wp-content\/uploads\/2026\/04\/Encuentro-2.jpg?resize=525%2C300&ssl=1 1.5x, https:\/\/i0.wp.com\/lasprimeras.com.do\/wp-content\/uploads\/2026\/04\/Encuentro-2.jpg?resize=700%2C400&ssl=1 2x"},"classes":[]},{"id":123124,"url":"https:\/\/lasprimeras.com.do\/index.php\/2026\/02\/25\/gobierno-del-prm-ignora-la-importancia-de-los-profesionales-agropecuarios\/","url_meta":{"origin":138808,"position":4},"title":"Gobierno del PRM ignora la importancia de los profesionales agropecuarios","author":"Nelson Feliz","date":"25 de febrero de 2026","format":false,"excerpt":"Danilo Medina brinda el respaldo del Partido de la Liberaci\u00f3n Dominicana (PLD) a los reclamos de la Asociaci\u00f3n Nacional de Profesionales Agr\u00edcolas (ANPA). El Presidente del Partido de la Liberaci\u00f3n Dominicana (PLD), Danilo Medina, declar\u00f3 que esa organizaci\u00f3n pol\u00edtica brinda su inquebrantable respaldo a la Asociaci\u00f3n Nacional de Profesionales Agr\u00edcolas\u2026","rel":"","context":"En \u00abSin categor\u00eda\u00bb","block_context":{"text":"Sin categor\u00eda","link":"https:\/\/lasprimeras.com.do\/index.php\/category\/sin-categoria\/"},"img":{"alt_text":"","src":"https:\/\/i0.wp.com\/lasprimeras.com.do\/wp-content\/uploads\/2026\/02\/profesionales-agropecuarios.jpg?resize=350%2C200&ssl=1","width":350,"height":200,"srcset":"https:\/\/i0.wp.com\/lasprimeras.com.do\/wp-content\/uploads\/2026\/02\/profesionales-agropecuarios.jpg?resize=350%2C200&ssl=1 1x, https:\/\/i0.wp.com\/lasprimeras.com.do\/wp-content\/uploads\/2026\/02\/profesionales-agropecuarios.jpg?resize=525%2C300&ssl=1 1.5x, https:\/\/i0.wp.com\/lasprimeras.com.do\/wp-content\/uploads\/2026\/02\/profesionales-agropecuarios.jpg?resize=700%2C400&ssl=1 2x"},"classes":[]},{"id":108462,"url":"https:\/\/lasprimeras.com.do\/index.php\/2025\/09\/07\/luis-alberto-francisco-javier-garcia-garantiza-el-retorno-del-pld-al-poder\/","url_meta":{"origin":138808,"position":5},"title":"Luis Alberto: \u201cFrancisco Javier Garc\u00eda garantiza el retorno del PLD al poder\u201d","author":"Nelson Feliz","date":"7 de septiembre de 2025","format":false,"excerpt":"El miembro del Comit\u00e9 Pol\u00edtico del Partido de la Liberaci\u00f3n Dominicana (PLD), Luis Alberto Tejeda, afirm\u00f3 que el aspirante presidencial Francisco Javier Garc\u00eda es la garant\u00eda de que el PLD retornar\u00e1 al poder para enfrentar los graves problemas sociales y econ\u00f3micos que afectan al pa\u00eds bajo el actual gobierno. \u201cEl\u2026","rel":"","context":"En \u00abPOLITICA\u00bb","block_context":{"text":"POLITICA","link":"https:\/\/lasprimeras.com.do\/index.php\/category\/politica\/"},"img":{"alt_text":"Luis Alberto Tejeda","src":"https:\/\/i0.wp.com\/lasprimeras.com.do\/wp-content\/uploads\/2024\/02\/Luis-Alberto-Tejeda-4.jpg?resize=350%2C200&ssl=1","width":350,"height":200,"srcset":"https:\/\/i0.wp.com\/lasprimeras.com.do\/wp-content\/uploads\/2024\/02\/Luis-Alberto-Tejeda-4.jpg?resize=350%2C200&ssl=1 1x, https:\/\/i0.wp.com\/lasprimeras.com.do\/wp-content\/uploads\/2024\/02\/Luis-Alberto-Tejeda-4.jpg?resize=525%2C300&ssl=1 1.5x"},"classes":[]}],"jetpack_sharing_enabled":true,"jetpack_featured_media_url":"https:\/\/lasprimeras.com.do\/wp-content\/uploads\/2026\/09\/WhatsApp-Image-2026-09-02-at-7.17.56-AM.jpeg","_links":{"self":[{"href":"https:\/\/lasprimeras.com.do\/index.php\/wp-json\/wp\/v2\/posts\/138808","targetHints":{"allow":["GET"]}}],"collection":[{"href":"https:\/\/lasprimeras.com.do\/index.php\/wp-json\/wp\/v2\/posts"}],"about":[{"href":"https:\/\/lasprimeras.com.do\/index.php\/wp-json\/wp\/v2\/types\/post"}],"author":[{"embeddable":true,"href":"https:\/\/lasprimeras.com.do\/index.php\/wp-json\/wp\/v2\/users\/10"}],"replies":[{"embeddable":true,"href":"https:\/\/lasprimeras.com.do\/index.php\/wp-json\/wp\/v2\/comments?post=138808"}],"version-history":[{"count":1,"href":"https:\/\/lasprimeras.com.do\/index.php\/wp-json\/wp\/v2\/posts\/138808\/revisions"}],"predecessor-version":[{"id":138810,"href":"https:\/\/lasprimeras.com.do\/index.php\/wp-json\/wp\/v2\/posts\/138808\/revisions\/138810"}],"wp:featuredmedia":[{"embeddable":true,"href":"https:\/\/lasprimeras.com.do\/index.php\/wp-json\/wp\/v2\/media\/138809"}],"wp:attachment":[{"href":"https:\/\/lasprimeras.com.do\/index.php\/wp-json\/wp\/v2\/media?parent=138808"}],"wp:term":[{"taxonomy":"category","embeddable":true,"href":"https:\/\/lasprimeras.com.do\/index.php\/wp-json\/wp\/v2\/categories?post=138808"},{"taxonomy":"post_tag","embeddable":true,"href":"https:\/\/lasprimeras.com.do\/index.php\/wp-json\/wp\/v2\/tags?post=138808"}],"curies":[{"name":"wp","href":"https:\/\/api.w.org\/{rel}","templated":true}]}}