{"id":138811,"date":"2026-09-02T12:22:07","date_gmt":"2026-09-02T16:22:07","guid":{"rendered":"https:\/\/lasprimeras.com.do\/?p=138811"},"modified":"2026-09-02T12:22:10","modified_gmt":"2026-09-02T16:22:10","slug":"bc-desacata-sentencia-que-adquirio-la-cosa-irrevocablemente-juzgada","status":"publish","type":"post","link":"https:\/\/lasprimeras.com.do\/index.php\/2026\/09\/02\/bc-desacata-sentencia-que-adquirio-la-cosa-irrevocablemente-juzgada\/","title":{"rendered":"BC desacata sentencia qu\u00e9 adquiri\u00f3 la cosa irrevocablemente juzgada"},"content":{"rendered":"\n<p class=\"wp-block-paragraph\">Embargan cuentas ante organismos crediticios internacionales FMI, BM y BID, Novena sala civil conocer\u00e1 la validez<\/p>\n\n\n\n<p class=\"wp-block-paragraph\">Santo Domingo = El Banco Central de la Rep\u00fablica Dominicana (BCRD) desacat\u00f3 una sentencia de la Segunda Sala Civil y Comercial del Distrito Nacional que se convirti\u00f3 en definitiva porque adquiri\u00f3 la cosa irrevocablemente juzgada que lo condena al pago de una deuda de 5 millones de d\u00f3lares al Consorcio Mendes Junior-Mendez Cabral, afectando as\u00ed el Estado derecho y poniendo en juego la seguridad jur\u00eddica del pa\u00eds.<\/p>\n\n\n\n<p class=\"wp-block-paragraph\">Ante esa actitud del Banco Central de desacatar una decisi\u00f3n definitiva conforme a la Ley de Casaci\u00f3n, hemos procedido a embargar al Banco Central de la Rep\u00fablica Dominicana en todas las instituciones financieras y de intermediaci\u00f3n que existen en la Rep\u00fablica Dominicana, as\u00ed como el Fondo Monetario Internacional (FMI), el Banco Mundial, el Banco Interamericano de Desarrollo y todas las entidades que tienen que ver con los pr\u00e9stamos hacia la Rep\u00fablica Dominicana.<\/p>\n\n\n\n<p class=\"wp-block-paragraph\">La Novena Sala Civil fij\u00f3 para el d\u00eda 28 de septiembre, la validez del embargo.<\/p>\n\n\n\n<p class=\"wp-block-paragraph\">\u201cVamos a conocer la validez del embargo retentivo trabado en manos del Banco Mundial, FMI, Banco Interamericano de Desarrollo y todas esas entidades\u201d.<\/p>\n\n\n\n<p class=\"wp-block-paragraph\">El doctor Jorge Lora Castillo dijo que, si el BCRD persiste en la actitud esa actitud de desacatar decisiones definitivas de los tribunales de la Rep\u00fablica.<\/p>\n\n\n\n<p class=\"wp-block-paragraph\">\u201cEstamos estudiando proceder al sometimiento penal conforme al nuevo C\u00f3digo Procesal Penal y al nuevo C\u00f3digo Penal contra el gobernador del Banco Central H\u00e9ctor Valdez Albizu y la Junta Monetaria.<\/p>\n\n\n\n<p class=\"wp-block-paragraph\">La Segunda Sala de la C\u00e1mara Civil y Comercial de la Corte de Apelaci\u00f3n del Distrito Nacional conden\u00f3 al Banco Central de la Rep\u00fablica Dominicana (BCRD) al pago de 5 millones de d\u00f3lares de los Estados Unidos o su equivalente en pesos por apropiarse de un inmueble ubicado en los terrenos del antiguo aeropuerto de Herrera que fueron entregados al Consorcio Mandes Junior-M\u00e9ndez Cabral en daci\u00f3n de pago.<\/p>\n\n\n\n<p class=\"wp-block-paragraph\">\u201cSe trata de una condenaci\u00f3n ya definitiva, con autoridad de la cosa irrevocablemente juzgada, dictada por la Segunda Sala de la C\u00e1mara Penal de la Corte de Apelaci\u00f3n del Distrito Nacional\u201d, dijo Lora Castillo.<\/p>\n\n\n\n<p class=\"wp-block-paragraph\">\u201cDespu\u00e9s de 22 a\u00f1os peleando en los tribunales de la Rep\u00fablica, todav\u00eda nuestros representados no tienen una soluci\u00f3n sobre la base de que el Banco Central se entiende por encima de la ley y por encima del derecho\u201d.<\/p>\n\n\n\n<p class=\"wp-block-paragraph\">Dijo que su representado fue beneficiado con 5,000 metros cuadrados de los terrenos donde operaba el antiguo Aeropuerto de Herrera en daci\u00f3n de pago por los trabajos realizados en la ampliaci\u00f3n de la Autopista Duarte y cuando fue a buscar sus metros, que hizo solicitud de deslinde, de catastro, agrimensor y todo eso, se dio cuenta de que el Banco Central ya hab\u00eda repartido entre los que nosotros decimos sus ingenieros favoritos, porque ten\u00edan ingenieros favoritos, la totalidad de los terrenos de nuestro representado.<\/p>\n\n\n\n<p class=\"wp-block-paragraph\">Indic\u00f3 que, ante esa situaci\u00f3n, demandaron judicialmente la rescisi\u00f3n del contrato de compraventa de daci\u00f3n en pago y fuimos beneficiados ya por fin con una decisi\u00f3n definitiva el d\u00eda 13 de agosto 2026.<\/p>\n\n\n\n<p class=\"wp-block-paragraph\">\u201cA pesar de todo esto, el Banco Central persiste en su actitud negativa de resolver un problema que ya la justicia ha definido a favor de nuestro representado\u201d.<\/p>\n\n\n\n<p class=\"wp-block-paragraph\">No obstante, la ley 2-23, sobre Procedimiento de Casaci\u00f3n, establecer que la sentencia dictada por la SEGUNDA SALA de la C\u00e1mara de lo Civil y Comercial de la Corte de Apelaci\u00f3n del Distrito Nacional, de fecha 13 de agosto del 2026, no es susceptible de ning\u00fan recurso, en virtud de que fall\u00f3 conforme al mandato establecido en el env\u00edo realizado por la SUPREMA CORTE DE JUSTICIA, el BANCO CENTRAL, persiste en un inexplicable, obtusa e ilegal actitud de DESACATAR fallos definitivos, (Siempre entendi\u00e9ndose por encima de la ley e intocable).<\/p>\n\n\n\n<p class=\"wp-block-paragraph\">Los jueces Mat\u00edas Modesto Del Rosario, juez presidente; Yn\u00e9s A. De Pe\u00f1a Ventura, Jorge Luis Reyes Lara y Pricila Mart\u00ednez Tineo, tambi\u00e9n condenaron al banco al pago de las costas de procedimientos en favor y provecho del doctor Jorge Lora Castillo.<\/p>\n\n\n\n<p class=\"wp-block-paragraph\">El doctor Lora dijo que la decisi\u00f3n se convirti\u00f3 en una sentencia definitiva y fue notificada a la entidad bancaria estatal, mediante el acto n\u00famero 1098\/2026, el pasado viernes 21 de agosto por el ministerial William Radhames Ortiz Pujols.<\/p>\n\n\n\n<p class=\"wp-block-paragraph\">Se trata de una demanda en recisi\u00f3n de contrato y reparaci\u00f3n de da\u00f1os y perjuicios que interpuso en consorcio Mez Junior-M\u00e9ndez Cabral en contra del Banco Central que tuvo su origen en la compra de una porci\u00f3n de terreno de cinco mil metros cuadrados dentro del \u00e1mbito de la parcela 110-reformada -780-T11 DEL Distrito Catastral, n\u00famero 1.<\/p>\n\n\n\n<p class=\"wp-block-paragraph\">El Consorcio recibi\u00f3 los terrenos en daci\u00f3n de pago por los trabajos realizados en la ampliaci\u00f3n de la Autopista Duarte por valor de 38 millones 805. 457.90.<\/p>\n\n\n\n<p class=\"wp-block-paragraph\">El BCRD obviando el contrato notarizado y el compromiso asumido desde el 2004 hizo caso omiso a las decisiones de los tribunales y opt\u00f3 por recurrirlas y reparti\u00f3 la totalidad de los terrenos objeto de la transacci\u00f3n con el Estado Dominicano, a grupos empresariales e ingenieros \u201cfavoritos\u201d, impidiendo al consorcio el usufructo del terreno.<\/p>\n\n\n\n<p class=\"wp-block-paragraph\">La decisi\u00f3n que le da ganancia de causa al consorcio fue notificada al Banco Central, al gobernador H\u00e9ctor Valdez Albilzu, y a sus abogados.<\/p>\n\n\n\n<figure class=\"wp-block-gallery has-nested-images columns-default is-cropped wp-block-gallery-1 is-layout-flex wp-block-gallery-is-layout-flex\"><\/figure>\n\n\n\n<div class=\"wp-block-file\"><a id=\"wp-block-file--media-15c1c415-74af-40c8-a6e3-2c87f020a3ff\" href=\"https:\/\/lasprimeras.com.do\/wp-content\/uploads\/2026\/09\/BANCO-CENTRAL-DESACATA-SENTENCIA-QUE-ADQUIRIO-LA-COSA-IRREVOCABLEMENTE-JUZGADA.docx\">BANCO CENTRAL DESACATA SENTENCIA QUE ADQUIRI\u00d3 LA COSA IRREVOCABLEMENTE JUZGADA<\/a><a href=\"https:\/\/lasprimeras.com.do\/wp-content\/uploads\/2026\/09\/BANCO-CENTRAL-DESACATA-SENTENCIA-QUE-ADQUIRIO-LA-COSA-IRREVOCABLEMENTE-JUZGADA.docx\" class=\"wp-block-file__button wp-element-button\" download aria-describedby=\"wp-block-file--media-15c1c415-74af-40c8-a6e3-2c87f020a3ff\">Descarga<\/a><\/div>\n","protected":false},"excerpt":{"rendered":"<p>Embargan cuentas ante organismos crediticios internacionales FMI, BM y BID, Novena sala civil conocer\u00e1 la validez Santo Domingo = El Banco Central de la Rep\u00fablica Dominicana (BCRD) desacat\u00f3 una sentencia&hellip;<\/p>\n","protected":false},"author":10,"featured_media":138812,"comment_status":"open","ping_status":"open","sticky":false,"template":"","format":"standard","meta":{"content-type":"","_jetpack_newsletter_access":"","_jetpack_dont_email_post_to_subs":false,"_jetpack_newsletter_tier_id":0,"_jetpack_memberships_contains_paywalled_content":false,"_jetpack_feature_clip_id":0,"_jetpack_memberships_contains_paid_content":false,"footnotes":"","jetpack_post_was_ever_published":false},"categories":[25],"tags":[2734,16720,2304],"class_list":["post-138811","post","type-post","status-publish","format-standard","has-post-thumbnail","hentry","category-portada","tag-banco-central","tag-desacata","tag-sentencia"],"jetpack-related-posts":[{"id":60711,"url":"https:\/\/lasprimeras.com.do\/index.php\/2023\/09\/18\/dgii-busca-dilatar-pago-rd516-500-millones-al-abogado-ramon-emilio-concepcion\/","url_meta":{"origin":138811,"position":0},"title":"DGII busca dilatar pago RD$516.500 millones al abogado Ram\u00f3n Emilio Concepci\u00f3n","author":"Nelson Feliz","date":"18 de septiembre de 2023","format":false,"excerpt":"Audiencia ser\u00e1 el martes, 19 de septiembre a las 9:00 de la ma\u00f1ana. La Direcci\u00f3n General de Impuestos Internos DGII pretende que un juez de Primera Instancia anule dos sentencias del Tribunal Constitucional ordenan la liquidaci\u00f3n de la astreinte que a la fecha asciende a la suma de 516 millones\u2026","rel":"","context":"En \u00abECONOM\u00cdA\u00bb","block_context":{"text":"ECONOM\u00cdA","link":"https:\/\/lasprimeras.com.do\/index.php\/category\/economia\/"},"img":{"alt_text":"","src":"https:\/\/i0.wp.com\/lasprimeras.com.do\/wp-content\/uploads\/2023\/09\/Ramon-Emilio-Concepcion-1.jpg?resize=350%2C200&ssl=1","width":350,"height":200},"classes":[]},{"id":60861,"url":"https:\/\/lasprimeras.com.do\/index.php\/2023\/09\/19\/juez-otorga-plazo-de-15-dias-a-dgii-para-pagar-astreinte-por-mas-de-524-millones\/","url_meta":{"origin":138811,"position":1},"title":"Juez otorga plazo de 15 d\u00edas a DGII para pagar astreinte por m\u00e1s de 524 millones","author":"Nelson Feliz","date":"19 de septiembre de 2023","format":false,"excerpt":"La juez de la Segunda Sala de la C\u00e1mara Civil y Comercial del Distrito Nacional, otorg\u00f3 un plazo 15 d\u00edas para escrito justificativo a la Direcci\u00f3n General de Impuestos Internos DGII en la liquidaci\u00f3n \u00a0astreinte por\u00a0524 millones 100 mil pesos\u00a0en favor del abogado Ram\u00f3n Emilio Concepci\u00f3n, por incumplir una sentencia\u2026","rel":"","context":"En \u00abJUSTICIA\u00bb","block_context":{"text":"JUSTICIA","link":"https:\/\/lasprimeras.com.do\/index.php\/category\/justicia\/"},"img":{"alt_text":"","src":"https:\/\/i0.wp.com\/lasprimeras.com.do\/wp-content\/uploads\/2023\/09\/Ramon-Emilio-Concepcion-1.jpg?resize=350%2C200&ssl=1","width":350,"height":200},"classes":[]},{"id":54492,"url":"https:\/\/lasprimeras.com.do\/index.php\/2023\/07\/11\/juez-aplaza-para-septiembre-demanda-interpretacion-de-sentencia-definitiva-del-tc\/","url_meta":{"origin":138811,"position":2},"title":"Juez aplaza para septiembre demanda interpretaci\u00f3n de sentencia definitiva del TC","author":"Nelson Feliz","date":"11 de julio de 2023","format":false,"excerpt":"\u00a0Evaluar\u00e1 si procede fusi\u00f3n expediente con liquidaci\u00f3n astreinte de 508 millones. La juez de la Segunda Sala de la C\u00e1mara Civil y Comercial del Distrito Nacional aplaz\u00f3 para el martes 19 de septiembre audiencia para evaluar si procede la solicitud de fusi\u00f3n expediente de interpretaci\u00f3n de sentencia del Tribunal Constitucional\u2026","rel":"","context":"En \u00abJUSTICIA\u00bb","block_context":{"text":"JUSTICIA","link":"https:\/\/lasprimeras.com.do\/index.php\/category\/justicia\/"},"img":{"alt_text":"","src":"https:\/\/i0.wp.com\/lasprimeras.com.do\/wp-content\/uploads\/2023\/07\/Ramon-Emilio-tribunal-.jpg?resize=350%2C200&ssl=1","width":350,"height":200,"srcset":"https:\/\/i0.wp.com\/lasprimeras.com.do\/wp-content\/uploads\/2023\/07\/Ramon-Emilio-tribunal-.jpg?resize=350%2C200&ssl=1 1x, https:\/\/i0.wp.com\/lasprimeras.com.do\/wp-content\/uploads\/2023\/07\/Ramon-Emilio-tribunal-.jpg?resize=525%2C300&ssl=1 1.5x, https:\/\/i0.wp.com\/lasprimeras.com.do\/wp-content\/uploads\/2023\/07\/Ramon-Emilio-tribunal-.jpg?resize=700%2C400&ssl=1 2x"},"classes":[]},{"id":111026,"url":"https:\/\/lasprimeras.com.do\/index.php\/2025\/10\/03\/impacto-urbano-logra-sentencia-contra-el-ayuntamiento-dn-por-mas-de-rd4300-millones-en-danos-y-perjuicios\/","url_meta":{"origin":138811,"position":3},"title":"IMPACTO URBANO logra sentencia contra el Ayuntamiento DN por m\u00e1s de RD$4,300 millones en da\u00f1os y perjuicios","author":"Nelson Feliz","date":"3 de octubre de 2025","format":false,"excerpt":"La empresa Impacto Urbano, S.R.L., pionera en el sector de publicidad exterior en la Rep\u00fablica Dominicana, inform\u00f3 que interpuso una solicitud de ejecuci\u00f3n de sentencia y liquidaci\u00f3n por estado contra el Ayuntamiento del Distrito Nacional (ADN), encabezado por su alcaldesa, Carolina Mej\u00eda, tras el incumplimiento reiterado de la sentencia n\u00fam.\u2026","rel":"","context":"En \u00abECONOM\u00cdA\u00bb","block_context":{"text":"ECONOM\u00cdA","link":"https:\/\/lasprimeras.com.do\/index.php\/category\/economia\/"},"img":{"alt_text":"","src":"https:\/\/i0.wp.com\/lasprimeras.com.do\/wp-content\/uploads\/2025\/04\/mallete.png?resize=350%2C200&ssl=1","width":350,"height":200,"srcset":"https:\/\/i0.wp.com\/lasprimeras.com.do\/wp-content\/uploads\/2025\/04\/mallete.png?resize=350%2C200&ssl=1 1x, https:\/\/i0.wp.com\/lasprimeras.com.do\/wp-content\/uploads\/2025\/04\/mallete.png?resize=525%2C300&ssl=1 1.5x, https:\/\/i0.wp.com\/lasprimeras.com.do\/wp-content\/uploads\/2025\/04\/mallete.png?resize=700%2C400&ssl=1 2x"},"classes":[]},{"id":133852,"url":"https:\/\/lasprimeras.com.do\/index.php\/2026\/07\/02\/emplazan-a-eduardo-estrella-a-comparecer-manana-ante-el-tribunal-administrativo\/","url_meta":{"origin":138811,"position":4},"title":"Emplazan a Eduardo Estrella a comparecer ma\u00f1ana ante el Tribunal Administrativo","author":"Nelson Feliz","date":"2 de julio de 2026","format":false,"excerpt":"Las cuentas del MOPC han sido embargadas en varias ocasiones y aun as\u00ed no realizan los pagos autorizados por sentencia. Santo Domingo, RD. El ministro de Obras P\u00fablicas y Comunicaciones, Eduardo Estrella, fue emplazado formalmente a comparecer ante los tribunales en el marco de un proceso de ejecuci\u00f3n de sentencias\u2026","rel":"","context":"En \u00abJUSTICIA\u00bb","block_context":{"text":"JUSTICIA","link":"https:\/\/lasprimeras.com.do\/index.php\/category\/justicia\/"},"img":{"alt_text":"","src":"https:\/\/i0.wp.com\/lasprimeras.com.do\/wp-content\/uploads\/2026\/07\/EduardoEstrellaSantiago.jpg?resize=350%2C200&ssl=1","width":350,"height":200,"srcset":"https:\/\/i0.wp.com\/lasprimeras.com.do\/wp-content\/uploads\/2026\/07\/EduardoEstrellaSantiago.jpg?resize=350%2C200&ssl=1 1x, https:\/\/i0.wp.com\/lasprimeras.com.do\/wp-content\/uploads\/2026\/07\/EduardoEstrellaSantiago.jpg?resize=525%2C300&ssl=1 1.5x, https:\/\/i0.wp.com\/lasprimeras.com.do\/wp-content\/uploads\/2026\/07\/EduardoEstrellaSantiago.jpg?resize=700%2C400&ssl=1 2x"},"classes":[]},{"id":98787,"url":"https:\/\/lasprimeras.com.do\/index.php\/2025\/05\/12\/carolina-mejia-persiste-en-violacion-a-la-ley-pese-a-sentencia-en-su-contra\/","url_meta":{"origin":138811,"position":5},"title":"Carolina Mej\u00eda persiste en violaci\u00f3n a la ley pese a sentencia en su contra","author":"Nelson Feliz","date":"12 de mayo de 2025","format":false,"excerpt":"A m\u00e1s de setenta d\u00edas de haberse notificado la sentencia definitiva n\u00fam. 0030-03-2025-SSEN-00015, emitida por el Tribunal Superior Administrativo, la Alcald\u00eda del Distrito Nacional (ADN), encabezada por la alcaldesa Rosa Carolina Mej\u00eda G\u00f3mez, contin\u00faa en desacato al mandato judicial que ordena la restituci\u00f3n de 619 espacios publicitarios a la empresa\u2026","rel":"","context":"En \u00abNACIONALES\u00bb","block_context":{"text":"NACIONALES","link":"https:\/\/lasprimeras.com.do\/index.php\/category\/nacionales\/"},"img":{"alt_text":"Carolina Mej\u00eda","src":"https:\/\/i0.wp.com\/lasprimeras.com.do\/wp-content\/uploads\/2023\/07\/Carolina-Mejia.jpg?resize=350%2C200&ssl=1","width":350,"height":200,"srcset":"https:\/\/i0.wp.com\/lasprimeras.com.do\/wp-content\/uploads\/2023\/07\/Carolina-Mejia.jpg?resize=350%2C200&ssl=1 1x, https:\/\/i0.wp.com\/lasprimeras.com.do\/wp-content\/uploads\/2023\/07\/Carolina-Mejia.jpg?resize=525%2C300&ssl=1 1.5x, https:\/\/i0.wp.com\/lasprimeras.com.do\/wp-content\/uploads\/2023\/07\/Carolina-Mejia.jpg?resize=700%2C400&ssl=1 2x"},"classes":[]}],"jetpack_sharing_enabled":true,"jetpack_featured_media_url":"https:\/\/lasprimeras.com.do\/wp-content\/uploads\/2026\/09\/WhatsApp-Image-2026-09-02-at-11.47.40-AM.jpeg","_links":{"self":[{"href":"https:\/\/lasprimeras.com.do\/index.php\/wp-json\/wp\/v2\/posts\/138811","targetHints":{"allow":["GET"]}}],"collection":[{"href":"https:\/\/lasprimeras.com.do\/index.php\/wp-json\/wp\/v2\/posts"}],"about":[{"href":"https:\/\/lasprimeras.com.do\/index.php\/wp-json\/wp\/v2\/types\/post"}],"author":[{"embeddable":true,"href":"https:\/\/lasprimeras.com.do\/index.php\/wp-json\/wp\/v2\/users\/10"}],"replies":[{"embeddable":true,"href":"https:\/\/lasprimeras.com.do\/index.php\/wp-json\/wp\/v2\/comments?post=138811"}],"version-history":[{"count":1,"href":"https:\/\/lasprimeras.com.do\/index.php\/wp-json\/wp\/v2\/posts\/138811\/revisions"}],"predecessor-version":[{"id":138814,"href":"https:\/\/lasprimeras.com.do\/index.php\/wp-json\/wp\/v2\/posts\/138811\/revisions\/138814"}],"wp:featuredmedia":[{"embeddable":true,"href":"https:\/\/lasprimeras.com.do\/index.php\/wp-json\/wp\/v2\/media\/138812"}],"wp:attachment":[{"href":"https:\/\/lasprimeras.com.do\/index.php\/wp-json\/wp\/v2\/media?parent=138811"}],"wp:term":[{"taxonomy":"category","embeddable":true,"href":"https:\/\/lasprimeras.com.do\/index.php\/wp-json\/wp\/v2\/categories?post=138811"},{"taxonomy":"post_tag","embeddable":true,"href":"https:\/\/lasprimeras.com.do\/index.php\/wp-json\/wp\/v2\/tags?post=138811"}],"curies":[{"name":"wp","href":"https:\/\/api.w.org\/{rel}","templated":true}]}}