{"id":138815,"date":"2026-09-02T12:57:42","date_gmt":"2026-09-02T16:57:42","guid":{"rendered":"https:\/\/lasprimeras.com.do\/?p=138815"},"modified":"2026-09-02T12:57:45","modified_gmt":"2026-09-02T16:57:45","slug":"ministro-magin-diaz-juramenta-a-enmanuel-cedeno-brea-como-nuevo-superintendente-de-bancos","status":"publish","type":"post","link":"https:\/\/lasprimeras.com.do\/index.php\/2026\/09\/02\/ministro-magin-diaz-juramenta-a-enmanuel-cedeno-brea-como-nuevo-superintendente-de-bancos\/","title":{"rendered":"Ministro Mag\u00edn D\u00edaz juramenta a Enmanuel Cede\u00f1o Brea como nuevo superintendente de Bancos"},"content":{"rendered":"\n<p class=\"wp-block-paragraph\">El abogado, investigador y consultor sustituye a Alejandro Fern\u00e1ndez W., quien estuvo al frente de la Superintendencia de Bancos durante seis a\u00f1os<\/p>\n\n\n\n<p class=\"wp-block-paragraph\">Santo Domingo, R.D. \u2013 El ministro de Hacienda y Econom\u00eda (MHE), Mag\u00edn D\u00edaz, jurament\u00f3 este martes a Enmanuel Cede\u00f1o Brea como nuevo superintendente de Bancos de la Rep\u00fablica Dominicana, en sustituci\u00f3n de Alejandro Fern\u00e1ndez W., quien ocup\u00f3 la posici\u00f3n durante seis a\u00f1os.<\/p>\n\n\n\n<p class=\"wp-block-paragraph\">La designaci\u00f3n de Cede\u00f1o Brea est\u00e1 contenida en el Decreto 606-26 y, de conformidad con lo establecido en la Ley Monetaria y Financiera, corresponde a un per\u00edodo de dos a\u00f1os.<\/p>\n\n\n\n<p class=\"wp-block-paragraph\">Durante el acto de juramentaci\u00f3n, el ministro Mag\u00edn D\u00edaz destac\u00f3 la preparaci\u00f3n y experiencia del nuevo superintendente, as\u00ed como su trayectoria en materia de regulaci\u00f3n y supervisi\u00f3n financiera, elementos que fueron ponderados por el presidente Luis Abinader para su elecci\u00f3n.<\/p>\n\n\n\n<p class=\"wp-block-paragraph\">\u201cEnmanuel Cede\u00f1o Brea cuenta con una s\u00f3lida formaci\u00f3n y una amplia experiencia en regulaci\u00f3n, supervisi\u00f3n, econom\u00eda, finanzas y gesti\u00f3n de riesgos.<\/p>\n\n\n\n<p class=\"wp-block-paragraph\">Confiamos en que su conocimiento del sistema financiero y su compromiso con el fortalecimiento institucional contribuir\u00e1n a seguir consolidando un sistema bancario robusto, moderno y capaz de responder a los desaf\u00edos del pa\u00eds\u201d, expres\u00f3 D\u00edaz.<\/p>\n\n\n\n<p class=\"wp-block-paragraph\">Al mismo tiempo, el ministro destac\u00f3 el excelente desempe\u00f1o de Alejandro Fern\u00e1ndez W. al frente de esta instituci\u00f3n que muestra un importante avance en t\u00e9rminos de profesionalizaci\u00f3n, digitalizaci\u00f3n y capacidad operativa en la ejecuci\u00f3n de sus funciones.<\/p>\n\n\n\n<p class=\"wp-block-paragraph\">Tras ser juramentado Cede\u00f1o Brea manifest\u00f3 su compromiso con la continuidad del plan estrat\u00e9gico que impulsa la Superintendencia de Bancos (SB), con el objetivo de continuar profundizando en materias como la madurez institucional, la supervisi\u00f3n basada en riesgos y la innovaci\u00f3n regulatoria.<\/p>\n\n\n\n<p class=\"wp-block-paragraph\">Sobre el nuevo superintendente<\/p>\n\n\n\n<p class=\"wp-block-paragraph\">El nuevo superintendente es abogado de profesi\u00f3n y cuenta con especializaci\u00f3n en econom\u00eda y finanzas y posee una amplia trayectoria en regulaci\u00f3n financiera, supervisi\u00f3n prudencial, gesti\u00f3n de riesgos y cumplimiento normativo.<\/p>\n\n\n\n<p class=\"wp-block-paragraph\">Antes de su designaci\u00f3n, se desempe\u00f1aba como asesor principal y coordinador t\u00e9cnico de la Superintendencia de Bancos.<\/p>\n\n\n\n<p class=\"wp-block-paragraph\">Previamente, ocup\u00f3 la posici\u00f3n de subgerente de Regulaci\u00f3n e Innovaci\u00f3n de esa instituci\u00f3n, desde donde tuvo bajo su responsabilidad \u00e1reas vinculadas con regulaci\u00f3n, supervisi\u00f3n contra el lavado de activos y el financiamiento del terrorismo (LA\/FT), innovaci\u00f3n e inclusi\u00f3n financiera, investigaci\u00f3n econ\u00f3mica, registro y licencias, y sanciones administrativas.<\/p>\n\n\n\n<p class=\"wp-block-paragraph\">Asimismo, fue intendente del Mercados de Valores entre 2022 y 2024 y ha ejercido como asesor de diversas entidades financieras.<\/p>\n","protected":false},"excerpt":{"rendered":"<p>El abogado, investigador y consultor sustituye a Alejandro Fern\u00e1ndez W., quien estuvo al frente de la Superintendencia de Bancos durante seis a\u00f1os Santo Domingo, R.D. \u2013 El ministro de Hacienda&hellip;<\/p>\n","protected":false},"author":10,"featured_media":138816,"comment_status":"open","ping_status":"open","sticky":false,"template":"","format":"standard","meta":{"content-type":"","_jetpack_newsletter_access":"","_jetpack_dont_email_post_to_subs":false,"_jetpack_newsletter_tier_id":0,"_jetpack_memberships_contains_paywalled_content":false,"_jetpack_feature_clip_id":0,"_jetpack_memberships_contains_paid_content":false,"footnotes":"","jetpack_post_was_ever_published":false},"categories":[39],"tags":[36217,268,34258,26521],"class_list":["post-138815","post","type-post","status-publish","format-standard","has-post-thumbnail","hentry","category-economia","tag-enmanuel-cedeno-brea","tag-juramenta","tag-magin-diaz-3","tag-superintendente-de-bancos"],"jetpack-related-posts":[{"id":138677,"url":"https:\/\/lasprimeras.com.do\/index.php\/2026\/09\/01\/abinader-designa-a-victor-livio-cedeno-como-superintendente-de-bancos\/","url_meta":{"origin":138815,"position":0},"title":"Abinader designa a V\u00edctor Livio Cede\u00f1o como superintendente de Bancos","author":"Nelson Feliz","date":"1 de septiembre de 2026","format":false,"excerpt":"SANTO DOMINGO.- El presidente Luis Abinader design\u00f3 este martes mediante el Decreto 606-26 a V\u00edctor Livio Cede\u00f1o Brea como nuevo superintendente de Bancos de la Rep\u00fablica Dominicana, cargo que estaba vacante luego de la renuncia de Alejandro Fern\u00e1ndez W., quien permaneci\u00f3 al frente de la entidad durante seis a\u00f1os. Cede\u00f1o\u2026","rel":"","context":"En \u00abECONOM\u00cdA\u00bb","block_context":{"text":"ECONOM\u00cdA","link":"https:\/\/lasprimeras.com.do\/index.php\/category\/economia\/"},"img":{"alt_text":"","src":"https:\/\/i0.wp.com\/lasprimeras.com.do\/wp-content\/uploads\/2026\/09\/WhatsApp-Image-2022-12-05-at-8.34.28-PM-e1670287399257.jpeg?resize=350%2C200&ssl=1","width":350,"height":200,"srcset":"https:\/\/i0.wp.com\/lasprimeras.com.do\/wp-content\/uploads\/2026\/09\/WhatsApp-Image-2022-12-05-at-8.34.28-PM-e1670287399257.jpeg?resize=350%2C200&ssl=1 1x, https:\/\/i0.wp.com\/lasprimeras.com.do\/wp-content\/uploads\/2026\/09\/WhatsApp-Image-2022-12-05-at-8.34.28-PM-e1670287399257.jpeg?resize=525%2C300&ssl=1 1.5x, https:\/\/i0.wp.com\/lasprimeras.com.do\/wp-content\/uploads\/2026\/09\/WhatsApp-Image-2022-12-05-at-8.34.28-PM-e1670287399257.jpeg?resize=700%2C400&ssl=1 2x"},"classes":[]},{"id":113707,"url":"https:\/\/lasprimeras.com.do\/index.php\/2025\/11\/05\/comite-contra-lavado-de-activos-y-expertos-internacionales-sostienen-dialogo-estrategico-de-alto-nivel\/","url_meta":{"origin":138815,"position":1},"title":"Comit\u00e9 contra Lavado de Activos y expertos internacionales sostienen di\u00e1logo estrat\u00e9gico de alto nivel","author":"Nelson Feliz","date":"5 de noviembre de 2025","format":false,"excerpt":"La sesi\u00f3n fue encabezada por el ministro Mag\u00edn D\u00edaz en el marco de la celebraci\u00f3n del VIII Congreso Internacional contra el Lavado de Activos. El Comit\u00e9 Nacional Contra el Lavado de Activos (Conclafit), en coordinaci\u00f3n con la Unidad de An\u00e1lisis Financiero (UAF), sostuvo un di\u00e1logo estrat\u00e9gico de alto nivel con\u2026","rel":"","context":"En \u00abECONOM\u00cdA\u00bb","block_context":{"text":"ECONOM\u00cdA","link":"https:\/\/lasprimeras.com.do\/index.php\/category\/economia\/"},"img":{"alt_text":"","src":"https:\/\/i0.wp.com\/lasprimeras.com.do\/wp-content\/uploads\/2025\/11\/Comite-contra-Lavado-de-Activos-y-expertos-internacionales-sostienen-dialogo-estrategico-de-alto-nivel.jpg?resize=350%2C200&ssl=1","width":350,"height":200,"srcset":"https:\/\/i0.wp.com\/lasprimeras.com.do\/wp-content\/uploads\/2025\/11\/Comite-contra-Lavado-de-Activos-y-expertos-internacionales-sostienen-dialogo-estrategico-de-alto-nivel.jpg?resize=350%2C200&ssl=1 1x, https:\/\/i0.wp.com\/lasprimeras.com.do\/wp-content\/uploads\/2025\/11\/Comite-contra-Lavado-de-Activos-y-expertos-internacionales-sostienen-dialogo-estrategico-de-alto-nivel.jpg?resize=525%2C300&ssl=1 1.5x, https:\/\/i0.wp.com\/lasprimeras.com.do\/wp-content\/uploads\/2025\/11\/Comite-contra-Lavado-de-Activos-y-expertos-internacionales-sostienen-dialogo-estrategico-de-alto-nivel.jpg?resize=700%2C400&ssl=1 2x"},"classes":[]},{"id":103413,"url":"https:\/\/lasprimeras.com.do\/index.php\/2025\/07\/15\/magin-j-diaz-es-designado-ministro-de-hacienda-inicio-su-carrera-en-el-servicio-publico-en-el-gobierno-2000-2004\/","url_meta":{"origin":138815,"position":2},"title":"Mag\u00edn J. D\u00edaz es designado Ministro de Hacienda: inici\u00f3 su carrera en el servicio p\u00fablico en el gobierno 2000-2004","author":"Nelson Feliz","date":"15 de julio de 2025","format":false,"excerpt":"D\u00edaz es un tecn\u00f3crata y acad\u00e9mico con una carrera destacada de m\u00e1s de dos d\u00e9cadas en el Estado dominicano El presidente Luis Abinader design\u00f3 mediante el decreto 386-25 al economista y acad\u00e9mico Mag\u00edn J. D\u00edaz como nuevo Ministro de Hacienda, en sustituci\u00f3n de Jos\u00e9 Manuel (Jochy) Vicente, quien present\u00f3 renuncia\u2026","rel":"","context":"En \u00abECONOM\u00cdA\u00bb","block_context":{"text":"ECONOM\u00cdA","link":"https:\/\/lasprimeras.com.do\/index.php\/category\/economia\/"},"img":{"alt_text":"Mag\u00edn J. D\u00edaz","src":"https:\/\/i0.wp.com\/lasprimeras.com.do\/wp-content\/uploads\/2025\/07\/Magin-J.-Diaz.jpg?resize=350%2C200&ssl=1","width":350,"height":200,"srcset":"https:\/\/i0.wp.com\/lasprimeras.com.do\/wp-content\/uploads\/2025\/07\/Magin-J.-Diaz.jpg?resize=350%2C200&ssl=1 1x, https:\/\/i0.wp.com\/lasprimeras.com.do\/wp-content\/uploads\/2025\/07\/Magin-J.-Diaz.jpg?resize=525%2C300&ssl=1 1.5x, https:\/\/i0.wp.com\/lasprimeras.com.do\/wp-content\/uploads\/2025\/07\/Magin-J.-Diaz.jpg?resize=700%2C400&ssl=1 2x"},"classes":[]},{"id":103925,"url":"https:\/\/lasprimeras.com.do\/index.php\/2025\/07\/20\/danilo-medina-sobre-magin-diaz-ha-estado-en-los-cuatro-gobiernos-desde-el-2000-a-la-fecha\/","url_meta":{"origin":138815,"position":3},"title":"Danilo Medina sobre Mag\u00edn D\u00edaz: &#8220;Ha estado en los cuatro gobiernos desde el 2000 a la fecha&#8221;","author":"Nelson Feliz","date":"20 de julio de 2025","format":false,"excerpt":"Danilo Medina destaca trayectoria de Mag\u00edn D\u00edaz tras su designaci\u00f3n como ministro de Hacienda. El expresidente de la Rep\u00fablica, Danilo Medina, valor\u00f3 la designaci\u00f3n de Mag\u00edn J. D\u00edaz como nuevo ministro de Hacienda, y resalt\u00f3 su trayectoria como tecn\u00f3crata al servicio de distintos gobiernos dominicanos durante las \u00faltimas dos d\u00e9cadas.\u2026","rel":"","context":"En \u00abPOLITICA\u00bb","block_context":{"text":"POLITICA","link":"https:\/\/lasprimeras.com.do\/index.php\/category\/politica\/"},"img":{"alt_text":"Danilo Medina","src":"https:\/\/i0.wp.com\/lasprimeras.com.do\/wp-content\/uploads\/2025\/03\/Danilo_Medina-removebg-preview.png?resize=350%2C200&ssl=1","width":350,"height":200,"srcset":"https:\/\/i0.wp.com\/lasprimeras.com.do\/wp-content\/uploads\/2025\/03\/Danilo_Medina-removebg-preview.png?resize=350%2C200&ssl=1 1x, https:\/\/i0.wp.com\/lasprimeras.com.do\/wp-content\/uploads\/2025\/03\/Danilo_Medina-removebg-preview.png?resize=525%2C300&ssl=1 1.5x"},"classes":[]},{"id":66759,"url":"https:\/\/lasprimeras.com.do\/index.php\/2023\/11\/09\/magin-diaz-la-crisis-de-baninter-fue-del-21-del-pib\/","url_meta":{"origin":138815,"position":4},"title":"Mag\u00edn D\u00edaz: La crisis de BANINTER fue del 21% del PIB","author":"Nelson Feliz","date":"9 de noviembre de 2023","format":false,"excerpt":"El ex director de Impuestos Internos Mag\u00edn D\u00edaz, inform\u00f3 que el costo de la crisis bancar\u00eda del 2003 fue del 21 por ciento del Producto Interno Bruto. D\u00edaz, dijo que para esa fecha, la ca\u00edda del Banco Baninter y otras instituciones financiera es equivalente a 80 mil millones de pesos.\u2026","rel":"","context":"En \u00abECONOM\u00cdA\u00bb","block_context":{"text":"ECONOM\u00cdA","link":"https:\/\/lasprimeras.com.do\/index.php\/category\/economia\/"},"img":{"alt_text":"Mag\u00edn D\u00edaz","src":"https:\/\/i0.wp.com\/lasprimeras.com.do\/wp-content\/uploads\/2023\/07\/Magin-Diaz.jpg?resize=350%2C200&ssl=1","width":350,"height":200},"classes":[]},{"id":111919,"url":"https:\/\/lasprimeras.com.do\/index.php\/2025\/10\/15\/ministro-magin-diaz-desarrolla-amplia-agenda-de-trabajo-en-las-reuniones-anuales-del-banco-mundial-y-el-fmi\/","url_meta":{"origin":138815,"position":5},"title":"Ministro Mag\u00edn D\u00edaz desarrolla amplia agenda de trabajo en las Reuniones Anuales del Banco Mundial y el FMI","author":"Nelson Feliz","date":"15 de octubre de 2025","format":false,"excerpt":"El encuentro macroecon\u00f3mico se celebra desde el 13 de octubre con la participaci\u00f3n de autoridades monetarias y financieras El ministro de Hacienda y Econom\u00eda, Mag\u00edn D\u00edaz, desarrolla esta semana una amplia agenda de trabajo en las Reuniones Anuales 2025 del Grupo Banco Mundial y el Fondo Monetario Internacional (FMI), que\u2026","rel":"","context":"En \u00abECONOM\u00cdA\u00bb","block_context":{"text":"ECONOM\u00cdA","link":"https:\/\/lasprimeras.com.do\/index.php\/category\/economia\/"},"img":{"alt_text":"","src":"https:\/\/i0.wp.com\/lasprimeras.com.do\/wp-content\/uploads\/2025\/10\/Anabel-Gonzalez-vicepresidenta-de-Paises-del-BID-y-Magin-Diaz-ministro-de-Hacienda-y-Economia.jpg?resize=350%2C200&ssl=1","width":350,"height":200,"srcset":"https:\/\/i0.wp.com\/lasprimeras.com.do\/wp-content\/uploads\/2025\/10\/Anabel-Gonzalez-vicepresidenta-de-Paises-del-BID-y-Magin-Diaz-ministro-de-Hacienda-y-Economia.jpg?resize=350%2C200&ssl=1 1x, https:\/\/i0.wp.com\/lasprimeras.com.do\/wp-content\/uploads\/2025\/10\/Anabel-Gonzalez-vicepresidenta-de-Paises-del-BID-y-Magin-Diaz-ministro-de-Hacienda-y-Economia.jpg?resize=525%2C300&ssl=1 1.5x, https:\/\/i0.wp.com\/lasprimeras.com.do\/wp-content\/uploads\/2025\/10\/Anabel-Gonzalez-vicepresidenta-de-Paises-del-BID-y-Magin-Diaz-ministro-de-Hacienda-y-Economia.jpg?resize=700%2C400&ssl=1 2x"},"classes":[]}],"jetpack_sharing_enabled":true,"jetpack_featured_media_url":"https:\/\/lasprimeras.com.do\/wp-content\/uploads\/2026\/09\/Designacion-de-Enmanuel-Cedeno-Brea-esta-contenida-en-el-Decreto-606-26-.JPG.jpeg","_links":{"self":[{"href":"https:\/\/lasprimeras.com.do\/index.php\/wp-json\/wp\/v2\/posts\/138815","targetHints":{"allow":["GET"]}}],"collection":[{"href":"https:\/\/lasprimeras.com.do\/index.php\/wp-json\/wp\/v2\/posts"}],"about":[{"href":"https:\/\/lasprimeras.com.do\/index.php\/wp-json\/wp\/v2\/types\/post"}],"author":[{"embeddable":true,"href":"https:\/\/lasprimeras.com.do\/index.php\/wp-json\/wp\/v2\/users\/10"}],"replies":[{"embeddable":true,"href":"https:\/\/lasprimeras.com.do\/index.php\/wp-json\/wp\/v2\/comments?post=138815"}],"version-history":[{"count":1,"href":"https:\/\/lasprimeras.com.do\/index.php\/wp-json\/wp\/v2\/posts\/138815\/revisions"}],"predecessor-version":[{"id":138817,"href":"https:\/\/lasprimeras.com.do\/index.php\/wp-json\/wp\/v2\/posts\/138815\/revisions\/138817"}],"wp:featuredmedia":[{"embeddable":true,"href":"https:\/\/lasprimeras.com.do\/index.php\/wp-json\/wp\/v2\/media\/138816"}],"wp:attachment":[{"href":"https:\/\/lasprimeras.com.do\/index.php\/wp-json\/wp\/v2\/media?parent=138815"}],"wp:term":[{"taxonomy":"category","embeddable":true,"href":"https:\/\/lasprimeras.com.do\/index.php\/wp-json\/wp\/v2\/categories?post=138815"},{"taxonomy":"post_tag","embeddable":true,"href":"https:\/\/lasprimeras.com.do\/index.php\/wp-json\/wp\/v2\/tags?post=138815"}],"curies":[{"name":"wp","href":"https:\/\/api.w.org\/{rel}","templated":true}]}}