{"id":138821,"date":"2026-09-02T15:33:44","date_gmt":"2026-09-02T19:33:44","guid":{"rendered":"https:\/\/lasprimeras.com.do\/?p=138821"},"modified":"2026-09-02T15:33:46","modified_gmt":"2026-09-02T19:33:46","slug":"gobierno-lleva-asistencia-integral-a-mas-de-200-familias-vulnerables-en-la-provincia-de-la-vega-a-traves-de-dasac","status":"publish","type":"post","link":"https:\/\/lasprimeras.com.do\/index.php\/2026\/09\/02\/gobierno-lleva-asistencia-integral-a-mas-de-200-familias-vulnerables-en-la-provincia-de-la-vega-a-traves-de-dasac\/","title":{"rendered":"Gobierno lleva asistencia integral a m\u00e1s de 200 familias vulnerables en la provincia de La Vega a trav\u00e9s de DASAC"},"content":{"rendered":"\n<p class=\"wp-block-paragraph\">La acci\u00f3n coordinada junto a la fundaci\u00f3n del Padre Rogelio Cruz fue el resultado de un levantamiento para asistir a adultos mayores, personas con discapacidad y familias de bajos ingresos.<\/p>\n\n\n\n<p class=\"wp-block-paragraph\">LA VEGA. &#8211; M\u00e1s de 200 familias de escasos recursos recibieron apoyo directo del Gobierno a trav\u00e9s de la Direcci\u00f3n de Asistencia Social y Alimentaci\u00f3n Comunitaria (DASAC), durante una jornada de entrega de enseres del hogar y ayudas t\u00e9cnicas realizada en la provincia de La Vega en coordinaci\u00f3n con la Fundaci\u00f3n del Padre Rogelio Cruz, como parte de los programas de asistencia social que desarrolla el Gobierno en todo el territorio nacional.<\/p>\n\n\n\n<p class=\"wp-block-paragraph\">La iniciativa benefici\u00f3 a adultos mayores, personas con discapacidad y familias en condiciones de vulnerabilidad, quienes recibieron sillas de ruedas, camas, neveras, estufas, televisores, juego de sala, juego de comedor y otros electrodom\u00e9sticos destinados a mejorar sus condiciones de vida.<\/p>\n\n\n\n<p class=\"wp-block-paragraph\">La entrega fue encabezada por el subdirector de DASAC, Francisco Garc\u00eda, en representaci\u00f3n del director general, Edgar Augusto F\u00e9liz Arbona, junto al padre Rogelio Cruz, luego de un proceso de levantamiento y evaluaci\u00f3n de las necesidades realizadas previamente en varias localidades para garantizar que las ayudas llegaran de manera digna a cada una de las familias.<\/p>\n\n\n\n<p class=\"wp-block-paragraph\">\u201cDetr\u00e1s de cada entrega hay una familia que espera una respuesta y una instituci\u00f3n comprometida con servir, como siempre nos han instruido el presidente Luis Abinader y nuestro director Edgar F\u00e9liz y que mejor forma de realizar esta labor que junto al Padre Rogelio Cruz, un hombre comprometido con estas familias que hoy reciben esta asistencia que entregamos con mucho amor\u201d, expres\u00f3 Garc\u00eda durante la actividad.<\/p>\n\n\n\n<p class=\"wp-block-paragraph\">Los beneficiarios agradecieron el respaldo recibido, destacando el impacto que estos art\u00edculos tendr\u00e1n en su vida cotidiana, especialmente en hogares donde las limitaciones econ\u00f3micas dificultan la adquisici\u00f3n de bienes esenciales.<\/p>\n\n\n\n<p class=\"wp-block-paragraph\">De su lado, el padre Rogelio Cruz, agradeci\u00f3 el respaldo brindado por esta instituci\u00f3n del gobierno, el cual representa un gran alivio para cientos de familias que hoy ven mejorar sus condiciones de vida, valorando la sensibilidad social con la que act\u00faa F\u00e9liz Arbona.<\/p>\n\n\n\n<p class=\"wp-block-paragraph\">La jornada forma parte de la pol\u00edtica de asistencia social impulsada por el presidente de la Rep\u00fablica, Luis Abinader Corona, y ejecutada por DASAC, orientada a fortalecer la protecci\u00f3n social de las familias m\u00e1s necesitadas y garantizar que las ayudas lleguen de manera oportuna a los sectores m\u00e1s vulnerables.<\/p>\n\n\n\n<p class=\"wp-block-paragraph\">Con acciones como esta, la Direcci\u00f3n de Asistencia Social y Alimentaci\u00f3n Comunitaria (DASAC), reafirma su compromiso de seguir transformando realidades y llevando soluciones concretas a comunidades de todo el pa\u00eds, priorizando siempre a quienes enfrentan mayores condiciones de fragilidad social.<\/p>\n","protected":false},"excerpt":{"rendered":"<p>La acci\u00f3n coordinada junto a la fundaci\u00f3n del Padre Rogelio Cruz fue el resultado de un levantamiento para asistir a adultos mayores, personas con discapacidad y familias de bajos ingresos.&hellip;<\/p>\n","protected":false},"author":10,"featured_media":138822,"comment_status":"open","ping_status":"open","sticky":false,"template":"","format":"standard","meta":{"content-type":"","_jetpack_newsletter_access":"","_jetpack_dont_email_post_to_subs":false,"_jetpack_newsletter_tier_id":0,"_jetpack_memberships_contains_paywalled_content":false,"_jetpack_feature_clip_id":0,"_jetpack_memberships_contains_paid_content":false,"footnotes":"","jetpack_post_was_ever_published":false},"categories":[25],"tags":[26854,940],"class_list":["post-138821","post","type-post","status-publish","format-standard","has-post-thumbnail","hentry","category-portada","tag-dasac","tag-la-vega"],"jetpack-related-posts":[{"id":121569,"url":"https:\/\/lasprimeras.com.do\/index.php\/2026\/02\/06\/dasac-eted-y-fundacion-del-padre-rogelio-cruz-transforman-vidas-en-varias-comunidades-del-sur\/","url_meta":{"origin":138821,"position":0},"title":"DASAC, ETED y Fundaci\u00f3n del Padre Rogelio Cruz transforman vidas en varias comunidades del sur","author":"Nelson Feliz","date":"6 de febrero de 2026","format":false,"excerpt":"16 viviendas fueron entregadas a familias vulnerables, las cuales fueron totalmente amuebladas por la instituci\u00f3n que dirige Edgar Augusto Feliz Arbona. La Direcci\u00f3n de Asistencia Social y Alimentaci\u00f3n Comunitaria (DASAC), contin\u00faa llevando esperanza y dignidad a familias vulnerables, en esta ocasi\u00f3n amuebl\u00f3 un total 16 viviendas que fueron entregadas por\u2026","rel":"","context":"En \u00abNACIONALES\u00bb","block_context":{"text":"NACIONALES","link":"https:\/\/lasprimeras.com.do\/index.php\/category\/nacionales\/"},"img":{"alt_text":"","src":"https:\/\/i0.wp.com\/lasprimeras.com.do\/wp-content\/uploads\/2026\/02\/DASAC-780x400-1.jpg?resize=350%2C200&ssl=1","width":350,"height":200,"srcset":"https:\/\/i0.wp.com\/lasprimeras.com.do\/wp-content\/uploads\/2026\/02\/DASAC-780x400-1.jpg?resize=350%2C200&ssl=1 1x, https:\/\/i0.wp.com\/lasprimeras.com.do\/wp-content\/uploads\/2026\/02\/DASAC-780x400-1.jpg?resize=525%2C300&ssl=1 1.5x, https:\/\/i0.wp.com\/lasprimeras.com.do\/wp-content\/uploads\/2026\/02\/DASAC-780x400-1.jpg?resize=700%2C400&ssl=1 2x"},"classes":[]},{"id":134013,"url":"https:\/\/lasprimeras.com.do\/index.php\/2026\/07\/05\/gobierno-mantiene-apoyo-directo-a-familias-de-bajos-ingresos-con-entrega-de-alimentos\/","url_meta":{"origin":138821,"position":1},"title":"Gobierno mantiene apoyo directo a familias de bajos ingresos con entrega de alimentos","author":"Nelson Feliz","date":"5 de julio de 2026","format":false,"excerpt":"Edgar Augusto F\u00e9liz Arbona, indic\u00f3 que la instituci\u00f3n que dirige mantiene un despliegue permanente para atender a los sectores m\u00e1s vulnerables y llevar respuestas concretas a las familias SANTO DOMINGO. \u2013 El Gobierno dominicano a trav\u00e9s de la Direcci\u00f3n de Asistencia Social y Alimentaci\u00f3n Comunitaria (DASAC), contin\u00faa fortaleciendo su programa\u2026","rel":"","context":"En \u00abNACIONALES\u00bb","block_context":{"text":"NACIONALES","link":"https:\/\/lasprimeras.com.do\/index.php\/category\/nacionales\/"},"img":{"alt_text":"","src":"https:\/\/i0.wp.com\/lasprimeras.com.do\/wp-content\/uploads\/2026\/07\/DASAC-1.jpg?resize=350%2C200&ssl=1","width":350,"height":200,"srcset":"https:\/\/i0.wp.com\/lasprimeras.com.do\/wp-content\/uploads\/2026\/07\/DASAC-1.jpg?resize=350%2C200&ssl=1 1x, https:\/\/i0.wp.com\/lasprimeras.com.do\/wp-content\/uploads\/2026\/07\/DASAC-1.jpg?resize=525%2C300&ssl=1 1.5x, https:\/\/i0.wp.com\/lasprimeras.com.do\/wp-content\/uploads\/2026\/07\/DASAC-1.jpg?resize=700%2C400&ssl=1 2x"},"classes":[]},{"id":113866,"url":"https:\/\/lasprimeras.com.do\/index.php\/2025\/11\/06\/gobierno-entrega-a-traves-del-dasac-enseres-del-hogar-a-familias-afectadas-por-tornado-en-miches\/","url_meta":{"origin":138821,"position":2},"title":"Gobierno entrega a trav\u00e9s del DASAC enseres del hogar a familias afectadas por tornado en Miches","author":"Nelson Feliz","date":"6 de noviembre de 2025","format":false,"excerpt":"M\u00e1s de veinte familias recibieron de la instituci\u00f3n de asistencia social colchones, lavadoras, estufas, neveras, juegos de muebles y comedor, abanicos, licuadoras, televisores y otros. Tras los da\u00f1os ocasionados por un tornado en el municipio de Miches y que afecto a m\u00e1s de 20 familias, el gobierno don\u00f3 a trav\u00e9s\u2026","rel":"","context":"En \u00abNACIONALES\u00bb","block_context":{"text":"NACIONALES","link":"https:\/\/lasprimeras.com.do\/index.php\/category\/nacionales\/"},"img":{"alt_text":"","src":"https:\/\/i0.wp.com\/lasprimeras.com.do\/wp-content\/uploads\/2025\/11\/dasac-1.jpg?resize=350%2C200&ssl=1","width":350,"height":200,"srcset":"https:\/\/i0.wp.com\/lasprimeras.com.do\/wp-content\/uploads\/2025\/11\/dasac-1.jpg?resize=350%2C200&ssl=1 1x, https:\/\/i0.wp.com\/lasprimeras.com.do\/wp-content\/uploads\/2025\/11\/dasac-1.jpg?resize=525%2C300&ssl=1 1.5x, https:\/\/i0.wp.com\/lasprimeras.com.do\/wp-content\/uploads\/2025\/11\/dasac-1.jpg?resize=700%2C400&ssl=1 2x"},"classes":[]},{"id":134881,"url":"https:\/\/lasprimeras.com.do\/index.php\/2026\/07\/17\/gobierno-impacta-a-miles-de-familias-de-samana-con-inversion-de-rd15-8-millones-en-asistencia-social-a-traves-de-dasac\/","url_meta":{"origin":138821,"position":3},"title":"Gobierno impacta a miles de familias de Saman\u00e1 con inversi\u00f3n de RD$15.8 millones en asistencia social a trav\u00e9s de DASAC","author":"Nelson Feliz","date":"17 de julio de 2026","format":false,"excerpt":"La intervenci\u00f3n incluy\u00f3 la distribuci\u00f3n de m\u00e1s de 5,000 raciones alimenticias, el techado de 100 viviendas que tambi\u00e9n fueron amuebladas y la puesta en funcionamiento de un nuevo comedor comunitario. SAMAN\u00c1. \u2013 Como parte de las acciones desarrolladas a trav\u00e9s del programa El Gobierno Contigo, el presidente Luis Abinader encabez\u00f3\u2026","rel":"","context":"En \u00abECONOM\u00cdA\u00bb","block_context":{"text":"ECONOM\u00cdA","link":"https:\/\/lasprimeras.com.do\/index.php\/category\/economia\/"},"img":{"alt_text":"","src":"https:\/\/i0.wp.com\/lasprimeras.com.do\/wp-content\/uploads\/2026\/07\/IMG-20260712-WA0504.jpg?resize=350%2C200&ssl=1","width":350,"height":200,"srcset":"https:\/\/i0.wp.com\/lasprimeras.com.do\/wp-content\/uploads\/2026\/07\/IMG-20260712-WA0504.jpg?resize=350%2C200&ssl=1 1x, https:\/\/i0.wp.com\/lasprimeras.com.do\/wp-content\/uploads\/2026\/07\/IMG-20260712-WA0504.jpg?resize=525%2C300&ssl=1 1.5x, https:\/\/i0.wp.com\/lasprimeras.com.do\/wp-content\/uploads\/2026\/07\/IMG-20260712-WA0504.jpg?resize=700%2C400&ssl=1 2x, https:\/\/i0.wp.com\/lasprimeras.com.do\/wp-content\/uploads\/2026\/07\/IMG-20260712-WA0504.jpg?resize=1050%2C600&ssl=1 3x"},"classes":[]},{"id":127314,"url":"https:\/\/lasprimeras.com.do\/index.php\/2026\/04\/10\/gobierno-entrega-a-traves-de-dasac-enseres-a-familias-afectadas-por-inundaciones\/","url_meta":{"origin":138821,"position":4},"title":"Gobierno entrega a trav\u00e9s de DASAC enseres a familias afectadas por inundaciones","author":"Nelson Feliz","date":"10 de abril de 2026","format":false,"excerpt":"Cientos de familias del sector La 800, una de las zonas m\u00e1s afectada, recibieron los enseres y electrodom\u00e9sticos da\u00f1ados por las fuertes lluvias de manos de un equipo de DASAC. En tiempo r\u00e9cord el Gobierno a trav\u00e9s de la Direcci\u00f3n de Asistencia Social y Alimentaci\u00f3n Comunitaria (DASAC), realiz\u00f3 las entregas\u2026","rel":"","context":"En \u00abNACIONALES\u00bb","block_context":{"text":"NACIONALES","link":"https:\/\/lasprimeras.com.do\/index.php\/category\/nacionales\/"},"img":{"alt_text":"","src":"https:\/\/i0.wp.com\/lasprimeras.com.do\/wp-content\/uploads\/2026\/04\/IMG-20260410-WA0567.jpg?resize=350%2C200&ssl=1","width":350,"height":200,"srcset":"https:\/\/i0.wp.com\/lasprimeras.com.do\/wp-content\/uploads\/2026\/04\/IMG-20260410-WA0567.jpg?resize=350%2C200&ssl=1 1x, https:\/\/i0.wp.com\/lasprimeras.com.do\/wp-content\/uploads\/2026\/04\/IMG-20260410-WA0567.jpg?resize=525%2C300&ssl=1 1.5x, https:\/\/i0.wp.com\/lasprimeras.com.do\/wp-content\/uploads\/2026\/04\/IMG-20260410-WA0567.jpg?resize=700%2C400&ssl=1 2x, https:\/\/i0.wp.com\/lasprimeras.com.do\/wp-content\/uploads\/2026\/04\/IMG-20260410-WA0567.jpg?resize=1050%2C600&ssl=1 3x"},"classes":[]}],"jetpack_sharing_enabled":true,"jetpack_featured_media_url":"https:\/\/lasprimeras.com.do\/wp-content\/uploads\/2026\/09\/IMG-20260902-WA0482.jpg","_links":{"self":[{"href":"https:\/\/lasprimeras.com.do\/index.php\/wp-json\/wp\/v2\/posts\/138821","targetHints":{"allow":["GET"]}}],"collection":[{"href":"https:\/\/lasprimeras.com.do\/index.php\/wp-json\/wp\/v2\/posts"}],"about":[{"href":"https:\/\/lasprimeras.com.do\/index.php\/wp-json\/wp\/v2\/types\/post"}],"author":[{"embeddable":true,"href":"https:\/\/lasprimeras.com.do\/index.php\/wp-json\/wp\/v2\/users\/10"}],"replies":[{"embeddable":true,"href":"https:\/\/lasprimeras.com.do\/index.php\/wp-json\/wp\/v2\/comments?post=138821"}],"version-history":[{"count":1,"href":"https:\/\/lasprimeras.com.do\/index.php\/wp-json\/wp\/v2\/posts\/138821\/revisions"}],"predecessor-version":[{"id":138823,"href":"https:\/\/lasprimeras.com.do\/index.php\/wp-json\/wp\/v2\/posts\/138821\/revisions\/138823"}],"wp:featuredmedia":[{"embeddable":true,"href":"https:\/\/lasprimeras.com.do\/index.php\/wp-json\/wp\/v2\/media\/138822"}],"wp:attachment":[{"href":"https:\/\/lasprimeras.com.do\/index.php\/wp-json\/wp\/v2\/media?parent=138821"}],"wp:term":[{"taxonomy":"category","embeddable":true,"href":"https:\/\/lasprimeras.com.do\/index.php\/wp-json\/wp\/v2\/categories?post=138821"},{"taxonomy":"post_tag","embeddable":true,"href":"https:\/\/lasprimeras.com.do\/index.php\/wp-json\/wp\/v2\/tags?post=138821"}],"curies":[{"name":"wp","href":"https:\/\/api.w.org\/{rel}","templated":true}]}}