{"id":138838,"date":"2026-09-02T17:56:41","date_gmt":"2026-09-02T21:56:41","guid":{"rendered":"https:\/\/lasprimeras.com.do\/?p=138838"},"modified":"2026-09-02T17:56:42","modified_gmt":"2026-09-02T21:56:42","slug":"prm-proclamara-nuevas-autoridades-y-cerrara-su-xxiv-convencion-nacional-ordinaria-este-domingo","status":"publish","type":"post","link":"https:\/\/lasprimeras.com.do\/index.php\/2026\/09\/02\/prm-proclamara-nuevas-autoridades-y-cerrara-su-xxiv-convencion-nacional-ordinaria-este-domingo\/","title":{"rendered":"PRM proclamar\u00e1 nuevas autoridades y cerrar\u00e1 su XXIV Convenci\u00f3n Nacional Ordinaria este domingo"},"content":{"rendered":"\n<p class=\"wp-block-paragraph\">Santo Domingo, RD. \u2013 El Partido Revolucionario Moderno (PRM) celebrar\u00e1 este domingo 6 de septiembre el gran acto de proclamaci\u00f3n de sus nuevas autoridades, con el que tambi\u00e9n dar\u00e1 cierre a la XXIV Convenci\u00f3n Nacional Ordinaria Orlando Jorge Mera, en una jornada que busca reafirmar el compromiso de la organizaci\u00f3n pol\u00edtica con el pa\u00eds.<\/p>\n\n\n\n<p class=\"wp-block-paragraph\">La actividad est\u00e1 pautada para las 9:00 de la ma\u00f1ana y tendr\u00e1 como escenario el Club San Carlos, ubicado en el sector San Carlos, en el Distrito Nacional. Durante el acto ser\u00e1n proclamadas oficialmente las nuevas autoridades del partido, luego del proceso interno desarrollado por la organizaci\u00f3n.<\/p>\n\n\n\n<p class=\"wp-block-paragraph\">Con esta jornada, el PRM procura proyectar una imagen de unidad, fortaleza y compromiso con la Rep\u00fablica Dominicana, al tiempo que marca una nueva etapa en la vida institucional de la organizaci\u00f3n. El partido ha invitado a su dirigencia, militancia y simpatizantes a participar en este encuentro.<\/p>\n","protected":false},"excerpt":{"rendered":"<p>Santo Domingo, RD. \u2013 El Partido Revolucionario Moderno (PRM) celebrar\u00e1 este domingo 6 de septiembre el gran acto de proclamaci\u00f3n de sus nuevas autoridades, con el que tambi\u00e9n dar\u00e1 cierre&hellip;<\/p>\n","protected":false},"author":3,"featured_media":138839,"comment_status":"open","ping_status":"open","sticky":false,"template":"","format":"standard","meta":{"content-type":"","_jetpack_newsletter_access":"","_jetpack_dont_email_post_to_subs":false,"_jetpack_newsletter_tier_id":0,"_jetpack_memberships_contains_paywalled_content":false,"_jetpack_feature_clip_id":0,"_jetpack_memberships_contains_paid_content":false,"footnotes":"","jetpack_post_was_ever_published":false},"categories":[16559],"tags":[],"class_list":["post-138838","post","type-post","status-publish","format-standard","has-post-thumbnail","hentry","category-politica"],"jetpack-related-posts":[{"id":134078,"url":"https:\/\/lasprimeras.com.do\/index.php\/2026\/07\/06\/carolina-mejia-resalta-madurez-politica-del-prm-partido-convoca-convencion-para-el-9-de-agosto-y-elegira-autoridades-por-dos-anos\/","url_meta":{"origin":138838,"position":0},"title":"Carolina Mej\u00eda resalta madurez pol\u00edtica del PRM, partido convoca convenci\u00f3n para el 9 de agosto y elegir\u00e1 autoridades por dos a\u00f1os","author":"Nelson Feliz","date":"6 de julio de 2026","format":false,"excerpt":"Enfatiz\u00f3 en que el presidente Luis Abinader, ha encabezado un gobierno que ha transformado la Rep\u00fablica Dominicana con trabajo, transparencia, estabilidad y resultados SANTO DOMINGO. El Partido Revolucionario Moderno (PRM) celebr\u00f3 su XXIII convenci\u00f3n Extraordinaria, en que que se decidi\u00f3 que las autoridades partidarias que sean electas en la XXIV\u2026","rel":"","context":"En \u00abSin categor\u00eda\u00bb","block_context":{"text":"Sin categor\u00eda","link":"https:\/\/lasprimeras.com.do\/index.php\/category\/sin-categoria\/"},"img":{"alt_text":"","src":"https:\/\/i0.wp.com\/lasprimeras.com.do\/wp-content\/uploads\/2026\/07\/IMG-20260705-WA0498.jpg?resize=350%2C200&ssl=1","width":350,"height":200,"srcset":"https:\/\/i0.wp.com\/lasprimeras.com.do\/wp-content\/uploads\/2026\/07\/IMG-20260705-WA0498.jpg?resize=350%2C200&ssl=1 1x, https:\/\/i0.wp.com\/lasprimeras.com.do\/wp-content\/uploads\/2026\/07\/IMG-20260705-WA0498.jpg?resize=525%2C300&ssl=1 1.5x, https:\/\/i0.wp.com\/lasprimeras.com.do\/wp-content\/uploads\/2026\/07\/IMG-20260705-WA0498.jpg?resize=700%2C400&ssl=1 2x, https:\/\/i0.wp.com\/lasprimeras.com.do\/wp-content\/uploads\/2026\/07\/IMG-20260705-WA0498.jpg?resize=1050%2C600&ssl=1 3x, https:\/\/i0.wp.com\/lasprimeras.com.do\/wp-content\/uploads\/2026\/07\/IMG-20260705-WA0498.jpg?resize=1400%2C800&ssl=1 4x"},"classes":[]},{"id":64989,"url":"https:\/\/lasprimeras.com.do\/index.php\/2023\/10\/25\/el-prm-proclamara-abinader-su-candidato-presidencial-el-sabado\/","url_meta":{"origin":138838,"position":1},"title":"El PRM proclamar\u00e1 Abinader su candidato presidencial el s\u00e1bado","author":"BIMARY DE JES\u00daS Matos","date":"25 de octubre de 2023","format":false,"excerpt":"Santo Domingo- El Partido Revolucionario Moderno (PRM) celebrar\u00e1 este s\u00e1bado su XXII Convenci\u00f3n Nacional Extraordinaria en un hotel de la capital, acto en el que se proclamar\u00e1 a Luis Abinader candidato a la Presidencia de cara a las elecciones de 2024, inform\u00f3 la organizaci\u00f3n este martes. Por disposici\u00f3n del Comit\u00e9\u2026","rel":"","context":"En \u00abSin categor\u00eda\u00bb","block_context":{"text":"Sin categor\u00eda","link":"https:\/\/lasprimeras.com.do\/index.php\/category\/sin-categoria\/"},"img":{"alt_text":"","src":"https:\/\/i0.wp.com\/lasprimeras.com.do\/wp-content\/uploads\/2023\/10\/WhatsApp-Image-2023-10-24-at-5.28.33-PM-1-4.jpeg?resize=350%2C200&ssl=1","width":350,"height":200},"classes":[]},{"id":64577,"url":"https:\/\/lasprimeras.com.do\/index.php\/2023\/10\/21\/luis-leonel-y-abel-seran-proclamados-el-fin-de-semana\/","url_meta":{"origin":138838,"position":2},"title":"Luis, Leonel y Abel ser\u00e1n proclamados el fin de semana","author":"BIMARY DE JES\u00daS Matos","date":"21 de octubre de 2023","format":false,"excerpt":"Santo Domingo.-Los partidos emergentes proclamar\u00e1n las candidaturas de sus aliados y realizar\u00e1n asambleas de delegados para aprobar las candidaturas de cara al 2024. Los candidatos presidenciales Luis Abinader, Leonel Fern\u00e1ndez y Abel Mart\u00ednez ser\u00e1n proclamados candidatos presidenciales por distintos partidos este fin de semana. En el caso de Mart\u00ednez, el\u2026","rel":"","context":"En \u00abSin categor\u00eda\u00bb","block_context":{"text":"Sin categor\u00eda","link":"https:\/\/lasprimeras.com.do\/index.php\/category\/sin-categoria\/"},"img":{"alt_text":"","src":"https:\/\/i0.wp.com\/lasprimeras.com.do\/wp-content\/uploads\/2023\/10\/WhatsApp-Image-2023-10-20-at-7.27.30-PM-5.jpeg?resize=350%2C200&ssl=1","width":350,"height":200,"srcset":"https:\/\/i0.wp.com\/lasprimeras.com.do\/wp-content\/uploads\/2023\/10\/WhatsApp-Image-2023-10-20-at-7.27.30-PM-5.jpeg?resize=350%2C200&ssl=1 1x, https:\/\/i0.wp.com\/lasprimeras.com.do\/wp-content\/uploads\/2023\/10\/WhatsApp-Image-2023-10-20-at-7.27.30-PM-5.jpeg?resize=525%2C300&ssl=1 1.5x"},"classes":[]},{"id":131990,"url":"https:\/\/lasprimeras.com.do\/index.php\/2026\/05\/27\/prm-designa-comision-para-cambiar-sus-estatutos\/","url_meta":{"origin":138838,"position":3},"title":"PRM designa comisi\u00f3n para cambiar sus estatutos","author":"Nelson Feliz","date":"27 de mayo de 2026","format":false,"excerpt":"Internamente se ha manejado la idea de posponer la convenci\u00f3n interna en la que se eligen a las autoridades del partido para el pr\u00f3ximo a\u00f1o El Partido Revolucionario Moderno (PRM) inform\u00f3 el inicio formal del proceso de reforma estatutaria que regir\u00e1 el futuro de la organizaci\u00f3n pol\u00edtica; la iniciativa busca\u2026","rel":"","context":"En \u00abPOLITICA\u00bb","block_context":{"text":"POLITICA","link":"https:\/\/lasprimeras.com.do\/index.php\/category\/politica\/"},"img":{"alt_text":"","src":"https:\/\/i0.wp.com\/lasprimeras.com.do\/wp-content\/uploads\/2026\/05\/PRM-1.jpg?resize=350%2C200&ssl=1","width":350,"height":200,"srcset":"https:\/\/i0.wp.com\/lasprimeras.com.do\/wp-content\/uploads\/2026\/05\/PRM-1.jpg?resize=350%2C200&ssl=1 1x, https:\/\/i0.wp.com\/lasprimeras.com.do\/wp-content\/uploads\/2026\/05\/PRM-1.jpg?resize=525%2C300&ssl=1 1.5x, https:\/\/i0.wp.com\/lasprimeras.com.do\/wp-content\/uploads\/2026\/05\/PRM-1.jpg?resize=700%2C400&ssl=1 2x"},"classes":[]}],"jetpack_sharing_enabled":true,"jetpack_featured_media_url":"https:\/\/lasprimeras.com.do\/wp-content\/uploads\/2026\/09\/candidatos-al-congreso-nacional-del-prm-cuestionados-focus-0-0-608-342.jpg","_links":{"self":[{"href":"https:\/\/lasprimeras.com.do\/index.php\/wp-json\/wp\/v2\/posts\/138838","targetHints":{"allow":["GET"]}}],"collection":[{"href":"https:\/\/lasprimeras.com.do\/index.php\/wp-json\/wp\/v2\/posts"}],"about":[{"href":"https:\/\/lasprimeras.com.do\/index.php\/wp-json\/wp\/v2\/types\/post"}],"author":[{"embeddable":true,"href":"https:\/\/lasprimeras.com.do\/index.php\/wp-json\/wp\/v2\/users\/3"}],"replies":[{"embeddable":true,"href":"https:\/\/lasprimeras.com.do\/index.php\/wp-json\/wp\/v2\/comments?post=138838"}],"version-history":[{"count":1,"href":"https:\/\/lasprimeras.com.do\/index.php\/wp-json\/wp\/v2\/posts\/138838\/revisions"}],"predecessor-version":[{"id":138840,"href":"https:\/\/lasprimeras.com.do\/index.php\/wp-json\/wp\/v2\/posts\/138838\/revisions\/138840"}],"wp:featuredmedia":[{"embeddable":true,"href":"https:\/\/lasprimeras.com.do\/index.php\/wp-json\/wp\/v2\/media\/138839"}],"wp:attachment":[{"href":"https:\/\/lasprimeras.com.do\/index.php\/wp-json\/wp\/v2\/media?parent=138838"}],"wp:term":[{"taxonomy":"category","embeddable":true,"href":"https:\/\/lasprimeras.com.do\/index.php\/wp-json\/wp\/v2\/categories?post=138838"},{"taxonomy":"post_tag","embeddable":true,"href":"https:\/\/lasprimeras.com.do\/index.php\/wp-json\/wp\/v2\/tags?post=138838"}],"curies":[{"name":"wp","href":"https:\/\/api.w.org\/{rel}","templated":true}]}}