{"id":138841,"date":"2026-09-02T20:47:41","date_gmt":"2026-09-03T00:47:41","guid":{"rendered":"https:\/\/lasprimeras.com.do\/?p=138841"},"modified":"2026-09-02T20:47:44","modified_gmt":"2026-09-03T00:47:44","slug":"karen-yapoort-dice-que-solicito-el-divorcio-de-edwin-encarnacion-hace-mas-de-una-semana","status":"publish","type":"post","link":"https:\/\/lasprimeras.com.do\/index.php\/2026\/09\/02\/karen-yapoort-dice-que-solicito-el-divorcio-de-edwin-encarnacion-hace-mas-de-una-semana\/","title":{"rendered":"Karen Yapoort dice que solicit\u00f3 el divorcio de Edwin Encarnaci\u00f3n \u201chace m\u00e1s de una semana\u201d"},"content":{"rendered":"\n<p class=\"wp-block-paragraph\"><strong>La presentadora pidi\u00f3 &#8220;consideraci\u00f3n&#8221; por sus hijos durante el proceso.<\/strong><\/p>\n\n\n\n<p class=\"wp-block-paragraph\">SANTO DOMINGO- La presentadora de Televici\u00f3n Karen Yapoort confirm\u00f3 que solicit\u00f3 el divorcio de Edwin Encarnaci\u00f3n &#8220;hace m\u00e1s de una semana&#8221; tras ocho a\u00f1os de matrimonio.<\/p>\n\n\n\n<p class=\"wp-block-paragraph\">A traves de un video publicado en su cuenta de Instagram donde aparece junto a sus abogados, Yapoort afirm\u00f3 que no ofrecer\u00e1 mayores detalles sobre el motivo de su decisi\u00f3n.<\/p>\n\n\n\n<p class=\"wp-block-paragraph\">Asimismo, la presentadora pidi\u00f3 &#8220;consideraci\u00f3n&#8221; por sus hijos durante el proceso.<\/p>\n\n\n\n<p class=\"wp-block-paragraph\">Fuente Listin Diario<\/p>\n","protected":false},"excerpt":{"rendered":"<p>La presentadora pidi\u00f3 &#8220;consideraci\u00f3n&#8221; por sus hijos durante el proceso. SANTO DOMINGO- La presentadora de Televici\u00f3n Karen Yapoort confirm\u00f3 que solicit\u00f3 el divorcio de Edwin Encarnaci\u00f3n &#8220;hace m\u00e1s de una&hellip;<\/p>\n","protected":false},"author":10,"featured_media":138842,"comment_status":"open","ping_status":"open","sticky":false,"template":"","format":"standard","meta":{"content-type":"","_jetpack_newsletter_access":"","_jetpack_dont_email_post_to_subs":false,"_jetpack_newsletter_tier_id":0,"_jetpack_memberships_contains_paywalled_content":false,"_jetpack_feature_clip_id":0,"_jetpack_memberships_contains_paid_content":false,"footnotes":"","jetpack_post_was_ever_published":false},"categories":[84],"tags":[8859,7985,36218,31794],"class_list":["post-138841","post","type-post","status-publish","format-standard","has-post-thumbnail","hentry","category-entretenimiento","tag-divorcio","tag-edwin-encarnacion","tag-hace-mas-de-una-semana","tag-karen-yapoort"],"jetpack-related-posts":[{"id":138844,"url":"https:\/\/lasprimeras.com.do\/index.php\/2026\/09\/01\/edwin-encarnacion-revela-que-presentara-demanda-de-divorcio-contra-karen-yapoort\/","url_meta":{"origin":138841,"position":0},"title":"Edwin Encarnaci\u00f3n revela que presentar\u00e1 demanda de divorcio contra Karen Yapoort","author":"Nelson Feliz","date":"1 de septiembre de 2026","format":false,"excerpt":"A trav\u00e9s de un video publicado en sus redes sociales, la estrella de Chicago White Sox explic\u00f3 que tom\u00f3 la decisi\u00f3n de divorciarse despu\u00e9s de comprobar \"tantas cosas me hab\u00edan dicho con relaci\u00f3n a su comportamiento, y sobre todo los secretos que cubr\u00eda con su talento\". SANTO DOMINGO-El expelotero de\u2026","rel":"","context":"En \u00abENTRETENIMIENTO\u00bb","block_context":{"text":"ENTRETENIMIENTO","link":"https:\/\/lasprimeras.com.do\/index.php\/category\/entretenimiento\/"},"img":{"alt_text":"","src":"https:\/\/i0.wp.com\/lasprimeras.com.do\/wp-content\/uploads\/2026\/09\/Karen-Yapoort-y-Edwin-Encarnacion-1.jpg?resize=350%2C200&ssl=1","width":350,"height":200,"srcset":"https:\/\/i0.wp.com\/lasprimeras.com.do\/wp-content\/uploads\/2026\/09\/Karen-Yapoort-y-Edwin-Encarnacion-1.jpg?resize=350%2C200&ssl=1 1x, https:\/\/i0.wp.com\/lasprimeras.com.do\/wp-content\/uploads\/2026\/09\/Karen-Yapoort-y-Edwin-Encarnacion-1.jpg?resize=525%2C300&ssl=1 1.5x, https:\/\/i0.wp.com\/lasprimeras.com.do\/wp-content\/uploads\/2026\/09\/Karen-Yapoort-y-Edwin-Encarnacion-1.jpg?resize=700%2C400&ssl=1 2x"},"classes":[]},{"id":89448,"url":"https:\/\/lasprimeras.com.do\/index.php\/2024\/09\/25\/edwin-encarnacion-la-mayoria-de-muchachos-no-llegan-por-falta-de-disciplina\/","url_meta":{"origin":138841,"position":1},"title":"Edwin Encarnaci\u00f3n: \u201cLa mayor\u00eda de muchachos no llegan por falta de disciplina\u201d","author":"Paola Castillo","date":"25 de septiembre de 2024","format":false,"excerpt":"\u200bSanto Domingo.- El expelotero de Grandes Ligas y empresario Edwin Encarnaci\u00f3n revel\u00f3 que el trabajo fue la clave para lograr el \u00e9xito del que disfruta actualmente. Al ser entrevistado por Juan Carlos Guilbe para el programa \u201cFinanzas con humor\u201d, el Al Bat, Edwin Encarnaci\u00f3n, revel\u00f3 que forj\u00f3 una fortuna de\u2026","rel":"","context":"En \u00abNACIONALES\u00bb","block_context":{"text":"NACIONALES","link":"https:\/\/lasprimeras.com.do\/index.php\/category\/nacionales\/"},"img":{"alt_text":"","src":"https:\/\/i0.wp.com\/lasprimeras.com.do\/wp-content\/uploads\/2024\/09\/WhatsApp-Image-2024-09-25-at-11.42.35-AM.jpeg?resize=350%2C200&ssl=1","width":350,"height":200,"srcset":"https:\/\/i0.wp.com\/lasprimeras.com.do\/wp-content\/uploads\/2024\/09\/WhatsApp-Image-2024-09-25-at-11.42.35-AM.jpeg?resize=350%2C200&ssl=1 1x, https:\/\/i0.wp.com\/lasprimeras.com.do\/wp-content\/uploads\/2024\/09\/WhatsApp-Image-2024-09-25-at-11.42.35-AM.jpeg?resize=525%2C300&ssl=1 1.5x, https:\/\/i0.wp.com\/lasprimeras.com.do\/wp-content\/uploads\/2024\/09\/WhatsApp-Image-2024-09-25-at-11.42.35-AM.jpeg?resize=700%2C400&ssl=1 2x"},"classes":[]},{"id":62279,"url":"https:\/\/lasprimeras.com.do\/index.php\/2023\/10\/04\/karen-yapoort-logra-primer-lugar-de-audiencia-con-su-programa-casados-en-caos\/","url_meta":{"origin":138841,"position":2},"title":"Karen Yapoort logra primer lugar de audiencia con su programa &#8220;Casados en caos&#8221;","author":"BIMARY DE JES\u00daS Matos","date":"4 de octubre de 2023","format":false,"excerpt":"Santo Domingo.-La comunicadora Karen Yapoort agradeci\u00f3 al p\u00fablico por posicionarla en el primer lugar de audiencia con el estreno de su programa \"Casados en caos\" tras seis a\u00f1os fuera de la pantalla chica. El domingo, Yapoort inici\u00f3 junto a Daniel Sarcos el talk show en el que los participantes invitados\u2026","rel":"","context":"En \u00abENTRETENIMIENTO\u00bb","block_context":{"text":"ENTRETENIMIENTO","link":"https:\/\/lasprimeras.com.do\/index.php\/category\/entretenimiento\/"},"img":{"alt_text":"","src":"https:\/\/i0.wp.com\/lasprimeras.com.do\/wp-content\/uploads\/2023\/10\/WhatsApp-Image-2023-09-21-at-3.33.06-PM-2.jpeg?resize=350%2C200&ssl=1","width":350,"height":200,"srcset":"https:\/\/i0.wp.com\/lasprimeras.com.do\/wp-content\/uploads\/2023\/10\/WhatsApp-Image-2023-09-21-at-3.33.06-PM-2.jpeg?resize=350%2C200&ssl=1 1x, https:\/\/i0.wp.com\/lasprimeras.com.do\/wp-content\/uploads\/2023\/10\/WhatsApp-Image-2023-09-21-at-3.33.06-PM-2.jpeg?resize=525%2C300&ssl=1 1.5x, https:\/\/i0.wp.com\/lasprimeras.com.do\/wp-content\/uploads\/2023\/10\/WhatsApp-Image-2023-09-21-at-3.33.06-PM-2.jpeg?resize=700%2C400&ssl=1 2x"},"classes":[]},{"id":138847,"url":"https:\/\/lasprimeras.com.do\/index.php\/2026\/09\/02\/edwin-encarnacion-no-tengo-hijos-en-camino-fuera-de-mi-matrimonio-con-karen-yapoort\/","url_meta":{"origin":138841,"position":3},"title":"Edwin Encarnaci\u00f3n: \u201cNo tengo hijos en camino fuera de mi matrimonio\u201d con Karen Yapoort","author":"Nelson Feliz","date":"2 de septiembre de 2026","format":false,"excerpt":"La pareja, que se cas\u00f3 en noviembre de 2017 en una lujosa boda en Casa de Campo, ha procreado dos hijos, Ever, de 6 a\u00f1os, y Eiren Elif, de 4. Santo Domingo, RD- El expelotero de Grandes Ligas Edwin Encarnaci\u00f3n desminti\u00f3 los rumores que circulan en redes sociales desde hace\u2026","rel":"","context":"En \u00abENTRETENIMIENTO\u00bb","block_context":{"text":"ENTRETENIMIENTO","link":"https:\/\/lasprimeras.com.do\/index.php\/category\/entretenimiento\/"},"img":{"alt_text":"Edwin Encarnaci\u00f3n","src":"https:\/\/i0.wp.com\/lasprimeras.com.do\/wp-content\/uploads\/2026\/09\/Edwin-Encarnacion.jpg?resize=350%2C200&ssl=1","width":350,"height":200,"srcset":"https:\/\/i0.wp.com\/lasprimeras.com.do\/wp-content\/uploads\/2026\/09\/Edwin-Encarnacion.jpg?resize=350%2C200&ssl=1 1x, https:\/\/i0.wp.com\/lasprimeras.com.do\/wp-content\/uploads\/2026\/09\/Edwin-Encarnacion.jpg?resize=525%2C300&ssl=1 1.5x, https:\/\/i0.wp.com\/lasprimeras.com.do\/wp-content\/uploads\/2026\/09\/Edwin-Encarnacion.jpg?resize=700%2C400&ssl=1 2x"},"classes":[]},{"id":138826,"url":"https:\/\/lasprimeras.com.do\/index.php\/2026\/09\/02\/edwin-encarnacion-se-pronuncio-publicamente-sobre-el-proceso-de-divorcio\/","url_meta":{"origin":138841,"position":4},"title":"Edwin Encarnaci\u00f3n se pronunci\u00f3 p\u00fablicamente sobre el proceso de divorcio","author":"BIMARY DE JES\u00daS Matos","date":"2 de septiembre de 2026","format":false,"excerpt":"El expelotero dominicano Edwin Encarnaci\u00f3n se pronunci\u00f3 p\u00fablicamente sobre una situaci\u00f3n personal que, seg\u00fan explic\u00f3, lo llev\u00f3 a tomar la decisi\u00f3n de iniciar un proceso de divorcio. En un mensaje difundido p\u00fablicamente, Encarnaci\u00f3n manifest\u00f3 que lo ocurrido pudo haber afectado todo lo que construy\u00f3 durante su carrera profesional y expres\u00f3\u2026","rel":"","context":"En \u00abENTRETENIMIENTO\u00bb","block_context":{"text":"ENTRETENIMIENTO","link":"https:\/\/lasprimeras.com.do\/index.php\/category\/entretenimiento\/"},"img":{"alt_text":"","src":"https:\/\/i0.wp.com\/lasprimeras.com.do\/wp-content\/uploads\/2026\/09\/68adcb668d437.r_d.341-161-1.jpeg?resize=350%2C200&ssl=1","width":350,"height":200,"srcset":"https:\/\/i0.wp.com\/lasprimeras.com.do\/wp-content\/uploads\/2026\/09\/68adcb668d437.r_d.341-161-1.jpeg?resize=350%2C200&ssl=1 1x, https:\/\/i0.wp.com\/lasprimeras.com.do\/wp-content\/uploads\/2026\/09\/68adcb668d437.r_d.341-161-1.jpeg?resize=525%2C300&ssl=1 1.5x, https:\/\/i0.wp.com\/lasprimeras.com.do\/wp-content\/uploads\/2026\/09\/68adcb668d437.r_d.341-161-1.jpeg?resize=700%2C400&ssl=1 2x"},"classes":[]},{"id":61610,"url":"https:\/\/lasprimeras.com.do\/index.php\/2023\/09\/28\/edwin-encarnacion-y-karen-yaport-con-expectativas-ante-primer-concierto-en-su-hotel\/","url_meta":{"origin":138841,"position":5},"title":"Edwin Encarnaci\u00f3n y Karen Yaport con expectativas ante primer concierto en su hotel","author":"Nelson Feliz","date":"28 de septiembre de 2023","format":false,"excerpt":"Es el primer gran concierto que se celebra en el hotel Hilton Garden Inn de La Romana, adquirido por Edwin Encarnaci\u00f3n. Karen Yaport y Edwin encarnaci\u00f3n tienen grandes expectativas con el concierto que dar\u00e1 Wason Brazob\u00e1n en el hotel Hilton Garden Inn de La Romana, el s\u00e1bado 21 de octubre.\u2026","rel":"","context":"En \u00abENTRETENIMIENTO\u00bb","block_context":{"text":"ENTRETENIMIENTO","link":"https:\/\/lasprimeras.com.do\/index.php\/category\/entretenimiento\/"},"img":{"alt_text":"Wason Brazoban","src":"https:\/\/i0.wp.com\/lasprimeras.com.do\/wp-content\/uploads\/2023\/09\/Wason-Brazoban.jpg?resize=350%2C200&ssl=1","width":350,"height":200},"classes":[]}],"jetpack_sharing_enabled":true,"jetpack_featured_media_url":"https:\/\/lasprimeras.com.do\/wp-content\/uploads\/2026\/09\/Karen-Yapoort-y-Edwin-Encarnacion.jpg","_links":{"self":[{"href":"https:\/\/lasprimeras.com.do\/index.php\/wp-json\/wp\/v2\/posts\/138841","targetHints":{"allow":["GET"]}}],"collection":[{"href":"https:\/\/lasprimeras.com.do\/index.php\/wp-json\/wp\/v2\/posts"}],"about":[{"href":"https:\/\/lasprimeras.com.do\/index.php\/wp-json\/wp\/v2\/types\/post"}],"author":[{"embeddable":true,"href":"https:\/\/lasprimeras.com.do\/index.php\/wp-json\/wp\/v2\/users\/10"}],"replies":[{"embeddable":true,"href":"https:\/\/lasprimeras.com.do\/index.php\/wp-json\/wp\/v2\/comments?post=138841"}],"version-history":[{"count":1,"href":"https:\/\/lasprimeras.com.do\/index.php\/wp-json\/wp\/v2\/posts\/138841\/revisions"}],"predecessor-version":[{"id":138843,"href":"https:\/\/lasprimeras.com.do\/index.php\/wp-json\/wp\/v2\/posts\/138841\/revisions\/138843"}],"wp:featuredmedia":[{"embeddable":true,"href":"https:\/\/lasprimeras.com.do\/index.php\/wp-json\/wp\/v2\/media\/138842"}],"wp:attachment":[{"href":"https:\/\/lasprimeras.com.do\/index.php\/wp-json\/wp\/v2\/media?parent=138841"}],"wp:term":[{"taxonomy":"category","embeddable":true,"href":"https:\/\/lasprimeras.com.do\/index.php\/wp-json\/wp\/v2\/categories?post=138841"},{"taxonomy":"post_tag","embeddable":true,"href":"https:\/\/lasprimeras.com.do\/index.php\/wp-json\/wp\/v2\/tags?post=138841"}],"curies":[{"name":"wp","href":"https:\/\/api.w.org\/{rel}","templated":true}]}}