{"id":138847,"date":"2026-09-02T21:07:39","date_gmt":"2026-09-03T01:07:39","guid":{"rendered":"https:\/\/lasprimeras.com.do\/?p=138847"},"modified":"2026-09-02T21:07:43","modified_gmt":"2026-09-03T01:07:43","slug":"edwin-encarnacion-no-tengo-hijos-en-camino-fuera-de-mi-matrimonio-con-karen-yapoort","status":"publish","type":"post","link":"https:\/\/lasprimeras.com.do\/index.php\/2026\/09\/02\/edwin-encarnacion-no-tengo-hijos-en-camino-fuera-de-mi-matrimonio-con-karen-yapoort\/","title":{"rendered":"Edwin Encarnaci\u00f3n: \u201cNo tengo hijos en camino fuera de mi matrimonio\u201d con Karen Yapoort"},"content":{"rendered":"\n<p class=\"wp-block-paragraph\"><strong>La pareja, que se cas\u00f3 en noviembre de 2017 en una lujosa boda en Casa de Campo, ha procreado dos hijos, Ever, de 6 a\u00f1os, y Eiren Elif, de 4.<\/strong><\/p>\n\n\n\n<p class=\"wp-block-paragraph\"><strong>Santo Domingo, RD-<\/strong> El expelotero de Grandes Ligas Edwin Encarnaci\u00f3n desminti\u00f3 los rumores que circulan en redes sociales desde hace varias semanas sobre el supuesto hijo que espera con otra mujer.<\/p>\n\n\n\n<p class=\"wp-block-paragraph\">A trav\u00e9s de un comunicado publicado este viernes en sus redes sociales, Encarnaci\u00f3n aclar\u00f3: &#8220;No tengo hijos en camino fuera de mi matrimonio&#8221;.<\/p>\n\n\n\n<p class=\"wp-block-paragraph\">De igual manera, pidi\u00f3 respeto para su esposa, la comunicadora Karen Yapoort, con quien lleva 8 a\u00f1os casado.<\/p>\n\n\n\n<p class=\"wp-block-paragraph\">&#8220;Mi esposa y mis hijos son mi raz\u00f3n de ser, por ellos trabajo, lucho y doy la cara todos los d\u00edas. No voy a permitir que se les falte el respeto ni que se les involucre en rumores malintencionados&#8221;, sentenci\u00f3.<\/p>\n\n\n\n<p class=\"wp-block-paragraph\">\u201cSiempre he sido un ciudadano que ha dado lo mejor de s\u00ed a su gente, a su fanaticada, a su comunidad y a su pa\u00eds. Mi trayectoria ha sido construida con trabajo honesto, de frente y sin dobleces\u201d, concluy\u00f3.<\/p>\n\n\n\n<p class=\"wp-block-paragraph\">La pareja, que se cas\u00f3 en noviembre de 2017 en una lujosa boda en Casa de Campo, ha procreado dos hijos, Ever, de 6 a\u00f1os, y Eiren Elif, de 4.<\/p>\n\n\n\n<p class=\"wp-block-paragraph\">Se recuerda que las especulaciones de separaci\u00f3n entre Yapoort y Encarnaci\u00f3n tomaron fuerza cuando ninguno se dej\u00f3 ver en redes sociales en su aniversario de bodas hace dos meses, adem\u00e1s tampoco compartieron sus acostumbradas fotograf\u00edas familiares de Navidad.<\/p>\n\n\n\n<p class=\"wp-block-paragraph\">Fuente Listin Diario<\/p>\n","protected":false},"excerpt":{"rendered":"<p>La pareja, que se cas\u00f3 en noviembre de 2017 en una lujosa boda en Casa de Campo, ha procreado dos hijos, Ever, de 6 a\u00f1os, y Eiren Elif, de 4.&hellip;<\/p>\n","protected":false},"author":10,"featured_media":138848,"comment_status":"open","ping_status":"open","sticky":false,"template":"","format":"standard","meta":{"content-type":"","_jetpack_newsletter_access":"","_jetpack_dont_email_post_to_subs":false,"_jetpack_newsletter_tier_id":0,"_jetpack_memberships_contains_paywalled_content":false,"_jetpack_feature_clip_id":0,"_jetpack_memberships_contains_paid_content":false,"footnotes":"","jetpack_post_was_ever_published":false},"categories":[84],"tags":[7985,31794,36219],"class_list":["post-138847","post","type-post","status-publish","format-standard","has-post-thumbnail","hentry","category-entretenimiento","tag-edwin-encarnacion","tag-karen-yapoort","tag-no-tengo-hijos-en-camino-fuera-de-mi-matrimonio"],"jetpack-related-posts":[{"id":138844,"url":"https:\/\/lasprimeras.com.do\/index.php\/2026\/09\/01\/edwin-encarnacion-revela-que-presentara-demanda-de-divorcio-contra-karen-yapoort\/","url_meta":{"origin":138847,"position":0},"title":"Edwin Encarnaci\u00f3n revela que presentar\u00e1 demanda de divorcio contra Karen Yapoort","author":"Nelson Feliz","date":"1 de septiembre de 2026","format":false,"excerpt":"A trav\u00e9s de un video publicado en sus redes sociales, la estrella de Chicago White Sox explic\u00f3 que tom\u00f3 la decisi\u00f3n de divorciarse despu\u00e9s de comprobar \"tantas cosas me hab\u00edan dicho con relaci\u00f3n a su comportamiento, y sobre todo los secretos que cubr\u00eda con su talento\". SANTO DOMINGO-El expelotero de\u2026","rel":"","context":"En \u00abENTRETENIMIENTO\u00bb","block_context":{"text":"ENTRETENIMIENTO","link":"https:\/\/lasprimeras.com.do\/index.php\/category\/entretenimiento\/"},"img":{"alt_text":"","src":"https:\/\/i0.wp.com\/lasprimeras.com.do\/wp-content\/uploads\/2026\/09\/Karen-Yapoort-y-Edwin-Encarnacion-1.jpg?resize=350%2C200&ssl=1","width":350,"height":200,"srcset":"https:\/\/i0.wp.com\/lasprimeras.com.do\/wp-content\/uploads\/2026\/09\/Karen-Yapoort-y-Edwin-Encarnacion-1.jpg?resize=350%2C200&ssl=1 1x, https:\/\/i0.wp.com\/lasprimeras.com.do\/wp-content\/uploads\/2026\/09\/Karen-Yapoort-y-Edwin-Encarnacion-1.jpg?resize=525%2C300&ssl=1 1.5x, https:\/\/i0.wp.com\/lasprimeras.com.do\/wp-content\/uploads\/2026\/09\/Karen-Yapoort-y-Edwin-Encarnacion-1.jpg?resize=700%2C400&ssl=1 2x"},"classes":[]},{"id":138841,"url":"https:\/\/lasprimeras.com.do\/index.php\/2026\/09\/02\/karen-yapoort-dice-que-solicito-el-divorcio-de-edwin-encarnacion-hace-mas-de-una-semana\/","url_meta":{"origin":138847,"position":1},"title":"Karen Yapoort dice que solicit\u00f3 el divorcio de Edwin Encarnaci\u00f3n \u201chace m\u00e1s de una semana\u201d","author":"Nelson Feliz","date":"2 de septiembre de 2026","format":false,"excerpt":"La presentadora pidi\u00f3 \"consideraci\u00f3n\" por sus hijos durante el proceso. SANTO DOMINGO- La presentadora de Televici\u00f3n Karen Yapoort confirm\u00f3 que solicit\u00f3 el divorcio de Edwin Encarnaci\u00f3n \"hace m\u00e1s de una semana\" tras ocho a\u00f1os de matrimonio. A traves de un video publicado en su cuenta de Instagram donde aparece junto\u2026","rel":"","context":"En \u00abENTRETENIMIENTO\u00bb","block_context":{"text":"ENTRETENIMIENTO","link":"https:\/\/lasprimeras.com.do\/index.php\/category\/entretenimiento\/"},"img":{"alt_text":"Karen Yapoort y Edwin Encarnaci\u00f3n","src":"https:\/\/i0.wp.com\/lasprimeras.com.do\/wp-content\/uploads\/2026\/09\/Karen-Yapoort-y-Edwin-Encarnacion.jpg?resize=350%2C200&ssl=1","width":350,"height":200,"srcset":"https:\/\/i0.wp.com\/lasprimeras.com.do\/wp-content\/uploads\/2026\/09\/Karen-Yapoort-y-Edwin-Encarnacion.jpg?resize=350%2C200&ssl=1 1x, https:\/\/i0.wp.com\/lasprimeras.com.do\/wp-content\/uploads\/2026\/09\/Karen-Yapoort-y-Edwin-Encarnacion.jpg?resize=525%2C300&ssl=1 1.5x, https:\/\/i0.wp.com\/lasprimeras.com.do\/wp-content\/uploads\/2026\/09\/Karen-Yapoort-y-Edwin-Encarnacion.jpg?resize=700%2C400&ssl=1 2x"},"classes":[]},{"id":126404,"url":"https:\/\/lasprimeras.com.do\/index.php\/2026\/04\/01\/magali-febles-emprendera-acciones-legales-contra-karen-yapoort\/","url_meta":{"origin":138847,"position":2},"title":"Magali Febles emprender\u00e1 acciones legales contra Karen Yapoort","author":"Nelson Feliz","date":"1 de abril de 2026","format":false,"excerpt":"La comunicadora particip\u00f3 en el Miss Rep\u00fablica Dominicana 2012, donde fue coronada Carlina Dur\u00e1n, destituida y posteriormente sustituida por Dulcita Lieggi. La experta en concursos de belleza y estilista Magali Febles anunci\u00f3 este mi\u00e9rcoles que demandar\u00e1 a Karen Yapoort tras las \u00faltimas declaraciones de la comunicadora contra de la directora\u2026","rel":"","context":"En \u00abENTRETENIMIENTO\u00bb","block_context":{"text":"ENTRETENIMIENTO","link":"https:\/\/lasprimeras.com.do\/index.php\/category\/entretenimiento\/"},"img":{"alt_text":"Magali Febles y Karen Yapoort","src":"https:\/\/i0.wp.com\/lasprimeras.com.do\/wp-content\/uploads\/2026\/04\/Magali-Febles-y-Karen-Yapoort.jpeg?resize=350%2C200&ssl=1","width":350,"height":200,"srcset":"https:\/\/i0.wp.com\/lasprimeras.com.do\/wp-content\/uploads\/2026\/04\/Magali-Febles-y-Karen-Yapoort.jpeg?resize=350%2C200&ssl=1 1x, https:\/\/i0.wp.com\/lasprimeras.com.do\/wp-content\/uploads\/2026\/04\/Magali-Febles-y-Karen-Yapoort.jpeg?resize=525%2C300&ssl=1 1.5x, https:\/\/i0.wp.com\/lasprimeras.com.do\/wp-content\/uploads\/2026\/04\/Magali-Febles-y-Karen-Yapoort.jpeg?resize=700%2C400&ssl=1 2x"},"classes":[]},{"id":89448,"url":"https:\/\/lasprimeras.com.do\/index.php\/2024\/09\/25\/edwin-encarnacion-la-mayoria-de-muchachos-no-llegan-por-falta-de-disciplina\/","url_meta":{"origin":138847,"position":3},"title":"Edwin Encarnaci\u00f3n: \u201cLa mayor\u00eda de muchachos no llegan por falta de disciplina\u201d","author":"Paola Castillo","date":"25 de septiembre de 2024","format":false,"excerpt":"\u200bSanto Domingo.- El expelotero de Grandes Ligas y empresario Edwin Encarnaci\u00f3n revel\u00f3 que el trabajo fue la clave para lograr el \u00e9xito del que disfruta actualmente. Al ser entrevistado por Juan Carlos Guilbe para el programa \u201cFinanzas con humor\u201d, el Al Bat, Edwin Encarnaci\u00f3n, revel\u00f3 que forj\u00f3 una fortuna de\u2026","rel":"","context":"En \u00abNACIONALES\u00bb","block_context":{"text":"NACIONALES","link":"https:\/\/lasprimeras.com.do\/index.php\/category\/nacionales\/"},"img":{"alt_text":"","src":"https:\/\/i0.wp.com\/lasprimeras.com.do\/wp-content\/uploads\/2024\/09\/WhatsApp-Image-2024-09-25-at-11.42.35-AM.jpeg?resize=350%2C200&ssl=1","width":350,"height":200,"srcset":"https:\/\/i0.wp.com\/lasprimeras.com.do\/wp-content\/uploads\/2024\/09\/WhatsApp-Image-2024-09-25-at-11.42.35-AM.jpeg?resize=350%2C200&ssl=1 1x, https:\/\/i0.wp.com\/lasprimeras.com.do\/wp-content\/uploads\/2024\/09\/WhatsApp-Image-2024-09-25-at-11.42.35-AM.jpeg?resize=525%2C300&ssl=1 1.5x, https:\/\/i0.wp.com\/lasprimeras.com.do\/wp-content\/uploads\/2024\/09\/WhatsApp-Image-2024-09-25-at-11.42.35-AM.jpeg?resize=700%2C400&ssl=1 2x"},"classes":[]},{"id":61610,"url":"https:\/\/lasprimeras.com.do\/index.php\/2023\/09\/28\/edwin-encarnacion-y-karen-yaport-con-expectativas-ante-primer-concierto-en-su-hotel\/","url_meta":{"origin":138847,"position":4},"title":"Edwin Encarnaci\u00f3n y Karen Yaport con expectativas ante primer concierto en su hotel","author":"Nelson Feliz","date":"28 de septiembre de 2023","format":false,"excerpt":"Es el primer gran concierto que se celebra en el hotel Hilton Garden Inn de La Romana, adquirido por Edwin Encarnaci\u00f3n. Karen Yaport y Edwin encarnaci\u00f3n tienen grandes expectativas con el concierto que dar\u00e1 Wason Brazob\u00e1n en el hotel Hilton Garden Inn de La Romana, el s\u00e1bado 21 de octubre.\u2026","rel":"","context":"En \u00abENTRETENIMIENTO\u00bb","block_context":{"text":"ENTRETENIMIENTO","link":"https:\/\/lasprimeras.com.do\/index.php\/category\/entretenimiento\/"},"img":{"alt_text":"Wason Brazoban","src":"https:\/\/i0.wp.com\/lasprimeras.com.do\/wp-content\/uploads\/2023\/09\/Wason-Brazoban.jpg?resize=350%2C200&ssl=1","width":350,"height":200},"classes":[]},{"id":62279,"url":"https:\/\/lasprimeras.com.do\/index.php\/2023\/10\/04\/karen-yapoort-logra-primer-lugar-de-audiencia-con-su-programa-casados-en-caos\/","url_meta":{"origin":138847,"position":5},"title":"Karen Yapoort logra primer lugar de audiencia con su programa &#8220;Casados en caos&#8221;","author":"BIMARY DE JES\u00daS Matos","date":"4 de octubre de 2023","format":false,"excerpt":"Santo Domingo.-La comunicadora Karen Yapoort agradeci\u00f3 al p\u00fablico por posicionarla en el primer lugar de audiencia con el estreno de su programa \"Casados en caos\" tras seis a\u00f1os fuera de la pantalla chica. El domingo, Yapoort inici\u00f3 junto a Daniel Sarcos el talk show en el que los participantes invitados\u2026","rel":"","context":"En \u00abENTRETENIMIENTO\u00bb","block_context":{"text":"ENTRETENIMIENTO","link":"https:\/\/lasprimeras.com.do\/index.php\/category\/entretenimiento\/"},"img":{"alt_text":"","src":"https:\/\/i0.wp.com\/lasprimeras.com.do\/wp-content\/uploads\/2023\/10\/WhatsApp-Image-2023-09-21-at-3.33.06-PM-2.jpeg?resize=350%2C200&ssl=1","width":350,"height":200,"srcset":"https:\/\/i0.wp.com\/lasprimeras.com.do\/wp-content\/uploads\/2023\/10\/WhatsApp-Image-2023-09-21-at-3.33.06-PM-2.jpeg?resize=350%2C200&ssl=1 1x, https:\/\/i0.wp.com\/lasprimeras.com.do\/wp-content\/uploads\/2023\/10\/WhatsApp-Image-2023-09-21-at-3.33.06-PM-2.jpeg?resize=525%2C300&ssl=1 1.5x, https:\/\/i0.wp.com\/lasprimeras.com.do\/wp-content\/uploads\/2023\/10\/WhatsApp-Image-2023-09-21-at-3.33.06-PM-2.jpeg?resize=700%2C400&ssl=1 2x"},"classes":[]}],"jetpack_sharing_enabled":true,"jetpack_featured_media_url":"https:\/\/lasprimeras.com.do\/wp-content\/uploads\/2026\/09\/Edwin-Encarnacion.jpg","_links":{"self":[{"href":"https:\/\/lasprimeras.com.do\/index.php\/wp-json\/wp\/v2\/posts\/138847","targetHints":{"allow":["GET"]}}],"collection":[{"href":"https:\/\/lasprimeras.com.do\/index.php\/wp-json\/wp\/v2\/posts"}],"about":[{"href":"https:\/\/lasprimeras.com.do\/index.php\/wp-json\/wp\/v2\/types\/post"}],"author":[{"embeddable":true,"href":"https:\/\/lasprimeras.com.do\/index.php\/wp-json\/wp\/v2\/users\/10"}],"replies":[{"embeddable":true,"href":"https:\/\/lasprimeras.com.do\/index.php\/wp-json\/wp\/v2\/comments?post=138847"}],"version-history":[{"count":1,"href":"https:\/\/lasprimeras.com.do\/index.php\/wp-json\/wp\/v2\/posts\/138847\/revisions"}],"predecessor-version":[{"id":138849,"href":"https:\/\/lasprimeras.com.do\/index.php\/wp-json\/wp\/v2\/posts\/138847\/revisions\/138849"}],"wp:featuredmedia":[{"embeddable":true,"href":"https:\/\/lasprimeras.com.do\/index.php\/wp-json\/wp\/v2\/media\/138848"}],"wp:attachment":[{"href":"https:\/\/lasprimeras.com.do\/index.php\/wp-json\/wp\/v2\/media?parent=138847"}],"wp:term":[{"taxonomy":"category","embeddable":true,"href":"https:\/\/lasprimeras.com.do\/index.php\/wp-json\/wp\/v2\/categories?post=138847"},{"taxonomy":"post_tag","embeddable":true,"href":"https:\/\/lasprimeras.com.do\/index.php\/wp-json\/wp\/v2\/tags?post=138847"}],"curies":[{"name":"wp","href":"https:\/\/api.w.org\/{rel}","templated":true}]}}