{"id":138850,"date":"2026-09-02T21:17:18","date_gmt":"2026-09-03T01:17:18","guid":{"rendered":"https:\/\/lasprimeras.com.do\/?p=138850"},"modified":"2026-09-02T21:17:20","modified_gmt":"2026-09-03T01:17:20","slug":"felix-bautista-propone-eliminar-metodo-dhondt-y-escoger-por-mayoria-simple-a-diputados","status":"publish","type":"post","link":"https:\/\/lasprimeras.com.do\/index.php\/2026\/09\/02\/felix-bautista-propone-eliminar-metodo-dhondt-y-escoger-por-mayoria-simple-a-diputados\/","title":{"rendered":"F\u00e9lix Bautista propone eliminar M\u00e9todo D&#8217;Hondt y escoger por mayor\u00eda simple a diputados"},"content":{"rendered":"\n<p class=\"wp-block-paragraph\"><strong>La intenci\u00f3n del legislador es transformar art\u00edculos de la Ley 20-23 del R\u00e9gimen Electoral para que esos funcionarios de elecci\u00f3n popular sean escogidos a trav\u00e9s del voto directo y la mayor\u00eda simple.<\/strong><\/p>\n\n\n\n<p class=\"wp-block-paragraph\"><strong>Santo Domingo, RD-<\/strong> El senador F\u00e9lix Bautista deposit\u00f3 este mi\u00e9rcoles un proyecto de ley que busca modificar la forma en que son seleccionados los diputados e integrantes de las salas municipales del pa\u00eds.<\/p>\n\n\n\n<p class=\"wp-block-paragraph\">Bautista entiende necesario eliminar el m\u00e9todo D&#8217;Hondt para que los diputados provinciales, regidores, vocales no sean escogidos a trav\u00e9s de ese sistema.<\/p>\n\n\n\n<p class=\"wp-block-paragraph\">Este mecanismo consiste en una f\u00f3rmula matem\u00e1tica que distribuye los esca\u00f1os que tiene una circunscripci\u00f3n, dividiendo la cantidad de organizaciones pol\u00edticas en n\u00fameros naturales.<\/p>\n\n\n\n<p class=\"wp-block-paragraph\">La intenci\u00f3n del legislador de la provincia San Juan es transformar varios art\u00edculos de la Ley 20-23 del R\u00e9gimen Electoral para que esos funcionarios de elecci\u00f3n popular sean escogidos a trav\u00e9s del voto directo y la mayor\u00eda simple.<\/p>\n\n\n\n<p class=\"wp-block-paragraph\">De esa manera, los candidatos obtendr\u00edan las posiciones cuando obtengan las votaciones m\u00e1s altas, como sucede con los senadores, alcaldes y presidente de la Rep\u00fablica.<\/p>\n\n\n\n<p class=\"wp-block-paragraph\">No cambiar\u00eda para todos<\/p>\n\n\n\n<p class=\"wp-block-paragraph\">Sin embargo, esto no ocasionar\u00eda un cambio para la elecci\u00f3n de los diputados representantes de los dominicanos en el exterior e integrantes de los parlamentos internacionales, quienes continuar\u00e1n sometidos al M\u00e9todo D&#8217;Hondt.<\/p>\n\n\n\n<p class=\"wp-block-paragraph\">\u00bfPor qu\u00e9 modificarlo?<\/p>\n\n\n\n<p class=\"wp-block-paragraph\">Seg\u00fan considera Bautista, el m\u00e9todo D\u2019Hondt no est\u00e1 garantizando \u201cuna correspondencia directa entre la cantidad de votos obtenidos individualmente por los candidatos y la asignaci\u00f3n de los puestos electivos\u201d.<\/p>\n\n\n\n<p class=\"wp-block-paragraph\">\u201cEl mecanismo vigente resulta injusto y desproporcionado, debido a que la suma de los votos obtenidos por los candidatos de una organizaci\u00f3n pol\u00edtica puede determinar la asignaci\u00f3n de esca\u00f1os, incluso cuando otros aspirantes hayan obtenido una mayor votaci\u00f3n individual\u201d, comunic\u00f3 el representante de la Fuerza del Pueblo (FP) a los medios de comunicaci\u00f3n.<\/p>\n\n\n\n<p class=\"wp-block-paragraph\">Es por esta raz\u00f3n que Bautista asegura que su propuesta fortalecer\u00eda \u201cel car\u00e1cter directo del sufragio\u201d, garantizando que la voluntad expresada por los electores se refleje de manera efectiva en la conformaci\u00f3n de la representaci\u00f3n pol\u00edtica del pa\u00eds.<\/p>\n\n\n\n<p class=\"wp-block-paragraph\">La iniciativa a\u00fan est\u00e1 pendiente de ser estudiada por una comisi\u00f3n del Senado, donde luego estar\u00eda disponible para su conocimiento y posterior votaci\u00f3n.<\/p>\n\n\n\n<p class=\"wp-block-paragraph\">Fuente Listin Diario<\/p>\n","protected":false},"excerpt":{"rendered":"<p>La intenci\u00f3n del legislador es transformar art\u00edculos de la Ley 20-23 del R\u00e9gimen Electoral para que esos funcionarios de elecci\u00f3n popular sean escogidos a trav\u00e9s del voto directo y la&hellip;<\/p>\n","protected":false},"author":10,"featured_media":138851,"comment_status":"open","ping_status":"open","sticky":false,"template":"","format":"standard","meta":{"content-type":"","_jetpack_newsletter_access":"","_jetpack_dont_email_post_to_subs":false,"_jetpack_newsletter_tier_id":0,"_jetpack_memberships_contains_paywalled_content":false,"_jetpack_feature_clip_id":0,"_jetpack_memberships_contains_paid_content":false,"footnotes":"","jetpack_post_was_ever_published":false},"categories":[16559],"tags":[36220,2478,13109],"class_list":["post-138850","post","type-post","status-publish","format-standard","has-post-thumbnail","hentry","category-politica","tag-escoger-por-mayoria-simple-a-diputados","tag-felix-bautista","tag-metodo-dhondt"],"jetpack-related-posts":[{"id":71250,"url":"https:\/\/lasprimeras.com.do\/index.php\/2023\/12\/18\/felix-bautista-y-ronald-acuna-jr-unicos-latinos-en-all-mlb-2023\/","url_meta":{"origin":138850,"position":0},"title":"F\u00e9lix Bautista y Ronald Acu\u00f1a Jr \u00fanicos latinos en All-MLB 2023","author":"BIMARY DE JES\u00daS Matos","date":"18 de diciembre de 2023","format":false,"excerpt":"LAS VEGAS.- El jardinero venezolano Ronald Acu\u00f1a Jr. y el dominicano Felix Bautista fueron las caras latinas en el primer Equipo Todo MLB 2023, dado a conocer este s\u00e1bado en Las Vegas, Estados Unidos. Acu\u00f1a Jr., tambi\u00e9n reconocido con el premio Hank Aaron, como el jugador m\u00e1s productivo en la\u2026","rel":"","context":"En \u00abSin categor\u00eda\u00bb","block_context":{"text":"Sin categor\u00eda","link":"https:\/\/lasprimeras.com.do\/index.php\/category\/sin-categoria\/"},"img":{"alt_text":"","src":"https:\/\/i0.wp.com\/lasprimeras.com.do\/wp-content\/uploads\/2023\/12\/s-3.png?resize=350%2C200&ssl=1","width":350,"height":200,"srcset":"https:\/\/i0.wp.com\/lasprimeras.com.do\/wp-content\/uploads\/2023\/12\/s-3.png?resize=350%2C200&ssl=1 1x, https:\/\/i0.wp.com\/lasprimeras.com.do\/wp-content\/uploads\/2023\/12\/s-3.png?resize=525%2C300&ssl=1 1.5x"},"classes":[]},{"id":83687,"url":"https:\/\/lasprimeras.com.do\/index.php\/2024\/05\/23\/presidente-de-la-camara-de-diputados-dice-metodo-dhondt-para-escoger-legisladores-esta-obsoleto\/","url_meta":{"origin":138850,"position":1},"title":"Presidente de la C\u00e1mara de Diputados dice m\u00e9todo D&#8217;Hondt para escoger legisladores &#8220;est\u00e1 obsoleto&#8221;","author":"Nelson Feliz","date":"23 de mayo de 2024","format":false,"excerpt":"El presidente de la C\u00e1mara de Diputados, Alfredo Pacheco, consider\u00f3 ayer que el m\u00e9todo D\u00b4Hondt, dispuesto en la ley para escoger a los congresistas por demarcaciones, es un sistema obsoleto que debe ser sustituido por otro m\u00e1s respetuoso. Antes de iniciar las labores de la sesi\u00f3n ordinaria, el presidente de\u2026","rel":"","context":"En \u00abSin categor\u00eda\u00bb","block_context":{"text":"Sin categor\u00eda","link":"https:\/\/lasprimeras.com.do\/index.php\/category\/sin-categoria\/"},"img":{"alt_text":"Alfredo Pacheco","src":"https:\/\/i0.wp.com\/lasprimeras.com.do\/wp-content\/uploads\/2024\/05\/Alfredo-Pacheco.jpeg?resize=350%2C200&ssl=1","width":350,"height":200,"srcset":"https:\/\/i0.wp.com\/lasprimeras.com.do\/wp-content\/uploads\/2024\/05\/Alfredo-Pacheco.jpeg?resize=350%2C200&ssl=1 1x, https:\/\/i0.wp.com\/lasprimeras.com.do\/wp-content\/uploads\/2024\/05\/Alfredo-Pacheco.jpeg?resize=525%2C300&ssl=1 1.5x, https:\/\/i0.wp.com\/lasprimeras.com.do\/wp-content\/uploads\/2024\/05\/Alfredo-Pacheco.jpeg?resize=700%2C400&ssl=1 2x, https:\/\/i0.wp.com\/lasprimeras.com.do\/wp-content\/uploads\/2024\/05\/Alfredo-Pacheco.jpeg?resize=1050%2C600&ssl=1 3x, https:\/\/i0.wp.com\/lasprimeras.com.do\/wp-content\/uploads\/2024\/05\/Alfredo-Pacheco.jpeg?resize=1400%2C800&ssl=1 4x"},"classes":[]},{"id":129309,"url":"https:\/\/lasprimeras.com.do\/index.php\/2026\/05\/01\/felix-bautista-rechaza-explotacion-minera-en-san-juan\/","url_meta":{"origin":138850,"position":2},"title":"F\u00e9lix Bautista rechaza explotaci\u00f3n minera en San Juan","author":"Nelson Feliz","date":"1 de mayo de 2026","format":false,"excerpt":"El senador de San Juan de la Maguana, F\u00e9lix Bautista rechaz\u00f3 la explotaci\u00f3n minera en San Juan de la Maguana y propuso al Gobierno declarar a esta \u00faltima como \u00abdistrito energ\u00e9tico\u00bb, en lugar de distrito minero. Bautista, expres\u00f3 que el lugar donde se pretende realizar la explotaci\u00f3n minera es donde\u2026","rel":"","context":"En \u00abPOLITICA\u00bb","block_context":{"text":"POLITICA","link":"https:\/\/lasprimeras.com.do\/index.php\/category\/politica\/"},"img":{"alt_text":"Felix Bautista","src":"https:\/\/i0.wp.com\/lasprimeras.com.do\/wp-content\/uploads\/2026\/05\/Felix-Bautista.jpg?resize=350%2C200&ssl=1","width":350,"height":200},"classes":[]},{"id":134614,"url":"https:\/\/lasprimeras.com.do\/index.php\/2026\/07\/13\/felix-bautista-propone-al-senador-despenalice-la-libertad-de-expresion-y-la-informacion\/","url_meta":{"origin":138850,"position":3},"title":"F\u00e9lix Bautista propone al senado que despenalice la libertad de expresi\u00f3n y la informaci\u00f3n en el CP","author":"Nelson Feliz","date":"13 de julio de 2026","format":false,"excerpt":"Santo Domingo - El senador por San Juan, F\u00e9lix Bautista, propuso hoy al senado que el derecho a la libertad de expresi\u00f3n y a la informaci\u00f3n, sea despenalizado con sanciones punitivas y, en su lugar, se establezcan sanciones econ\u00f3micas. Indic\u00f3 que, en Argentina y Panam\u00e1, las sanciones son econ\u00f3micas, en\u2026","rel":"","context":"En \u00abPOLITICA\u00bb","block_context":{"text":"POLITICA","link":"https:\/\/lasprimeras.com.do\/index.php\/category\/politica\/"},"img":{"alt_text":"","src":"https:\/\/i0.wp.com\/lasprimeras.com.do\/wp-content\/uploads\/2026\/07\/IMG-20260713-WA0084.jpg?resize=350%2C200&ssl=1","width":350,"height":200,"srcset":"https:\/\/i0.wp.com\/lasprimeras.com.do\/wp-content\/uploads\/2026\/07\/IMG-20260713-WA0084.jpg?resize=350%2C200&ssl=1 1x, https:\/\/i0.wp.com\/lasprimeras.com.do\/wp-content\/uploads\/2026\/07\/IMG-20260713-WA0084.jpg?resize=525%2C300&ssl=1 1.5x, https:\/\/i0.wp.com\/lasprimeras.com.do\/wp-content\/uploads\/2026\/07\/IMG-20260713-WA0084.jpg?resize=700%2C400&ssl=1 2x, https:\/\/i0.wp.com\/lasprimeras.com.do\/wp-content\/uploads\/2026\/07\/IMG-20260713-WA0084.jpg?resize=1050%2C600&ssl=1 3x"},"classes":[]},{"id":135385,"url":"https:\/\/lasprimeras.com.do\/index.php\/2026\/07\/23\/felix-bautista-propone-vacatio-legis-para-84-articulos-del-codigo-penal\/","url_meta":{"origin":138850,"position":4},"title":"F\u00e9lix Bautista propone vacatio legis para 84 art\u00edculos del C\u00f3digo Penal","author":"Nelson Feliz","date":"23 de julio de 2026","format":false,"excerpt":"SANTO DOMINGO.\u2013 El senador por San Juan F\u00e9lix Bautista propuso al Senado de la Rep\u00fablica durante los debates que 84 art\u00edculos (21 % del total)\u00a0 de la Ley 7425 que instituye el C\u00f3digo Penal de la Rep\u00fablica Dominicana, se le otorgue unas vacaciones de 3 meses para que sean analizados\u2026","rel":"","context":"En \u00abPOLITICA\u00bb","block_context":{"text":"POLITICA","link":"https:\/\/lasprimeras.com.do\/index.php\/category\/politica\/"},"img":{"alt_text":"","src":"https:\/\/i0.wp.com\/lasprimeras.com.do\/wp-content\/uploads\/2026\/07\/FELIX-BAUTISTA-scaled-1.jpeg?resize=350%2C200&ssl=1","width":350,"height":200,"srcset":"https:\/\/i0.wp.com\/lasprimeras.com.do\/wp-content\/uploads\/2026\/07\/FELIX-BAUTISTA-scaled-1.jpeg?resize=350%2C200&ssl=1 1x, https:\/\/i0.wp.com\/lasprimeras.com.do\/wp-content\/uploads\/2026\/07\/FELIX-BAUTISTA-scaled-1.jpeg?resize=525%2C300&ssl=1 1.5x, https:\/\/i0.wp.com\/lasprimeras.com.do\/wp-content\/uploads\/2026\/07\/FELIX-BAUTISTA-scaled-1.jpeg?resize=700%2C400&ssl=1 2x, https:\/\/i0.wp.com\/lasprimeras.com.do\/wp-content\/uploads\/2026\/07\/FELIX-BAUTISTA-scaled-1.jpeg?resize=1050%2C600&ssl=1 3x, https:\/\/i0.wp.com\/lasprimeras.com.do\/wp-content\/uploads\/2026\/07\/FELIX-BAUTISTA-scaled-1.jpeg?resize=1400%2C800&ssl=1 4x"},"classes":[]},{"id":136984,"url":"https:\/\/lasprimeras.com.do\/index.php\/2026\/08\/10\/jose-david-baez-y-eduardo-espiritusanto-encabezaran-bloques-legislativos-de-fuerza-del-pueblo\/","url_meta":{"origin":138850,"position":5},"title":"Jos\u00e9 David B\u00e1ez y Eduardo Espiritusanto encabezar\u00e1n bloques legislativos de Fuerza del Pueblo","author":"Nelson Feliz","date":"10 de agosto de 2026","format":false,"excerpt":"_B\u00e1ez fue escogido por unanimidad como nuevo vocero de los diputados, mientras Espiritusanto continuar\u00e1 al frente del bloque de senadores._ Santo Domingo.\u2013 La Fuerza del Pueblo escogi\u00f3 por consenso los bufetes directivos de sus bloques legislativos para el per\u00edodo 2026-2027, designando al diputado por Santiago Jos\u00e9 David B\u00e1ez Reinoso como\u2026","rel":"","context":"En \u00abPOLITICA\u00bb","block_context":{"text":"POLITICA","link":"https:\/\/lasprimeras.com.do\/index.php\/category\/politica\/"},"img":{"alt_text":"","src":"https:\/\/i0.wp.com\/lasprimeras.com.do\/wp-content\/uploads\/2026\/08\/IMG-20260810-WA0371-scaled.jpg?resize=350%2C200&ssl=1","width":350,"height":200,"srcset":"https:\/\/i0.wp.com\/lasprimeras.com.do\/wp-content\/uploads\/2026\/08\/IMG-20260810-WA0371-scaled.jpg?resize=350%2C200&ssl=1 1x, https:\/\/i0.wp.com\/lasprimeras.com.do\/wp-content\/uploads\/2026\/08\/IMG-20260810-WA0371-scaled.jpg?resize=525%2C300&ssl=1 1.5x, https:\/\/i0.wp.com\/lasprimeras.com.do\/wp-content\/uploads\/2026\/08\/IMG-20260810-WA0371-scaled.jpg?resize=700%2C400&ssl=1 2x, https:\/\/i0.wp.com\/lasprimeras.com.do\/wp-content\/uploads\/2026\/08\/IMG-20260810-WA0371-scaled.jpg?resize=1050%2C600&ssl=1 3x, https:\/\/i0.wp.com\/lasprimeras.com.do\/wp-content\/uploads\/2026\/08\/IMG-20260810-WA0371-scaled.jpg?resize=1400%2C800&ssl=1 4x"},"classes":[]}],"jetpack_sharing_enabled":true,"jetpack_featured_media_url":"https:\/\/lasprimeras.com.do\/wp-content\/uploads\/2026\/09\/Felix-Bautista.jpg","_links":{"self":[{"href":"https:\/\/lasprimeras.com.do\/index.php\/wp-json\/wp\/v2\/posts\/138850","targetHints":{"allow":["GET"]}}],"collection":[{"href":"https:\/\/lasprimeras.com.do\/index.php\/wp-json\/wp\/v2\/posts"}],"about":[{"href":"https:\/\/lasprimeras.com.do\/index.php\/wp-json\/wp\/v2\/types\/post"}],"author":[{"embeddable":true,"href":"https:\/\/lasprimeras.com.do\/index.php\/wp-json\/wp\/v2\/users\/10"}],"replies":[{"embeddable":true,"href":"https:\/\/lasprimeras.com.do\/index.php\/wp-json\/wp\/v2\/comments?post=138850"}],"version-history":[{"count":1,"href":"https:\/\/lasprimeras.com.do\/index.php\/wp-json\/wp\/v2\/posts\/138850\/revisions"}],"predecessor-version":[{"id":138852,"href":"https:\/\/lasprimeras.com.do\/index.php\/wp-json\/wp\/v2\/posts\/138850\/revisions\/138852"}],"wp:featuredmedia":[{"embeddable":true,"href":"https:\/\/lasprimeras.com.do\/index.php\/wp-json\/wp\/v2\/media\/138851"}],"wp:attachment":[{"href":"https:\/\/lasprimeras.com.do\/index.php\/wp-json\/wp\/v2\/media?parent=138850"}],"wp:term":[{"taxonomy":"category","embeddable":true,"href":"https:\/\/lasprimeras.com.do\/index.php\/wp-json\/wp\/v2\/categories?post=138850"},{"taxonomy":"post_tag","embeddable":true,"href":"https:\/\/lasprimeras.com.do\/index.php\/wp-json\/wp\/v2\/tags?post=138850"}],"curies":[{"name":"wp","href":"https:\/\/api.w.org\/{rel}","templated":true}]}}