{"id":138853,"date":"2026-09-02T21:25:55","date_gmt":"2026-09-03T01:25:55","guid":{"rendered":"https:\/\/lasprimeras.com.do\/?p=138853"},"modified":"2026-09-02T21:25:59","modified_gmt":"2026-09-03T01:25:59","slug":"gobierno-declara-guerra-a-terrorismo-medioambiental","status":"publish","type":"post","link":"https:\/\/lasprimeras.com.do\/index.php\/2026\/09\/02\/gobierno-declara-guerra-a-terrorismo-medioambiental\/","title":{"rendered":"Gobierno declara guerra a terrorismo medioambiental"},"content":{"rendered":"\n<p class=\"wp-block-paragraph\"><strong>Se entender\u00e1 por terrorismo medioambiental todo acto dirigido contra los recursos naturales, los ecosistemas o las infraestructuras ecol\u00f3gicas mediante los mecanismos establecidos en la Ley 267-08, sobre Terrorismo.<\/strong><\/p>\n\n\n\n<p class=\"wp-block-paragraph\"><strong>SANTO DOMINGO &#8211;<\/strong> El Gobierno dominicano indic\u00f3 que las acciones que da\u00f1en las \u00e1reas protegidas y parques nacionales ser\u00e1n perseguidas penalmente, al declarar como un tema de seguridad nacional el combate contra el terrorismo medioambiental.<\/p>\n\n\n\n<p class=\"wp-block-paragraph\">De acuerdo con lo establecido en el decreto 615-26, mediante el cual se declar\u00f3 de alto inter\u00e9s nacional y prioridad estrat\u00e9gica para la seguridad nacional la prevenci\u00f3n, detecci\u00f3n, investigaci\u00f3n y combate del terrorismo medioambiental en todo el territorio de la Rep\u00fablica Dominicana, se entender\u00e1 por terrorismo medioambiental todo acto dirigido contra los recursos naturales, los ecosistemas o las infraestructuras ecol\u00f3gicas mediante los mecanismos establecidos en la Ley 267-08, sobre Terrorismo.<\/p>\n\n\n\n<p class=\"wp-block-paragraph\">Durante la rueda de prensa, el presidente Luis Abinader recalc\u00f3 que dentro del nuevo C\u00f3digo Penal, el delito medioambiental est\u00e1 penalizado con hasta 20 a\u00f1os de c\u00e1rcel y que se perseguir\u00e1 todo el que provoque da\u00f1os en estas \u00e1reas, &#8220;sea qui\u00e9n sea&#8221;.<\/p>\n\n\n\n<p class=\"wp-block-paragraph\">&#8220;Si bien eran nacionales haitianos los que en su mayor\u00eda provocan los incidencios, esos nacionales haitianos, en gran parte de los casos, eran enviados por dominicanos tambi\u00e9n. Entonces ambos van a sufrir la misma pena, en caso de que provoquen da\u00f1os a los parques nacionales&#8221;, expres\u00f3 Abinader, qui\u00e9n indic\u00f3 que dio instrucciones tanto a las Fuerzas Armadas como a la Direcci\u00f3n General de Migraci\u00f3n, a qu\u00e9 se persiga activamente a quienes incurran en esas violaciones.<\/p>\n\n\n\n<p class=\"wp-block-paragraph\">Abinader explic\u00f3 que la decisi\u00f3n de endurecer la respuesta del Estado fue adoptada despu\u00e9s de evaluar las consecuencias ambientales, sociales y econ\u00f3micas ocasionadas por las intervenciones ilegales en las \u00e1reas protegidas.<\/p>\n\n\n\n<p class=\"wp-block-paragraph\">\u201cDespu\u00e9s de analizar y pensar c\u00f3mo darle la verdadera importancia, hemos decidido actuar de manera dr\u00e1stica, catalogando como terrorismo ambiental todo acto que afecte los parques nacionales&#8230; cuando ocurre un fuego en un parque nacional, no afecta solamente los \u00e1rboles o la regi\u00f3n; afecta el agua y la vida misma de los dominicanos\u201d, manifest\u00f3 el mandatario.<\/p>\n\n\n\n<p class=\"wp-block-paragraph\">El jefe de Estado indic\u00f3 que su administraci\u00f3n desarrolla un proceso para titular los parques nacionales y fortalecer su protecci\u00f3n jur\u00eddica, institucional y territorial.<\/p>\n\n\n\n<p class=\"wp-block-paragraph\">\u201cDurante estos a\u00f1os, para sorpresa m\u00eda, encontramos que ni siquiera estaban titulados a nombre del Estado. Por eso iniciamos el proceso para titular todos los parques nacionales\u201d, expres\u00f3 el mandatario.<\/p>\n\n\n\n<p class=\"wp-block-paragraph\">Abinader sostuvo que las autoridades han comprobado que varios de los incendios registrados en \u00e1reas protegidas han estado relacionados con actividades ilegales realizadas tanto por extranjeros como por dominicanos.<\/p>\n\n\n\n<p class=\"wp-block-paragraph\">Adem\u00e1s, advirti\u00f3 que un incendio forestal no solamente destruye \u00e1rboles, sino que tambi\u00e9n perjudica las fuentes de agua, la biodiversidad, las comunidades, la actividad tur\u00edstica y la calidad de vida de la poblaci\u00f3n.<\/p>\n\n\n\n<p class=\"wp-block-paragraph\">Cuencas y r\u00edos<\/p>\n\n\n\n<p class=\"wp-block-paragraph\">El ministro de Medio Ambiente y Recursos Naturales, Pa\u00edno Henr\u00edquez, se\u00f1al\u00f3 que el decreto por igual refuerza las acciones contra la extracci\u00f3n ilegal de arena y otros materiales de los r\u00edos, una pr\u00e1ctica que provoca graves da\u00f1os en las fuentes de agua y los ecosistemas<\/p>\n\n\n\n<p class=\"wp-block-paragraph\">El funcionario explic\u00f3 que el Ministerio trabaja junto con las Fuerzas Armadas y otros organismos de seguridad para incrementar la vigilancia e impedir que personas o grupos contin\u00faen aprovechando los cauces de manera irregular.<\/p>\n","protected":false},"excerpt":{"rendered":"<p>Se entender\u00e1 por terrorismo medioambiental todo acto dirigido contra los recursos naturales, los ecosistemas o las infraestructuras ecol\u00f3gicas mediante los mecanismos establecidos en la Ley 267-08, sobre Terrorismo. SANTO DOMINGO&hellip;<\/p>\n","protected":false},"author":10,"featured_media":138147,"comment_status":"open","ping_status":"open","sticky":false,"template":"","format":"standard","meta":{"content-type":"","_jetpack_newsletter_access":"","_jetpack_dont_email_post_to_subs":false,"_jetpack_newsletter_tier_id":0,"_jetpack_memberships_contains_paywalled_content":false,"_jetpack_feature_clip_id":0,"_jetpack_memberships_contains_paid_content":false,"footnotes":"","jetpack_post_was_ever_published":false},"categories":[25],"tags":[36221,171,2060,32837,17482,5319],"class_list":["post-138853","post","type-post","status-publish","format-standard","has-post-thumbnail","hentry","category-portada","tag-danos-a-areas-protegidas","tag-gobierno","tag-guerra","tag-medioambiental","tag-seguridad-nacional","tag-terrorismo"],"jetpack-related-posts":[{"id":56047,"url":"https:\/\/lasprimeras.com.do\/index.php\/2023\/07\/27\/estados-unidos-sanciona-al-jefe-de-finanzas-del-estado-islamico-en-somalia\/","url_meta":{"origin":138853,"position":0},"title":"Estados Unidos sanciona al jefe de finanzas del Estado Isl\u00e1mico en Somalia","author":"Nelson Feliz","date":"27 de julio de 2023","format":false,"excerpt":"Estados Unidos sancion\u00f3 este jueves al jefe de finanzas del Estado Isl\u00e1mico (EI) en Somalia, Abdiweli Mohamed Yusuf, por generar ingresos que la organizaci\u00f3n terrorista distribuye por toda \u00c1frica. Seg\u00fan un comunicado del Departamento del Tesoro de EE.UU., Yusuf fue declarado Terrorista Global Especialmente Designado (SDGT, en ingl\u00e9s). EE.UU. destac\u00f3\u2026","rel":"","context":"En \u00abSin categor\u00eda\u00bb","block_context":{"text":"Sin categor\u00eda","link":"https:\/\/lasprimeras.com.do\/index.php\/category\/sin-categoria\/"},"img":{"alt_text":"Abdiweli Mohamed Yusuf,","src":"https:\/\/i0.wp.com\/lasprimeras.com.do\/wp-content\/uploads\/2023\/07\/Abdiweli-Mohamed-Yusuf.jpg?resize=350%2C200&ssl=1","width":350,"height":200,"srcset":"https:\/\/i0.wp.com\/lasprimeras.com.do\/wp-content\/uploads\/2023\/07\/Abdiweli-Mohamed-Yusuf.jpg?resize=350%2C200&ssl=1 1x, https:\/\/i0.wp.com\/lasprimeras.com.do\/wp-content\/uploads\/2023\/07\/Abdiweli-Mohamed-Yusuf.jpg?resize=525%2C300&ssl=1 1.5x, https:\/\/i0.wp.com\/lasprimeras.com.do\/wp-content\/uploads\/2023\/07\/Abdiweli-Mohamed-Yusuf.jpg?resize=700%2C400&ssl=1 2x"},"classes":[]},{"id":94292,"url":"https:\/\/lasprimeras.com.do\/index.php\/2025\/02\/27\/presidente-abinader-declara-como-terroristas-a-las-bandas-haitianas\/","url_meta":{"origin":138853,"position":1},"title":"Presidente Abinader declara como terroristas a las bandas haitianas","author":"Nelson Feliz","date":"27 de febrero de 2025","format":false,"excerpt":"Apoyo internacional y seguridad en Hait\u00ed: actualidad y desaf\u00edos. Luis Abinader, en su discurso de rendici\u00f3n de cuentas ante la Asamblea Nacional, celebrado este jueves 27 de Febrero, hizo menci\u00f3n a la firme y activa diplomacia del pa\u00eds ante la crisis en Hait\u00ed, tratando de que la comunidad internacional asuma\u2026","rel":"","context":"En \u00abNACIONALES\u00bb","block_context":{"text":"NACIONALES","link":"https:\/\/lasprimeras.com.do\/index.php\/category\/nacionales\/"},"img":{"alt_text":"","src":"https:\/\/i0.wp.com\/lasprimeras.com.do\/wp-content\/uploads\/2025\/02\/Luis-Abinader-7.jpg?resize=350%2C200&ssl=1","width":350,"height":200,"srcset":"https:\/\/i0.wp.com\/lasprimeras.com.do\/wp-content\/uploads\/2025\/02\/Luis-Abinader-7.jpg?resize=350%2C200&ssl=1 1x, https:\/\/i0.wp.com\/lasprimeras.com.do\/wp-content\/uploads\/2025\/02\/Luis-Abinader-7.jpg?resize=525%2C300&ssl=1 1.5x, https:\/\/i0.wp.com\/lasprimeras.com.do\/wp-content\/uploads\/2025\/02\/Luis-Abinader-7.jpg?resize=700%2C400&ssl=1 2x"},"classes":[]},{"id":129130,"url":"https:\/\/lasprimeras.com.do\/index.php\/2026\/04\/29\/geologo-osiris-de-leon-advierte-todo-tipo-de-proyecto-debe-ser-evaluados-en-base-medioambiental\/","url_meta":{"origin":138853,"position":2},"title":"Ge\u00f3logo Osiris de Le\u00f3n advierte todo tipo de proyecto debe ser evaluados en base medioambiental","author":"Nelson Feliz","date":"29 de abril de 2026","format":false,"excerpt":"De igual manera, sostuvo que cuando se discut\u00eda la Ley Ambiental en los a\u00f1os 90 algunas personas se opusieron a la misma A prop\u00f3sito de las protestas de ciudadanos de San Juan que rechazan la explotaci\u00f3n de la mina Romero, el ge\u00f3logo Osiris de Le\u00f3n manifest\u00f3 que todos los proyectos\u2026","rel":"","context":"En \u00abNACIONALES\u00bb","block_context":{"text":"NACIONALES","link":"https:\/\/lasprimeras.com.do\/index.php\/category\/nacionales\/"},"img":{"alt_text":"","src":"https:\/\/i0.wp.com\/lasprimeras.com.do\/wp-content\/uploads\/2025\/08\/Osiris-de-Leon.jpg?resize=350%2C200&ssl=1","width":350,"height":200,"srcset":"https:\/\/i0.wp.com\/lasprimeras.com.do\/wp-content\/uploads\/2025\/08\/Osiris-de-Leon.jpg?resize=350%2C200&ssl=1 1x, https:\/\/i0.wp.com\/lasprimeras.com.do\/wp-content\/uploads\/2025\/08\/Osiris-de-Leon.jpg?resize=525%2C300&ssl=1 1.5x, https:\/\/i0.wp.com\/lasprimeras.com.do\/wp-content\/uploads\/2025\/08\/Osiris-de-Leon.jpg?resize=700%2C400&ssl=1 2x"},"classes":[]},{"id":122243,"url":"https:\/\/lasprimeras.com.do\/index.php\/2026\/02\/15\/yeni-berenice-ordena-investigacion-penal-sobre-afectaciones-en-areas-protegidas\/","url_meta":{"origin":138853,"position":3},"title":"Yeni Berenice ordena investigaci\u00f3n penal sobre afectaciones en \u00c1reas Protegidas","author":"Nelson Feliz","date":"15 de febrero de 2026","format":false,"excerpt":"La Procuradora General de la Rep\u00fablica instruy\u00f3 la realizaci\u00f3n de una investigaci\u00f3n exhaustiva e inmediata sobre las afectaciones, ocupaciones ilegales y posibles fraudes inmobiliarios en diversas \u00e1reas protegidas del pa\u00eds, incluyendo el Parque Nacional Jaragua, la zona de Bucany\u00e9, Valle Nuevo, las Dunas de Ban\u00ed, la Sierra de Bahoruco y\u2026","rel":"","context":"En \u00abJUSTICIA\u00bb","block_context":{"text":"JUSTICIA","link":"https:\/\/lasprimeras.com.do\/index.php\/category\/justicia\/"},"img":{"alt_text":"Yeni Berenice Reynoso","src":"https:\/\/i0.wp.com\/lasprimeras.com.do\/wp-content\/uploads\/2026\/02\/Yeni-Berenice-Reynoso.jpg?resize=350%2C200&ssl=1","width":350,"height":200,"srcset":"https:\/\/i0.wp.com\/lasprimeras.com.do\/wp-content\/uploads\/2026\/02\/Yeni-Berenice-Reynoso.jpg?resize=350%2C200&ssl=1 1x, https:\/\/i0.wp.com\/lasprimeras.com.do\/wp-content\/uploads\/2026\/02\/Yeni-Berenice-Reynoso.jpg?resize=525%2C300&ssl=1 1.5x"},"classes":[]},{"id":72902,"url":"https:\/\/lasprimeras.com.do\/index.php\/2024\/01\/04\/irak-jordania-y-libano-contra-atentado-en-iran\/","url_meta":{"origin":138853,"position":4},"title":"Irak, Jordania y L\u00edbano contra atentado en Ir\u00e1n","author":"BIMARY DE JES\u00daS Matos","date":"4 de enero de 2024","format":false,"excerpt":"El Cairo.\u2013 Irak, Jordania y el L\u00edbano condenaron ayer el \u201catentado terrorista\u201d en Kerman, en el sur de Ir\u00e1n, donde m\u00e1s de cien personas murieron en dos explosiones en el cementerio donde se conmemoraba el cuarto aniversario del asesinato del poderoso general iran\u00ed Qasem Soleiman\u00ed en Bagdad a manos de\u2026","rel":"","context":"En \u00abSin categor\u00eda\u00bb","block_context":{"text":"Sin categor\u00eda","link":"https:\/\/lasprimeras.com.do\/index.php\/category\/sin-categoria\/"},"img":{"alt_text":"","src":"https:\/\/i0.wp.com\/lasprimeras.com.do\/wp-content\/uploads\/2024\/01\/WhatsApp-Image-2024-01-03-at-11.55.29-PM-4.webp?resize=350%2C200&ssl=1","width":350,"height":200},"classes":[]},{"id":62870,"url":"https:\/\/lasprimeras.com.do\/index.php\/2023\/10\/08\/abinader-condena-ataques-terroristas-de-hamas-contra-israel\/","url_meta":{"origin":138853,"position":5},"title":"Abinader condena ataques terroristas de Ham\u00e1s contra Israel","author":"Nelson Feliz","date":"8 de octubre de 2023","format":false,"excerpt":"El presidente de la Rep\u00fablica Dominicana, Luis Abinader, manifest\u00f3 su condena por el ataque sorpresa a Israel lanzado por el grupo islamista Ham\u00e1s por tierra, mar y aire desde Gaza. \u00abExpreso mi en\u00e9rgica condena a los ataques terroristas de Ham\u00e1s contra el pueblo de Israel. Esta escalada de violencia impide\u2026","rel":"","context":"En \u00abNACIONALES\u00bb","block_context":{"text":"NACIONALES","link":"https:\/\/lasprimeras.com.do\/index.php\/category\/nacionales\/"},"img":{"alt_text":"Luis Abinader","src":"https:\/\/i0.wp.com\/lasprimeras.com.do\/wp-content\/uploads\/2023\/09\/Luis-Abinader-1-5.jpg?resize=350%2C200&ssl=1","width":350,"height":200,"srcset":"https:\/\/i0.wp.com\/lasprimeras.com.do\/wp-content\/uploads\/2023\/09\/Luis-Abinader-1-5.jpg?resize=350%2C200&ssl=1 1x, https:\/\/i0.wp.com\/lasprimeras.com.do\/wp-content\/uploads\/2023\/09\/Luis-Abinader-1-5.jpg?resize=525%2C300&ssl=1 1.5x, https:\/\/i0.wp.com\/lasprimeras.com.do\/wp-content\/uploads\/2023\/09\/Luis-Abinader-1-5.jpg?resize=700%2C400&ssl=1 2x"},"classes":[]}],"jetpack_sharing_enabled":true,"jetpack_featured_media_url":"https:\/\/lasprimeras.com.do\/wp-content\/uploads\/2026\/08\/Luis-Abinader-6-1.jpg","_links":{"self":[{"href":"https:\/\/lasprimeras.com.do\/index.php\/wp-json\/wp\/v2\/posts\/138853","targetHints":{"allow":["GET"]}}],"collection":[{"href":"https:\/\/lasprimeras.com.do\/index.php\/wp-json\/wp\/v2\/posts"}],"about":[{"href":"https:\/\/lasprimeras.com.do\/index.php\/wp-json\/wp\/v2\/types\/post"}],"author":[{"embeddable":true,"href":"https:\/\/lasprimeras.com.do\/index.php\/wp-json\/wp\/v2\/users\/10"}],"replies":[{"embeddable":true,"href":"https:\/\/lasprimeras.com.do\/index.php\/wp-json\/wp\/v2\/comments?post=138853"}],"version-history":[{"count":1,"href":"https:\/\/lasprimeras.com.do\/index.php\/wp-json\/wp\/v2\/posts\/138853\/revisions"}],"predecessor-version":[{"id":138854,"href":"https:\/\/lasprimeras.com.do\/index.php\/wp-json\/wp\/v2\/posts\/138853\/revisions\/138854"}],"wp:featuredmedia":[{"embeddable":true,"href":"https:\/\/lasprimeras.com.do\/index.php\/wp-json\/wp\/v2\/media\/138147"}],"wp:attachment":[{"href":"https:\/\/lasprimeras.com.do\/index.php\/wp-json\/wp\/v2\/media?parent=138853"}],"wp:term":[{"taxonomy":"category","embeddable":true,"href":"https:\/\/lasprimeras.com.do\/index.php\/wp-json\/wp\/v2\/categories?post=138853"},{"taxonomy":"post_tag","embeddable":true,"href":"https:\/\/lasprimeras.com.do\/index.php\/wp-json\/wp\/v2\/tags?post=138853"}],"curies":[{"name":"wp","href":"https:\/\/api.w.org\/{rel}","templated":true}]}}