{"id":138864,"date":"2026-09-02T22:39:55","date_gmt":"2026-09-03T02:39:55","guid":{"rendered":"https:\/\/lasprimeras.com.do\/?p=138864"},"modified":"2026-09-02T22:40:25","modified_gmt":"2026-09-03T02:40:25","slug":"diputados-del-pld-proponen-invitar-al-director-sns-por-muertes-de-ninos-en-maternidad","status":"publish","type":"post","link":"https:\/\/lasprimeras.com.do\/index.php\/2026\/09\/02\/diputados-del-pld-proponen-invitar-al-director-sns-por-muertes-de-ninos-en-maternidad\/","title":{"rendered":"Diputados del PLD proponen invitar al director SNS por muertes de ni\u00f1os en Maternidad"},"content":{"rendered":"\n<p class=\"wp-block-paragraph\">SANTO DOMINGO &#8211; El Bloque de Diputados del Partido de la Liberaci\u00f3n Dominicana anunci\u00f3 el sometimiento de una resoluci\u00f3n, que pide una investigaci\u00f3n profunda sobre las muertes de reci\u00e9n nacidos en la Maternidad Nuestra Se\u00f1ora de La Altagracia.<\/p>\n\n\n\n<p class=\"wp-block-paragraph\">En ese sentido, la vocera de la bancada opositora, Ydenia Do\u00f1\u00e9 adelant\u00f3 que pedir\u00e1n la comparecencia del doctor Julio Landr\u00f3n ante la Comisi\u00f3n Permanente de Salud, a los fines de que ofrezca explicaciones sobre la situaci\u00f3n relacionada con las muertes neonatales en ese centro de asistencia m\u00e9dica.<\/p>\n\n\n\n<p class=\"wp-block-paragraph\">\u201cYo me pregunto: \u00bfqu\u00e9 est\u00e1 pasando con el mantenimiento, la higiene, la estilizaci\u00f3n, la calidad del agua y los mecanismos de prevenci\u00f3n y control de infecciones en nuestros hospitales p\u00fablicos?\u201d, cuestion\u00f3 la legisladora durante una intervenci\u00f3n en la sesi\u00f3n de este martes.<\/p>\n\n\n\n<p class=\"wp-block-paragraph\">Ydenia Do\u00f1\u00e9 tambi\u00e9n requiri\u00f3 respuesta de las autoridades, sobre la frecuencia con que se establecen controles microbiol\u00f3gicos en las maternidades, en los quir\u00f3fanos, unidades de cuidados intensivos, \u00e1reas de hemodi\u00e1lisis y otros servicios hospitalarios de alto riesgo.<\/p>\n\n\n\n<p class=\"wp-block-paragraph\">Dijo que se est\u00e1 frente a un acontecimiento que da se\u00f1ales de problemas m\u00e1s amplios en la supervisi\u00f3n y de la calidad en la red hospitalaria.<\/p>\n\n\n\n<p class=\"wp-block-paragraph\">Do\u00f1\u00e9 precis\u00f3 que hay que darles una explicaci\u00f3n al pueblo dominicano y a los familiares de los ni\u00f1os fallecidos, y record\u00f3 el caso del 2023, cuando en el primer trimestre de ese a\u00f1o, 72 reci\u00e9n nacidos fallecieron en la Maternidad San Lorenzo de Los Minas.<\/p>\n","protected":false},"excerpt":{"rendered":"<p>SANTO DOMINGO &#8211; El Bloque de Diputados del Partido de la Liberaci\u00f3n Dominicana anunci\u00f3 el sometimiento de una resoluci\u00f3n, que pide una investigaci\u00f3n profunda sobre las muertes de reci\u00e9n nacidos&hellip;<\/p>\n","protected":false},"author":10,"featured_media":138865,"comment_status":"open","ping_status":"open","sticky":false,"template":"","format":"standard","meta":{"content-type":"","_jetpack_newsletter_access":"","_jetpack_dont_email_post_to_subs":false,"_jetpack_newsletter_tier_id":0,"_jetpack_memberships_contains_paywalled_content":false,"_jetpack_feature_clip_id":0,"_jetpack_memberships_contains_paid_content":false,"footnotes":"","jetpack_post_was_ever_published":false},"categories":[25],"tags":[36231,26636,372,9089,36229,36230],"class_list":["post-138864","post","type-post","status-publish","format-standard","has-post-thumbnail","hentry","category-portada","tag-diputados-del-pld","tag-director-sns","tag-la-altagracia","tag-maternidad","tag-muertes-de-ninos","tag-ydenia-done"],"jetpack-related-posts":[{"id":81407,"url":"https:\/\/lasprimeras.com.do\/index.php\/2024\/04\/21\/terrero-atribuye-aumento-de-las-muertes-maternas-al-deterioro-del-sistema-de-salud\/","url_meta":{"origin":138864,"position":0},"title":"Terrero atribuye aumento de las muertes maternas al deterioro del sistema de salud","author":"Nelson Feliz","date":"21 de abril de 2024","format":false,"excerpt":"El ex diputado por la provincia Barahona y miembro del Comit\u00e9 Central del Partido de la Liberaci\u00f3n Dominicana (PLD), doctor V\u00edctor Manuel Terrero, denunci\u00f3 que el deterioro de los servicios de salud han superado ampliamente la capacidad de respuesta del gobierno. El doctor Terrero, critic\u00f3 la falta de acciones concretas\u2026","rel":"","context":"En \u00abPORTADA\u00bb","block_context":{"text":"PORTADA","link":"https:\/\/lasprimeras.com.do\/index.php\/category\/portada\/"},"img":{"alt_text":"V\u00edctor Manuel Terrero","src":"https:\/\/i0.wp.com\/lasprimeras.com.do\/wp-content\/uploads\/2024\/04\/Victor-Manuel-Terrero.jpg?resize=350%2C200&ssl=1","width":350,"height":200,"srcset":"https:\/\/i0.wp.com\/lasprimeras.com.do\/wp-content\/uploads\/2024\/04\/Victor-Manuel-Terrero.jpg?resize=350%2C200&ssl=1 1x, https:\/\/i0.wp.com\/lasprimeras.com.do\/wp-content\/uploads\/2024\/04\/Victor-Manuel-Terrero.jpg?resize=525%2C300&ssl=1 1.5x"},"classes":[]},{"id":81401,"url":"https:\/\/lasprimeras.com.do\/index.php\/2024\/04\/20\/aumenta-mortalidad-materna-en-2023-sepsis-encabeza-las-causas\/","url_meta":{"origin":138864,"position":1},"title":"Aumenta mortalidad materna en 2023: Sepsis encabeza las causas","author":"Nelson Feliz","date":"20 de abril de 2024","format":false,"excerpt":"Por Viannelys Alcantara En Rep\u00fablica Dominicana, hasta la Semana Epidemiol\u00f3gica 52 del 2023, se reportaron 208 casos de muerte materna, con una Raz\u00f3n de Muerte Materna de 127 por cada 100,000 nacidos vivos, lo que representa un aumento del 16% en comparaci\u00f3n con el a\u00f1o anterior. De los casos notificados,\u2026","rel":"","context":"En \u00abSin categor\u00eda\u00bb","block_context":{"text":"Sin categor\u00eda","link":"https:\/\/lasprimeras.com.do\/index.php\/category\/sin-categoria\/"},"img":{"alt_text":"","src":"https:\/\/i0.wp.com\/lasprimeras.com.do\/wp-content\/uploads\/2024\/04\/Muerte_Materna-.jpg?resize=350%2C200&ssl=1","width":350,"height":200,"srcset":"https:\/\/i0.wp.com\/lasprimeras.com.do\/wp-content\/uploads\/2024\/04\/Muerte_Materna-.jpg?resize=350%2C200&ssl=1 1x, https:\/\/i0.wp.com\/lasprimeras.com.do\/wp-content\/uploads\/2024\/04\/Muerte_Materna-.jpg?resize=525%2C300&ssl=1 1.5x, https:\/\/i0.wp.com\/lasprimeras.com.do\/wp-content\/uploads\/2024\/04\/Muerte_Materna-.jpg?resize=700%2C400&ssl=1 2x"},"classes":[]},{"id":63991,"url":"https:\/\/lasprimeras.com.do\/index.php\/2023\/10\/17\/diputado-por-santiago-pide-al-mp-investigar-a-conani-por-muerte-de-adolecente\/","url_meta":{"origin":138864,"position":2},"title":"Diputado por Santiago pide al MP investigar a CONANI por muerte de adolecente","author":"Nelson Feliz","date":"17 de octubre de 2023","format":false,"excerpt":"El diputado H\u00e9ctor Ram\u00edrez conden\u00f3 hoy la muerte de un adolescente en el hogar de paso \u201c\u00c1ngeles, para ni\u00f1os y adolescentes con discapacidades\u201d, perteneciente a Santiago. El legislador por Santiago pidi\u00f3 al Ministerio P\u00fablico incluir en el proceso de investigaci\u00f3n a las autoridades del Consejo Nacional para la Ni\u00f1ez y\u2026","rel":"","context":"En \u00abPORTADA\u00bb","block_context":{"text":"PORTADA","link":"https:\/\/lasprimeras.com.do\/index.php\/category\/portada\/"},"img":{"alt_text":"H\u00e9ctor Ram\u00edrez","src":"https:\/\/i0.wp.com\/lasprimeras.com.do\/wp-content\/uploads\/2023\/10\/Hector-Ramirez.jpg?resize=350%2C200&ssl=1","width":350,"height":200,"srcset":"https:\/\/i0.wp.com\/lasprimeras.com.do\/wp-content\/uploads\/2023\/10\/Hector-Ramirez.jpg?resize=350%2C200&ssl=1 1x, https:\/\/i0.wp.com\/lasprimeras.com.do\/wp-content\/uploads\/2023\/10\/Hector-Ramirez.jpg?resize=525%2C300&ssl=1 1.5x, https:\/\/i0.wp.com\/lasprimeras.com.do\/wp-content\/uploads\/2023\/10\/Hector-Ramirez.jpg?resize=700%2C400&ssl=1 2x"},"classes":[]},{"id":48386,"url":"https:\/\/lasprimeras.com.do\/index.php\/2023\/05\/01\/sanchez-cardenas-suben-las-muertes-materno-infantiles\/","url_meta":{"origin":138864,"position":3},"title":"S\u00e1nchez C\u00e1rdenas: Suben las muertes materno-infantiles","author":"prenxa100","date":"1 de mayo de 2023","format":false,"excerpt":"Santo Domingo.-. El ex ministro de Salud P\u00fablica, doctor Rafael S\u00e1nchez C\u00e1rdenas, indic\u00f3 que la Rep\u00fablica Dominicana hab\u00eda estado reduciendo las muertes materno-infantiles, pero a partir del a\u00f1o 2021 volvieron a incrementarse. S\u00e1nchez C\u00e1rdenas, cit\u00f3 que en 2018 murieron 3,595 beb\u00e9s, en 2019 bajaron a 3,096, pero ya en 2021\u00a0\u2026","rel":"","context":"En \u00abPORTADA\u00bb","block_context":{"text":"PORTADA","link":"https:\/\/lasprimeras.com.do\/index.php\/category\/portada\/"},"img":{"alt_text":"","src":"","width":0,"height":0},"classes":[]},{"id":49545,"url":"https:\/\/lasprimeras.com.do\/index.php\/2023\/05\/11\/luis-el-gallo-denuncia-haitianas-son-responsables-muertes-neo-natos\/","url_meta":{"origin":138864,"position":4},"title":"Luis \u201cEl Gallo\u201d denuncia haitianas son responsables muertes neo-natos","author":"prenxa100","date":"11 de mayo de 2023","format":false,"excerpt":"Santo Domingo.-. El presidente de la Uni\u00f3n Dem\u00f3crata Cristiana-UDC-, Luis Acosta Moreta, Luis \u201cEl Gallo\u201d, alert\u00f3 sobre el peligro que representan miles de parturientas haitianas que sin chequeos m\u00e9dicos y protecci\u00f3n sanitaria, contaminan las maternidades y provocan la muerte de neo-natos. Apunt\u00f3 que m\u00e9dicos consultados se\u00f1alan que el alto \u00edndice\u2026","rel":"","context":"En \u00abSin categor\u00eda\u00bb","block_context":{"text":"Sin categor\u00eda","link":"https:\/\/lasprimeras.com.do\/index.php\/category\/sin-categoria\/"},"img":{"alt_text":"","src":"","width":0,"height":0},"classes":[]},{"id":61062,"url":"https:\/\/lasprimeras.com.do\/index.php\/2023\/09\/21\/hospital-materno-dr-reynaldo-almanzar-disminuye-tasa-de-mortalidad-materno-neonatal\/","url_meta":{"origin":138864,"position":5},"title":"Hospital Materno Dr. Reynaldo Alm\u00e0nzar disminuye tasa de mortalidad materno-neonatal","author":"Nelson Feliz","date":"21 de septiembre de 2023","format":false,"excerpt":"El Hospital Materno Dr. Reynaldo Alm\u00e0nzar inmerso en el cumplimiento de las metas presidenciales y de los objetivos de desarrollo sostenible para disminuir las muertes maternas y neonatales, ha tomado medidas pertinentes basado en un plan acelerado para la disminuci\u00f3n de la muerte materno-neonatal, guiado por el Servicio Nacional de\u2026","rel":"","context":"En \u00abSin categor\u00eda\u00bb","block_context":{"text":"Sin categor\u00eda","link":"https:\/\/lasprimeras.com.do\/index.php\/category\/sin-categoria\/"},"img":{"alt_text":"neonatal","src":"https:\/\/i0.wp.com\/lasprimeras.com.do\/wp-content\/uploads\/2023\/09\/neonatal.jpg?resize=350%2C200&ssl=1","width":350,"height":200,"srcset":"https:\/\/i0.wp.com\/lasprimeras.com.do\/wp-content\/uploads\/2023\/09\/neonatal.jpg?resize=350%2C200&ssl=1 1x, https:\/\/i0.wp.com\/lasprimeras.com.do\/wp-content\/uploads\/2023\/09\/neonatal.jpg?resize=525%2C300&ssl=1 1.5x, https:\/\/i0.wp.com\/lasprimeras.com.do\/wp-content\/uploads\/2023\/09\/neonatal.jpg?resize=700%2C400&ssl=1 2x"},"classes":[]}],"jetpack_sharing_enabled":true,"jetpack_featured_media_url":"https:\/\/lasprimeras.com.do\/wp-content\/uploads\/2026\/09\/Ydenia-Done.jpg","_links":{"self":[{"href":"https:\/\/lasprimeras.com.do\/index.php\/wp-json\/wp\/v2\/posts\/138864","targetHints":{"allow":["GET"]}}],"collection":[{"href":"https:\/\/lasprimeras.com.do\/index.php\/wp-json\/wp\/v2\/posts"}],"about":[{"href":"https:\/\/lasprimeras.com.do\/index.php\/wp-json\/wp\/v2\/types\/post"}],"author":[{"embeddable":true,"href":"https:\/\/lasprimeras.com.do\/index.php\/wp-json\/wp\/v2\/users\/10"}],"replies":[{"embeddable":true,"href":"https:\/\/lasprimeras.com.do\/index.php\/wp-json\/wp\/v2\/comments?post=138864"}],"version-history":[{"count":1,"href":"https:\/\/lasprimeras.com.do\/index.php\/wp-json\/wp\/v2\/posts\/138864\/revisions"}],"predecessor-version":[{"id":138866,"href":"https:\/\/lasprimeras.com.do\/index.php\/wp-json\/wp\/v2\/posts\/138864\/revisions\/138866"}],"wp:featuredmedia":[{"embeddable":true,"href":"https:\/\/lasprimeras.com.do\/index.php\/wp-json\/wp\/v2\/media\/138865"}],"wp:attachment":[{"href":"https:\/\/lasprimeras.com.do\/index.php\/wp-json\/wp\/v2\/media?parent=138864"}],"wp:term":[{"taxonomy":"category","embeddable":true,"href":"https:\/\/lasprimeras.com.do\/index.php\/wp-json\/wp\/v2\/categories?post=138864"},{"taxonomy":"post_tag","embeddable":true,"href":"https:\/\/lasprimeras.com.do\/index.php\/wp-json\/wp\/v2\/tags?post=138864"}],"curies":[{"name":"wp","href":"https:\/\/api.w.org\/{rel}","templated":true}]}}