{"id":138867,"date":"2026-09-02T22:54:28","date_gmt":"2026-09-03T02:54:28","guid":{"rendered":"https:\/\/lasprimeras.com.do\/?p=138867"},"modified":"2026-09-02T22:54:32","modified_gmt":"2026-09-03T02:54:32","slug":"general-de-seguros-celebra-sus-45-anos-con-la-tercera-edicion-de-la-copa-general-atlantico","status":"publish","type":"post","link":"https:\/\/lasprimeras.com.do\/index.php\/2026\/09\/02\/general-de-seguros-celebra-sus-45-anos-con-la-tercera-edicion-de-la-copa-general-atlantico\/","title":{"rendered":"General de Seguros celebra sus 45 a\u00f1os con la tercera edici\u00f3n de la Copa General Atl\u00e1ntico"},"content":{"rendered":"\n<p class=\"wp-block-paragraph\">Santo Domingo, RD. \u2013 En el marco de la celebraci\u00f3n de sus 45 a\u00f1os de trayectoria, General de Seguros present\u00f3 la tercera edici\u00f3n de la Copa General Atl\u00e1ntico, celebrada el pasado s\u00e1bado 29 de agosto en Casa de Campo, donde participaron 102 djugadores entre clientes, aliados, relacionados y amigos de las empresas que integran el grupo.<\/p>\n\n\n\n<p class=\"wp-block-paragraph\">El torneo marc\u00f3 el regreso de la Copa General Atl\u00e1ntico, una d\u00e9cada despu\u00e9s de su \u00faltima edici\u00f3n, y coincidi\u00f3 con la celebraci\u00f3n del d\u00e9cimo aniversario de AFP Atl\u00e1ntico y los 44 a\u00f1os de Banco Atl\u00e1ntico, convirti\u00e9ndose en una ocasi\u00f3n especial para conmemorar estos importantes hitos y fortalecer los v\u00ednculos construidos a lo largo de los a\u00f1os.<\/p>\n\n\n\n<p class=\"wp-block-paragraph\">La jornada combin\u00f3 la competencia deportiva con espacios de encuentro, entretenimiento, gastronom\u00eda, bienestar y distintas experiencias para jugadores e invitados.<\/p>\n\n\n\n<p class=\"wp-block-paragraph\">\u201cEsta Copa representa mucho m\u00e1s que un torneo de golf. Es una oportunidad para celebrar nuestra historia, agradecer a quienes han confiado en nosotros y compartir con clientes, aliados, relacionados, amigos y colaboradores que han sido parte de este camino\u201d, expres\u00f3 la Dra. Milagros de los Santos, presidenta del Consejo de Administraci\u00f3n de General de Seguros.<\/p>\n\n\n\n<p class=\"wp-block-paragraph\">Uno de los momentos m\u00e1s destacados fue la participaci\u00f3n de Albert Pujols, quien realiz\u00f3 el saque de honor y encabez\u00f3 una subasta ben\u00e9fica de art\u00edculos autografiados de su carrera.<\/p>\n\n\n\n<p class=\"wp-block-paragraph\">La iniciativa permiti\u00f3 recaudar cerca de US$15,000 a beneficio de la Pujols Family Foundation, uniendo deporte, solidaridad y compromiso social.<\/p>\n\n\n\n<p class=\"wp-block-paragraph\">La celebraci\u00f3n tambi\u00e9n incluy\u00f3 la entrega del Gran Premio, un crucero de golf de siete d\u00edas por el Caribe para dos personas, cuyos ganadores fueron Jos\u00e9 Enrique Fern\u00e1ndez y Wilson Santana.<\/p>\n\n\n\n<p class=\"wp-block-paragraph\">La tercera edici\u00f3n de la Copa General Atl\u00e1ntico cont\u00f3 con el respaldo de empresas y marcas como Mastercard, Banreservas, Peperoni, Excel, Grupo Estrella, Casa Equilibra y JMMB, entre otros patrocinadores y aliados.<\/p>\n\n\n\n<p class=\"wp-block-paragraph\">Con esta celebraci\u00f3n, General de Seguros reafirma su compromiso con la construcci\u00f3n de relaciones de largo plazo y con la creaci\u00f3n de espacios para celebrar los logros compartidos, proyect\u00e1ndose hacia el futuro tras 45 a\u00f1os de historia.<\/p>\n","protected":false},"excerpt":{"rendered":"<p>Santo Domingo, RD. \u2013 En el marco de la celebraci\u00f3n de sus 45 a\u00f1os de trayectoria, General de Seguros present\u00f3 la tercera edici\u00f3n de la Copa General Atl\u00e1ntico, celebrada el&hellip;<\/p>\n","protected":false},"author":10,"featured_media":138868,"comment_status":"open","ping_status":"open","sticky":false,"template":"","format":"standard","meta":{"content-type":"","_jetpack_newsletter_access":"","_jetpack_dont_email_post_to_subs":false,"_jetpack_newsletter_tier_id":0,"_jetpack_memberships_contains_paywalled_content":false,"_jetpack_feature_clip_id":0,"_jetpack_memberships_contains_paid_content":false,"footnotes":"","jetpack_post_was_ever_published":false},"categories":[630],"tags":[36233,1304,36234,36232],"class_list":["post-138867","post","type-post","status-publish","format-standard","has-post-thumbnail","hentry","category-deportes","tag-45-anos","tag-celebra","tag-copa-general-atlantico","tag-general-de-seguros"],"jetpack-related-posts":[{"id":96661,"url":"https:\/\/lasprimeras.com.do\/index.php\/2025\/04\/05\/towns-anota-30-y-knicks-superan-121-105-a-hawks-que-esperan-regreso-de-brunson\/","url_meta":{"origin":138867,"position":0},"title":"Towns anota 30 y Knicks superan 121-105 a Hawks que esperan regreso de Brunson","author":"Nelson Feliz","date":"5 de abril de 2025","format":false,"excerpt":"ATLANTA (AP) \u2014 Karl-Anthony Towns tuvo 30 puntos y 11 rebotes, y los Knicks de Nueva York tomaron el control con 40 puntos en el segundo per\u00edodo para vencer el s\u00e1bado 121-105 a los Hawks de Atlanta. OG Anunoby anot\u00f3 24 puntos y Mikal Bridges agreg\u00f3 20 para los Knicks,\u2026","rel":"","context":"En \u00abDEPORTES\u00bb","block_context":{"text":"DEPORTES","link":"https:\/\/lasprimeras.com.do\/index.php\/category\/deportes\/"},"img":{"alt_text":"","src":"https:\/\/i0.wp.com\/lasprimeras.com.do\/wp-content\/uploads\/2025\/04\/karl.jpg?resize=350%2C200&ssl=1","width":350,"height":200,"srcset":"https:\/\/i0.wp.com\/lasprimeras.com.do\/wp-content\/uploads\/2025\/04\/karl.jpg?resize=350%2C200&ssl=1 1x, https:\/\/i0.wp.com\/lasprimeras.com.do\/wp-content\/uploads\/2025\/04\/karl.jpg?resize=525%2C300&ssl=1 1.5x, https:\/\/i0.wp.com\/lasprimeras.com.do\/wp-content\/uploads\/2025\/04\/karl.jpg?resize=700%2C400&ssl=1 2x"},"classes":[]},{"id":61991,"url":"https:\/\/lasprimeras.com.do\/index.php\/2023\/10\/02\/el-cibao-fc-golea-al-atlantico-y-pone-un-pie-en-la-final-de-la-ldf\/","url_meta":{"origin":138867,"position":1},"title":"El Cibao FC golea al Atl\u00e1ntico y pone un pie en la final de la LDF","author":"Nelson Feliz","date":"2 de octubre de 2023","format":false,"excerpt":"-Los santiagueros ganaron 3-0 en la ida de la semifinal. Cibao FC peg\u00f3 primero, derrot\u00f3 tres goles por cero a Atl\u00e1ntico, en el partido de ida de una de las semifinales de la temporada 2023 de la Liga Dominicana de F\u00fatbol (LDF). Las primeros minutos de esta serie semifinal fueron\u2026","rel":"","context":"En \u00abSin categor\u00eda\u00bb","block_context":{"text":"Sin categor\u00eda","link":"https:\/\/lasprimeras.com.do\/index.php\/category\/sin-categoria\/"},"img":{"alt_text":"El Cibao FC tiene asegurada una de las dos plazas para la Copa del Caribe al ganar la fase regular.","src":"https:\/\/i0.wp.com\/lasprimeras.com.do\/wp-content\/uploads\/2023\/10\/El-Cibao-FC.jpg?resize=350%2C200&ssl=1","width":350,"height":200,"srcset":"https:\/\/i0.wp.com\/lasprimeras.com.do\/wp-content\/uploads\/2023\/10\/El-Cibao-FC.jpg?resize=350%2C200&ssl=1 1x, https:\/\/i0.wp.com\/lasprimeras.com.do\/wp-content\/uploads\/2023\/10\/El-Cibao-FC.jpg?resize=525%2C300&ssl=1 1.5x, https:\/\/i0.wp.com\/lasprimeras.com.do\/wp-content\/uploads\/2023\/10\/El-Cibao-FC.jpg?resize=700%2C400&ssl=1 2x"},"classes":[]},{"id":99572,"url":"https:\/\/lasprimeras.com.do\/index.php\/2025\/05\/23\/pronostican-temporada-activa-de-huracanes-en-el-atlantico-aunque-quiza-menos-intensa-que-en-2024\/","url_meta":{"origin":138867,"position":2},"title":"Pronostican temporada activa de huracanes en el Atl\u00e1ntico, aunque quiz\u00e1 menos intensa que en 2024","author":"Nelson Feliz","date":"23 de mayo de 2025","format":false,"excerpt":"POR SETH BORENSTEIN WASHINGTON (AP) \u2014 Con aguas oce\u00e1nicas m\u00e1s c\u00e1lidas de lo normal, los meteor\u00f3logos pronostican otra temporada de huracanes inusualmente activa en el Atl\u00e1ntico. Pero no piensan que sea tan ca\u00f3tica como la de 2024, la tercera temporada m\u00e1s costosa en da\u00f1os de la que se tenga registro,\u2026","rel":"","context":"En \u00abINTERNACIONALES\u00bb","block_context":{"text":"INTERNACIONALES","link":"https:\/\/lasprimeras.com.do\/index.php\/category\/sin-categoria\/internacionales\/"},"img":{"alt_text":"","src":"https:\/\/i0.wp.com\/lasprimeras.com.do\/wp-content\/uploads\/2025\/05\/hurac.jpg?resize=350%2C200&ssl=1","width":350,"height":200,"srcset":"https:\/\/i0.wp.com\/lasprimeras.com.do\/wp-content\/uploads\/2025\/05\/hurac.jpg?resize=350%2C200&ssl=1 1x, https:\/\/i0.wp.com\/lasprimeras.com.do\/wp-content\/uploads\/2025\/05\/hurac.jpg?resize=525%2C300&ssl=1 1.5x, https:\/\/i0.wp.com\/lasprimeras.com.do\/wp-content\/uploads\/2025\/05\/hurac.jpg?resize=700%2C400&ssl=1 2x"},"classes":[]},{"id":79626,"url":"https:\/\/lasprimeras.com.do\/index.php\/2024\/03\/29\/cambian-de-rojo-a-amarilla-la-bandera-en-las-playas-de-puerto-plata\/","url_meta":{"origin":138867,"position":3},"title":"Cambian de rojo a amarilla la bandera en las playas de Puerto Plata","author":"Nelson Feliz","date":"29 de marzo de 2024","format":false,"excerpt":"Mejora oleaje en la provincia de Puerto Plata. El Comit\u00e9 de Prevenci\u00f3n Mitigaci\u00f3n y Repuesta de Puerto Plata ha notificado la disposici\u00f3n de colocar bandera amarilla en las playas de esta provincia, este Viernes Santo. De acuerdo con la informaci\u00f3n difundida por Whascar Garc\u00eda, director provincial de la Defensa Civil,\u2026","rel":"","context":"En \u00abNACIONALES\u00bb","block_context":{"text":"NACIONALES","link":"https:\/\/lasprimeras.com.do\/index.php\/category\/nacionales\/"},"img":{"alt_text":"Vigilancia en Puerto Plata por fuerte oleaje","src":"https:\/\/i0.wp.com\/lasprimeras.com.do\/wp-content\/uploads\/2024\/03\/Vigilancia-en-Puerto-Plata-por-fuerte-oleaje.jpeg?resize=350%2C200&ssl=1","width":350,"height":200,"srcset":"https:\/\/i0.wp.com\/lasprimeras.com.do\/wp-content\/uploads\/2024\/03\/Vigilancia-en-Puerto-Plata-por-fuerte-oleaje.jpeg?resize=350%2C200&ssl=1 1x, https:\/\/i0.wp.com\/lasprimeras.com.do\/wp-content\/uploads\/2024\/03\/Vigilancia-en-Puerto-Plata-por-fuerte-oleaje.jpeg?resize=525%2C300&ssl=1 1.5x"},"classes":[]},{"id":85505,"url":"https:\/\/lasprimeras.com.do\/index.php\/2024\/07\/01\/el-huracan-beryl-arrasa-el-sureste-del-caribe-como-tormenta-record-de-categoria-4\/","url_meta":{"origin":138867,"position":4},"title":"El hurac\u00e1n Beryl arrasa el sureste del Caribe como tormenta r\u00e9cord de categor\u00eda 4","author":"Nelson Feliz","date":"1 de julio de 2024","format":false,"excerpt":"POR D\u00c1NICA COTO Y KOFI JONES BRIDGETOWN, Barbados (AP) \u2014 El hurac\u00e1n Beryl arranc\u00f3 puertas, ventanas y techos de casas en todo el sureste del Caribe el lunes despu\u00e9s de tocar tierra en la isla de Carriacou como la primera tormenta de categor\u00eda 4 que se form\u00f3 en el Atl\u00e1ntico,\u2026","rel":"","context":"En \u00abSin categor\u00eda\u00bb","block_context":{"text":"Sin categor\u00eda","link":"https:\/\/lasprimeras.com.do\/index.php\/category\/sin-categoria\/"},"img":{"alt_text":"","src":"https:\/\/i0.wp.com\/lasprimeras.com.do\/wp-content\/uploads\/2024\/07\/Huracan-2.jpg?resize=350%2C200&ssl=1","width":350,"height":200,"srcset":"https:\/\/i0.wp.com\/lasprimeras.com.do\/wp-content\/uploads\/2024\/07\/Huracan-2.jpg?resize=350%2C200&ssl=1 1x, https:\/\/i0.wp.com\/lasprimeras.com.do\/wp-content\/uploads\/2024\/07\/Huracan-2.jpg?resize=525%2C300&ssl=1 1.5x, https:\/\/i0.wp.com\/lasprimeras.com.do\/wp-content\/uploads\/2024\/07\/Huracan-2.jpg?resize=700%2C400&ssl=1 2x"},"classes":[]},{"id":72478,"url":"https:\/\/lasprimeras.com.do\/index.php\/2023\/12\/30\/lebron-james-celebra-su-39-cumpleanos-en-plena-vigencia\/","url_meta":{"origin":138867,"position":5},"title":"LeBron James celebra su 39 cumplea\u00f1os en plena vigencia","author":"BIMARY DE JES\u00daS Matos","date":"30 de diciembre de 2023","format":false,"excerpt":"LeBron James cumple este s\u00e1bado 39 primaveras y lo hace en un momento de su carrera en el que quiz\u00e1s no sea el mejor de la liga, pero desde luego s\u00ed tiene un nivel tan elevado que sorprende la vigencia con la que a\u00fan domina en pista. El tiempo no\u2026","rel":"","context":"En \u00abSin categor\u00eda\u00bb","block_context":{"text":"Sin categor\u00eda","link":"https:\/\/lasprimeras.com.do\/index.php\/category\/sin-categoria\/"},"img":{"alt_text":"","src":"https:\/\/i0.wp.com\/lasprimeras.com.do\/wp-content\/uploads\/2023\/12\/WhatsApp-Image-2023-12-29-at-9.00.36-AM-770x540-4.jpeg?resize=350%2C200&ssl=1","width":350,"height":200,"srcset":"https:\/\/i0.wp.com\/lasprimeras.com.do\/wp-content\/uploads\/2023\/12\/WhatsApp-Image-2023-12-29-at-9.00.36-AM-770x540-4.jpeg?resize=350%2C200&ssl=1 1x, https:\/\/i0.wp.com\/lasprimeras.com.do\/wp-content\/uploads\/2023\/12\/WhatsApp-Image-2023-12-29-at-9.00.36-AM-770x540-4.jpeg?resize=525%2C300&ssl=1 1.5x"},"classes":[]}],"jetpack_sharing_enabled":true,"jetpack_featured_media_url":"https:\/\/lasprimeras.com.do\/wp-content\/uploads\/2026\/09\/WhatsApp-Image-2026-09-02-at-3.43.24-PM-1.jpeg","_links":{"self":[{"href":"https:\/\/lasprimeras.com.do\/index.php\/wp-json\/wp\/v2\/posts\/138867","targetHints":{"allow":["GET"]}}],"collection":[{"href":"https:\/\/lasprimeras.com.do\/index.php\/wp-json\/wp\/v2\/posts"}],"about":[{"href":"https:\/\/lasprimeras.com.do\/index.php\/wp-json\/wp\/v2\/types\/post"}],"author":[{"embeddable":true,"href":"https:\/\/lasprimeras.com.do\/index.php\/wp-json\/wp\/v2\/users\/10"}],"replies":[{"embeddable":true,"href":"https:\/\/lasprimeras.com.do\/index.php\/wp-json\/wp\/v2\/comments?post=138867"}],"version-history":[{"count":1,"href":"https:\/\/lasprimeras.com.do\/index.php\/wp-json\/wp\/v2\/posts\/138867\/revisions"}],"predecessor-version":[{"id":138869,"href":"https:\/\/lasprimeras.com.do\/index.php\/wp-json\/wp\/v2\/posts\/138867\/revisions\/138869"}],"wp:featuredmedia":[{"embeddable":true,"href":"https:\/\/lasprimeras.com.do\/index.php\/wp-json\/wp\/v2\/media\/138868"}],"wp:attachment":[{"href":"https:\/\/lasprimeras.com.do\/index.php\/wp-json\/wp\/v2\/media?parent=138867"}],"wp:term":[{"taxonomy":"category","embeddable":true,"href":"https:\/\/lasprimeras.com.do\/index.php\/wp-json\/wp\/v2\/categories?post=138867"},{"taxonomy":"post_tag","embeddable":true,"href":"https:\/\/lasprimeras.com.do\/index.php\/wp-json\/wp\/v2\/tags?post=138867"}],"curies":[{"name":"wp","href":"https:\/\/api.w.org\/{rel}","templated":true}]}}