{"id":138870,"date":"2026-09-02T23:03:52","date_gmt":"2026-09-03T03:03:52","guid":{"rendered":"https:\/\/lasprimeras.com.do\/?p=138870"},"modified":"2026-09-02T23:04:17","modified_gmt":"2026-09-03T03:04:17","slug":"hospital-jaime-mota-promueve-concienciacion-sobre-la-lepra","status":"publish","type":"post","link":"https:\/\/lasprimeras.com.do\/index.php\/2026\/09\/02\/hospital-jaime-mota-promueve-concienciacion-sobre-la-lepra\/","title":{"rendered":"Hospital Jaime Mota promueve concienciaci\u00f3n sobre la lepra"},"content":{"rendered":"\n<p class=\"wp-block-paragraph\">BARAHONA.\u2013 En el marco del Mes de Concientizaci\u00f3n sobre la Lepra, el Hospital Universitario Regional Jaime Mota reafirma su compromiso con la promoci\u00f3n de la salud, la educaci\u00f3n de la poblaci\u00f3n y la prevenci\u00f3n de esta enfermedad, haciendo \u00e9nfasis en la importancia de la detecci\u00f3n temprana y el acceso oportuno a los servicios m\u00e9dicos.<\/p>\n\n\n\n<p class=\"wp-block-paragraph\">Bajo la direcci\u00f3n de la doctora Jenny Olivero P\u00e9rez, el centro hospitalario destaca que la lepra es una enfermedad curable y que reconocer sus principales signos y acudir a tiempo a los servicios de salud permite iniciar el tratamiento adecuado, reducir el riesgo de complicaciones y contribuir a una recuperaci\u00f3n efectiva de los pacientes.<\/p>\n\n\n\n<p class=\"wp-block-paragraph\">La direcci\u00f3n del Hospital Jaime Mota exhort\u00f3 a la poblaci\u00f3n a mantenerse informada y prestar atenci\u00f3n ante posibles se\u00f1ales de la enfermedad, evitando prejuicios y pr\u00e1cticas de discriminaci\u00f3n hacia las personas afectadas.<\/p>\n\n\n\n<p class=\"wp-block-paragraph\">La doctora Jenny Olivero P\u00e9rez resalt\u00f3 que la informaci\u00f3n y la educaci\u00f3n constituyen herramientas fundamentales para enfrentar la lepra, al tiempo que llam\u00f3 a la ciudadan\u00eda a procurar atenci\u00f3n m\u00e9dica ante cualquier signo sospechoso.<\/p>\n\n\n\n<p class=\"wp-block-paragraph\">Asimismo, el hospital hizo un llamado a combatir el estigma que hist\u00f3ricamente ha rodeado esta enfermedad, recordando que las personas afectadas merecen recibir un trato digno, humano y respetuoso.<\/p>\n\n\n\n<p class=\"wp-block-paragraph\">\u201cInformarnos, prevenir y eliminar el estigma tambi\u00e9n es cuidar la salud\u201d, es el mensaje promovido por el centro asistencial durante esta jornada de concientizaci\u00f3n.<\/p>\n\n\n\n<p class=\"wp-block-paragraph\">La directora Jenny Olivero P\u00e9rez reiter\u00f3 que el Hospital Jaime Mota continuar\u00e1 trabajando para garantizar una atenci\u00f3n oportuna, humana y sin discriminaci\u00f3n a todos sus pacientes, fortaleciendo las acciones de prevenci\u00f3n y orientaci\u00f3n en beneficio de la poblaci\u00f3n de Barahona y la Regi\u00f3n Enriquillo.<\/p>\n","protected":false},"excerpt":{"rendered":"<p>BARAHONA.\u2013 En el marco del Mes de Concientizaci\u00f3n sobre la Lepra, el Hospital Universitario Regional Jaime Mota reafirma su compromiso con la promoci\u00f3n de la salud, la educaci\u00f3n de la&hellip;<\/p>\n","protected":false},"author":10,"featured_media":138871,"comment_status":"open","ping_status":"open","sticky":false,"template":"","format":"standard","meta":{"content-type":"","_jetpack_newsletter_access":"","_jetpack_dont_email_post_to_subs":false,"_jetpack_newsletter_tier_id":0,"_jetpack_memberships_contains_paywalled_content":false,"_jetpack_feature_clip_id":0,"_jetpack_memberships_contains_paid_content":false,"footnotes":"","jetpack_post_was_ever_published":false},"categories":[16558],"tags":[8416,4150,36235],"class_list":["post-138870","post","type-post","status-publish","format-standard","has-post-thumbnail","hentry","category-salud","tag-concienciacion","tag-hospital-jaime-mota","tag-lepra"],"jetpack-related-posts":[{"id":53762,"url":"https:\/\/lasprimeras.com.do\/index.php\/2023\/06\/30\/el-hospital-jaime-mota-inaugura-moderna-sala-alojamiento-canguro\/","url_meta":{"origin":138870,"position":0},"title":"El Hospital Jaime Mota inaugura moderna sala &#8220;Alojamiento Canguro&#8221;","author":"Nelson Feliz","date":"30 de junio de 2023","format":false,"excerpt":"La direcci\u00f3n del Hospital Regional Universitario Jaime Mota de Barahona inaugur\u00f3 una moderna sala de \"Alojamiento Canguro\" la cual viene a mejorar la calidad vida de los neonatos y sus madres al momento de nacer. El Alojamiento Canguro permite a los ni\u00f1os reci\u00e9n nacidos con bajo peso y \/o prematuro\u2026","rel":"","context":"En \u00abSin categor\u00eda\u00bb","block_context":{"text":"Sin categor\u00eda","link":"https:\/\/lasprimeras.com.do\/index.php\/category\/sin-categoria\/"},"img":{"alt_text":"","src":"https:\/\/i0.wp.com\/lasprimeras.com.do\/wp-content\/uploads\/2023\/06\/Sala-Canguro.jpg?resize=350%2C200&ssl=1","width":350,"height":200,"srcset":"https:\/\/i0.wp.com\/lasprimeras.com.do\/wp-content\/uploads\/2023\/06\/Sala-Canguro.jpg?resize=350%2C200&ssl=1 1x, https:\/\/i0.wp.com\/lasprimeras.com.do\/wp-content\/uploads\/2023\/06\/Sala-Canguro.jpg?resize=525%2C300&ssl=1 1.5x, https:\/\/i0.wp.com\/lasprimeras.com.do\/wp-content\/uploads\/2023\/06\/Sala-Canguro.jpg?resize=700%2C400&ssl=1 2x"},"classes":[]},{"id":135828,"url":"https:\/\/lasprimeras.com.do\/index.php\/2026\/07\/28\/hospital-jaime-mota-exhibe-logros-a-9-meses-de-la-gestion-de-graciela-lafontaine\/","url_meta":{"origin":138870,"position":1},"title":"Hospital Jaime Mota exhibe logros a 9 meses de la gesti\u00f3n de Graciela Lafontaine","author":"Nelson Feliz","date":"28 de julio de 2026","format":false,"excerpt":"BARAHONA: La direcci\u00f3n del Hospital Regional Universitario Jaime Mota, encabezada por la doctora Graciela Lafontaine, ha desarrollado un amplio programa de mejoras que ha marcado un antes y un despu\u00e9s en ese centro de salud durante los primeros nueve meses de gesti\u00f3n, iniciada el 5 de octubre de 2025. En\u2026","rel":"","context":"En \u00abNACIONALES\u00bb","block_context":{"text":"NACIONALES","link":"https:\/\/lasprimeras.com.do\/index.php\/category\/nacionales\/"},"img":{"alt_text":"","src":"https:\/\/i0.wp.com\/lasprimeras.com.do\/wp-content\/uploads\/2026\/07\/IMG-20260728-WA0310.jpg?resize=350%2C200&ssl=1","width":350,"height":200},"classes":[]},{"id":125375,"url":"https:\/\/lasprimeras.com.do\/index.php\/2026\/03\/22\/edgar-a-feliz-destaca-avances-en-servicios-y-areas-estructurales-en-el-hospital-jaime-mota\/","url_meta":{"origin":138870,"position":2},"title":"Edgar A. F\u00e9liz destaca avances en servicios y \u00e1reas estructurales en el Hospital Jaime Mota","author":"Nelson Feliz","date":"22 de marzo de 2026","format":false,"excerpt":"El director de la Direcci\u00f3n de Asistencia Social y alimenticia Comunitaria (DASAC) y presidente provincial del PRM, Edgar Augusto F\u00e9liz Arbona, encabez\u00f3 una visita de supervisi\u00f3n al Hospital Regional Universitario Jaime Mota, con el objetivo de dar seguimiento a las condiciones de los servicios de salud y a las necesidades\u2026","rel":"","context":"En \u00abNACIONALES\u00bb","block_context":{"text":"NACIONALES","link":"https:\/\/lasprimeras.com.do\/index.php\/category\/nacionales\/"},"img":{"alt_text":"Edgar A. F\u00e9liz","src":"https:\/\/i0.wp.com\/lasprimeras.com.do\/wp-content\/uploads\/2026\/03\/Edgar-A.-Feliz-1.jpg?resize=350%2C200&ssl=1","width":350,"height":200,"srcset":"https:\/\/i0.wp.com\/lasprimeras.com.do\/wp-content\/uploads\/2026\/03\/Edgar-A.-Feliz-1.jpg?resize=350%2C200&ssl=1 1x, https:\/\/i0.wp.com\/lasprimeras.com.do\/wp-content\/uploads\/2026\/03\/Edgar-A.-Feliz-1.jpg?resize=525%2C300&ssl=1 1.5x, https:\/\/i0.wp.com\/lasprimeras.com.do\/wp-content\/uploads\/2026\/03\/Edgar-A.-Feliz-1.jpg?resize=700%2C400&ssl=1 2x"},"classes":[]},{"id":118562,"url":"https:\/\/lasprimeras.com.do\/index.php\/2025\/12\/31\/hospital-regional-universitario-jaime-mota-refuerza-emergencias-para-la-navidad-y-ano-nuevo-2026\/","url_meta":{"origin":138870,"position":3},"title":"Hospital Regional Universitario Jaime Mota refuerza emergencias para la Navidad y A\u00f1o Nuevo 2026","author":"Nelson Feliz","date":"31 de diciembre de 2025","format":false,"excerpt":"Dra. Graciela Lafontaine","rel":"","context":"En \u00abPORTADA\u00bb","block_context":{"text":"PORTADA","link":"https:\/\/lasprimeras.com.do\/index.php\/category\/portada\/"},"img":{"alt_text":"","src":"https:\/\/i0.wp.com\/lasprimeras.com.do\/wp-content\/uploads\/2025\/12\/IMG-20251224-WA0159.jpg?resize=350%2C200&ssl=1","width":350,"height":200},"classes":[]},{"id":86671,"url":"https:\/\/lasprimeras.com.do\/index.php\/2024\/07\/29\/hospital-jaime-mota-entrega-salon-de-ensenanza-doctor-juan-emilio-lopez-feliz\/","url_meta":{"origin":138870,"position":4},"title":"Hospital Jaime Mota entrega sal\u00f3n de ense\u00f1anza Doctor Juan Emilio L\u00f3pez Feliz","author":"Nelson Feliz","date":"29 de julio de 2024","format":false,"excerpt":"El pasado fin de semana fue de gran \u201cemoci\u00f3n\u201d para el sector salud en Barahona, porque las autoridades del Hospital Regional Universitario Jaime Mota que encabeza la doctora Mar\u00eda Batista Rivas, inauguraron la remoci\u00f3n de un moderno, estrat\u00e9gico y amplio sal\u00f3n de residencias m\u00e9dicas, cuyo espacio lleva por nombre \u201cSal\u00f3n\u2026","rel":"","context":"En \u00abSin categor\u00eda\u00bb","block_context":{"text":"Sin categor\u00eda","link":"https:\/\/lasprimeras.com.do\/index.php\/category\/sin-categoria\/"},"img":{"alt_text":"","src":"https:\/\/i0.wp.com\/lasprimeras.com.do\/wp-content\/uploads\/2024\/07\/medicos.webp?resize=350%2C200&ssl=1","width":350,"height":200,"srcset":"https:\/\/i0.wp.com\/lasprimeras.com.do\/wp-content\/uploads\/2024\/07\/medicos.webp?resize=350%2C200&ssl=1 1x, https:\/\/i0.wp.com\/lasprimeras.com.do\/wp-content\/uploads\/2024\/07\/medicos.webp?resize=525%2C300&ssl=1 1.5x"},"classes":[]}],"jetpack_sharing_enabled":true,"jetpack_featured_media_url":"https:\/\/lasprimeras.com.do\/wp-content\/uploads\/2026\/09\/lepra.jpg","_links":{"self":[{"href":"https:\/\/lasprimeras.com.do\/index.php\/wp-json\/wp\/v2\/posts\/138870","targetHints":{"allow":["GET"]}}],"collection":[{"href":"https:\/\/lasprimeras.com.do\/index.php\/wp-json\/wp\/v2\/posts"}],"about":[{"href":"https:\/\/lasprimeras.com.do\/index.php\/wp-json\/wp\/v2\/types\/post"}],"author":[{"embeddable":true,"href":"https:\/\/lasprimeras.com.do\/index.php\/wp-json\/wp\/v2\/users\/10"}],"replies":[{"embeddable":true,"href":"https:\/\/lasprimeras.com.do\/index.php\/wp-json\/wp\/v2\/comments?post=138870"}],"version-history":[{"count":1,"href":"https:\/\/lasprimeras.com.do\/index.php\/wp-json\/wp\/v2\/posts\/138870\/revisions"}],"predecessor-version":[{"id":138872,"href":"https:\/\/lasprimeras.com.do\/index.php\/wp-json\/wp\/v2\/posts\/138870\/revisions\/138872"}],"wp:featuredmedia":[{"embeddable":true,"href":"https:\/\/lasprimeras.com.do\/index.php\/wp-json\/wp\/v2\/media\/138871"}],"wp:attachment":[{"href":"https:\/\/lasprimeras.com.do\/index.php\/wp-json\/wp\/v2\/media?parent=138870"}],"wp:term":[{"taxonomy":"category","embeddable":true,"href":"https:\/\/lasprimeras.com.do\/index.php\/wp-json\/wp\/v2\/categories?post=138870"},{"taxonomy":"post_tag","embeddable":true,"href":"https:\/\/lasprimeras.com.do\/index.php\/wp-json\/wp\/v2\/tags?post=138870"}],"curies":[{"name":"wp","href":"https:\/\/api.w.org\/{rel}","templated":true}]}}