{"id":138873,"date":"2026-09-02T23:18:41","date_gmt":"2026-09-03T03:18:41","guid":{"rendered":"https:\/\/lasprimeras.com.do\/?p=138873"},"modified":"2026-09-02T23:19:26","modified_gmt":"2026-09-03T03:19:26","slug":"juan-bancalari-destaca-68-restaurantes-han-abierto-en-santo-domingo-en-el-ultimo-ano","status":"publish","type":"post","link":"https:\/\/lasprimeras.com.do\/index.php\/2026\/09\/02\/juan-bancalari-destaca-68-restaurantes-han-abierto-en-santo-domingo-en-el-ultimo-ano\/","title":{"rendered":"Juan Bancalari destaca 68 restaurantes han abierto en Santo Domingo en el \u00faltimo a\u00f1o"},"content":{"rendered":"\n<p class=\"wp-block-paragraph\">SANTO DOMINGO &#8211; El presidente de la Asociaci\u00f3n de Hoteles y Turismo de la Rep\u00fablica Dominicana (Asonahores), Juan Bancalari, destac\u00f3 el crecimiento de la oferta gastron\u00f3mica en el pa\u00eds.<\/p>\n\n\n\n<p class=\"wp-block-paragraph\">Bancalari, asegur\u00f3 que solo en Santo Domingo se han abierto 68 restaurantes durante el \u00faltimo a\u00f1o.<\/p>\n\n\n\n<p class=\"wp-block-paragraph\">El empresario hotelero, rechaz\u00f3 las versiones que apuntan a un supuesto cierre generalizado de estos negocios y sostuvo que estas afirmaciones no se corresponden con la realidad del sector.<\/p>\n\n\n\n<p class=\"wp-block-paragraph\">Explic\u00f3 que, aunque algunos restaurantes puedan cerrar como parte de la din\u00e1mica de la libre competencia, contin\u00faan surgiendo nuevos establecimientos.<\/p>\n\n\n\n<p class=\"wp-block-paragraph\">Se\u00f1al\u00f3 que en la zona de la avenida Rep\u00fablica de Colombia, cercana a la embajada, espec\u00edficamente en las plazas Patio Colombia y Plaza Los Altos, se han abierto 10 restaurantes durante el \u00faltimo a\u00f1o.<\/p>\n\n\n\n<p class=\"wp-block-paragraph\">Bancalari consider\u00f3 que estos datos reflejan una realidad que no puede negarse y resalt\u00f3 la capacidad que ha tenido la Rep\u00fablica Dominicana para atraer visitantes que buscan espacios de descanso y ocio.<\/p>\n\n\n\n<p class=\"wp-block-paragraph\">Juan Bancalari resalt\u00f3 que el pa\u00eds fue n\u00famero uno en la recuperaci\u00f3n tras la pandemia, un logro que, seg\u00fan sostuvo, forma parte del \u00e9xito que ha alcanzado la Rep\u00fablica Dominicana en su capacidad de atraer turistas hacia el pa\u00eds.<\/p>\n","protected":false},"excerpt":{"rendered":"<p>SANTO DOMINGO &#8211; El presidente de la Asociaci\u00f3n de Hoteles y Turismo de la Rep\u00fablica Dominicana (Asonahores), Juan Bancalari, destac\u00f3 el crecimiento de la oferta gastron\u00f3mica en el pa\u00eds. Bancalari,&hellip;<\/p>\n","protected":false},"author":10,"featured_media":138874,"comment_status":"open","ping_status":"open","sticky":false,"template":"","format":"standard","meta":{"content-type":"","_jetpack_newsletter_access":"","_jetpack_dont_email_post_to_subs":false,"_jetpack_newsletter_tier_id":0,"_jetpack_memberships_contains_paywalled_content":false,"_jetpack_feature_clip_id":0,"_jetpack_memberships_contains_paid_content":false,"footnotes":"","jetpack_post_was_ever_published":false},"categories":[376],"tags":[36236,11827,4613,36237,806,20979],"class_list":["post-138873","post","type-post","status-publish","format-standard","has-post-thumbnail","hentry","category-turismo","tag-68-restaurantes","tag-abierto","tag-asonahores","tag-juan-bancalari","tag-santo-domingo","tag-ultimo-ano"],"jetpack-related-posts":[{"id":100383,"url":"https:\/\/lasprimeras.com.do\/index.php\/2025\/06\/06\/presidente-de-asonahores-vaticina-la-llegada-de-300-a-400-mil-turistas-anuales-a-samana\/","url_meta":{"origin":138873,"position":0},"title":"Presidente de ASONAHORES vaticina la llegada de 300 a 400 mil turistas anuales a Saman\u00e1","author":"Nelson Feliz","date":"6 de junio de 2025","format":false,"excerpt":"Dice, presidente ha cumplido con las obras prometidas. Empresarios e inversionistas de la provincia de Saman\u00e1 agradecieron este domingo al presidente Luis Abinader y al ministro de Turismo, David Collado, por el conjunto de obras entregadas, las cuales dijeron representan un impulso para el desarrollo tur\u00edstico y econ\u00f3mico de la\u2026","rel":"","context":"En \u00abTURISMO\u00bb","block_context":{"text":"TURISMO","link":"https:\/\/lasprimeras.com.do\/index.php\/category\/turismo\/"},"img":{"alt_text":"Juan Bancalari (Papo)","src":"https:\/\/i0.wp.com\/lasprimeras.com.do\/wp-content\/uploads\/2025\/06\/Juan-Bancalari-Papo.jpg?resize=350%2C200&ssl=1","width":350,"height":200,"srcset":"https:\/\/i0.wp.com\/lasprimeras.com.do\/wp-content\/uploads\/2025\/06\/Juan-Bancalari-Papo.jpg?resize=350%2C200&ssl=1 1x, https:\/\/i0.wp.com\/lasprimeras.com.do\/wp-content\/uploads\/2025\/06\/Juan-Bancalari-Papo.jpg?resize=525%2C300&ssl=1 1.5x, https:\/\/i0.wp.com\/lasprimeras.com.do\/wp-content\/uploads\/2025\/06\/Juan-Bancalari-Papo.jpg?resize=700%2C400&ssl=1 2x"},"classes":[]},{"id":99766,"url":"https:\/\/lasprimeras.com.do\/index.php\/2025\/05\/27\/gobierno-anuncia-aumento-salarial-de-un-30-y-un-25-al-sector-turistico-nacional\/","url_meta":{"origin":138873,"position":1},"title":"Gobierno anuncia aumento salarial de un 30% y un 25% al sector tur\u00edstico nacional","author":"Nelson Feliz","date":"27 de mayo de 2025","format":false,"excerpt":"La medida impactar\u00e1 a m\u00e1s de 250 mil trabajadores del sector hoteleros, bares y restaurantes El Gobierno, a trav\u00e9s del Ministerio de Trabajo y el Comit\u00e9 Nacional de Salarios (CNS), anunci\u00f3 un aumento de un 30% y un 25% sobre el salario m\u00ednimo nacional para el sector tur\u00edstico. El aumento\u2026","rel":"","context":"En \u00abECONOM\u00cdA\u00bb","block_context":{"text":"ECONOM\u00cdA","link":"https:\/\/lasprimeras.com.do\/index.php\/category\/economia\/"},"img":{"alt_text":"","src":"https:\/\/i0.wp.com\/lasprimeras.com.do\/wp-content\/uploads\/2025\/05\/olivares.jpg?resize=350%2C200&ssl=1","width":350,"height":200,"srcset":"https:\/\/i0.wp.com\/lasprimeras.com.do\/wp-content\/uploads\/2025\/05\/olivares.jpg?resize=350%2C200&ssl=1 1x, https:\/\/i0.wp.com\/lasprimeras.com.do\/wp-content\/uploads\/2025\/05\/olivares.jpg?resize=525%2C300&ssl=1 1.5x, https:\/\/i0.wp.com\/lasprimeras.com.do\/wp-content\/uploads\/2025\/05\/olivares.jpg?resize=700%2C400&ssl=1 2x"},"classes":[]},{"id":115831,"url":"https:\/\/lasprimeras.com.do\/index.php\/2025\/11\/25\/asonahores-reconoce-a-banreservas-por-sus-aportes-al-desarrollo-del-turismo-dominicano\/","url_meta":{"origin":138873,"position":2},"title":"Asonahores reconoce a Banreservas por sus aportes al desarrollo del turismo dominicano","author":"Nelson Feliz","date":"25 de noviembre de 2025","format":false,"excerpt":"Henry Fuentes, vicepresidente ejecutivo de AFP Reservas, recibe el reconocimiento de Juan Bancalari, presidente de Asonahores; en presencia del doctor Leonardo Aguilera, presidente ejecutivo de Banreservas; David Collado, ministro de Turismo; y Aguie Lendor, vicepresidente de esa asociaci\u00f3n en el Foro de Inversi\u00f3n Tur\u00edstica 2025.","rel":"","context":"En \u00abPORTADA\u00bb","block_context":{"text":"PORTADA","link":"https:\/\/lasprimeras.com.do\/index.php\/category\/portada\/"},"img":{"alt_text":"","src":"https:\/\/i0.wp.com\/lasprimeras.com.do\/wp-content\/uploads\/2025\/11\/reservas-1.jpg?resize=350%2C200&ssl=1","width":350,"height":200,"srcset":"https:\/\/i0.wp.com\/lasprimeras.com.do\/wp-content\/uploads\/2025\/11\/reservas-1.jpg?resize=350%2C200&ssl=1 1x, https:\/\/i0.wp.com\/lasprimeras.com.do\/wp-content\/uploads\/2025\/11\/reservas-1.jpg?resize=525%2C300&ssl=1 1.5x, https:\/\/i0.wp.com\/lasprimeras.com.do\/wp-content\/uploads\/2025\/11\/reservas-1.jpg?resize=700%2C400&ssl=1 2x"},"classes":[]},{"id":108809,"url":"https:\/\/lasprimeras.com.do\/index.php\/2025\/09\/10\/presidente-de-asonahores-el-turismo-aporta-uno-de-cada-diez-pesos-al-fisco\/","url_meta":{"origin":138873,"position":3},"title":"Presidente de Asonahores: el turismo aporta uno de cada diez pesos al fisco","author":"Nelson Feliz","date":"10 de septiembre de 2025","format":false,"excerpt":"El gremio inaugura su 37\u00aa Exposici\u00f3n Comercial; ser\u00e1 hasta el viernes 12 Uno de cada 10 pesos que ingresan al fisco dominicano proviene directamente del turismo. Con esta cifra de trasfondo, la Asociaci\u00f3n de Hoteles y Turismo de la Rep\u00fablica Dominicana (Asonahores) inaugur\u00f3 este mi\u00e9rcoles su 37\u00aa Exposici\u00f3n Comercial, reafirmando\u2026","rel":"","context":"En \u00abTURISMO\u00bb","block_context":{"text":"TURISMO","link":"https:\/\/lasprimeras.com.do\/index.php\/category\/turismo\/"},"img":{"alt_text":"","src":"https:\/\/i0.wp.com\/lasprimeras.com.do\/wp-content\/uploads\/2025\/09\/Frank-Garcia-Aguie-Lendor-Juan-Bancalari-David-Collado-Luis-Veluttini-y-Frank-Rainieri.jpg?resize=350%2C200&ssl=1","width":350,"height":200,"srcset":"https:\/\/i0.wp.com\/lasprimeras.com.do\/wp-content\/uploads\/2025\/09\/Frank-Garcia-Aguie-Lendor-Juan-Bancalari-David-Collado-Luis-Veluttini-y-Frank-Rainieri.jpg?resize=350%2C200&ssl=1 1x, https:\/\/i0.wp.com\/lasprimeras.com.do\/wp-content\/uploads\/2025\/09\/Frank-Garcia-Aguie-Lendor-Juan-Bancalari-David-Collado-Luis-Veluttini-y-Frank-Rainieri.jpg?resize=525%2C300&ssl=1 1.5x, https:\/\/i0.wp.com\/lasprimeras.com.do\/wp-content\/uploads\/2025\/09\/Frank-Garcia-Aguie-Lendor-Juan-Bancalari-David-Collado-Luis-Veluttini-y-Frank-Rainieri.jpg?resize=700%2C400&ssl=1 2x"},"classes":[]},{"id":86205,"url":"https:\/\/lasprimeras.com.do\/index.php\/2024\/07\/20\/guia-go-samana-promueve-variada-oferta-turistica-del-destino\/","url_meta":{"origin":138873,"position":4},"title":"Gu\u00eda \u201cGo Saman\u00e1\u201d: promueve variada oferta tur\u00edstica del destino","author":"Nelson Feliz","date":"20 de julio de 2024","format":false,"excerpt":"En esta edici\u00f3n se resalta la riqueza natural y cultural, la gastronom\u00eda, sus playas y destaca el premio del Cl\u00faster obtenido por las acciones enfocadas en la sostenibilidad que se realizan en el destino. El Cl\u00faster Tur\u00edstico de Saman\u00e1 (CTS) y la Asociaci\u00f3n de Hoteles y Empresas Tur\u00edsticas de Saman\u00e1\u2026","rel":"","context":"En \u00abTURISMO\u00bb","block_context":{"text":"TURISMO","link":"https:\/\/lasprimeras.com.do\/index.php\/category\/turismo\/"},"img":{"alt_text":"","src":"https:\/\/i0.wp.com\/lasprimeras.com.do\/wp-content\/uploads\/2024\/07\/Portada_-Guia-Go-Samana_2024.png?resize=350%2C200&ssl=1","width":350,"height":200,"srcset":"https:\/\/i0.wp.com\/lasprimeras.com.do\/wp-content\/uploads\/2024\/07\/Portada_-Guia-Go-Samana_2024.png?resize=350%2C200&ssl=1 1x, https:\/\/i0.wp.com\/lasprimeras.com.do\/wp-content\/uploads\/2024\/07\/Portada_-Guia-Go-Samana_2024.png?resize=525%2C300&ssl=1 1.5x"},"classes":[]},{"id":96773,"url":"https:\/\/lasprimeras.com.do\/index.php\/2025\/04\/08\/el-ejecutivo-sometio-cambios-para-la-ley-sobre-trafico-de-personas\/","url_meta":{"origin":138873,"position":5},"title":"El Ejecutivo someti\u00f3 cambios para la ley sobre tr\u00e1fico de personas","author":"Nelson Feliz","date":"8 de abril de 2025","format":false,"excerpt":"Crees advierte aumentos salariales en zonas francas y turismo podr\u00edan debilitar la econom\u00eda El Poder Ejecutivo deposit\u00f3 ayer, a trav\u00e9s del consultor jur\u00eddico, un proyecto para robustecer, ampliar y hacer m\u00e1s eficaz la Ley 137-03, sobre Tr\u00e1fico Il\u00edcito de Migrantes y Trata de Personas, en cumplimiento a lo anunciado por\u2026","rel":"","context":"En \u00abNACIONALES\u00bb","block_context":{"text":"NACIONALES","link":"https:\/\/lasprimeras.com.do\/index.php\/category\/nacionales\/"},"img":{"alt_text":"","src":"https:\/\/i0.wp.com\/lasprimeras.com.do\/wp-content\/uploads\/2025\/04\/antoliano-peralta-9f8d093c-focus-min0.03-0.4-896-504.jpg?resize=350%2C200&ssl=1","width":350,"height":200,"srcset":"https:\/\/i0.wp.com\/lasprimeras.com.do\/wp-content\/uploads\/2025\/04\/antoliano-peralta-9f8d093c-focus-min0.03-0.4-896-504.jpg?resize=350%2C200&ssl=1 1x, https:\/\/i0.wp.com\/lasprimeras.com.do\/wp-content\/uploads\/2025\/04\/antoliano-peralta-9f8d093c-focus-min0.03-0.4-896-504.jpg?resize=525%2C300&ssl=1 1.5x, https:\/\/i0.wp.com\/lasprimeras.com.do\/wp-content\/uploads\/2025\/04\/antoliano-peralta-9f8d093c-focus-min0.03-0.4-896-504.jpg?resize=700%2C400&ssl=1 2x"},"classes":[]}],"jetpack_sharing_enabled":true,"jetpack_featured_media_url":"https:\/\/lasprimeras.com.do\/wp-content\/uploads\/2026\/09\/Juan-Bancalari.jpg","_links":{"self":[{"href":"https:\/\/lasprimeras.com.do\/index.php\/wp-json\/wp\/v2\/posts\/138873","targetHints":{"allow":["GET"]}}],"collection":[{"href":"https:\/\/lasprimeras.com.do\/index.php\/wp-json\/wp\/v2\/posts"}],"about":[{"href":"https:\/\/lasprimeras.com.do\/index.php\/wp-json\/wp\/v2\/types\/post"}],"author":[{"embeddable":true,"href":"https:\/\/lasprimeras.com.do\/index.php\/wp-json\/wp\/v2\/users\/10"}],"replies":[{"embeddable":true,"href":"https:\/\/lasprimeras.com.do\/index.php\/wp-json\/wp\/v2\/comments?post=138873"}],"version-history":[{"count":1,"href":"https:\/\/lasprimeras.com.do\/index.php\/wp-json\/wp\/v2\/posts\/138873\/revisions"}],"predecessor-version":[{"id":138875,"href":"https:\/\/lasprimeras.com.do\/index.php\/wp-json\/wp\/v2\/posts\/138873\/revisions\/138875"}],"wp:featuredmedia":[{"embeddable":true,"href":"https:\/\/lasprimeras.com.do\/index.php\/wp-json\/wp\/v2\/media\/138874"}],"wp:attachment":[{"href":"https:\/\/lasprimeras.com.do\/index.php\/wp-json\/wp\/v2\/media?parent=138873"}],"wp:term":[{"taxonomy":"category","embeddable":true,"href":"https:\/\/lasprimeras.com.do\/index.php\/wp-json\/wp\/v2\/categories?post=138873"},{"taxonomy":"post_tag","embeddable":true,"href":"https:\/\/lasprimeras.com.do\/index.php\/wp-json\/wp\/v2\/tags?post=138873"}],"curies":[{"name":"wp","href":"https:\/\/api.w.org\/{rel}","templated":true}]}}