{"id":138876,"date":"2026-09-02T23:28:13","date_gmt":"2026-09-03T03:28:13","guid":{"rendered":"https:\/\/lasprimeras.com.do\/?p=138876"},"modified":"2026-09-02T23:28:17","modified_gmt":"2026-09-03T03:28:17","slug":"consorcio-azucarero-central-establece-record-al-cosechar-748-mil-toneladas-de-cana-en-la-zafra-2025-2026","status":"publish","type":"post","link":"https:\/\/lasprimeras.com.do\/index.php\/2026\/09\/02\/consorcio-azucarero-central-establece-record-al-cosechar-748-mil-toneladas-de-cana-en-la-zafra-2025-2026\/","title":{"rendered":"Consorcio Azucarero Central establece r\u00e9cord al cosechar 748 mil toneladas de ca\u00f1a en la zafra 2025-2026"},"content":{"rendered":"\n<p class=\"wp-block-paragraph\"><strong>Empresa paga m\u00e1s de RD$1,040 millones al a\u00f1o a m\u00e1s de 3 mil 200 empleados<\/strong><\/p>\n\n\n\n<p class=\"wp-block-paragraph\">BARAHONA- El Consorcio Azucarero Central (CAC) estableci\u00f3 un r\u00e9cord hist\u00f3rico en su zafra 2025-2026 al cosechar 748 mil toneladas de ca\u00f1a y producir 81 mil 124 toneladas de az\u00facar crema.<\/p>\n\n\n\n<p class=\"wp-block-paragraph\">Este hito se logr\u00f3 gracias al rendimiento industrial de 10.85% impulsado por inversiones en la mecanizaci\u00f3n del corte, el regad\u00edo por goteo y la constante renovaci\u00f3n de plantaciones.<\/p>\n\n\n\n<p class=\"wp-block-paragraph\">La empresa se consolid\u00f3 como el mayor empleador de la regi\u00f3n Sur de la Rep\u00fablica Dominicana, manteniendo una n\u00f3mina activa de m\u00e1s de 3 mil 200 colaboradores vinculados directamente a su operaci\u00f3n.<\/p>\n\n\n\n<p class=\"wp-block-paragraph\">El impacto laboral abarca las provincias de Barahona, Bahoruco e Independencia, aportando cerca del 15% de los empleos de la regi\u00f3n Enriquillo.<\/p>\n\n\n\n<p class=\"wp-block-paragraph\">El dinamismo econ\u00f3mico inyectado se refleja en su n\u00f3mina anual de RD$1,040 millones, suma que representa aproximadamente el 30% de toda la masa salarial de la provincia.<\/p>\n\n\n\n<p class=\"wp-block-paragraph\">Adem\u00e1s, la cadena de valor beneficia al comercio local a trav\u00e9s de contrataciones indirectas, ya que el 83% de sus proveedores actuales pertenecen a la zona.<\/p>\n\n\n\n<p class=\"wp-block-paragraph\">Para la zafra venidera 2026-2027, el plan estrat\u00e9gico se enfoca en superar el 75% de mecanizaci\u00f3n en la cosecha, exigiendo perfiles t\u00e9cnicos especializados.<br>Esta modernizaci\u00f3n busca optimizar y aumentar la producci\u00f3n de az\u00facar crema, adaptando simult\u00e1neamente a todo el personal hacia nuevas competencias y oficios industriales.<\/p>\n\n\n\n<p class=\"wp-block-paragraph\">Por \u00faltimo, el brazo social de la empresa, la Fundaci\u00f3n Central Barahona, mantiene una alianza con INFOTEP para capacitar t\u00e9cnicamente a los residentes.<br>El programa ya impact\u00f3 a 4 mil 282 personas en \u00e1reas de alta demanda laboral, facilitando inserci\u00f3n econ\u00f3mica e impulsando becas universitarias para j\u00f3venes.<\/p>\n","protected":false},"excerpt":{"rendered":"<p>Empresa paga m\u00e1s de RD$1,040 millones al a\u00f1o a m\u00e1s de 3 mil 200 empleados BARAHONA- El Consorcio Azucarero Central (CAC) estableci\u00f3 un r\u00e9cord hist\u00f3rico en su zafra 2025-2026 al&hellip;<\/p>\n","protected":false},"author":10,"featured_media":138877,"comment_status":"open","ping_status":"open","sticky":false,"template":"","format":"standard","meta":{"content-type":"","_jetpack_newsletter_access":"","_jetpack_dont_email_post_to_subs":false,"_jetpack_newsletter_tier_id":0,"_jetpack_memberships_contains_paywalled_content":false,"_jetpack_feature_clip_id":0,"_jetpack_memberships_contains_paid_content":false,"footnotes":"","jetpack_post_was_ever_published":false},"categories":[39],"tags":[36239,25465,36238,4609],"class_list":["post-138876","post","type-post","status-publish","format-standard","has-post-thumbnail","hentry","category-economia","tag-748-mil-toneladas-de-cana","tag-consorcio-azucarero-central","tag-cosecha","tag-record"],"jetpack-related-posts":[{"id":138934,"url":"https:\/\/lasprimeras.com.do\/index.php\/2026\/09\/03\/consorcio-azucarero-central-establece-record-zafra-2025-26\/","url_meta":{"origin":138876,"position":0},"title":"Consorcio Azucarero Central establece r\u00e9cord zafra 2025-26","author":"BIMARY DE JES\u00daS Matos","date":"3 de septiembre de 2026","format":false,"excerpt":"BARAHONA.- El Consorcio Azucarero Central (CAC) estableci\u00f3 un nuevo r\u00e9cord en la zafra 2025-2026 al cosechar 748 mil toneladas de ca\u00f1a propia y producir 81 mil 124 toneladas de az\u00facar crema, cifras que jam\u00e1s se hab\u00edan alcanzado. El gerente administrativo del CAC, Jos\u00e9 Antonio Garc\u00eda, revel\u00f3 que, en la zafra\u2026","rel":"","context":"En \u00abECONOM\u00cdA\u00bb","block_context":{"text":"ECONOM\u00cdA","link":"https:\/\/lasprimeras.com.do\/index.php\/category\/economia\/"},"img":{"alt_text":"","src":"https:\/\/i0.wp.com\/lasprimeras.com.do\/wp-content\/uploads\/2026\/09\/garcia.png?resize=350%2C200&ssl=1","width":350,"height":200,"srcset":"https:\/\/i0.wp.com\/lasprimeras.com.do\/wp-content\/uploads\/2026\/09\/garcia.png?resize=350%2C200&ssl=1 1x, https:\/\/i0.wp.com\/lasprimeras.com.do\/wp-content\/uploads\/2026\/09\/garcia.png?resize=525%2C300&ssl=1 1.5x"},"classes":[]},{"id":72230,"url":"https:\/\/lasprimeras.com.do\/index.php\/2023\/12\/28\/central-romana-sigue-sin-cuota-de-exportacion-de-azucar-a-eeuu-en-la-nueva-zafra\/","url_meta":{"origin":138876,"position":1},"title":"Central Romana sigue sin cuota de exportaci\u00f3n de az\u00facar a EEUU en la nueva zafra","author":"Nelson Feliz","date":"28 de diciembre de 2023","format":false,"excerpt":"A un a\u00f1o y un mes de Aduanas y Protecci\u00f3n Fronteriza de los Estados Unidos tener la instrucci\u00f3n de detener en todos los puertos de entrada de ese pa\u00eds el az\u00facar sin refinar y los productos a base de az\u00facar producidos en la Rep\u00fablica Dominicana por Central Romana Corporation Limited,\u2026","rel":"","context":"En \u00abECONOM\u00cdA\u00bb","block_context":{"text":"ECONOM\u00cdA","link":"https:\/\/lasprimeras.com.do\/index.php\/category\/economia\/"},"img":{"alt_text":"Un almac\u00e9n de az\u00facar de Central Romana Corporation. La empresa asegura que EEUU no la ha evaluado tras vetar su producci\u00f3n.","src":"https:\/\/i0.wp.com\/lasprimeras.com.do\/wp-content\/uploads\/2023\/12\/azucar.jpg?resize=350%2C200&ssl=1","width":350,"height":200,"srcset":"https:\/\/i0.wp.com\/lasprimeras.com.do\/wp-content\/uploads\/2023\/12\/azucar.jpg?resize=350%2C200&ssl=1 1x, https:\/\/i0.wp.com\/lasprimeras.com.do\/wp-content\/uploads\/2023\/12\/azucar.jpg?resize=525%2C300&ssl=1 1.5x, https:\/\/i0.wp.com\/lasprimeras.com.do\/wp-content\/uploads\/2023\/12\/azucar.jpg?resize=700%2C400&ssl=1 2x"},"classes":[]},{"id":111771,"url":"https:\/\/lasprimeras.com.do\/index.php\/2025\/10\/13\/pescadores-de-cabral-denuncian-crimen-ecologico-y-culpan-al-consorcio-azucarero-por-la-desecacion-de-la-laguna-rincon\/","url_meta":{"origin":138876,"position":2},"title":"Pescadores de Cabral denuncian crimen ecol\u00f3gico y culpan al Consorcio Azucarero por la desecaci\u00f3n de la Laguna Rinc\u00f3n","author":"Nelson Feliz","date":"13 de octubre de 2025","format":false,"excerpt":"CABRAL, BARAHONA - La Laguna Rinc\u00f3n, tambi\u00e9n conocida como Lago de Cabral, se encuentra en un estado cr\u00edtico de desecaci\u00f3n, afectando gravemente a los pescadores de la zona, quienes culpan a la empresa Consorcio Azucarero Central (CAC) por lo que califican de \"crimen ecol\u00f3gico\". Un para\u00edso que agoniza Considerado el\u2026","rel":"","context":"En \u00abMEDIO AMBIENTE\u00bb","block_context":{"text":"MEDIO AMBIENTE","link":"https:\/\/lasprimeras.com.do\/index.php\/category\/medio-ambiente\/"},"img":{"alt_text":"","src":"https:\/\/i0.wp.com\/lasprimeras.com.do\/wp-content\/uploads\/2025\/10\/La-Laguna-Rincon-1.jpg?resize=350%2C200&ssl=1","width":350,"height":200,"srcset":"https:\/\/i0.wp.com\/lasprimeras.com.do\/wp-content\/uploads\/2025\/10\/La-Laguna-Rincon-1.jpg?resize=350%2C200&ssl=1 1x, https:\/\/i0.wp.com\/lasprimeras.com.do\/wp-content\/uploads\/2025\/10\/La-Laguna-Rincon-1.jpg?resize=525%2C300&ssl=1 1.5x, https:\/\/i0.wp.com\/lasprimeras.com.do\/wp-content\/uploads\/2025\/10\/La-Laguna-Rincon-1.jpg?resize=700%2C400&ssl=1 2x"},"classes":[]},{"id":110827,"url":"https:\/\/lasprimeras.com.do\/index.php\/2025\/10\/01\/medio-ambiente-responsabiliza-al-consorcio-azucarero-central-por-merma-de-agua-en-laguna-de-cabral\/","url_meta":{"origin":138876,"position":3},"title":"Medio Ambiente responsabiliza al Consorcio Azucarero Central por merma de agua en laguna de Cabral","author":"Nelson Feliz","date":"1 de octubre de 2025","format":false,"excerpt":"El Ministerio de Medio Ambiente y Recursos Naturales inform\u00f3 sobre los resultados de una evaluaci\u00f3n t\u00e9cnica y atribuy\u00f3 la degradaci\u00f3n la laguna de Cabral o Laguna Rinc\u00f3n, en Barahona a varios factores, principalmente al uso exclusivo del canal de Trujillo por parte del Consorcio Azucarero Central (CAC). Explic\u00f3 mediante un\u2026","rel":"","context":"En \u00abMEDIO AMBIENTE\u00bb","block_context":{"text":"MEDIO AMBIENTE","link":"https:\/\/lasprimeras.com.do\/index.php\/category\/medio-ambiente\/"},"img":{"alt_text":"","src":"https:\/\/i0.wp.com\/lasprimeras.com.do\/wp-content\/uploads\/2025\/10\/laguna.jpg?resize=350%2C200&ssl=1","width":350,"height":200,"srcset":"https:\/\/i0.wp.com\/lasprimeras.com.do\/wp-content\/uploads\/2025\/10\/laguna.jpg?resize=350%2C200&ssl=1 1x, https:\/\/i0.wp.com\/lasprimeras.com.do\/wp-content\/uploads\/2025\/10\/laguna.jpg?resize=525%2C300&ssl=1 1.5x, https:\/\/i0.wp.com\/lasprimeras.com.do\/wp-content\/uploads\/2025\/10\/laguna.jpg?resize=700%2C400&ssl=1 2x"},"classes":[]},{"id":53985,"url":"https:\/\/lasprimeras.com.do\/index.php\/2023\/07\/03\/encargado-de-negocios-de-los-ee-uu-visita-caei-para-aprender-sobre-trabajo-azucarero\/","url_meta":{"origin":138876,"position":4},"title":"Encargado de Negocios de los EE.UU. visita CAEI para aprender sobre trabajo azucarero\u00a0","author":"Nelson Feliz","date":"3 de julio de 2023","format":false,"excerpt":"El funcionario diplom\u00e1tico acept\u00f3 la invitaci\u00f3n de la empresa para conocer la gesti\u00f3n de sus comunidades ca\u00f1eras. El encargado de Negocios de la Embajada de Estados Unidos en el pa\u00eds, Isiah Parnell, agradeci\u00f3 invitaci\u00f3n para visitar el Consorcio Azucarero de Empresas Industriales (CAEI) y as\u00ed aprender m\u00e1s sobre el sector\u2026","rel":"","context":"En \u00abNACIONALES\u00bb","block_context":{"text":"NACIONALES","link":"https:\/\/lasprimeras.com.do\/index.php\/category\/nacionales\/"},"img":{"alt_text":"Benigno Trueba, Isiah Parnell, Alexander Ted Bryan y Frederick Giles","src":"https:\/\/i0.wp.com\/lasprimeras.com.do\/wp-content\/uploads\/2023\/07\/Benigno-TruebaIsiah-Parnell-Alexander-Ted-Bryan-y-Frederick-Giles.jpg?resize=350%2C200&ssl=1","width":350,"height":200,"srcset":"https:\/\/i0.wp.com\/lasprimeras.com.do\/wp-content\/uploads\/2023\/07\/Benigno-TruebaIsiah-Parnell-Alexander-Ted-Bryan-y-Frederick-Giles.jpg?resize=350%2C200&ssl=1 1x, https:\/\/i0.wp.com\/lasprimeras.com.do\/wp-content\/uploads\/2023\/07\/Benigno-TruebaIsiah-Parnell-Alexander-Ted-Bryan-y-Frederick-Giles.jpg?resize=525%2C300&ssl=1 1.5x"},"classes":[]},{"id":116660,"url":"https:\/\/lasprimeras.com.do\/index.php\/2025\/12\/02\/jad-reconoce-como-agroempresa-del-ano-2025-al-consorcio-azucarero-de-empresas-industriales\/","url_meta":{"origin":138876,"position":5},"title":"JAD reconoce como \u201cAgroempresa del A\u00f1o 2025\u201d al Consorcio Azucarero de Empresas Industriales","author":"Nelson Feliz","date":"2 de diciembre de 2025","format":false,"excerpt":"El consejo de directores de la Junta Agroempresarial Dominicana (JAD) reconoci\u00f3 este martes como \u201cAgroempresa del A\u00f1o 2025\u201d al Consorcio Azucarero de Empresas Industriales (CAEI), en un acto encabezado por la vicepresidenta de la Rep\u00fablica, Raquel Pe\u00f1a. La vicemandataria destac\u00f3 la historia del consorcio y su aporte sostenido a la\u2026","rel":"","context":"En \u00abECONOM\u00cdA\u00bb","block_context":{"text":"ECONOM\u00cdA","link":"https:\/\/lasprimeras.com.do\/index.php\/category\/economia\/"},"img":{"alt_text":"","src":"https:\/\/i0.wp.com\/lasprimeras.com.do\/wp-content\/uploads\/2025\/12\/Raquel-Pena.jpeg?resize=350%2C200&ssl=1","width":350,"height":200,"srcset":"https:\/\/i0.wp.com\/lasprimeras.com.do\/wp-content\/uploads\/2025\/12\/Raquel-Pena.jpeg?resize=350%2C200&ssl=1 1x, https:\/\/i0.wp.com\/lasprimeras.com.do\/wp-content\/uploads\/2025\/12\/Raquel-Pena.jpeg?resize=525%2C300&ssl=1 1.5x, https:\/\/i0.wp.com\/lasprimeras.com.do\/wp-content\/uploads\/2025\/12\/Raquel-Pena.jpeg?resize=700%2C400&ssl=1 2x"},"classes":[]}],"jetpack_sharing_enabled":true,"jetpack_featured_media_url":"https:\/\/lasprimeras.com.do\/wp-content\/uploads\/2026\/09\/Jose-Antonio-Garcia.jpg","_links":{"self":[{"href":"https:\/\/lasprimeras.com.do\/index.php\/wp-json\/wp\/v2\/posts\/138876","targetHints":{"allow":["GET"]}}],"collection":[{"href":"https:\/\/lasprimeras.com.do\/index.php\/wp-json\/wp\/v2\/posts"}],"about":[{"href":"https:\/\/lasprimeras.com.do\/index.php\/wp-json\/wp\/v2\/types\/post"}],"author":[{"embeddable":true,"href":"https:\/\/lasprimeras.com.do\/index.php\/wp-json\/wp\/v2\/users\/10"}],"replies":[{"embeddable":true,"href":"https:\/\/lasprimeras.com.do\/index.php\/wp-json\/wp\/v2\/comments?post=138876"}],"version-history":[{"count":1,"href":"https:\/\/lasprimeras.com.do\/index.php\/wp-json\/wp\/v2\/posts\/138876\/revisions"}],"predecessor-version":[{"id":138878,"href":"https:\/\/lasprimeras.com.do\/index.php\/wp-json\/wp\/v2\/posts\/138876\/revisions\/138878"}],"wp:featuredmedia":[{"embeddable":true,"href":"https:\/\/lasprimeras.com.do\/index.php\/wp-json\/wp\/v2\/media\/138877"}],"wp:attachment":[{"href":"https:\/\/lasprimeras.com.do\/index.php\/wp-json\/wp\/v2\/media?parent=138876"}],"wp:term":[{"taxonomy":"category","embeddable":true,"href":"https:\/\/lasprimeras.com.do\/index.php\/wp-json\/wp\/v2\/categories?post=138876"},{"taxonomy":"post_tag","embeddable":true,"href":"https:\/\/lasprimeras.com.do\/index.php\/wp-json\/wp\/v2\/tags?post=138876"}],"curies":[{"name":"wp","href":"https:\/\/api.w.org\/{rel}","templated":true}]}}