{"id":138879,"date":"2026-09-02T23:35:23","date_gmt":"2026-09-03T03:35:23","guid":{"rendered":"https:\/\/lasprimeras.com.do\/?p=138879"},"modified":"2026-09-02T23:39:27","modified_gmt":"2026-09-03T03:39:27","slug":"directora-de-infotep-destaca-formacion-de-talento-humano-para-fortalecer-el-turismo","status":"publish","type":"post","link":"https:\/\/lasprimeras.com.do\/index.php\/2026\/09\/02\/directora-de-infotep-destaca-formacion-de-talento-humano-para-fortalecer-el-turismo\/","title":{"rendered":"Directora de INFOTEP destaca formaci\u00f3n de talento humano para fortalecer el turismo"},"content":{"rendered":"\n<p class=\"wp-block-paragraph\"><strong>\u00b7 Durante la 38.\u00aa Exposici\u00f3n Comercial de Asonahores, Maira Morla resalt\u00f3 la capacitaci\u00f3n que ofrece la instituci\u00f3n para responder a las necesidades de la industria tur\u00edstica<\/strong><\/p>\n\n\n\n<p class=\"wp-block-paragraph\">Punta Cana, La Altagracia. -La directora general del Instituto Nacional de Formaci\u00f3n T\u00e9cnico Profesional (INFOTEP), Maira Morla, destac\u00f3 el aporte de la instituci\u00f3n a la formaci\u00f3n y capacitaci\u00f3n del talento humano que requiere el sector tur\u00edstico, durante la apertura de la 38.\u00aa edici\u00f3n de la Exposici\u00f3n Comercial de la Asociaci\u00f3n de Hoteles y Turismo de la Rep\u00fablica Dominicana (Asonahores).<\/p>\n\n\n\n<p class=\"wp-block-paragraph\">El encuentro, que se desarrolla del 2 al 4 de septiembre en Punta Cana, re\u00fane a m\u00e1s de 300 expositores nacionales e internacionales y constituye un espacio para promover negocios, fortalecer el encadenamiento productivo y generar nuevas oportunidades para la industria tur\u00edstica.<\/p>\n\n\n\n<p class=\"wp-block-paragraph\">La exposici\u00f3n congrega a suplidores de alimentos y bebidas, tecnolog\u00eda, servicios financieros, mobiliario, equipos de cocina, soluciones energ\u00e9ticas y otros bienes y servicios vinculados directamente con la actividad tur\u00edstica.<\/p>\n\n\n\n<p class=\"wp-block-paragraph\">Formaci\u00f3n alineada con las necesidades del sector<\/p>\n\n\n\n<p class=\"wp-block-paragraph\">En este contexto, Morla resalt\u00f3 los resultados de la Escuela de Hosteler\u00eda y Turismo Gabriel Escarrer Juli\u00e1, ubicada en la zona tur\u00edstica de Punta Cana, donde m\u00e1s de 600 empleados del grupo Meli\u00e1 han recibido formaci\u00f3n y capacitaci\u00f3n desde la puesta en funcionamiento del centro.<\/p>\n\n\n\n<p class=\"wp-block-paragraph\">Explic\u00f3 que los participantes han desarrollado competencias t\u00e9cnicas en \u00e1reas como reposter\u00eda, hoteler\u00eda, camarer\u00eda de pisos, bebidas y restaurantes, as\u00ed como en otras especialidades vinculadas con los perfiles ocupacionales que demanda la industria tur\u00edstica.<\/p>\n\n\n\n<p class=\"wp-block-paragraph\">\u201cLa formaci\u00f3n que ofrecemos responde a las necesidades concretas de las empresas. El INFOTEP tambi\u00e9n desarrolla programas de capacitaci\u00f3n en mantenimiento de piscinas, mantenimiento hotelero, electricidad industrial y plomer\u00eda o fontaner\u00eda, adem\u00e1s de iniciativas dirigidas a emprendedores y personas desempleadas que buscan incorporarse al mercado laboral\u201d, afirm\u00f3 Morla Pineda.<\/p>\n\n\n\n<p class=\"wp-block-paragraph\">INFOTEP exhibe talento gastron\u00f3mico formado en Hig\u00fcey<\/p>\n\n\n\n<p class=\"wp-block-paragraph\">Como parte de su participaci\u00f3n en la Exposici\u00f3n Comercial, el INFOTEP present\u00f3 demostraciones de gastronom\u00eda y reposter\u00eda a cargo de participantes de la Escuela de Gastronom\u00eda de Hig\u00fcey.<\/p>\n\n\n\n<p class=\"wp-block-paragraph\">Los asistentes tuvieron la oportunidad de conocer el proceso de elaboraci\u00f3n y degustar productos preparados durante su formaci\u00f3n, entre ellos bizcochos, brownies, pastelitos y croquetas.<\/p>\n\n\n\n<p class=\"wp-block-paragraph\">La demostraci\u00f3n permiti\u00f3 mostrar, de manera pr\u00e1ctica, las competencias t\u00e9cnicas desarrolladas por los participantes y el aporte de la formaci\u00f3n t\u00e9cnico profesional a la preparaci\u00f3n del talento humano que requiere la industria tur\u00edstica.<\/p>\n","protected":false},"excerpt":{"rendered":"<p>\u00b7 Durante la 38.\u00aa Exposici\u00f3n Comercial de Asonahores, Maira Morla resalt\u00f3 la capacitaci\u00f3n que ofrece la instituci\u00f3n para responder a las necesidades de la industria tur\u00edstica Punta Cana, La Altagracia.&hellip;<\/p>\n","protected":false},"author":10,"featured_media":138880,"comment_status":"open","ping_status":"open","sticky":false,"template":"","format":"standard","meta":{"content-type":"","_jetpack_newsletter_access":"","_jetpack_dont_email_post_to_subs":false,"_jetpack_newsletter_tier_id":0,"_jetpack_memberships_contains_paywalled_content":false,"_jetpack_feature_clip_id":0,"_jetpack_memberships_contains_paid_content":false,"footnotes":"","jetpack_post_was_ever_published":false},"categories":[376],"tags":[36240,862,36241,28271,375],"class_list":["post-138879","post","type-post","status-publish","format-standard","has-post-thumbnail","hentry","category-turismo","tag-directora-infotep","tag-formacion","tag-maira-morla","tag-talento-humano","tag-turismo"],"jetpack-related-posts":[{"id":132023,"url":"https:\/\/lasprimeras.com.do\/index.php\/2026\/05\/28\/infotep-y-asonahores-fortalecen-formacion-tecnica-en-turismo-y-gastronomia\/","url_meta":{"origin":138879,"position":0},"title":"Infotep y Asonahores fortalecen formaci\u00f3n t\u00e9cnica en turismo y gastronom\u00eda","author":"Nelson Feliz","date":"28 de mayo de 2026","format":false,"excerpt":"Hermanas Mirabal.- El Instituto Nacional de Formaci\u00f3n T\u00e9cnico Profesional (Infotep) y la Asociaci\u00f3n de Hoteles y Turismo de la Rep\u00fablica Dominicana (Asonahores) iniciaron conversaciones para desarrollar una alianza estrat\u00e9gica orientada a fortalecer competencias del talento humano y responder a las nuevas demandas del sector tur\u00edstico y gastron\u00f3mico del pa\u00eds. El\u2026","rel":"","context":"En \u00abTURISMO\u00bb","block_context":{"text":"TURISMO","link":"https:\/\/lasprimeras.com.do\/index.php\/category\/turismo\/"},"img":{"alt_text":"","src":"https:\/\/i0.wp.com\/lasprimeras.com.do\/wp-content\/uploads\/2026\/05\/infotep.jpg?resize=350%2C200&ssl=1","width":350,"height":200,"srcset":"https:\/\/i0.wp.com\/lasprimeras.com.do\/wp-content\/uploads\/2026\/05\/infotep.jpg?resize=350%2C200&ssl=1 1x, https:\/\/i0.wp.com\/lasprimeras.com.do\/wp-content\/uploads\/2026\/05\/infotep.jpg?resize=525%2C300&ssl=1 1.5x, https:\/\/i0.wp.com\/lasprimeras.com.do\/wp-content\/uploads\/2026\/05\/infotep.jpg?resize=700%2C400&ssl=1 2x, https:\/\/i0.wp.com\/lasprimeras.com.do\/wp-content\/uploads\/2026\/05\/infotep.jpg?resize=1050%2C600&ssl=1 3x"},"classes":[]},{"id":123752,"url":"https:\/\/lasprimeras.com.do\/index.php\/2026\/03\/04\/maira-morla-vincula-legado-de-los-padres-de-la-patria-con-formacion-tecnica\/","url_meta":{"origin":138879,"position":1},"title":"Maira Morla vincula legado de los Padres de la Patria con formaci\u00f3n t\u00e9cnica","author":"Nelson Feliz","date":"4 de marzo de 2026","format":false,"excerpt":"Maira Morla Pineda dijo que, \u201ccuando abrimos puertas al conocimiento t\u00e9cnico y a la innovaci\u00f3n, estamos consolidando la independencia en su dimensi\u00f3n moderna\u201d. La directora general del Instituto Nacional de Formaci\u00f3n T\u00e9cnico Profesional (INFOTEP), Maira Morla Pineda, afirm\u00f3 que la formaci\u00f3n t\u00e9cnico profesional constituye un pilar esencial para consolidar la\u2026","rel":"","context":"En \u00abNACIONALES\u00bb","block_context":{"text":"NACIONALES","link":"https:\/\/lasprimeras.com.do\/index.php\/category\/nacionales\/"},"img":{"alt_text":"Maira Morla","src":"https:\/\/i0.wp.com\/lasprimeras.com.do\/wp-content\/uploads\/2026\/03\/Maira-Morla.jpg?resize=350%2C200&ssl=1","width":350,"height":200,"srcset":"https:\/\/i0.wp.com\/lasprimeras.com.do\/wp-content\/uploads\/2026\/03\/Maira-Morla.jpg?resize=350%2C200&ssl=1 1x, https:\/\/i0.wp.com\/lasprimeras.com.do\/wp-content\/uploads\/2026\/03\/Maira-Morla.jpg?resize=525%2C300&ssl=1 1.5x, https:\/\/i0.wp.com\/lasprimeras.com.do\/wp-content\/uploads\/2026\/03\/Maira-Morla.jpg?resize=700%2C400&ssl=1 2x"},"classes":[]},{"id":123560,"url":"https:\/\/lasprimeras.com.do\/index.php\/2026\/03\/02\/abinader-inaugura-escuela-de-hosteleria-y-turismo-del-infotep-en-punta-cana\/","url_meta":{"origin":138879,"position":2},"title":"Abinader inaugura Escuela de Hosteler\u00eda y Turismo del INFOTEP en Punta Cana","author":"Nelson Feliz","date":"2 de marzo de 2026","format":false,"excerpt":"\u2022-Proyecto forma parte de un acuerdo de cooperaci\u00f3n con Meli\u00e1 Hotels International para fortalecer la formaci\u00f3n t\u00e9cnico profesional en el sector tur\u00edstico El presidente de la Rep\u00fablica, Luis Abinader inaugur\u00f3 la Escuela de Hosteler\u00eda y Turismo Gabriel Escarrer Juli\u00e1, que funcionar\u00e1 en instalaciones cedidas por Meli\u00e1 Hotels International y operar\u00e1\u2026","rel":"","context":"En \u00abTURISMO\u00bb","block_context":{"text":"TURISMO","link":"https:\/\/lasprimeras.com.do\/index.php\/category\/turismo\/"},"img":{"alt_text":"","src":"https:\/\/i0.wp.com\/lasprimeras.com.do\/wp-content\/uploads\/2026\/03\/portada-1.jpg?resize=350%2C200&ssl=1","width":350,"height":200,"srcset":"https:\/\/i0.wp.com\/lasprimeras.com.do\/wp-content\/uploads\/2026\/03\/portada-1.jpg?resize=350%2C200&ssl=1 1x, https:\/\/i0.wp.com\/lasprimeras.com.do\/wp-content\/uploads\/2026\/03\/portada-1.jpg?resize=525%2C300&ssl=1 1.5x, https:\/\/i0.wp.com\/lasprimeras.com.do\/wp-content\/uploads\/2026\/03\/portada-1.jpg?resize=700%2C400&ssl=1 2x"},"classes":[]},{"id":122021,"url":"https:\/\/lasprimeras.com.do\/index.php\/2026\/02\/12\/abinader-designa-a-maira-morla-pineda-como-nueva-directora-general-del-infotep\/","url_meta":{"origin":138879,"position":3},"title":"Abinader designa a Maira Morla Pineda como nueva directora general del INFOTEP","author":"Nelson Feliz","date":"12 de febrero de 2026","format":false,"excerpt":"Morla Pineda tiene m\u00e1s de tres d\u00e9cadas de experiencia dentro de la instituci\u00f3n, se desempe\u00f1aba como subdirectora general desde 2014. El presidente de la Rep\u00fablica, Luis Abinader, design\u00f3 a Maira Margarita Morla Pineda como nueva directora general del Instituto Nacional de Formaci\u00f3n T\u00e9cnico Profesional (INFOTEP), mediante el Decreto n\u00fam. 95-26.\u2026","rel":"","context":"En \u00abNACIONALES\u00bb","block_context":{"text":"NACIONALES","link":"https:\/\/lasprimeras.com.do\/index.php\/category\/nacionales\/"},"img":{"alt_text":"Maira Morla Pineda","src":"https:\/\/i0.wp.com\/lasprimeras.com.do\/wp-content\/uploads\/2026\/02\/Maira-Morla-Pineda.jpg?resize=350%2C200&ssl=1","width":350,"height":200,"srcset":"https:\/\/i0.wp.com\/lasprimeras.com.do\/wp-content\/uploads\/2026\/02\/Maira-Morla-Pineda.jpg?resize=350%2C200&ssl=1 1x, https:\/\/i0.wp.com\/lasprimeras.com.do\/wp-content\/uploads\/2026\/02\/Maira-Morla-Pineda.jpg?resize=525%2C300&ssl=1 1.5x, https:\/\/i0.wp.com\/lasprimeras.com.do\/wp-content\/uploads\/2026\/02\/Maira-Morla-Pineda.jpg?resize=700%2C400&ssl=1 2x"},"classes":[]},{"id":138715,"url":"https:\/\/lasprimeras.com.do\/index.php\/2026\/09\/01\/infotep-y-promiches-formaran-talento-humano-para-impulsar-desarrollo-turistico-de-miches%c2%b7\/","url_meta":{"origin":138879,"position":4},"title":"INFOTEP y PROMICHES formaran talento humano para impulsar desarrollo tur\u00edstico de Miches\u00b7","author":"Nelson Feliz","date":"1 de septiembre de 2026","format":false,"excerpt":"Ambas instituciones desarrollar\u00e1n programas de formaci\u00f3n en hoteler\u00eda, gastronom\u00eda, electricidad, refrigeraci\u00f3n, mec\u00e1nica automotriz, mantenimiento, emprendimiento y \u00e1reas vinculadas a la industria 4.0 SANTO DOMINGO, RD. -El Instituto Nacional de Formaci\u00f3n T\u00e9cnico Profesional (INFOTEP) y la Asociaci\u00f3n de Hoteles y Turismo El Seibo-Miches (PROMICHES) suscribieron un Acuerdo Marco de Cooperaci\u00f3n Interinstitucional\u2026","rel":"","context":"En \u00abPORTADA\u00bb","block_context":{"text":"PORTADA","link":"https:\/\/lasprimeras.com.do\/index.php\/category\/portada\/"},"img":{"alt_text":"","src":"https:\/\/i0.wp.com\/lasprimeras.com.do\/wp-content\/uploads\/2026\/09\/IMG-20260901-WA0498.jpg?resize=350%2C200&ssl=1","width":350,"height":200,"srcset":"https:\/\/i0.wp.com\/lasprimeras.com.do\/wp-content\/uploads\/2026\/09\/IMG-20260901-WA0498.jpg?resize=350%2C200&ssl=1 1x, https:\/\/i0.wp.com\/lasprimeras.com.do\/wp-content\/uploads\/2026\/09\/IMG-20260901-WA0498.jpg?resize=525%2C300&ssl=1 1.5x, https:\/\/i0.wp.com\/lasprimeras.com.do\/wp-content\/uploads\/2026\/09\/IMG-20260901-WA0498.jpg?resize=700%2C400&ssl=1 2x, https:\/\/i0.wp.com\/lasprimeras.com.do\/wp-content\/uploads\/2026\/09\/IMG-20260901-WA0498.jpg?resize=1050%2C600&ssl=1 3x"},"classes":[]},{"id":127825,"url":"https:\/\/lasprimeras.com.do\/index.php\/2026\/04\/16\/luis-manuel-rodriguez-nuevo-subdirector-general-del-infotep\/","url_meta":{"origin":138879,"position":5},"title":"Luis Manuel Rodr\u00edguez nuevo subdirector general del INFOTEP","author":"Nelson Feliz","date":"16 de abril de 2026","format":false,"excerpt":"\u00b7_El funcionario fue juramentado por la directora general, Maira Morla Pineda, tras su designaci\u00f3n mediante la circular n\u00fam. 1-002._ Luis Manuel Rodr\u00edguez tom\u00f3 posesi\u00f3n como subdirector general del Instituto Nacional de Formaci\u00f3n T\u00e9cnico Profesional (INFOTEP), luego de ser juramentado en el cargo por la directora general de la instituci\u00f3n, Maira\u2026","rel":"","context":"En \u00abNACIONALES\u00bb","block_context":{"text":"NACIONALES","link":"https:\/\/lasprimeras.com.do\/index.php\/category\/nacionales\/"},"img":{"alt_text":"","src":"https:\/\/i0.wp.com\/lasprimeras.com.do\/wp-content\/uploads\/2026\/04\/IMG-20260416-WA0421.jpg?resize=350%2C200&ssl=1","width":350,"height":200,"srcset":"https:\/\/i0.wp.com\/lasprimeras.com.do\/wp-content\/uploads\/2026\/04\/IMG-20260416-WA0421.jpg?resize=350%2C200&ssl=1 1x, https:\/\/i0.wp.com\/lasprimeras.com.do\/wp-content\/uploads\/2026\/04\/IMG-20260416-WA0421.jpg?resize=525%2C300&ssl=1 1.5x, https:\/\/i0.wp.com\/lasprimeras.com.do\/wp-content\/uploads\/2026\/04\/IMG-20260416-WA0421.jpg?resize=700%2C400&ssl=1 2x, https:\/\/i0.wp.com\/lasprimeras.com.do\/wp-content\/uploads\/2026\/04\/IMG-20260416-WA0421.jpg?resize=1050%2C600&ssl=1 3x, https:\/\/i0.wp.com\/lasprimeras.com.do\/wp-content\/uploads\/2026\/04\/IMG-20260416-WA0421.jpg?resize=1400%2C800&ssl=1 4x"},"classes":[]}],"jetpack_sharing_enabled":true,"jetpack_featured_media_url":"https:\/\/lasprimeras.com.do\/wp-content\/uploads\/2026\/09\/Maira-Morla.jpg","_links":{"self":[{"href":"https:\/\/lasprimeras.com.do\/index.php\/wp-json\/wp\/v2\/posts\/138879","targetHints":{"allow":["GET"]}}],"collection":[{"href":"https:\/\/lasprimeras.com.do\/index.php\/wp-json\/wp\/v2\/posts"}],"about":[{"href":"https:\/\/lasprimeras.com.do\/index.php\/wp-json\/wp\/v2\/types\/post"}],"author":[{"embeddable":true,"href":"https:\/\/lasprimeras.com.do\/index.php\/wp-json\/wp\/v2\/users\/10"}],"replies":[{"embeddable":true,"href":"https:\/\/lasprimeras.com.do\/index.php\/wp-json\/wp\/v2\/comments?post=138879"}],"version-history":[{"count":1,"href":"https:\/\/lasprimeras.com.do\/index.php\/wp-json\/wp\/v2\/posts\/138879\/revisions"}],"predecessor-version":[{"id":138881,"href":"https:\/\/lasprimeras.com.do\/index.php\/wp-json\/wp\/v2\/posts\/138879\/revisions\/138881"}],"wp:featuredmedia":[{"embeddable":true,"href":"https:\/\/lasprimeras.com.do\/index.php\/wp-json\/wp\/v2\/media\/138880"}],"wp:attachment":[{"href":"https:\/\/lasprimeras.com.do\/index.php\/wp-json\/wp\/v2\/media?parent=138879"}],"wp:term":[{"taxonomy":"category","embeddable":true,"href":"https:\/\/lasprimeras.com.do\/index.php\/wp-json\/wp\/v2\/categories?post=138879"},{"taxonomy":"post_tag","embeddable":true,"href":"https:\/\/lasprimeras.com.do\/index.php\/wp-json\/wp\/v2\/tags?post=138879"}],"curies":[{"name":"wp","href":"https:\/\/api.w.org\/{rel}","templated":true}]}}