{"id":138883,"date":"2026-09-02T23:43:41","date_gmt":"2026-09-03T03:43:41","guid":{"rendered":"https:\/\/lasprimeras.com.do\/?p=138883"},"modified":"2026-09-02T23:43:44","modified_gmt":"2026-09-03T03:43:44","slug":"recuperan-21-televisores-robados-en-bayaguana-y-apresa-a-dos-presuntos-implicados","status":"publish","type":"post","link":"https:\/\/lasprimeras.com.do\/index.php\/2026\/09\/02\/recuperan-21-televisores-robados-en-bayaguana-y-apresa-a-dos-presuntos-implicados\/","title":{"rendered":"Recuperan 21 televisores robados en Bayaguana y apresa a dos presuntos implicados"},"content":{"rendered":"\n<p class=\"wp-block-paragraph\">La Ure\u00f1a, Santo Domingo Este &#8211; La Polic\u00eda Nacional apres\u00f3 a dos hombres vinculados al robo de varios televisores de 55 pulgadas, sustra\u00eddos de la Villa Ol\u00edmpica del municipio de Bayaguana, provincia Monte Plata, y recuper\u00f3 21 de los equipos durante un allanamiento realizado en el sector La Ure\u00f1a, Santo Domingo Este.<\/p>\n\n\n\n<p class=\"wp-block-paragraph\">La recuperaci\u00f3n de estos equipos fue posible gracias a la ardua labor de investigaci\u00f3n desarrollada por agentes de la Polic\u00eda Nacional, en coordinaci\u00f3n con el Ministerio P\u00fablico, bajo la supervisi\u00f3n y participaci\u00f3n activa del general Pedro Ignacio Matos P\u00e9rez, director Central de Investigaci\u00f3n (DICRIM), junto al equipo operativo de esa dependencia.<\/p>\n\n\n\n<p class=\"wp-block-paragraph\">Uno de los detenidos es \u00c1lvaro Mart\u00edn Ubiera Robles (a) Bulig\u00fci, de 40 a\u00f1os, contra quien fue ejecutada la orden de arresto n\u00fam. 2026-AJ0076058, por su presunta vinculaci\u00f3n con el robo perpetrado en horas de la madrugada del pasado 30 de agosto.<\/p>\n\n\n\n<p class=\"wp-block-paragraph\">De acuerdo con las pesquisas el detenido Ubiera Robles particip\u00f3 en la planificaci\u00f3n del hecho junto a otras personas.<\/p>\n\n\n\n<p class=\"wp-block-paragraph\">Tambi\u00e9n fue detenido Walfer David Reyes Concepci\u00f3n, se\u00f1alado como la persona que facilitaba veh\u00edculos en condici\u00f3n de renta para transportar los objetos sustra\u00eddos.<\/p>\n\n\n\n<p class=\"wp-block-paragraph\">Como parte de las labores investigativas, agentes policiales, en coordinaci\u00f3n con miembros del Ministerio P\u00fablico, ejecutaron la orden de allanamiento n\u00fam. 2026-AJ0076067 en una vivienda ubicada en la calle Dr. Jos\u00e9 Francisco Pe\u00f1a G\u00f3mez, del sector La Ure\u00f1a, municipio Santo Domingo Este.<\/p>\n\n\n\n<p class=\"wp-block-paragraph\">Recuperaci\u00f3n<\/p>\n\n\n\n<p class=\"wp-block-paragraph\">Durante la intervenci\u00f3n fueron recuperados 21 televisores de 55 pulgadas, adem\u00e1s de un chaleco antibalas, una pistola de juguete y 12 calderos de distintos tama\u00f1os, estos \u00faltimos sustra\u00eddos de una cocina encargada de suministrar el desayuno escolar.<\/p>\n\n\n\n<p class=\"wp-block-paragraph\">Asimismo, fueron retenidos dos veh\u00edculos, uno Jeep Patriot y otro Chevrolet, que, seg\u00fan las investigaciones, fueron utilizados para transportar los televisores sustra\u00eddos. Por este hecho son investigadas otras cuatro personas a fines de esclarecer el hurto en cuesti\u00f3n.<\/p>\n\n\n\n<p class=\"wp-block-paragraph\">Los detenidos ser\u00e1n puestos a disposici\u00f3n del Ministerio P\u00fablico para los fines legales correspondientes, mientras las autoridades profundizan las pesquisas.<\/p>\n","protected":false},"excerpt":{"rendered":"<p>La Ure\u00f1a, Santo Domingo Este &#8211; La Polic\u00eda Nacional apres\u00f3 a dos hombres vinculados al robo de varios televisores de 55 pulgadas, sustra\u00eddos de la Villa Ol\u00edmpica del municipio de&hellip;<\/p>\n","protected":false},"author":10,"featured_media":135269,"comment_status":"open","ping_status":"open","sticky":false,"template":"","format":"standard","meta":{"content-type":"","_jetpack_newsletter_access":"","_jetpack_dont_email_post_to_subs":false,"_jetpack_newsletter_tier_id":0,"_jetpack_memberships_contains_paywalled_content":false,"_jetpack_feature_clip_id":0,"_jetpack_memberships_contains_paid_content":false,"footnotes":"","jetpack_post_was_ever_published":false},"categories":[3057],"tags":[43,14629,2044,1157,18795,14181,36242],"class_list":["post-138883","post","type-post","status-publish","format-standard","has-post-thumbnail","hentry","category-militares","tag-apresa","tag-bayaguana","tag-implicados","tag-policia-nacional","tag-presuntos","tag-recupera","tag-televisores-robados"],"jetpack-related-posts":[{"id":56007,"url":"https:\/\/lasprimeras.com.do\/index.php\/2023\/07\/27\/apresan-dos-personas-recupera-motocicletas-y-televisores-plasmas-sustraidos-en-esperanza\/","url_meta":{"origin":138883,"position":0},"title":"Apresan dos personas; recupera motocicletas y televisores plasmas sustra\u00eddos en Esperanza","author":"Nelson Feliz","date":"27 de julio de 2023","format":false,"excerpt":"Dos hombres vinculados a varios robos y asaltos fueron apresados por miembros adscritos al Departamento de la Policia Nacional de Esperanza, Valverde, ocup\u00e1ndose un arma de fabricaci\u00f3n casera. Uno de los apresados es Hedinson Manuel de la Hoz, de 35 a\u00f1os, quien dio a conocer a los investigadores policiales, tras\u2026","rel":"","context":"En \u00abMILITARES\u00bb","block_context":{"text":"MILITARES","link":"https:\/\/lasprimeras.com.do\/index.php\/category\/militares\/"},"img":{"alt_text":"","src":"https:\/\/i0.wp.com\/lasprimeras.com.do\/wp-content\/uploads\/2023\/07\/UNA-1.jpg?resize=350%2C200&ssl=1","width":350,"height":200,"srcset":"https:\/\/i0.wp.com\/lasprimeras.com.do\/wp-content\/uploads\/2023\/07\/UNA-1.jpg?resize=350%2C200&ssl=1 1x, https:\/\/i0.wp.com\/lasprimeras.com.do\/wp-content\/uploads\/2023\/07\/UNA-1.jpg?resize=525%2C300&ssl=1 1.5x"},"classes":[]},{"id":52748,"url":"https:\/\/lasprimeras.com.do\/index.php\/2023\/06\/13\/apresa-dos-hombres-tenian-multiples-denuncias-por-robos-en-lucerna-san-luis-san-isidro-y-el-bonito\/","url_meta":{"origin":138883,"position":1},"title":"Apresa dos hombres ten\u00edan m\u00faltiples denuncias por robos en Lucerna, San Luis, San Isidro y El Bonito","author":"prenxa100","date":"13 de junio de 2023","format":false,"excerpt":"Por Wilson P\u00e9rez Agentes de la Polic\u00eda Nacional, adscritos a la Direcci\u00f3n Central de Investigaci\u00f3n (DICRIM), apresaron a dos hombres quienes tienen al menos 10 denuncias que van desde el a\u00f1o 2021 al 2023, por delito de robo, cometidos en los sectores El Bonito, Lucerna, San Luis y San Isidro,\u2026","rel":"","context":"En \u00abNACIONALES\u00bb","block_context":{"text":"NACIONALES","link":"https:\/\/lasprimeras.com.do\/index.php\/category\/nacionales\/"},"img":{"alt_text":"","src":"https:\/\/i0.wp.com\/lasprimeras.com.do\/wp-content\/uploads\/2023\/06\/apresa-dos-hombres-tenian-multiples-denuncias-por-robos-en-lucerna-san-luis-san-isidro-y-el-bonito.jpg?resize=350%2C200&ssl=1","width":350,"height":200,"srcset":"https:\/\/i0.wp.com\/lasprimeras.com.do\/wp-content\/uploads\/2023\/06\/apresa-dos-hombres-tenian-multiples-denuncias-por-robos-en-lucerna-san-luis-san-isidro-y-el-bonito.jpg?resize=350%2C200&ssl=1 1x, https:\/\/i0.wp.com\/lasprimeras.com.do\/wp-content\/uploads\/2023\/06\/apresa-dos-hombres-tenian-multiples-denuncias-por-robos-en-lucerna-san-luis-san-isidro-y-el-bonito.jpg?resize=525%2C300&ssl=1 1.5x, https:\/\/i0.wp.com\/lasprimeras.com.do\/wp-content\/uploads\/2023\/06\/apresa-dos-hombres-tenian-multiples-denuncias-por-robos-en-lucerna-san-luis-san-isidro-y-el-bonito.jpg?resize=700%2C400&ssl=1 2x"},"classes":[]},{"id":48583,"url":"https:\/\/lasprimeras.com.do\/index.php\/2023\/05\/02\/policia-recupera-ocho-televisores-freezer-y-abanicos\/","url_meta":{"origin":138883,"position":2},"title":"Polic\u00eda recupera ocho televisores, freezer y abanicos","author":"prenxa100","date":"2 de mayo de 2023","format":false,"excerpt":"Ban\u00ed.-.La Direcci\u00f3n Regional Sur Central con asiento en Ban\u00ed, inform\u00f3 del exitoso operativo llevado a cabo por miembros de la Divisi\u00f3n de Investigaciones Criminales (DICRIM), se logr\u00f3 la recuperaci\u00f3n de 8 televisores de diferentes marcas, un abanico KDK y un freezer marca American. Estos electrodom\u00e9sticos hab\u00edan sido robados por los\u2026","rel":"","context":"En \u00abNACIONALES\u00bb","block_context":{"text":"NACIONALES","link":"https:\/\/lasprimeras.com.do\/index.php\/category\/nacionales\/"},"img":{"alt_text":"","src":"","width":0,"height":0},"classes":[]},{"id":87171,"url":"https:\/\/lasprimeras.com.do\/index.php\/2024\/08\/07\/encuentran-cadaver-de-una-mujer-de-24-anos-en-un-tanque-en-bayaguana\/","url_meta":{"origin":138883,"position":3},"title":"Encuentran cad\u00e1ver de una mujer de 24 a\u00f1os en un tanque en Bayaguana","author":"Nelson Feliz","date":"7 de agosto de 2024","format":false,"excerpt":"La Polic\u00eda busca a la pareja de la occisa, identificada como Alexis de Jes\u00fas Alonso alias Alexis Celular, de 46 a\u00f1os. El cad\u00e1ver de una mujer de 24 a\u00f1os fue encontrado abandonado este mi\u00e9rcoles dentro de un tanque en un terreno bald\u00edo del sector La Bas\u00edlica, municipio Bayaguana de la\u2026","rel":"","context":"En \u00abNACIONALES\u00bb","block_context":{"text":"NACIONALES","link":"https:\/\/lasprimeras.com.do\/index.php\/category\/nacionales\/"},"img":{"alt_text":"","src":"https:\/\/i0.wp.com\/lasprimeras.com.do\/wp-content\/uploads\/2024\/08\/encuentra-cadaver-de-mujer-en-tanque-_3-focus-0-0-896-504.jpg?resize=350%2C200&ssl=1","width":350,"height":200,"srcset":"https:\/\/i0.wp.com\/lasprimeras.com.do\/wp-content\/uploads\/2024\/08\/encuentra-cadaver-de-mujer-en-tanque-_3-focus-0-0-896-504.jpg?resize=350%2C200&ssl=1 1x, https:\/\/i0.wp.com\/lasprimeras.com.do\/wp-content\/uploads\/2024\/08\/encuentra-cadaver-de-mujer-en-tanque-_3-focus-0-0-896-504.jpg?resize=525%2C300&ssl=1 1.5x, https:\/\/i0.wp.com\/lasprimeras.com.do\/wp-content\/uploads\/2024\/08\/encuentra-cadaver-de-mujer-en-tanque-_3-focus-0-0-896-504.jpg?resize=700%2C400&ssl=1 2x"},"classes":[]},{"id":80221,"url":"https:\/\/lasprimeras.com.do\/index.php\/2024\/04\/05\/policia-apresa-a-hombre-por-robo-de-motocicleta-en-los-guaricanos\/","url_meta":{"origin":138883,"position":4},"title":"Polic\u00eda apresa a hombre por robo de motocicleta en Los Guaricanos","author":"BIMARY DE JES\u00daS Matos","date":"5 de abril de 2024","format":false,"excerpt":"Santo Domingo.-Agentes policiales, adscritos al Departamento de Recuperaci\u00f3n de Veh\u00edculos Robados, de servicio en Villa Mella, Santo Domingo Norte, apresaron en flagrante delito a un hombre por sustraer una motocicleta a un ciudadano en el sector de Los Guaricanos, de esa demarcaci\u00f3n. Se trata de N\u00e9stor Oscar Castro Feliz, quien,\u2026","rel":"","context":"En \u00abNACIONALES\u00bb","block_context":{"text":"NACIONALES","link":"https:\/\/lasprimeras.com.do\/index.php\/category\/nacionales\/"},"img":{"alt_text":"","src":"https:\/\/i0.wp.com\/lasprimeras.com.do\/wp-content\/uploads\/2024\/04\/IMG-20240405-WA0033.jpg?resize=350%2C200&ssl=1","width":350,"height":200,"srcset":"https:\/\/i0.wp.com\/lasprimeras.com.do\/wp-content\/uploads\/2024\/04\/IMG-20240405-WA0033.jpg?resize=350%2C200&ssl=1 1x, https:\/\/i0.wp.com\/lasprimeras.com.do\/wp-content\/uploads\/2024\/04\/IMG-20240405-WA0033.jpg?resize=525%2C300&ssl=1 1.5x, https:\/\/i0.wp.com\/lasprimeras.com.do\/wp-content\/uploads\/2024\/04\/IMG-20240405-WA0033.jpg?resize=700%2C400&ssl=1 2x"},"classes":[]},{"id":79145,"url":"https:\/\/lasprimeras.com.do\/index.php\/2024\/03\/24\/capturan-al-el-hombre-arana-acusado-de-robo-en-barahona\/","url_meta":{"origin":138883,"position":5},"title":"Capturan al \u201cEl Hombre Ara\u00f1a\u201d acusado de robo en Barahona","author":"Nelson Feliz","date":"24 de marzo de 2024","format":false,"excerpt":"Miembros de la Direcci\u00f3n\u00a0 Central de Investigaci\u00f3n (DICRIM), de la Polic\u00eda Nacional, de servicio en Barahona, apresaron a un\u00a0 presunto delincuente Wander Rubio Flori\u00e1n apodado \u201cEl Hombre Ara\u00f1a\u201d. Wander Rubio Flori\u00e1n \u201cEl Hombre Ara\u00f1a\u201d, era buscado mediante\u00a0 \u00f3rdenes de arresto en su contra por la comisi\u00f3n de diversos delitos. El\u2026","rel":"","context":"En \u00abMILITARES\u00bb","block_context":{"text":"MILITARES","link":"https:\/\/lasprimeras.com.do\/index.php\/category\/militares\/"},"img":{"alt_text":"","src":"","width":0,"height":0},"classes":[]}],"jetpack_sharing_enabled":true,"jetpack_featured_media_url":"https:\/\/lasprimeras.com.do\/wp-content\/uploads\/2026\/07\/PN.jpg","_links":{"self":[{"href":"https:\/\/lasprimeras.com.do\/index.php\/wp-json\/wp\/v2\/posts\/138883","targetHints":{"allow":["GET"]}}],"collection":[{"href":"https:\/\/lasprimeras.com.do\/index.php\/wp-json\/wp\/v2\/posts"}],"about":[{"href":"https:\/\/lasprimeras.com.do\/index.php\/wp-json\/wp\/v2\/types\/post"}],"author":[{"embeddable":true,"href":"https:\/\/lasprimeras.com.do\/index.php\/wp-json\/wp\/v2\/users\/10"}],"replies":[{"embeddable":true,"href":"https:\/\/lasprimeras.com.do\/index.php\/wp-json\/wp\/v2\/comments?post=138883"}],"version-history":[{"count":1,"href":"https:\/\/lasprimeras.com.do\/index.php\/wp-json\/wp\/v2\/posts\/138883\/revisions"}],"predecessor-version":[{"id":138884,"href":"https:\/\/lasprimeras.com.do\/index.php\/wp-json\/wp\/v2\/posts\/138883\/revisions\/138884"}],"wp:featuredmedia":[{"embeddable":true,"href":"https:\/\/lasprimeras.com.do\/index.php\/wp-json\/wp\/v2\/media\/135269"}],"wp:attachment":[{"href":"https:\/\/lasprimeras.com.do\/index.php\/wp-json\/wp\/v2\/media?parent=138883"}],"wp:term":[{"taxonomy":"category","embeddable":true,"href":"https:\/\/lasprimeras.com.do\/index.php\/wp-json\/wp\/v2\/categories?post=138883"},{"taxonomy":"post_tag","embeddable":true,"href":"https:\/\/lasprimeras.com.do\/index.php\/wp-json\/wp\/v2\/tags?post=138883"}],"curies":[{"name":"wp","href":"https:\/\/api.w.org\/{rel}","templated":true}]}}