{"id":138885,"date":"2026-09-02T23:52:56","date_gmt":"2026-09-03T03:52:56","guid":{"rendered":"https:\/\/lasprimeras.com.do\/?p=138885"},"modified":"2026-09-02T23:53:01","modified_gmt":"2026-09-03T03:53:01","slug":"nelson-cruz-es-exaltado-al-salon-de-la-fama-del-beisbol-triple-a-de-oklahoma-city","status":"publish","type":"post","link":"https:\/\/lasprimeras.com.do\/index.php\/2026\/09\/02\/nelson-cruz-es-exaltado-al-salon-de-la-fama-del-beisbol-triple-a-de-oklahoma-city\/","title":{"rendered":"Nelson Cruz es exaltado al Sal\u00f3n de la Fama del B\u00e9isbol Triple-A de Oklahoma City"},"content":{"rendered":"\n<p class=\"wp-block-paragraph\">Oklahoma City.\u2013 El exjugador dominicano de Grandes Ligas Nelson Cruz fue exaltado al Sal\u00f3n de la Fama del B\u00e9isbol Triple-A de Oklahoma City, en reconocimiento a su destacada trayectoria con la organizaci\u00f3n y al impacto que dej\u00f3 durante su paso por el equipo entre 2007 y 2010.<\/p>\n\n\n\n<p class=\"wp-block-paragraph\">Cruz recibi\u00f3 el reconocimiento acompa\u00f1ado de su familia durante una ceremonia celebrada en el Chickasaw Bricktown Ballpark, escenario donde a\u00f1os atr\u00e1s comenz\u00f3 a consolidar el talento que posteriormente lo convertir\u00eda en una de las figuras dominicanas m\u00e1s sobresalientes de las Grandes Ligas.<\/p>\n\n\n\n<p class=\"wp-block-paragraph\">Durante partes de cuatro temporadas en Oklahoma City, Cruz conect\u00f3 52 cuadrangulares y remolc\u00f3 148 carreras en 155 partidos. Uno de sus a\u00f1os m\u00e1s memorables fue 2008, temporada en la que bate\u00f3 para .342, con 37 jonrones, 99 carreras impulsadas, 24 bases robadas y un OPS de 1.123, actuaci\u00f3n que le permiti\u00f3 conquistar el premio al Jugador M\u00e1s Valioso (MVP) de la Liga de la Costa del Pac\u00edfico.<\/p>\n\n\n\n<p class=\"wp-block-paragraph\">Su desempe\u00f1o en las ligas menores sirvi\u00f3 como antesala a una exitosa carrera de 19 temporadas en las Grandes Ligas, donde fue seleccionado en siete ocasiones al Juego de Estrellas y termin\u00f3 su trayectoria con 464 cuadrangulares.<\/p>\n\n\n\n<p class=\"wp-block-paragraph\">La organizaci\u00f3n de Oklahoma City destac\u00f3 la importancia de Cruz dentro de su historia y celebr\u00f3 su ingreso al Sal\u00f3n de la Fama como un reconocimiento a los logros alcanzados tanto durante su etapa con el equipo como posteriormente en las Grandes Ligas.<\/p>\n\n\n\n<p class=\"wp-block-paragraph\">La exaltaci\u00f3n representa un nuevo reconocimiento para una carrera marcada por la consistencia, el poder ofensivo y una destacada representaci\u00f3n de la Rep\u00fablica Dominicana en el b\u00e9isbol profesional.<\/p>\n\n\n\n<p class=\"wp-block-paragraph\">Nelson Cruz contin\u00faa sumando reconocimientos a un legado que trascendi\u00f3 el terreno de juego y que lo mantiene como una de las figuras m\u00e1s importantes del b\u00e9isbol dominicano de su generaci\u00f3n.<\/p>\n","protected":false},"excerpt":{"rendered":"<p>Oklahoma City.\u2013 El exjugador dominicano de Grandes Ligas Nelson Cruz fue exaltado al Sal\u00f3n de la Fama del B\u00e9isbol Triple-A de Oklahoma City, en reconocimiento a su destacada trayectoria con&hellip;<\/p>\n","protected":false},"author":10,"featured_media":138886,"comment_status":"open","ping_status":"open","sticky":false,"template":"","format":"standard","meta":{"content-type":"","_jetpack_newsletter_access":"","_jetpack_dont_email_post_to_subs":false,"_jetpack_newsletter_tier_id":0,"_jetpack_memberships_contains_paywalled_content":false,"_jetpack_feature_clip_id":0,"_jetpack_memberships_contains_paid_content":false,"footnotes":"","jetpack_post_was_ever_published":false},"categories":[630],"tags":[10080,7914,36245,36243,36244],"class_list":["post-138885","post","type-post","status-publish","format-standard","has-post-thumbnail","hentry","category-deportes","tag-exaltado","tag-nelson-cruz","tag-oklahoma-city","tag-salon-de-la-fama-del-beisbol","tag-triple-a"],"jetpack-related-posts":[{"id":94681,"url":"https:\/\/lasprimeras.com.do\/index.php\/2025\/03\/04\/gilgeous-alexander-anota-51-y-el-thunder-vence-137-128-a-los-rockets-en-su-50ma-victoria\/","url_meta":{"origin":138885,"position":0},"title":"Gilgeous-Alexander anota 51 y el Thunder vence 137-128 a los Rockets en su 50ma victoria","author":"Nelson Feliz","date":"4 de marzo de 2025","format":false,"excerpt":"OKLAHOMA CITY (AP) \u2014 Shai Gilgeous-Alexander anot\u00f3 51 puntos y el Thunder de Oklahoma City derrot\u00f3 137-128 a los Rockets de Houston el lunes por la noche, logrando su victoria n\u00famero 50 de la temporada. Gilgeous-Alexander alcanz\u00f3 las 50 unidades por cuarta vez esta temporada, todas en las \u00faltimas siete\u2026","rel":"","context":"En \u00abDEPORTES\u00bb","block_context":{"text":"DEPORTES","link":"https:\/\/lasprimeras.com.do\/index.php\/category\/deportes\/"},"img":{"alt_text":"Shai Gilgeous-Alexander","src":"https:\/\/i0.wp.com\/lasprimeras.com.do\/wp-content\/uploads\/2025\/03\/Shai-Gilgeous-Alexander.png?resize=350%2C200&ssl=1","width":350,"height":200,"srcset":"https:\/\/i0.wp.com\/lasprimeras.com.do\/wp-content\/uploads\/2025\/03\/Shai-Gilgeous-Alexander.png?resize=350%2C200&ssl=1 1x, https:\/\/i0.wp.com\/lasprimeras.com.do\/wp-content\/uploads\/2025\/03\/Shai-Gilgeous-Alexander.png?resize=525%2C300&ssl=1 1.5x, https:\/\/i0.wp.com\/lasprimeras.com.do\/wp-content\/uploads\/2025\/03\/Shai-Gilgeous-Alexander.png?resize=700%2C400&ssl=1 2x"},"classes":[]},{"id":94007,"url":"https:\/\/lasprimeras.com.do\/index.php\/2025\/02\/24\/thunder-supera-130-123-a-timberwolves-con-37-puntos-de-gilgeous-alexander\/","url_meta":{"origin":138885,"position":1},"title":"Thunder supera 130-123 a Timberwolves con 37 puntos de Gilgeous-Alexander","author":"Nelson Feliz","date":"24 de febrero de 2025","format":false,"excerpt":"MINNEAPOLIS (AP) \u2014 Shai Gilgeous-Alexander anot\u00f3 37 puntos, captur\u00f3 ocho rebotes, dio ocho asistencias y rob\u00f3 tres balones para ayudar al Thunder de Oklahoma City, l\u00edder del Oeste, a vencer 130-123 a los Timberwolves de Minnesota Timberwolves. Los equipos volver\u00e1n a enfrentarse el lunes por la noche en Oklahoma City.\u2026","rel":"","context":"En \u00abDEPORTES\u00bb","block_context":{"text":"DEPORTES","link":"https:\/\/lasprimeras.com.do\/index.php\/category\/deportes\/"},"img":{"alt_text":"","src":"https:\/\/i0.wp.com\/lasprimeras.com.do\/wp-content\/uploads\/2025\/02\/Gilgeous-Alexander.png?resize=350%2C200&ssl=1","width":350,"height":200,"srcset":"https:\/\/i0.wp.com\/lasprimeras.com.do\/wp-content\/uploads\/2025\/02\/Gilgeous-Alexander.png?resize=350%2C200&ssl=1 1x, https:\/\/i0.wp.com\/lasprimeras.com.do\/wp-content\/uploads\/2025\/02\/Gilgeous-Alexander.png?resize=525%2C300&ssl=1 1.5x, https:\/\/i0.wp.com\/lasprimeras.com.do\/wp-content\/uploads\/2025\/02\/Gilgeous-Alexander.png?resize=700%2C400&ssl=1 2x"},"classes":[]},{"id":99212,"url":"https:\/\/lasprimeras.com.do\/index.php\/2025\/05\/19\/listos-los-cuatro-finalistas-de-la-nba-thunder-knicks-wolves-y-pacers-se-mediran-en-paridad\/","url_meta":{"origin":138885,"position":2},"title":"Listos los cuatro finalistas de la NBA: Thunder, Knicks, Wolves y Pacers se medir\u00e1n en paridad","author":"Nelson Feliz","date":"19 de mayo de 2025","format":false,"excerpt":"POR TIM REYNOLDS La era de la paridad contin\u00faa en la NBA. Los Knicks de Nueva York no han ganado un campeonato de la NBA desde 1973. Los Pacers de Indiana ganaron su t\u00edtulo m\u00e1s reciente ese a\u00f1o. La franquicia del Thunder de Oklahoma City tiene un campeonato en su\u2026","rel":"","context":"En \u00abDEPORTES\u00bb","block_context":{"text":"DEPORTES","link":"https:\/\/lasprimeras.com.do\/index.php\/category\/deportes\/"},"img":{"alt_text":"","src":"https:\/\/i0.wp.com\/lasprimeras.com.do\/wp-content\/uploads\/2025\/05\/NBA-1.jpg?resize=350%2C200&ssl=1","width":350,"height":200,"srcset":"https:\/\/i0.wp.com\/lasprimeras.com.do\/wp-content\/uploads\/2025\/05\/NBA-1.jpg?resize=350%2C200&ssl=1 1x, https:\/\/i0.wp.com\/lasprimeras.com.do\/wp-content\/uploads\/2025\/05\/NBA-1.jpg?resize=525%2C300&ssl=1 1.5x, https:\/\/i0.wp.com\/lasprimeras.com.do\/wp-content\/uploads\/2025\/05\/NBA-1.jpg?resize=700%2C400&ssl=1 2x"},"classes":[]},{"id":99705,"url":"https:\/\/lasprimeras.com.do\/index.php\/2025\/05\/26\/dodgers-firman-a-chris-stratton-y-lo-incluyen-en-el-bullpen-ante-mets\/","url_meta":{"origin":138885,"position":3},"title":"Dodgers firman a Chris Stratton y lo incluyen en el bullpen ante Mets","author":"Nelson Feliz","date":"26 de mayo de 2025","format":false,"excerpt":"NUEVA YORK (AP) \u2014 Los Dodgers de Los \u00c1ngeles firmaron al lanzador Chris Stratton el domingo e inmediatamente fue incluido en el bullpen para el final de su serie contra los Mets de Nueva York. Stratton fue liberado por los Reales de Kansas City el jueves pasado despu\u00e9s de acumular\u2026","rel":"","context":"En \u00abDEPORTES\u00bb","block_context":{"text":"DEPORTES","link":"https:\/\/lasprimeras.com.do\/index.php\/category\/deportes\/"},"img":{"alt_text":"","src":"https:\/\/i0.wp.com\/lasprimeras.com.do\/wp-content\/uploads\/2025\/05\/Chris-Stratton.jpg?resize=350%2C200&ssl=1","width":350,"height":200,"srcset":"https:\/\/i0.wp.com\/lasprimeras.com.do\/wp-content\/uploads\/2025\/05\/Chris-Stratton.jpg?resize=350%2C200&ssl=1 1x, https:\/\/i0.wp.com\/lasprimeras.com.do\/wp-content\/uploads\/2025\/05\/Chris-Stratton.jpg?resize=525%2C300&ssl=1 1.5x, https:\/\/i0.wp.com\/lasprimeras.com.do\/wp-content\/uploads\/2025\/05\/Chris-Stratton.jpg?resize=700%2C400&ssl=1 2x"},"classes":[]},{"id":74502,"url":"https:\/\/lasprimeras.com.do\/index.php\/2024\/01\/23\/adrian-beltre-quinto-dominicano-en-ser-electo-al-salon-de-la-fama\/","url_meta":{"origin":138885,"position":4},"title":"Adri\u00e1n Beltr\u00e9, quinto dominicano en ser electo al Sal\u00f3n de la Fama","author":"Nelson Feliz","date":"23 de enero de 2024","format":false,"excerpt":"Adri\u00e1n Beltr\u00e9 se une a los lanzadores Juan Marichal (1983) y Pedro Mart\u00ednez (2015), al jardinero Vladimir Guerrero padre (2019) y al bateador designado David Ortiz (2022) entre los quisqueyanos que han recibido el m\u00e1s alto honor del b\u00e9isbol. Por Joiner Mart\u00ednez El dominicano Adri\u00e1n Beltr\u00e9, Todd Helton y Joe\u2026","rel":"","context":"En \u00abSin categor\u00eda\u00bb","block_context":{"text":"Sin categor\u00eda","link":"https:\/\/lasprimeras.com.do\/index.php\/category\/sin-categoria\/"},"img":{"alt_text":"Adrian Beltre","src":"https:\/\/i0.wp.com\/lasprimeras.com.do\/wp-content\/uploads\/2024\/01\/Adrian-Beltre.jpg?resize=350%2C200&ssl=1","width":350,"height":200,"srcset":"https:\/\/i0.wp.com\/lasprimeras.com.do\/wp-content\/uploads\/2024\/01\/Adrian-Beltre.jpg?resize=350%2C200&ssl=1 1x, https:\/\/i0.wp.com\/lasprimeras.com.do\/wp-content\/uploads\/2024\/01\/Adrian-Beltre.jpg?resize=525%2C300&ssl=1 1.5x, https:\/\/i0.wp.com\/lasprimeras.com.do\/wp-content\/uploads\/2024\/01\/Adrian-Beltre.jpg?resize=700%2C400&ssl=1 2x"},"classes":[]},{"id":98518,"url":"https:\/\/lasprimeras.com.do\/index.php\/2025\/05\/08\/gilgeous-alexander-anota-34-puntos-y-thunder-aplasta-149-106-a-nuggets-para-igualar-semis-del-oeste\/","url_meta":{"origin":138885,"position":5},"title":"Gilgeous-Alexander anota 34 puntos y Thunder aplasta 149-106 a Nuggets para igualar semis del Oeste","author":"Nelson Feliz","date":"8 de mayo de 2025","format":false,"excerpt":"POR CLIFF BRUNT OKLAHOMA CITY (AP) \u2014 Shai Gilgeous-Alexander anot\u00f3 34 puntos en tres cuartos, y el Thunder de Oklahoma City impuso r\u00e9cords para aplastar el mi\u00e9rcoles 149-106 a los Nuggets de Denver y empatar a un triunfo por bando la semifinal de la Conferencia Oeste. Oklahoma City estableci\u00f3 un\u2026","rel":"","context":"En \u00abDEPORTES\u00bb","block_context":{"text":"DEPORTES","link":"https:\/\/lasprimeras.com.do\/index.php\/category\/deportes\/"},"img":{"alt_text":"","src":"https:\/\/i0.wp.com\/lasprimeras.com.do\/wp-content\/uploads\/2025\/05\/Shai-Gilgeous-Alexander.jpg?resize=350%2C200&ssl=1","width":350,"height":200,"srcset":"https:\/\/i0.wp.com\/lasprimeras.com.do\/wp-content\/uploads\/2025\/05\/Shai-Gilgeous-Alexander.jpg?resize=350%2C200&ssl=1 1x, https:\/\/i0.wp.com\/lasprimeras.com.do\/wp-content\/uploads\/2025\/05\/Shai-Gilgeous-Alexander.jpg?resize=525%2C300&ssl=1 1.5x, https:\/\/i0.wp.com\/lasprimeras.com.do\/wp-content\/uploads\/2025\/05\/Shai-Gilgeous-Alexander.jpg?resize=700%2C400&ssl=1 2x"},"classes":[]}],"jetpack_sharing_enabled":true,"jetpack_featured_media_url":"https:\/\/lasprimeras.com.do\/wp-content\/uploads\/2026\/09\/Nelson-Cruz-1.jpg","_links":{"self":[{"href":"https:\/\/lasprimeras.com.do\/index.php\/wp-json\/wp\/v2\/posts\/138885","targetHints":{"allow":["GET"]}}],"collection":[{"href":"https:\/\/lasprimeras.com.do\/index.php\/wp-json\/wp\/v2\/posts"}],"about":[{"href":"https:\/\/lasprimeras.com.do\/index.php\/wp-json\/wp\/v2\/types\/post"}],"author":[{"embeddable":true,"href":"https:\/\/lasprimeras.com.do\/index.php\/wp-json\/wp\/v2\/users\/10"}],"replies":[{"embeddable":true,"href":"https:\/\/lasprimeras.com.do\/index.php\/wp-json\/wp\/v2\/comments?post=138885"}],"version-history":[{"count":1,"href":"https:\/\/lasprimeras.com.do\/index.php\/wp-json\/wp\/v2\/posts\/138885\/revisions"}],"predecessor-version":[{"id":138887,"href":"https:\/\/lasprimeras.com.do\/index.php\/wp-json\/wp\/v2\/posts\/138885\/revisions\/138887"}],"wp:featuredmedia":[{"embeddable":true,"href":"https:\/\/lasprimeras.com.do\/index.php\/wp-json\/wp\/v2\/media\/138886"}],"wp:attachment":[{"href":"https:\/\/lasprimeras.com.do\/index.php\/wp-json\/wp\/v2\/media?parent=138885"}],"wp:term":[{"taxonomy":"category","embeddable":true,"href":"https:\/\/lasprimeras.com.do\/index.php\/wp-json\/wp\/v2\/categories?post=138885"},{"taxonomy":"post_tag","embeddable":true,"href":"https:\/\/lasprimeras.com.do\/index.php\/wp-json\/wp\/v2\/tags?post=138885"}],"curies":[{"name":"wp","href":"https:\/\/api.w.org\/{rel}","templated":true}]}}