{"id":138888,"date":"2026-09-03T00:03:32","date_gmt":"2026-09-03T04:03:32","guid":{"rendered":"https:\/\/lasprimeras.com.do\/?p=138888"},"modified":"2026-09-03T00:08:30","modified_gmt":"2026-09-03T04:08:30","slug":"camara-de-cuentas-no-encontro-irregularidades-en-la-gestion-de-roberto-fulcar-en-el-minerd","status":"publish","type":"post","link":"https:\/\/lasprimeras.com.do\/index.php\/2026\/09\/03\/camara-de-cuentas-no-encontro-irregularidades-en-la-gestion-de-roberto-fulcar-en-el-minerd\/","title":{"rendered":"C\u00e1mara de Cuentas no encontr\u00f3 irregularidades en la gesti\u00f3n de Roberto Fulcar en el MINERD"},"content":{"rendered":"\n<p class=\"wp-block-paragraph\">SANTO DOMINGO &#8211; La C\u00e1mara de Cuentas de la Rep\u00fablica Dominicana no detect\u00f3 ninguna irregularidad supuestamente en la gesti\u00f3n de Roberto Fulcar al frente del Ministerio de Educaci\u00f3n entre los a\u00f1os 2020 y 2022.<\/p>\n\n\n\n<p class=\"wp-block-paragraph\">El documento oficial se limita a se\u00f1alar observaciones constructivas y \u00e1reas espec\u00edficas para lograr un mejor funcionamiento institucional.<\/p>\n\n\n\n<p class=\"wp-block-paragraph\">El estudio t\u00e9cnico analiz\u00f3 rigurosamente las compras, los pagos, las contrataciones de servicios, el manejo financiero, los inventarios y las n\u00f3minas de todo el personal.<\/p>\n\n\n\n<p class=\"wp-block-paragraph\">La revisi\u00f3n abarc\u00f3 los registros completos de bienes y recursos tecnol\u00f3gicos administrados en esa etapa.Estos hallazgos ocurren en medio de la crisis sanitaria global causada por la pandemia del COVID-19.<\/p>\n\n\n\n<p class=\"wp-block-paragraph\">Las autoridades debieron tomar medidas r\u00e1pidas y excepcionales para proteger la salud y asegurar que la educaci\u00f3n no se detuviera.<\/p>\n\n\n\n<p class=\"wp-block-paragraph\">Operar el sistema p\u00fablico m\u00e1s grande del pa\u00eds requiri\u00f3 acciones inmediatas para apoyar a millones de familias, alumnos y profesores.<\/p>\n\n\n\n<p class=\"wp-block-paragraph\">Las condiciones extremas condicionaron gran parte de la ejecuci\u00f3n administrativa durante ese tiempo tan dif\u00edcil.La instituci\u00f3n auditora reconoce que el aumento en los costos de materias primas afect\u00f3 las obras de infraestructura escolar.<\/p>\n\n\n\n<p class=\"wp-block-paragraph\">El informe final concluye con sugerencias para optimizar el control interno, las compras y el resguardo de archivos.<\/p>\n\n\n\n<div data-wp-interactive=\"core\/file\" class=\"wp-block-file\"><object data-wp-bind--hidden=\"!state.hasPdfPreview\" hidden class=\"wp-block-file__embed\" data=\"https:\/\/lasprimeras.com.do\/wp-content\/uploads\/2026\/09\/Informe-de-auditoria-del-Ministerio-de-Educacion-MINERD1-2020-2022.pdf\" type=\"application\/pdf\" style=\"width:100%;height:600px\" aria-label=\"Incrustado de Informe de auditoria del Ministerio de Educacion MINERD1 2020-2022.\"><\/object><a id=\"wp-block-file--media-73367181-1cf9-4a7b-a59d-c26d25431a18\" href=\"https:\/\/lasprimeras.com.do\/wp-content\/uploads\/2026\/09\/Informe-de-auditoria-del-Ministerio-de-Educacion-MINERD1-2020-2022.pdf\">Informe de auditoria del Ministerio de Educacion MINERD1 2020-2022<\/a><a href=\"https:\/\/lasprimeras.com.do\/wp-content\/uploads\/2026\/09\/Informe-de-auditoria-del-Ministerio-de-Educacion-MINERD1-2020-2022.pdf\" class=\"wp-block-file__button wp-element-button\" download aria-describedby=\"wp-block-file--media-73367181-1cf9-4a7b-a59d-c26d25431a18\">Descarga<\/a><\/div>\n\n\n","protected":false},"excerpt":{"rendered":"<p>SANTO DOMINGO &#8211; La C\u00e1mara de Cuentas de la Rep\u00fablica Dominicana no detect\u00f3 ninguna irregularidad supuestamente en la gesti\u00f3n de Roberto Fulcar al frente del Ministerio de Educaci\u00f3n entre los&hellip;<\/p>\n","protected":false},"author":10,"featured_media":138889,"comment_status":"open","ping_status":"open","sticky":false,"template":"","format":"standard","meta":{"content-type":"","_jetpack_newsletter_access":"","_jetpack_dont_email_post_to_subs":false,"_jetpack_newsletter_tier_id":0,"_jetpack_memberships_contains_paywalled_content":false,"_jetpack_feature_clip_id":0,"_jetpack_memberships_contains_paid_content":false,"footnotes":"","jetpack_post_was_ever_published":false},"categories":[39],"tags":[340,212,509,855,36246,5861],"class_list":["post-138888","post","type-post","status-publish","format-standard","has-post-thumbnail","hentry","category-economia","tag-camara-de-cuentas","tag-gestion","tag-irregularidades","tag-minerd","tag-no-encontro","tag-roberto-fulcar"],"jetpack-related-posts":[{"id":103646,"url":"https:\/\/lasprimeras.com.do\/index.php\/2025\/07\/17\/senador-julito-fulcar-canaliza-apertura-de-aulas-inclusivas-para-ninos-con-autismo-en-peravia\/","url_meta":{"origin":138888,"position":0},"title":"Senador Julito Fulcar canaliza apertura de aulas inclusivas para ni\u00f1os con autismo en Peravia","author":"Nelson Feliz","date":"17 de julio de 2025","format":false,"excerpt":"El senador Julito Fulcar de Peravia solicitud al Ministerio de Educaci\u00f3n (MINERD), la directora de Educaci\u00f3n Especial, Licda. Luc\u00eda V\u00e1squez Esp\u00ednola, visit\u00f3 las instalaciones del Distrito Educativo 03-04 en Ban\u00ed para coordinar la apertura de aulas inclusivas destinadas a ni\u00f1os dentro del espectro autista y con otras condiciones de discapacidad.\u2026","rel":"","context":"En \u00abNACIONALES\u00bb","block_context":{"text":"NACIONALES","link":"https:\/\/lasprimeras.com.do\/index.php\/category\/nacionales\/"},"img":{"alt_text":"","src":"https:\/\/i0.wp.com\/lasprimeras.com.do\/wp-content\/uploads\/2025\/07\/Julito-Fulcar-1.jpg?resize=350%2C200&ssl=1","width":350,"height":200,"srcset":"https:\/\/i0.wp.com\/lasprimeras.com.do\/wp-content\/uploads\/2025\/07\/Julito-Fulcar-1.jpg?resize=350%2C200&ssl=1 1x, https:\/\/i0.wp.com\/lasprimeras.com.do\/wp-content\/uploads\/2025\/07\/Julito-Fulcar-1.jpg?resize=525%2C300&ssl=1 1.5x, https:\/\/i0.wp.com\/lasprimeras.com.do\/wp-content\/uploads\/2025\/07\/Julito-Fulcar-1.jpg?resize=700%2C400&ssl=1 2x"},"classes":[]},{"id":113184,"url":"https:\/\/lasprimeras.com.do\/index.php\/2025\/10\/30\/julito-fulcar-rinde-cuentas-ante-multitudinario-acto-en-bani\/","url_meta":{"origin":138888,"position":1},"title":"Julito Fulcar rinde cuentas ante multitudinario acto en Ban\u00ed","author":"Nelson Feliz","date":"30 de octubre de 2025","format":false,"excerpt":"Con la presencia del presidente del Senado, Ricardo de los Santos, y de otros senadores, junto a autoridades civiles, religiosas, empresariales y comunitarias, el legislador peraviano destac\u00f3 los logros de su primer a\u00f1o de gesti\u00f3n. El senador Julito Fulcar Encarnaci\u00f3n present\u00f3 este mi\u00e9rcoles su Memoria de Gesti\u00f3n 2024-2025, donde rindi\u00f3\u2026","rel":"","context":"En \u00abECONOM\u00cdA\u00bb","block_context":{"text":"ECONOM\u00cdA","link":"https:\/\/lasprimeras.com.do\/index.php\/category\/economia\/"},"img":{"alt_text":"","src":"https:\/\/i0.wp.com\/lasprimeras.com.do\/wp-content\/uploads\/2025\/10\/Julito-Fulcar-3.jpg?resize=350%2C200&ssl=1","width":350,"height":200,"srcset":"https:\/\/i0.wp.com\/lasprimeras.com.do\/wp-content\/uploads\/2025\/10\/Julito-Fulcar-3.jpg?resize=350%2C200&ssl=1 1x, https:\/\/i0.wp.com\/lasprimeras.com.do\/wp-content\/uploads\/2025\/10\/Julito-Fulcar-3.jpg?resize=525%2C300&ssl=1 1.5x, https:\/\/i0.wp.com\/lasprimeras.com.do\/wp-content\/uploads\/2025\/10\/Julito-Fulcar-3.jpg?resize=700%2C400&ssl=1 2x"},"classes":[]},{"id":137480,"url":"https:\/\/lasprimeras.com.do\/index.php\/2026\/08\/16\/julito-fulcar-asume-vicepresidencia-del-senado-y-coloca-a-peravia-en-la-direccion-de-la-camara-alta\/","url_meta":{"origin":138888,"position":2},"title":"Julito Fulcar asume Vicepresidencia del Senado y coloca a Peravia en la direcci\u00f3n de la C\u00e1mara Alta","author":"Nelson Feliz","date":"16 de agosto de 2026","format":false,"excerpt":"Con esta nueva posici\u00f3n el Senador Fulcar sigue poniendo en alto el nombre de su provincia SANTO DOMINGO, RD. \u2014 El senador por la provincia Peravia, Julito Fulcar Encarnaci\u00f3n, fue juramentado este domingo 16 de agosto como vicepresidente del Senado de la Rep\u00fablica, durante la instalaci\u00f3n del nuevo bufete directivo\u2026","rel":"","context":"En \u00abPOLITICA\u00bb","block_context":{"text":"POLITICA","link":"https:\/\/lasprimeras.com.do\/index.php\/category\/politica\/"},"img":{"alt_text":"","src":"https:\/\/i0.wp.com\/lasprimeras.com.do\/wp-content\/uploads\/2026\/08\/IMG-20260816-WA0328.jpg?resize=350%2C200&ssl=1","width":350,"height":200,"srcset":"https:\/\/i0.wp.com\/lasprimeras.com.do\/wp-content\/uploads\/2026\/08\/IMG-20260816-WA0328.jpg?resize=350%2C200&ssl=1 1x, https:\/\/i0.wp.com\/lasprimeras.com.do\/wp-content\/uploads\/2026\/08\/IMG-20260816-WA0328.jpg?resize=525%2C300&ssl=1 1.5x, https:\/\/i0.wp.com\/lasprimeras.com.do\/wp-content\/uploads\/2026\/08\/IMG-20260816-WA0328.jpg?resize=700%2C400&ssl=1 2x, https:\/\/i0.wp.com\/lasprimeras.com.do\/wp-content\/uploads\/2026\/08\/IMG-20260816-WA0328.jpg?resize=1050%2C600&ssl=1 3x, https:\/\/i0.wp.com\/lasprimeras.com.do\/wp-content\/uploads\/2026\/08\/IMG-20260816-WA0328.jpg?resize=1400%2C800&ssl=1 4x"},"classes":[]},{"id":56851,"url":"https:\/\/lasprimeras.com.do\/index.php\/2023\/08\/05\/roberto-fulcar-promete-dar-importantes-declaraciones-este-lunes\/","url_meta":{"origin":138888,"position":3},"title":"Roberto Fulcar promete dar &#8220;importantes declaraciones&#8221; este lunes","author":"Nelson Feliz","date":"5 de agosto de 2023","format":false,"excerpt":"El exministro de Educaci\u00f3n, Roberto Fulcar, realizar\u00e1 un encuentro con la presa este pr\u00f3ximo lunes donde dar\u00e1 a conocer \"importantes declaraciones\", seg\u00fan ha trascendido a trav\u00e9s de la invitaci\u00f3n que ha sido enviada a los medios de comunicaci\u00f3n. El ministro sin cartera, ha permanecido fuera de los medios tras haber\u2026","rel":"","context":"En \u00abNACIONALES\u00bb","block_context":{"text":"NACIONALES","link":"https:\/\/lasprimeras.com.do\/index.php\/category\/nacionales\/"},"img":{"alt_text":"","src":"https:\/\/i0.wp.com\/lasprimeras.com.do\/wp-content\/uploads\/2023\/08\/Roberto-Fulcar.jpg?resize=350%2C200&ssl=1","width":350,"height":200,"srcset":"https:\/\/i0.wp.com\/lasprimeras.com.do\/wp-content\/uploads\/2023\/08\/Roberto-Fulcar.jpg?resize=350%2C200&ssl=1 1x, https:\/\/i0.wp.com\/lasprimeras.com.do\/wp-content\/uploads\/2023\/08\/Roberto-Fulcar.jpg?resize=525%2C300&ssl=1 1.5x, https:\/\/i0.wp.com\/lasprimeras.com.do\/wp-content\/uploads\/2023\/08\/Roberto-Fulcar.jpg?resize=700%2C400&ssl=1 2x"},"classes":[]},{"id":125484,"url":"https:\/\/lasprimeras.com.do\/index.php\/2026\/03\/23\/julito-fulcar-ratifica-apoyo-a-ciudadano-modelo-rd-en-su-2do-aniversario\/","url_meta":{"origin":138888,"position":4},"title":"Julito Fulcar ratifica apoyo a \u201cCiudadano Modelo RD\u201d en su 2do aniversario","author":"Nelson Feliz","date":"23 de marzo de 2026","format":false,"excerpt":"En el marco de la presentaci\u00f3n de las memorias de gesti\u00f3n 2024-2025 del programa \u201cCiudadano Modelo RD\u201d, el senador por la provincia Peravia, Julito Fulcar, destac\u00f3 el crecimiento exponencial de esta iniciativa y record\u00f3 los inicios de lo que hoy es un referente de civismo para todo el pa\u00eds. Durante\u2026","rel":"","context":"En \u00abPOLITICA\u00bb","block_context":{"text":"POLITICA","link":"https:\/\/lasprimeras.com.do\/index.php\/category\/politica\/"},"img":{"alt_text":"Julito Fulcar","src":"https:\/\/i0.wp.com\/lasprimeras.com.do\/wp-content\/uploads\/2026\/03\/Julito-Fulcar-1.jpg?resize=350%2C200&ssl=1","width":350,"height":200,"srcset":"https:\/\/i0.wp.com\/lasprimeras.com.do\/wp-content\/uploads\/2026\/03\/Julito-Fulcar-1.jpg?resize=350%2C200&ssl=1 1x, https:\/\/i0.wp.com\/lasprimeras.com.do\/wp-content\/uploads\/2026\/03\/Julito-Fulcar-1.jpg?resize=525%2C300&ssl=1 1.5x, https:\/\/i0.wp.com\/lasprimeras.com.do\/wp-content\/uploads\/2026\/03\/Julito-Fulcar-1.jpg?resize=700%2C400&ssl=1 2x"},"classes":[]},{"id":137711,"url":"https:\/\/lasprimeras.com.do\/index.php\/2026\/08\/19\/julito-fulcar-peravia-inaugura-su-primera-escuela-de-educacion-especial\/","url_meta":{"origin":138888,"position":5},"title":"Julito Fulcar: Peravia inaugura su primera Escuela de Educaci\u00f3n Especial","author":"Nelson Feliz","date":"19 de agosto de 2026","format":false,"excerpt":"Peravia, R.D. \u2013 El senador por la provincia Peravia, Julito Fulcar, encabez\u00f3 este mi\u00e9rcoles la inauguraci\u00f3n de la Escuela de Educaci\u00f3n Especial Profesor Bienvenido Armando Pe\u00f1a Arias, un espacio especializado para la educaci\u00f3n y atenci\u00f3n integral. La apertura del centro constituye un paso trascendental para la educaci\u00f3n inclusiva en Peravia,\u2026","rel":"","context":"En \u00abNACIONALES\u00bb","block_context":{"text":"NACIONALES","link":"https:\/\/lasprimeras.com.do\/index.php\/category\/nacionales\/"},"img":{"alt_text":"Julito Fulcar","src":"https:\/\/i0.wp.com\/lasprimeras.com.do\/wp-content\/uploads\/2026\/08\/Julito-Fulcar.jpg?resize=350%2C200&ssl=1","width":350,"height":200,"srcset":"https:\/\/i0.wp.com\/lasprimeras.com.do\/wp-content\/uploads\/2026\/08\/Julito-Fulcar.jpg?resize=350%2C200&ssl=1 1x, https:\/\/i0.wp.com\/lasprimeras.com.do\/wp-content\/uploads\/2026\/08\/Julito-Fulcar.jpg?resize=525%2C300&ssl=1 1.5x, https:\/\/i0.wp.com\/lasprimeras.com.do\/wp-content\/uploads\/2026\/08\/Julito-Fulcar.jpg?resize=700%2C400&ssl=1 2x"},"classes":[]}],"jetpack_sharing_enabled":true,"jetpack_featured_media_url":"https:\/\/lasprimeras.com.do\/wp-content\/uploads\/2026\/09\/ROBERTO-FULCAR.jpg","_links":{"self":[{"href":"https:\/\/lasprimeras.com.do\/index.php\/wp-json\/wp\/v2\/posts\/138888","targetHints":{"allow":["GET"]}}],"collection":[{"href":"https:\/\/lasprimeras.com.do\/index.php\/wp-json\/wp\/v2\/posts"}],"about":[{"href":"https:\/\/lasprimeras.com.do\/index.php\/wp-json\/wp\/v2\/types\/post"}],"author":[{"embeddable":true,"href":"https:\/\/lasprimeras.com.do\/index.php\/wp-json\/wp\/v2\/users\/10"}],"replies":[{"embeddable":true,"href":"https:\/\/lasprimeras.com.do\/index.php\/wp-json\/wp\/v2\/comments?post=138888"}],"version-history":[{"count":2,"href":"https:\/\/lasprimeras.com.do\/index.php\/wp-json\/wp\/v2\/posts\/138888\/revisions"}],"predecessor-version":[{"id":138893,"href":"https:\/\/lasprimeras.com.do\/index.php\/wp-json\/wp\/v2\/posts\/138888\/revisions\/138893"}],"wp:featuredmedia":[{"embeddable":true,"href":"https:\/\/lasprimeras.com.do\/index.php\/wp-json\/wp\/v2\/media\/138889"}],"wp:attachment":[{"href":"https:\/\/lasprimeras.com.do\/index.php\/wp-json\/wp\/v2\/media?parent=138888"}],"wp:term":[{"taxonomy":"category","embeddable":true,"href":"https:\/\/lasprimeras.com.do\/index.php\/wp-json\/wp\/v2\/categories?post=138888"},{"taxonomy":"post_tag","embeddable":true,"href":"https:\/\/lasprimeras.com.do\/index.php\/wp-json\/wp\/v2\/tags?post=138888"}],"curies":[{"name":"wp","href":"https:\/\/api.w.org\/{rel}","templated":true}]}}