{"id":138894,"date":"2026-09-03T00:18:00","date_gmt":"2026-09-03T04:18:00","guid":{"rendered":"https:\/\/lasprimeras.com.do\/?p=138894"},"modified":"2026-09-03T00:18:03","modified_gmt":"2026-09-03T04:18:03","slug":"digev-destaca-liderazgo-y-participacion-de-estudiantes-en-primera-edicion-del-premio-lideres-de-impacto-2026","status":"publish","type":"post","link":"https:\/\/lasprimeras.com.do\/index.php\/2026\/09\/03\/digev-destaca-liderazgo-y-participacion-de-estudiantes-en-primera-edicion-del-premio-lideres-de-impacto-2026\/","title":{"rendered":"Digev destaca liderazgo y participaci\u00f3n de estudiantes en primera edici\u00f3n del Premio L\u00edderes de Impacto 2026"},"content":{"rendered":"\n<p class=\"wp-block-paragraph\">Santo Domingo.- La Direcci\u00f3n de las Escuelas Vocacionales de las Fuerzas Armadas y de la Polic\u00eda Nacional (Digev) present\u00f3 la primera edici\u00f3n del Premio L\u00edderes de Impacto 2026, iniciativa organizada por la Fundaci\u00f3n Liderazgo y Desarrollo, la Uni\u00f3n de J\u00f3venes de Brisas del Este (Unjobe), Juventud Relevante y la Fundaci\u00f3n \u00c1lvarez.<\/p>\n\n\n\n<p class=\"wp-block-paragraph\">La ceremonia estuvo encabezada por el director general de la Digev, coronel Jos\u00e9 Ram\u00f3n Reyes Su\u00e1rez, FARD (DGP), quien resalt\u00f3 el valor de este tipo de iniciativas para reconocer a quienes, desde distintos \u00e1mbitos, contribuyen a transformar sus comunidades.<\/p>\n\n\n\n<p class=\"wp-block-paragraph\">El director general destac\u00f3 que cada una de las postulaciones constituye una expresi\u00f3n del esfuerzo, la disciplina y el compromiso de j\u00f3venes preparados para servir y aportar soluciones a la sociedad, valores que guardan estrecha relaci\u00f3n con la formaci\u00f3n integral que promueven las Escuelas Vocacionales.<\/p>\n\n\n\n<p class=\"wp-block-paragraph\">En ese contexto, el coronel Reyes Su\u00e1rez manifest\u00f3 su especial satisfacci\u00f3n por la participaci\u00f3n de estudiantes de las Escuelas Vocacionales en las seis categor\u00edas contempladas en esta primera edici\u00f3n, al considerar que su presencia evidencia el talento y las capacidades que desarrollan los j\u00f3venes durante su proceso formativo.<\/p>\n\n\n\n<p class=\"wp-block-paragraph\">Asimismo, exhort\u00f3 a los participantes a continuar avanzando con humildad, prop\u00f3sito y perseverancia, destacando la importancia de poner las capacidades adquiridas al servicio de los dem\u00e1s y de asumir el liderazgo como una oportunidad para generar transformaciones positivas.<\/p>\n\n\n\n<p class=\"wp-block-paragraph\">Reconocimiento al liderazgo y al compromiso<\/p>\n\n\n\n<p class=\"wp-block-paragraph\">Durante la ceremonia, el comit\u00e9 organizador otorg\u00f3 un reconocimiento especial al coronel Jos\u00e9 Ram\u00f3n Reyes Su\u00e1rez, FARD (DGP), por su respaldo a la juventud dominicana, su compromiso con la educaci\u00f3n t\u00e9cnico-profesional y su apoyo a iniciativas orientadas al liderazgo, la formaci\u00f3n y el desarrollo integral de las nuevas generaciones.<\/p>\n\n\n\n<p class=\"wp-block-paragraph\">En esta primera edici\u00f3n fueron reconocidos seis j\u00f3venes en las categor\u00edas oficiales del premio, adem\u00e1s del M\u00e1ximo Galard\u00f3n Premio L\u00edderes de Impacto 2026 y once reconocimientos especiales.<\/p>\n\n\n\n<p class=\"wp-block-paragraph\">Los ganadores de las categor\u00edas oficiales fueron:<\/p>\n\n\n\n<p class=\"wp-block-paragraph\">Carmen A. Padua, Liderazgo Social y Comunitario.<\/p>\n\n\n\n<p class=\"wp-block-paragraph\">Jos\u00e9 A. Amador, Liderazgo en Emprendimiento.<\/p>\n\n\n\n<p class=\"wp-block-paragraph\">Francheska Encarnaci\u00f3n, Liderazgo Estudiantil Preuniversitario.<\/p>\n\n\n\n<p class=\"wp-block-paragraph\">Mar\u00eda M. Rodr\u00edguez, Liderazgo Medioambiental.<\/p>\n\n\n\n<p class=\"wp-block-paragraph\">Hiliana M. Encarnaci\u00f3n, Liderazgo Religioso.<\/p>\n\n\n\n<p class=\"wp-block-paragraph\">Yundy Soriano, Liderazgo Cultural.<\/p>\n\n\n\n<p class=\"wp-block-paragraph\">El M\u00e1ximo Galard\u00f3n Premio L\u00edderes de Impacto 2026 fue otorgado al Dr. Edian F. Franco.<\/p>\n\n\n\n<p class=\"wp-block-paragraph\">Tambi\u00e9n recibieron reconocimientos especiales Anyelo Jes\u00fas Liriano Lizardo, Pen\u00e9lope Polanco D\u00edaz, Perla Peralta, Gregory Aquino, Aema Alc\u00e1ntara, Ram\u00f3n Hern\u00e1ndez (Yeikord), Jehimy Estefany N\u00fa\u00f1ez P\u00e9rez, Marcos Aurelio Aquino Morel, L\u00eda Cristal F\u00e9liz Terrero, las Hermanas Terciarias Capuchinas de la Sagrada Familia e Indira Castro.<\/p>\n\n\n\n<p class=\"wp-block-paragraph\">El Premio L\u00edderes de Impacto procura visibilizar historias y trayectorias caracterizadas por el liderazgo, la innovaci\u00f3n, el servicio y el compromiso con las comunidades, creando un espacio para reconocer a quienes generan aportes positivos a la sociedad.<\/p>\n\n\n\n<p class=\"wp-block-paragraph\">Para la Digev, la participaci\u00f3n de sus estudiantes en esta iniciativa representa una oportunidad para proyectar el talento que emerge de sus centros de formaci\u00f3n y reafirmar que la educaci\u00f3n t\u00e9cnico-vocacional constituye una herramienta para desarrollar capacidades, fortalecer el liderazgo y ampliar las oportunidades de los j\u00f3venes y adultos.<\/p>\n\n\n\n<p class=\"wp-block-paragraph\">Las Escuelas Vocacionales de las Fuerzas Armadas y de la Polic\u00eda Nacional reiteran su compromiso de continuar impulsando una formaci\u00f3n t\u00e9cnico-vocacional de calidad, orientada al desarrollo humano, la inclusi\u00f3n social, la empleabilidad, el emprendimiento y al fortalecimiento de las capacidades que necesita el pa\u00eds.<\/p>\n","protected":false},"excerpt":{"rendered":"<p>Santo Domingo.- La Direcci\u00f3n de las Escuelas Vocacionales de las Fuerzas Armadas y de la Polic\u00eda Nacional (Digev) present\u00f3 la primera edici\u00f3n del Premio L\u00edderes de Impacto 2026, iniciativa organizada&hellip;<\/p>\n","protected":false},"author":10,"featured_media":138895,"comment_status":"open","ping_status":"open","sticky":false,"template":"","format":"standard","meta":{"content-type":"","_jetpack_newsletter_access":"","_jetpack_dont_email_post_to_subs":false,"_jetpack_newsletter_tier_id":0,"_jetpack_memberships_contains_paywalled_content":false,"_jetpack_feature_clip_id":0,"_jetpack_memberships_contains_paid_content":false,"footnotes":"","jetpack_post_was_ever_published":false},"categories":[35],"tags":[656,1443,7360,524,1412,2503,36247,15050],"class_list":["post-138894","post","type-post","status-publish","format-standard","has-post-thumbnail","hentry","category-nacionales","tag-digev","tag-direccion","tag-escuelas-vocacionales","tag-estudiantes","tag-liderazgo","tag-participacion","tag-premio-lideres-de-impacto-2026","tag-primera-edicion"],"jetpack-related-posts":[{"id":111996,"url":"https:\/\/lasprimeras.com.do\/index.php\/2025\/10\/16\/digev-conmemora-59-anos-de-su-fundacion-en-bani\/","url_meta":{"origin":138894,"position":0},"title":"DIGEV conmemora 59 a\u00f1os de su fundaci\u00f3n en Ban\u00ed","author":"Nelson Feliz","date":"16 de octubre de 2025","format":false,"excerpt":"Con una emotiva ceremonia religiosa y una exposici\u00f3n educativa, las Escuelas Vocacionales de las Fuerzas Armadas y de la Polic\u00eda Nacional (DIGEV), del Ministerio de Defensa (MIDE), celebraron el 59.\u00ba aniversario de la fundaci\u00f3n de su primera sede, establecida en la ciudad de Ban\u00ed en el a\u00f1o 1966. El acto\u2026","rel":"","context":"En \u00abMILITARES\u00bb","block_context":{"text":"MILITARES","link":"https:\/\/lasprimeras.com.do\/index.php\/category\/militares\/"},"img":{"alt_text":"","src":"https:\/\/i0.wp.com\/lasprimeras.com.do\/wp-content\/uploads\/2025\/10\/misa.jpg?resize=350%2C200&ssl=1","width":350,"height":200,"srcset":"https:\/\/i0.wp.com\/lasprimeras.com.do\/wp-content\/uploads\/2025\/10\/misa.jpg?resize=350%2C200&ssl=1 1x, https:\/\/i0.wp.com\/lasprimeras.com.do\/wp-content\/uploads\/2025\/10\/misa.jpg?resize=525%2C300&ssl=1 1.5x, https:\/\/i0.wp.com\/lasprimeras.com.do\/wp-content\/uploads\/2025\/10\/misa.jpg?resize=700%2C400&ssl=1 2x"},"classes":[]},{"id":100489,"url":"https:\/\/lasprimeras.com.do\/index.php\/2025\/06\/07\/digev-gana-maximo-galardon-de-los-premios-latam-digital-2025\/","url_meta":{"origin":138894,"position":1},"title":"DIGEV gana m\u00e1ximo galard\u00f3n de los Premios Latam Digital 2025","author":"Nelson Feliz","date":"7 de junio de 2025","format":false,"excerpt":"Las Escuelas Vocacionales logran un hito hist\u00f3rico para Rep\u00fablica Dominicana. Bogot\u00e1, Colombia. \u2014 Durante la ceremonia de premiaci\u00f3n celebrada en la ciudad de Bogot\u00e1, Colombia., la Direcci\u00f3n General de las Escuelas Vocacionales de las Fuerzas Armadas y de la Polic\u00eda Nacional (DIGEV) del Ministerio de Defensa de la Rep\u00fablica Dominicana,\u2026","rel":"","context":"En \u00abMILITARES\u00bb","block_context":{"text":"MILITARES","link":"https:\/\/lasprimeras.com.do\/index.php\/category\/militares\/"},"img":{"alt_text":"","src":"https:\/\/i0.wp.com\/lasprimeras.com.do\/wp-content\/uploads\/2025\/06\/Escuelas-Vocacionales-1.jpg?resize=350%2C200&ssl=1","width":350,"height":200,"srcset":"https:\/\/i0.wp.com\/lasprimeras.com.do\/wp-content\/uploads\/2025\/06\/Escuelas-Vocacionales-1.jpg?resize=350%2C200&ssl=1 1x, https:\/\/i0.wp.com\/lasprimeras.com.do\/wp-content\/uploads\/2025\/06\/Escuelas-Vocacionales-1.jpg?resize=525%2C300&ssl=1 1.5x, https:\/\/i0.wp.com\/lasprimeras.com.do\/wp-content\/uploads\/2025\/06\/Escuelas-Vocacionales-1.jpg?resize=700%2C400&ssl=1 2x"},"classes":[]},{"id":129371,"url":"https:\/\/lasprimeras.com.do\/index.php\/2026\/05\/02\/digev-primera-emision-del-programa-radial-escuelas-vocacionales-de-las-fuerzas-armadas-contigo\/","url_meta":{"origin":138894,"position":2},"title":"DIGEV primera emisi\u00f3n del programa radial \u201cEscuelas Vocacionales de las Fuerzas Armadas Contigo\u201d","author":"Nelson Feliz","date":"2 de mayo de 2026","format":false,"excerpt":"La iniciativa busca acercar la formaci\u00f3n t\u00e9cnico-vocacional, los valores y las oportunidades de desarrollo a la ciudadan\u00eda La Direcci\u00f3n General de las Escuelas Vocacionales de las Fuerzas Armadas y de la Polic\u00eda Nacional (DIGEV) del Ministerio de Defensa (MIDE) realiz\u00f3 el mi\u00e9rcoles 29 de abril la primera emisi\u00f3n de su\u2026","rel":"","context":"En \u00abMILITARES\u00bb","block_context":{"text":"MILITARES","link":"https:\/\/lasprimeras.com.do\/index.php\/category\/militares\/"},"img":{"alt_text":"","src":"https:\/\/i0.wp.com\/lasprimeras.com.do\/wp-content\/uploads\/2026\/05\/hifa.jpg?resize=350%2C200&ssl=1","width":350,"height":200,"srcset":"https:\/\/i0.wp.com\/lasprimeras.com.do\/wp-content\/uploads\/2026\/05\/hifa.jpg?resize=350%2C200&ssl=1 1x, https:\/\/i0.wp.com\/lasprimeras.com.do\/wp-content\/uploads\/2026\/05\/hifa.jpg?resize=525%2C300&ssl=1 1.5x, https:\/\/i0.wp.com\/lasprimeras.com.do\/wp-content\/uploads\/2026\/05\/hifa.jpg?resize=700%2C400&ssl=1 2x"},"classes":[]},{"id":119538,"url":"https:\/\/lasprimeras.com.do\/index.php\/2026\/01\/14\/mide-abre-el-ano-escolar-2026-de-las-escuelas-vocacionales-a-nivel-nacional\/","url_meta":{"origin":138894,"position":3},"title":"MIDE abre el a\u00f1o escolar 2026 de las Escuelas Vocacionales a nivel nacional","author":"Nelson Feliz","date":"14 de enero de 2026","format":false,"excerpt":"El Ministerio de Defensa (MIDE), a trav\u00e9s de la Direcci\u00f3n General de las Escuelas Vocacionales de las Fuerzas Armadas y de la Polic\u00eda Nacional (DIGEV), dej\u00f3 formalmente iniciado el a\u00f1o escolar 2026, de manera simult\u00e1nea en todas las sedes de DIGEV a nivel nacional, con una matr\u00edcula inicial que supera\u2026","rel":"","context":"En \u00abMILITARES\u00bb","block_context":{"text":"MILITARES","link":"https:\/\/lasprimeras.com.do\/index.php\/category\/militares\/"},"img":{"alt_text":"","src":"https:\/\/i0.wp.com\/lasprimeras.com.do\/wp-content\/uploads\/2026\/01\/IMG-20260113-WA0772.jpg?resize=350%2C200&ssl=1","width":350,"height":200,"srcset":"https:\/\/i0.wp.com\/lasprimeras.com.do\/wp-content\/uploads\/2026\/01\/IMG-20260113-WA0772.jpg?resize=350%2C200&ssl=1 1x, https:\/\/i0.wp.com\/lasprimeras.com.do\/wp-content\/uploads\/2026\/01\/IMG-20260113-WA0772.jpg?resize=525%2C300&ssl=1 1.5x, https:\/\/i0.wp.com\/lasprimeras.com.do\/wp-content\/uploads\/2026\/01\/IMG-20260113-WA0772.jpg?resize=700%2C400&ssl=1 2x, https:\/\/i0.wp.com\/lasprimeras.com.do\/wp-content\/uploads\/2026\/01\/IMG-20260113-WA0772.jpg?resize=1050%2C600&ssl=1 3x"},"classes":[]},{"id":125568,"url":"https:\/\/lasprimeras.com.do\/index.php\/2026\/03\/24\/estudiantes-de-digev-inician-capacitacion-internacional-sobre-turismo-digital-e-inteligencia-artificial\/","url_meta":{"origin":138894,"position":4},"title":"Estudiantes de DIGEV inician capacitaci\u00f3n internacional sobre Turismo Digital e Inteligencia Artificial","author":"Nelson Feliz","date":"24 de marzo de 2026","format":false,"excerpt":"Estudiantes de la Direcci\u00f3n General de las Escuelas Vocacionales de las Fuerzas Armadas y de la Polic\u00eda Nacional (DIGEV), del Ministerio de Defensa (MIDE), iniciaron una capacitaci\u00f3n sobre turismo digital a trav\u00e9s de la inteligencia artificial. El entretenimiento fue desarrollado en el marco de los acuerdos de cooperaci\u00f3n acad\u00e9mica suscritos\u2026","rel":"","context":"En \u00abMILITARES\u00bb","block_context":{"text":"MILITARES","link":"https:\/\/lasprimeras.com.do\/index.php\/category\/militares\/"},"img":{"alt_text":"","src":"https:\/\/i0.wp.com\/lasprimeras.com.do\/wp-content\/uploads\/2026\/03\/IMG-20260324-WA0499.jpg?resize=350%2C200&ssl=1","width":350,"height":200,"srcset":"https:\/\/i0.wp.com\/lasprimeras.com.do\/wp-content\/uploads\/2026\/03\/IMG-20260324-WA0499.jpg?resize=350%2C200&ssl=1 1x, https:\/\/i0.wp.com\/lasprimeras.com.do\/wp-content\/uploads\/2026\/03\/IMG-20260324-WA0499.jpg?resize=525%2C300&ssl=1 1.5x, https:\/\/i0.wp.com\/lasprimeras.com.do\/wp-content\/uploads\/2026\/03\/IMG-20260324-WA0499.jpg?resize=700%2C400&ssl=1 2x, https:\/\/i0.wp.com\/lasprimeras.com.do\/wp-content\/uploads\/2026\/03\/IMG-20260324-WA0499.jpg?resize=1050%2C600&ssl=1 3x, https:\/\/i0.wp.com\/lasprimeras.com.do\/wp-content\/uploads\/2026\/03\/IMG-20260324-WA0499.jpg?resize=1400%2C800&ssl=1 4x"},"classes":[]},{"id":128503,"url":"https:\/\/lasprimeras.com.do\/index.php\/2026\/04\/23\/escuelas-vocacionales-participan-en-exposostenible-2026\/","url_meta":{"origin":138894,"position":5},"title":"Escuelas Vocacionales participan en ExpoSostenible 2026","author":"Nelson Feliz","date":"23 de abril de 2026","format":false,"excerpt":"DIGEV fortalece su visi\u00f3n educativa orientada al desarrollo sostenible La Direcci\u00f3n General de las Escuelas Vocacionales de las Fuerzas Armadas y de la Polic\u00eda Nacional (DIGEV) del Ministerio de Defensa (MIDE) encabezada por su director general, el coronel Jos\u00e9 Ram\u00f3n Reyes Su\u00e1rez, FARD (DGP), particip\u00f3 activamente en ExpoSostenible 2026, celebrada\u2026","rel":"","context":"En \u00abNACIONALES\u00bb","block_context":{"text":"NACIONALES","link":"https:\/\/lasprimeras.com.do\/index.php\/category\/nacionales\/"},"img":{"alt_text":"","src":"https:\/\/i0.wp.com\/lasprimeras.com.do\/wp-content\/uploads\/2026\/04\/ExpoSostenible-2026-1.jpg?resize=350%2C200&ssl=1","width":350,"height":200,"srcset":"https:\/\/i0.wp.com\/lasprimeras.com.do\/wp-content\/uploads\/2026\/04\/ExpoSostenible-2026-1.jpg?resize=350%2C200&ssl=1 1x, https:\/\/i0.wp.com\/lasprimeras.com.do\/wp-content\/uploads\/2026\/04\/ExpoSostenible-2026-1.jpg?resize=525%2C300&ssl=1 1.5x, https:\/\/i0.wp.com\/lasprimeras.com.do\/wp-content\/uploads\/2026\/04\/ExpoSostenible-2026-1.jpg?resize=700%2C400&ssl=1 2x"},"classes":[]}],"jetpack_sharing_enabled":true,"jetpack_featured_media_url":"https:\/\/lasprimeras.com.do\/wp-content\/uploads\/2026\/09\/DIGEV.jpg","_links":{"self":[{"href":"https:\/\/lasprimeras.com.do\/index.php\/wp-json\/wp\/v2\/posts\/138894","targetHints":{"allow":["GET"]}}],"collection":[{"href":"https:\/\/lasprimeras.com.do\/index.php\/wp-json\/wp\/v2\/posts"}],"about":[{"href":"https:\/\/lasprimeras.com.do\/index.php\/wp-json\/wp\/v2\/types\/post"}],"author":[{"embeddable":true,"href":"https:\/\/lasprimeras.com.do\/index.php\/wp-json\/wp\/v2\/users\/10"}],"replies":[{"embeddable":true,"href":"https:\/\/lasprimeras.com.do\/index.php\/wp-json\/wp\/v2\/comments?post=138894"}],"version-history":[{"count":1,"href":"https:\/\/lasprimeras.com.do\/index.php\/wp-json\/wp\/v2\/posts\/138894\/revisions"}],"predecessor-version":[{"id":138896,"href":"https:\/\/lasprimeras.com.do\/index.php\/wp-json\/wp\/v2\/posts\/138894\/revisions\/138896"}],"wp:featuredmedia":[{"embeddable":true,"href":"https:\/\/lasprimeras.com.do\/index.php\/wp-json\/wp\/v2\/media\/138895"}],"wp:attachment":[{"href":"https:\/\/lasprimeras.com.do\/index.php\/wp-json\/wp\/v2\/media?parent=138894"}],"wp:term":[{"taxonomy":"category","embeddable":true,"href":"https:\/\/lasprimeras.com.do\/index.php\/wp-json\/wp\/v2\/categories?post=138894"},{"taxonomy":"post_tag","embeddable":true,"href":"https:\/\/lasprimeras.com.do\/index.php\/wp-json\/wp\/v2\/tags?post=138894"}],"curies":[{"name":"wp","href":"https:\/\/api.w.org\/{rel}","templated":true}]}}