{"id":138897,"date":"2026-09-03T00:25:41","date_gmt":"2026-09-03T04:25:41","guid":{"rendered":"https:\/\/lasprimeras.com.do\/?p=138897"},"modified":"2026-09-03T00:26:51","modified_gmt":"2026-09-03T04:26:51","slug":"senado-de-la-republica-aprueba-varios-proyectos-de-ley-de-interes-para-la-nacion-dominicana","status":"publish","type":"post","link":"https:\/\/lasprimeras.com.do\/index.php\/2026\/09\/03\/senado-de-la-republica-aprueba-varios-proyectos-de-ley-de-interes-para-la-nacion-dominicana\/","title":{"rendered":"Senado de la Rep\u00fablica aprueba varios proyectos de ley de inter\u00e9s para la naci\u00f3n dominicana"},"content":{"rendered":"\n<p class=\"wp-block-paragraph\">Santo Domingo. &#8211; El Senado de la Rep\u00fablica aprob\u00f3 importantes iniciativas legislativas con el prop\u00f3sito de beneficiar a varios sectores del pa\u00eds, entre estos: el proyecto de ley que crea las pasant\u00edas en el sector p\u00fablico para la formaci\u00f3n laboral pr\u00e1ctica de estudiantes t\u00e9cnicos y universitarios, una propuesta del senador por la provincia San Crist\u00f3bal, Gustavo Lara Salazar.<\/p>\n\n\n\n<p class=\"wp-block-paragraph\">En los trabajos de este mi\u00e9rcoles los senadores conocieron el proyecto de ley que declara la provincia Santo Domingo como provincia Ecotur\u00edstica, propuesta del senador Antonio Manuel Taveras Guzm\u00e1n; as\u00ed como el proyecto de ley que regula el ejercicio profesional del detective privado, propuesta del senador Santiago Jos\u00e9 Zorrilla.<\/p>\n\n\n\n<p class=\"wp-block-paragraph\">De igual manera, el Senado aprob\u00f3 en primera discusi\u00f3n el proyecto de ley de Vacunas de la Rep\u00fablica Dominicana, a solicitud de los senadores L\u00eda Ynocencia D\u00edaz Santana, Ginnette Bournigal de Jim\u00e9nez, Daniel Rivera y Jonhson Encarnaci\u00f3n D\u00edaz.<\/p>\n\n\n\n<p class=\"wp-block-paragraph\">Adem\u00e1s, se aprob\u00f3 el proyecto que establece la obligatoriedad del uso de sistemas de energ\u00eda o dispositivos de emergencia en ascensores o elevadores verticales, y el proyecto de ley Nacional de Semillas, presentado por el senador F\u00e9lix Bautista.<\/p>\n\n\n\n<p class=\"wp-block-paragraph\">Segunda lectura<\/p>\n\n\n\n<p class=\"wp-block-paragraph\">El pleno del Senado aprob\u00f3 en segunda discusi\u00f3n el proyecto de ley que dispone la instalaci\u00f3n de fuentes de energ\u00eda renovable en edificios p\u00fablicos y privados, iniciativa de los senadores Alexis Victoria y Santiago Jos\u00e9 Zorrilla.<\/p>\n\n\n\n<p class=\"wp-block-paragraph\">Los congresistas sancionaron el proyecto de ley que designa con el nombre de &#8220;Hospital Central Cl\u00ednico-Quir\u00fargico doctor Jos\u00e9 Joaqu\u00edn Puello Herrera&#8221; el Hospital Central Cl\u00ednico-Quir\u00fargico de la Ciudad Sanitaria Dr. Luis E. Aybar, presentado por el senador Crist\u00f3bal Venerado Castillo.<\/p>\n\n\n\n<p class=\"wp-block-paragraph\">Adem\u00e1s, durante la jornada de este mi\u00e9rcoles se conoci\u00f3 el proyecto que establece exenciones impositivas y arancelarias para los insumos y equipos m\u00e9dicos cardiovasculares, oftalmol\u00f3gicos y endocrinos, iniciativa de la senadora Ginnette Bournigal de Jim\u00e9nez.<\/p>\n\n\n\n<p class=\"wp-block-paragraph\">\u00danica lectura<\/p>\n\n\n\n<p class=\"wp-block-paragraph\">En \u00fanica lectura los senadores conocieron varios proyectos de resoluci\u00f3n, entre estos, la que reconoce al doctor Jos\u00e9 L\u00f3pez Larache por su destacada trayectoria y sus aportes a la medicina, la formaci\u00f3n profesional, las letras y la cultura en la Rep\u00fablica Dominicana.<\/p>\n\n\n\n<p class=\"wp-block-paragraph\">Adem\u00e1s, la que reconoce a la escuela de educaci\u00f3n especial Padre Sebasti\u00e1n Cavalotto, por su destacada labor en favor de la educaci\u00f3n inclusiva, la formaci\u00f3n integral y el desarrollo de las personas con discapacidad en la Rep\u00fablica Dominicana.<\/p>\n\n\n\n<p class=\"wp-block-paragraph\">En la sesi\u00f3n se aprob\u00f3 la resoluci\u00f3n que reconoce al Patronato Ben\u00e9fico Oriental por su destacada trayectoria y sus aportes al desarrollo social y humano de la Rep\u00fablica Dominicana.<\/p>\n\n\n\n<p class=\"wp-block-paragraph\">Tambi\u00e9n, la que reconoce al profesor Arturo Morales Espinal por su destacada trayectoria y aportes al desarrollo y promoci\u00f3n del deporte en la Rep\u00fablica Dominicana.<\/p>\n\n\n\n<p class=\"wp-block-paragraph\">De igual manera, fue sancionada la resoluci\u00f3n que reconoce a la Fundaci\u00f3n Mir por su destacada trayectoria y sus aportes a la educaci\u00f3n, la formaci\u00f3n y la transformaci\u00f3n social en la Rep\u00fablica Dominicana; as\u00ed como la resoluci\u00f3n que reconoce al beisbolista Cristopher Alexis S\u00e1nchez por su destacada trayectoria y sus logros en el b\u00e9isbol profesional.<\/p>\n\n\n\n<p class=\"wp-block-paragraph\">Todas estas iniciativas fueron presentadas por el senador de la provincia La Romana, Eduard Alexis Espiritusanto.<\/p>\n\n\n\n<p class=\"wp-block-paragraph\">Previo al inicio de la sesi\u00f3n, los senadores guardaron un minuto de silencio en honor a la memoria de Juan Francisco P\u00e9rez, exsenador de Pedernales; \u00c1ngela Marte, hermana del senador Antonio Marte; Juan Julio Morales, Tony Polanco, C\u00e9sar Rojas, Ezequiel Mej\u00eda y Pablo Cabral, fallecidos recientemente.<\/p>\n","protected":false},"excerpt":{"rendered":"<p>Santo Domingo. &#8211; El Senado de la Rep\u00fablica aprob\u00f3 importantes iniciativas legislativas con el prop\u00f3sito de beneficiar a varios sectores del pa\u00eds, entre estos: el proyecto de ley que crea&hellip;<\/p>\n","protected":false},"author":10,"featured_media":138898,"comment_status":"open","ping_status":"open","sticky":false,"template":"","format":"standard","meta":{"content-type":"","_jetpack_newsletter_access":"","_jetpack_dont_email_post_to_subs":false,"_jetpack_newsletter_tier_id":0,"_jetpack_memberships_contains_paywalled_content":false,"_jetpack_feature_clip_id":0,"_jetpack_memberships_contains_paid_content":false,"footnotes":"","jetpack_post_was_ever_published":false},"categories":[25],"tags":[408,36248,11949],"class_list":["post-138897","post","type-post","status-publish","format-standard","has-post-thumbnail","hentry","category-portada","tag-aprueba","tag-proyectos-de-ley","tag-senado-de-la-republica"],"jetpack-related-posts":[{"id":98341,"url":"https:\/\/lasprimeras.com.do\/index.php\/2025\/05\/06\/senado-conforma-comision-para-estudio-y-analisis-del-proyecto-de-ley-organica-de-libertad-de-expresion\/","url_meta":{"origin":138897,"position":0},"title":"Senado conforma comisi\u00f3n para estudio y an\u00e1lisis del Proyecto de Ley Org\u00e1nica de Libertad de Expresi\u00f3n","author":"Nelson Feliz","date":"6 de mayo de 2025","format":false,"excerpt":"El presidente de la C\u00e1mara Alta, Ricardo de los Santos, afirm\u00f3 que para sancionar esta pieza legislativa ser\u00e1n escuchados todos los sectores involucrados, incluyendo los medios digitales para que se apruebe una ley basada en el consenso. El Senado de la Rep\u00fablica dejo conformada una Comisi\u00f3n Especial para analizar y\u2026","rel":"","context":"En \u00abNACIONALES\u00bb","block_context":{"text":"NACIONALES","link":"https:\/\/lasprimeras.com.do\/index.php\/category\/nacionales\/"},"img":{"alt_text":"","src":"https:\/\/i0.wp.com\/lasprimeras.com.do\/wp-content\/uploads\/2025\/05\/Ricardo-de-los-Santos-1.jpg?resize=350%2C200&ssl=1","width":350,"height":200,"srcset":"https:\/\/i0.wp.com\/lasprimeras.com.do\/wp-content\/uploads\/2025\/05\/Ricardo-de-los-Santos-1.jpg?resize=350%2C200&ssl=1 1x, https:\/\/i0.wp.com\/lasprimeras.com.do\/wp-content\/uploads\/2025\/05\/Ricardo-de-los-Santos-1.jpg?resize=525%2C300&ssl=1 1.5x, https:\/\/i0.wp.com\/lasprimeras.com.do\/wp-content\/uploads\/2025\/05\/Ricardo-de-los-Santos-1.jpg?resize=700%2C400&ssl=1 2x"},"classes":[]},{"id":125644,"url":"https:\/\/lasprimeras.com.do\/index.php\/2026\/03\/25\/senado-de-la-republica-aprueba-reforma-a-la-ley-que-rige-la-autoridad-portuaria\/","url_meta":{"origin":138897,"position":1},"title":"Senado de la Rep\u00fablica aprueba reforma a la Ley que rige la Autoridad Portuaria","author":"Nelson Feliz","date":"25 de marzo de 2026","format":false,"excerpt":"Por: Adalgisa S\u00e1nchez El Senado de la Rep\u00fablica aprob\u00f3 en primera lectura el Proyecto de Ley que modifica los art\u00edculos 7 y 10 y deroga el art\u00edculo 17 de la Ley 70, sobre Autoridad Portuaria, presentada por la senadora Ginnette Bournigal de Jim\u00e9nez. En su considerando tercero el proyecto se\u00f1ala\u2026","rel":"","context":"En \u00abNACIONALES\u00bb","block_context":{"text":"NACIONALES","link":"https:\/\/lasprimeras.com.do\/index.php\/category\/nacionales\/"},"img":{"alt_text":"","src":"https:\/\/i0.wp.com\/lasprimeras.com.do\/wp-content\/uploads\/2026\/03\/ricardo-1.jpg?resize=350%2C200&ssl=1","width":350,"height":200,"srcset":"https:\/\/i0.wp.com\/lasprimeras.com.do\/wp-content\/uploads\/2026\/03\/ricardo-1.jpg?resize=350%2C200&ssl=1 1x, https:\/\/i0.wp.com\/lasprimeras.com.do\/wp-content\/uploads\/2026\/03\/ricardo-1.jpg?resize=525%2C300&ssl=1 1.5x, https:\/\/i0.wp.com\/lasprimeras.com.do\/wp-content\/uploads\/2026\/03\/ricardo-1.jpg?resize=700%2C400&ssl=1 2x"},"classes":[]},{"id":98877,"url":"https:\/\/lasprimeras.com.do\/index.php\/2025\/05\/13\/senado-aprueba-con-modificaciones-proyecto-que-modifica-ley-137-03\/","url_meta":{"origin":138897,"position":2},"title":"Senado aprueba con modificaciones proyecto que modifica Ley 137-03","author":"Nelson Feliz","date":"13 de mayo de 2025","format":false,"excerpt":"El Senado de la Rep\u00fablica aprob\u00f3, a unanimidad y en segunda lectura, el proyecto de ley que modifica la Ley 137-03, sobre Tr\u00e1fico Il\u00edcito de Migrantes y Trata de Personas, remitida por el Poder Ejecutivo. El presidente de la Comisi\u00f3n Especial que tuvo a su cargo analizar y estudiar esta\u2026","rel":"","context":"En \u00abNACIONALES\u00bb","block_context":{"text":"NACIONALES","link":"https:\/\/lasprimeras.com.do\/index.php\/category\/nacionales\/"},"img":{"alt_text":"","src":"https:\/\/i0.wp.com\/lasprimeras.com.do\/wp-content\/uploads\/2025\/05\/Ricardo-de-los-Santos-2.jpg?resize=350%2C200&ssl=1","width":350,"height":200,"srcset":"https:\/\/i0.wp.com\/lasprimeras.com.do\/wp-content\/uploads\/2025\/05\/Ricardo-de-los-Santos-2.jpg?resize=350%2C200&ssl=1 1x, https:\/\/i0.wp.com\/lasprimeras.com.do\/wp-content\/uploads\/2025\/05\/Ricardo-de-los-Santos-2.jpg?resize=525%2C300&ssl=1 1.5x, https:\/\/i0.wp.com\/lasprimeras.com.do\/wp-content\/uploads\/2025\/05\/Ricardo-de-los-Santos-2.jpg?resize=700%2C400&ssl=1 2x"},"classes":[]},{"id":124999,"url":"https:\/\/lasprimeras.com.do\/index.php\/2026\/03\/18\/en-primera-lectura-senado-aprobo-el-proyecto-de-ley-de-eficiencia-energetica\/","url_meta":{"origin":138897,"position":3},"title":"En primera lectura, Senado aprob\u00f3 el proyecto de ley de Eficiencia Energ\u00e9tica","author":"Nelson Feliz","date":"18 de marzo de 2026","format":false,"excerpt":"Por Adalgisa S\u00e1nchez En primera lectura el Pleno del Senado aprob\u00f3 el proyecto de ley de Eficiencia Energ\u00e9tica, propuesta del senador de la provincia San Juan, F\u00e9lix Bautista. Tambi\u00e9n, conoci\u00f3 el proyecto de ley que declara el 6 de agosto de cada a\u00f1o como \u201cD\u00eda Nacional del Atletismo\u201d, propuesta presentada\u2026","rel":"","context":"En \u00abPOLITICA\u00bb","block_context":{"text":"POLITICA","link":"https:\/\/lasprimeras.com.do\/index.php\/category\/politica\/"},"img":{"alt_text":"F\u00e9lix Bautista","src":"https:\/\/i0.wp.com\/lasprimeras.com.do\/wp-content\/uploads\/2023\/08\/Felix-Bautista.jpg?resize=350%2C200&ssl=1","width":350,"height":200,"srcset":"https:\/\/i0.wp.com\/lasprimeras.com.do\/wp-content\/uploads\/2023\/08\/Felix-Bautista.jpg?resize=350%2C200&ssl=1 1x, https:\/\/i0.wp.com\/lasprimeras.com.do\/wp-content\/uploads\/2023\/08\/Felix-Bautista.jpg?resize=525%2C300&ssl=1 1.5x, https:\/\/i0.wp.com\/lasprimeras.com.do\/wp-content\/uploads\/2023\/08\/Felix-Bautista.jpg?resize=700%2C400&ssl=1 2x"},"classes":[]},{"id":95267,"url":"https:\/\/lasprimeras.com.do\/index.php\/2025\/03\/11\/senado-conforma-comision-especial-para-estudiar-proyecto-de-ley-del-codigo-penal\/","url_meta":{"origin":138897,"position":4},"title":"Senado conforma Comisi\u00f3n Especial para estudiar proyecto de ley del C\u00f3digo Penal","author":"Nelson Feliz","date":"11 de marzo de 2025","format":false,"excerpt":"El presidente del Senado, Ricardo de los Santos, consider\u00f3 como una \u201cdeuda que tiene el Congreso Nacional con el pa\u00eds\u201d la necesidad de que esta ley sea aplicada a la mayor brevedad. El Senado de la Rep\u00fablica dejo conformada una Comisi\u00f3n Especial para el estudio y ponderaci\u00f3n del proyecto de\u2026","rel":"","context":"En \u00abNACIONALES\u00bb","block_context":{"text":"NACIONALES","link":"https:\/\/lasprimeras.com.do\/index.php\/category\/nacionales\/"},"img":{"alt_text":"","src":"https:\/\/i0.wp.com\/lasprimeras.com.do\/wp-content\/uploads\/2025\/03\/SENADO-1.jpg?resize=350%2C200&ssl=1","width":350,"height":200,"srcset":"https:\/\/i0.wp.com\/lasprimeras.com.do\/wp-content\/uploads\/2025\/03\/SENADO-1.jpg?resize=350%2C200&ssl=1 1x, https:\/\/i0.wp.com\/lasprimeras.com.do\/wp-content\/uploads\/2025\/03\/SENADO-1.jpg?resize=525%2C300&ssl=1 1.5x, https:\/\/i0.wp.com\/lasprimeras.com.do\/wp-content\/uploads\/2025\/03\/SENADO-1.jpg?resize=700%2C400&ssl=1 2x"},"classes":[]},{"id":95848,"url":"https:\/\/lasprimeras.com.do\/index.php\/2025\/03\/21\/director-de-intrant-plantea-modificacion-a-la-ley-de-transito-ante-comision-general-del-senado\/","url_meta":{"origin":138897,"position":5},"title":"Director de INTRANT plantea modificaci\u00f3n a la ley de tr\u00e1nsito, ante Comisi\u00f3n General del Senado","author":"Nelson Feliz","date":"21 de marzo de 2025","format":false,"excerpt":"El Pleno del Senado de la Rep\u00fablica escuch\u00f3 a Milton Morrison en torno a los accidentes de tr\u00e1nsito ocurridos en la Rep\u00fablica Dominicana. El Senado de la Rep\u00fablica, convertido en Comisi\u00f3n General, escuch\u00f3 este jueves las explicaciones del director del Instituto Nacional de Tr\u00e1nsito y Transporte Terrestre (INTRANT), Milton Morrison,\u2026","rel":"","context":"En \u00abNACIONALES\u00bb","block_context":{"text":"NACIONALES","link":"https:\/\/lasprimeras.com.do\/index.php\/category\/nacionales\/"},"img":{"alt_text":"Milton Morrison","src":"https:\/\/i0.wp.com\/lasprimeras.com.do\/wp-content\/uploads\/2025\/03\/Milton-Morrison-2.jpg?resize=350%2C200&ssl=1","width":350,"height":200,"srcset":"https:\/\/i0.wp.com\/lasprimeras.com.do\/wp-content\/uploads\/2025\/03\/Milton-Morrison-2.jpg?resize=350%2C200&ssl=1 1x, https:\/\/i0.wp.com\/lasprimeras.com.do\/wp-content\/uploads\/2025\/03\/Milton-Morrison-2.jpg?resize=525%2C300&ssl=1 1.5x, https:\/\/i0.wp.com\/lasprimeras.com.do\/wp-content\/uploads\/2025\/03\/Milton-Morrison-2.jpg?resize=700%2C400&ssl=1 2x"},"classes":[]}],"jetpack_sharing_enabled":true,"jetpack_featured_media_url":"https:\/\/lasprimeras.com.do\/wp-content\/uploads\/2026\/09\/SENADO-1.jpg","_links":{"self":[{"href":"https:\/\/lasprimeras.com.do\/index.php\/wp-json\/wp\/v2\/posts\/138897","targetHints":{"allow":["GET"]}}],"collection":[{"href":"https:\/\/lasprimeras.com.do\/index.php\/wp-json\/wp\/v2\/posts"}],"about":[{"href":"https:\/\/lasprimeras.com.do\/index.php\/wp-json\/wp\/v2\/types\/post"}],"author":[{"embeddable":true,"href":"https:\/\/lasprimeras.com.do\/index.php\/wp-json\/wp\/v2\/users\/10"}],"replies":[{"embeddable":true,"href":"https:\/\/lasprimeras.com.do\/index.php\/wp-json\/wp\/v2\/comments?post=138897"}],"version-history":[{"count":1,"href":"https:\/\/lasprimeras.com.do\/index.php\/wp-json\/wp\/v2\/posts\/138897\/revisions"}],"predecessor-version":[{"id":138899,"href":"https:\/\/lasprimeras.com.do\/index.php\/wp-json\/wp\/v2\/posts\/138897\/revisions\/138899"}],"wp:featuredmedia":[{"embeddable":true,"href":"https:\/\/lasprimeras.com.do\/index.php\/wp-json\/wp\/v2\/media\/138898"}],"wp:attachment":[{"href":"https:\/\/lasprimeras.com.do\/index.php\/wp-json\/wp\/v2\/media?parent=138897"}],"wp:term":[{"taxonomy":"category","embeddable":true,"href":"https:\/\/lasprimeras.com.do\/index.php\/wp-json\/wp\/v2\/categories?post=138897"},{"taxonomy":"post_tag","embeddable":true,"href":"https:\/\/lasprimeras.com.do\/index.php\/wp-json\/wp\/v2\/tags?post=138897"}],"curies":[{"name":"wp","href":"https:\/\/api.w.org\/{rel}","templated":true}]}}