{"id":138904,"date":"2026-09-03T07:39:46","date_gmt":"2026-09-03T11:39:46","guid":{"rendered":"https:\/\/lasprimeras.com.do\/?p=138904"},"modified":"2026-09-03T07:39:48","modified_gmt":"2026-09-03T11:39:48","slug":"defensa-publica-lanza-en-villa-francisca-red-de-embajadores","status":"publish","type":"post","link":"https:\/\/lasprimeras.com.do\/index.php\/2026\/09\/03\/defensa-publica-lanza-en-villa-francisca-red-de-embajadores\/","title":{"rendered":"Defensa P\u00fablica lanza en Villa Francisca Red de Embajadores"},"content":{"rendered":"\n<p class=\"wp-block-paragraph\"><strong>SANTO DOMINGO.=. La Oficina Nacional de Defensa P\u00fablica realiz\u00f3 en Villa Francisca la segunda jornada de la Red de Embajadores de la Libertad.<\/strong><\/p>\n\n\n\n<p class=\"wp-block-paragraph\"><strong>La iniciativa busca acercar la defensa de derechos humanos a los sectores populares. La primera jornada se realiz\u00f3 en Las Ca\u00f1itas.<\/strong><\/p>\n\n\n\n<p class=\"wp-block-paragraph\"><strong>El taller \u201cDefensa P\u00fablica y Derechos Humanos\u201d fue encabezado por el director Rodolfo Valent\u00edn Santos.<\/strong><\/p>\n\n\n\n<p class=\"wp-block-paragraph\"><strong>Participaron defensores p\u00fablicos, l\u00edderes comunitarios y residentes del sector. El objetivo es educar y orientar sobre el acceso a la justicia.<\/strong><\/p>\n\n\n\n<p class=\"wp-block-paragraph\"><strong>Los Embajadores de la Libertad servir\u00e1n de enlace entre sus comunidades y la ONDP.<\/strong><\/p>\n\n\n\n<p class=\"wp-block-paragraph\"><strong>Informar\u00e1n sobre posibles vulneraciones de derechos en destacamentos y otros espacios. As\u00ed la instituci\u00f3n podr\u00e1 conocer y canalizar los casos.<\/strong><\/p>\n\n\n\n<p class=\"wp-block-paragraph\"><strong>Valent\u00edn Santos afirm\u00f3 que \u201ctenemos que estar donde est\u00e1 la gente\u201d.<\/strong><\/p>\n\n\n\n<p class=\"wp-block-paragraph\"><strong>Resalt\u00f3 que los embajadores ser\u00e1n multiplicadores de conocimiento sobre derechos fundamentales.<\/strong><\/p>\n\n\n\n<p class=\"wp-block-paragraph\"><strong>Anunci\u00f3 que la red se extender\u00e1 progresivamente a otras provincias del pa\u00eds.<\/strong><\/p>\n\n\n\n<p class=\"wp-block-paragraph\"><strong>Con esta estrategia la ONDP reafirma su compromiso de acercar la justicia. Busca fortalecer la educaci\u00f3n ciudadana y proteger la dignidad humana.<\/strong><\/p>\n\n\n\n<p class=\"wp-block-paragraph\"><strong>\u201cDefendemos tus derechos\u201d, expres\u00f3 la instituci\u00f3n.<\/strong><\/p>\n","protected":false},"excerpt":{"rendered":"<p>SANTO DOMINGO.=. La Oficina Nacional de Defensa P\u00fablica realiz\u00f3 en Villa Francisca la segunda jornada de la Red de Embajadores de la Libertad. La iniciativa busca acercar la defensa de&hellip;<\/p>\n","protected":false},"author":10,"featured_media":138905,"comment_status":"open","ping_status":"open","sticky":false,"template":"","format":"standard","meta":{"content-type":"","_jetpack_newsletter_access":"","_jetpack_dont_email_post_to_subs":false,"_jetpack_newsletter_tier_id":0,"_jetpack_memberships_contains_paywalled_content":false,"_jetpack_feature_clip_id":0,"_jetpack_memberships_contains_paid_content":false,"footnotes":"","jetpack_post_was_ever_published":false},"categories":[35],"tags":[5459,1289],"class_list":["post-138904","post","type-post","status-publish","format-standard","has-post-thumbnail","hentry","category-nacionales","tag-defensa-publica","tag-villa-francisca"],"jetpack-related-posts":[{"id":136838,"url":"https:\/\/lasprimeras.com.do\/index.php\/2026\/08\/08\/defensa-publica-juramenta-27-embajadores-de-la-libertad-en-las-canitas\/","url_meta":{"origin":138904,"position":0},"title":"Defensa P\u00fablica juramenta 27 Embajadores de la Libertad en Las Ca\u00f1itas","author":"Nelson Feliz","date":"8 de agosto de 2026","format":false,"excerpt":"Iniciativa busca fortalecer el acceso a la justicia y la promoci\u00f3n de los derechos fundamentales en las comunidades Santo Domingo. El director de la Oficina Nacional de Defensa P\u00fablica (ONDP), Dr. Rodolfo Valent\u00edn Santos, dej\u00f3 formalmente constituida la Red de Embajadores de la Libertad, una innovadora iniciativa comunitaria orientada a\u2026","rel":"","context":"En \u00abNACIONALES\u00bb","block_context":{"text":"NACIONALES","link":"https:\/\/lasprimeras.com.do\/index.php\/category\/nacionales\/"},"img":{"alt_text":"Defensa P\u00fablica","src":"https:\/\/i0.wp.com\/lasprimeras.com.do\/wp-content\/uploads\/2026\/08\/Defensa-Publica-1.jpg?resize=350%2C200&ssl=1","width":350,"height":200,"srcset":"https:\/\/i0.wp.com\/lasprimeras.com.do\/wp-content\/uploads\/2026\/08\/Defensa-Publica-1.jpg?resize=350%2C200&ssl=1 1x, https:\/\/i0.wp.com\/lasprimeras.com.do\/wp-content\/uploads\/2026\/08\/Defensa-Publica-1.jpg?resize=525%2C300&ssl=1 1.5x, https:\/\/i0.wp.com\/lasprimeras.com.do\/wp-content\/uploads\/2026\/08\/Defensa-Publica-1.jpg?resize=700%2C400&ssl=1 2x"},"classes":[]},{"id":53227,"url":"https:\/\/lasprimeras.com.do\/index.php\/2023\/06\/24\/funglode-y-cesede-realizan-conversatorio-sobre-detencion-y-prision-en-rd\/","url_meta":{"origin":138904,"position":1},"title":"FUNGLODE y CESEDE realizan conversatorio sobre Detenci\u00f3n y Prisi\u00f3n en RD","author":"Nelson Feliz","date":"24 de junio de 2023","format":false,"excerpt":"Por Mart\u00edn Restituyo La Fundaci\u00f3n Global Democracia y Desarrollo (FUNGLODE) y el Centro de Estudios de Seguridad y Defensa (CESEDE) realizaran conversatorio bajo el tema \u201cLas condiciones de detenci\u00f3n y de prisi\u00f3n en la Rep\u00fablica Dominicana\u201d, a cargo del ponente y director de la Oficina Nacional de Defensa P\u00fablica Rodolfo\u2026","rel":"","context":"En \u00abNACIONALES\u00bb","block_context":{"text":"NACIONALES","link":"https:\/\/lasprimeras.com.do\/index.php\/category\/nacionales\/"},"img":{"alt_text":"FUNGLODE y CESEDE","src":"https:\/\/i0.wp.com\/lasprimeras.com.do\/wp-content\/uploads\/2023\/06\/Funglode-1.jpg?resize=350%2C200&ssl=1","width":350,"height":200,"srcset":"https:\/\/i0.wp.com\/lasprimeras.com.do\/wp-content\/uploads\/2023\/06\/Funglode-1.jpg?resize=350%2C200&ssl=1 1x, https:\/\/i0.wp.com\/lasprimeras.com.do\/wp-content\/uploads\/2023\/06\/Funglode-1.jpg?resize=525%2C300&ssl=1 1.5x, https:\/\/i0.wp.com\/lasprimeras.com.do\/wp-content\/uploads\/2023\/06\/Funglode-1.jpg?resize=700%2C400&ssl=1 2x"},"classes":[]},{"id":94921,"url":"https:\/\/lasprimeras.com.do\/index.php\/2025\/03\/07\/defensa-publica-y-onaprep-avanzan-acciones-para-mejorar-condiciones-de-personas-privadas-de-libertad\/","url_meta":{"origin":138904,"position":2},"title":"Defensa P\u00fablica y ONAPREP avanzan acciones para mejorar condiciones de personas privadas de libertad","author":"Nelson Feliz","date":"7 de marzo de 2025","format":false,"excerpt":"El director de la Oficina Nacional de Defensa P\u00fablica (ONDP), Rodolfo Valent\u00edn Santos, sostuvo un encuentro de trabajo con el director de la Oficina Nacional de Apoyo a la Reforma Penitenciaria (ONAPREP), Roberto Santana, con el prop\u00f3sito de dar seguimiento a las acciones conjuntas dirigidas a mejorar las condiciones de\u2026","rel":"","context":"En \u00abNACIONALES\u00bb","block_context":{"text":"NACIONALES","link":"https:\/\/lasprimeras.com.do\/index.php\/category\/nacionales\/"},"img":{"alt_text":"Rodolfo Valent\u00edn Santos","src":"https:\/\/i0.wp.com\/lasprimeras.com.do\/wp-content\/uploads\/2025\/03\/Rodolfo-Valentin-Santos.jpg?resize=350%2C200&ssl=1","width":350,"height":200,"srcset":"https:\/\/i0.wp.com\/lasprimeras.com.do\/wp-content\/uploads\/2025\/03\/Rodolfo-Valentin-Santos.jpg?resize=350%2C200&ssl=1 1x, https:\/\/i0.wp.com\/lasprimeras.com.do\/wp-content\/uploads\/2025\/03\/Rodolfo-Valentin-Santos.jpg?resize=525%2C300&ssl=1 1.5x"},"classes":[]},{"id":56673,"url":"https:\/\/lasprimeras.com.do\/index.php\/2023\/08\/03\/abinader-recibe-en-su-despacho-al-director-de-la-defensa-publica\/","url_meta":{"origin":138904,"position":3},"title":"Abinader recibe en su despacho al Director de la Defensa P\u00fablica","author":"Nelson Feliz","date":"3 de agosto de 2023","format":false,"excerpt":"Por Mart\u00edn Restituyo El Director de la Oficina Nacional de Defensa P\u00fablica, Rodolfo Valent\u00edn Santos, se reuni\u00f3 con el Presidente de la Rep\u00fablica, Luis Abinader, en su despacho del Palacio Presidencial, donde abordaron temas relacionados al servicio que brinda la entidad que dirige. En este encuentro, el Director de la\u2026","rel":"","context":"En \u00abNACIONALES\u00bb","block_context":{"text":"NACIONALES","link":"https:\/\/lasprimeras.com.do\/index.php\/category\/nacionales\/"},"img":{"alt_text":"","src":"https:\/\/i0.wp.com\/lasprimeras.com.do\/wp-content\/uploads\/2023\/08\/SERVIO-TULIO-CASTANOS-PRESIDENTE-LUIS-ABINADER-Y-RODOLFO-VALENTIN-SANTOS.jpg?resize=350%2C200&ssl=1","width":350,"height":200},"classes":[]},{"id":64812,"url":"https:\/\/lasprimeras.com.do\/index.php\/2023\/10\/23\/ministro-de-defensa-y-miembros-de-cesmet-se-integran-a-jornada-contra-el-dengue\/","url_meta":{"origin":138904,"position":4},"title":"Ministro de Defensa y miembros de CESMET se integran a jornada contra el dengue","author":"Nelson Feliz","date":"23 de octubre de 2023","format":false,"excerpt":"Por Martin Restituyo El Ministro de Defensa, Teniente General Carlos Luciano D\u00edaz Morfa realiz\u00f3 una gran jornada de acci\u00f3n preventiva contra el Dengue, dirigida para combatir la reproducci\u00f3n del mosquito \"Aedes aegypti\" que transmite la enfermedad. Tambi\u00e9n, los miembros del Cuerpo Especializado para la Seguridad del Metro y Telef\u00e9rico de\u2026","rel":"","context":"En \u00abNACIONALES\u00bb","block_context":{"text":"NACIONALES","link":"https:\/\/lasprimeras.com.do\/index.php\/category\/nacionales\/"},"img":{"alt_text":"jornada","src":"https:\/\/i0.wp.com\/lasprimeras.com.do\/wp-content\/uploads\/2023\/10\/jornada-1.jpg?resize=350%2C200&ssl=1","width":350,"height":200,"srcset":"https:\/\/i0.wp.com\/lasprimeras.com.do\/wp-content\/uploads\/2023\/10\/jornada-1.jpg?resize=350%2C200&ssl=1 1x, https:\/\/i0.wp.com\/lasprimeras.com.do\/wp-content\/uploads\/2023\/10\/jornada-1.jpg?resize=525%2C300&ssl=1 1.5x, https:\/\/i0.wp.com\/lasprimeras.com.do\/wp-content\/uploads\/2023\/10\/jornada-1.jpg?resize=700%2C400&ssl=1 2x"},"classes":[]},{"id":69088,"url":"https:\/\/lasprimeras.com.do\/index.php\/2023\/11\/29\/rodolfo-valentin-aboga-por-el-respeto-a-los-derechos-fundamentales-y-el-debido-proceso\/","url_meta":{"origin":138904,"position":5},"title":"Rodolfo Valent\u00edn aboga por el Respeto a los Derechos Fundamentales y el Debido Proceso","author":"Nelson Feliz","date":"29 de noviembre de 2023","format":false,"excerpt":"El Director de la Oficina Nacional de Defensa P\u00fablica, Rodolfo Valent\u00edn Santos, emiti\u00f3 un mensaje dirigido a la poblaci\u00f3n en general, destacando la importancia de garantizar el respeto a la dignidad humana y la protecci\u00f3n efectiva de los derechos fundamentales, especialmente en el \u00e1mbito legal. Rodolfo Valent\u00edn, inform\u00f3 a la\u2026","rel":"","context":"En \u00abNACIONALES\u00bb","block_context":{"text":"NACIONALES","link":"https:\/\/lasprimeras.com.do\/index.php\/category\/nacionales\/"},"img":{"alt_text":"Rodolfo Valent\u00edn Santos","src":"https:\/\/i0.wp.com\/lasprimeras.com.do\/wp-content\/uploads\/2023\/11\/Rodolfo-Valentin-Santos.jpg?resize=350%2C200&ssl=1","width":350,"height":200,"srcset":"https:\/\/i0.wp.com\/lasprimeras.com.do\/wp-content\/uploads\/2023\/11\/Rodolfo-Valentin-Santos.jpg?resize=350%2C200&ssl=1 1x, https:\/\/i0.wp.com\/lasprimeras.com.do\/wp-content\/uploads\/2023\/11\/Rodolfo-Valentin-Santos.jpg?resize=525%2C300&ssl=1 1.5x, https:\/\/i0.wp.com\/lasprimeras.com.do\/wp-content\/uploads\/2023\/11\/Rodolfo-Valentin-Santos.jpg?resize=700%2C400&ssl=1 2x"},"classes":[]}],"jetpack_sharing_enabled":true,"jetpack_featured_media_url":"https:\/\/lasprimeras.com.do\/wp-content\/uploads\/2026\/09\/IMG-20260829-WA0777-scaled.jpg","_links":{"self":[{"href":"https:\/\/lasprimeras.com.do\/index.php\/wp-json\/wp\/v2\/posts\/138904","targetHints":{"allow":["GET"]}}],"collection":[{"href":"https:\/\/lasprimeras.com.do\/index.php\/wp-json\/wp\/v2\/posts"}],"about":[{"href":"https:\/\/lasprimeras.com.do\/index.php\/wp-json\/wp\/v2\/types\/post"}],"author":[{"embeddable":true,"href":"https:\/\/lasprimeras.com.do\/index.php\/wp-json\/wp\/v2\/users\/10"}],"replies":[{"embeddable":true,"href":"https:\/\/lasprimeras.com.do\/index.php\/wp-json\/wp\/v2\/comments?post=138904"}],"version-history":[{"count":1,"href":"https:\/\/lasprimeras.com.do\/index.php\/wp-json\/wp\/v2\/posts\/138904\/revisions"}],"predecessor-version":[{"id":138906,"href":"https:\/\/lasprimeras.com.do\/index.php\/wp-json\/wp\/v2\/posts\/138904\/revisions\/138906"}],"wp:featuredmedia":[{"embeddable":true,"href":"https:\/\/lasprimeras.com.do\/index.php\/wp-json\/wp\/v2\/media\/138905"}],"wp:attachment":[{"href":"https:\/\/lasprimeras.com.do\/index.php\/wp-json\/wp\/v2\/media?parent=138904"}],"wp:term":[{"taxonomy":"category","embeddable":true,"href":"https:\/\/lasprimeras.com.do\/index.php\/wp-json\/wp\/v2\/categories?post=138904"},{"taxonomy":"post_tag","embeddable":true,"href":"https:\/\/lasprimeras.com.do\/index.php\/wp-json\/wp\/v2\/tags?post=138904"}],"curies":[{"name":"wp","href":"https:\/\/api.w.org\/{rel}","templated":true}]}}