{"id":138910,"date":"2026-09-03T08:08:14","date_gmt":"2026-09-03T12:08:14","guid":{"rendered":"https:\/\/lasprimeras.com.do\/?p=138910"},"modified":"2026-09-03T08:08:20","modified_gmt":"2026-09-03T12:08:20","slug":"rd-se-adhiere-a-la-declaracion-de-consenso-de-ginebra-sobre-la-promocion-de-la-salud-de-la-mujer-y-el-fortalecimiento-de-la-familia","status":"publish","type":"post","link":"https:\/\/lasprimeras.com.do\/index.php\/2026\/09\/03\/rd-se-adhiere-a-la-declaracion-de-consenso-de-ginebra-sobre-la-promocion-de-la-salud-de-la-mujer-y-el-fortalecimiento-de-la-familia\/","title":{"rendered":"RD se adhiere a la &#8220;Declaraci\u00f3n de Consenso de Ginebra&#8221; sobre la promoci\u00f3n de la salud de la mujer y el fortalecimiento de la familia"},"content":{"rendered":"\n<p class=\"wp-block-paragraph\">\u25cf Rep\u00fablica Dominicana se convierte en el pa\u00eds m\u00e1s reciente en adherirse a esta Declaraci\u00f3n, una iniciativa liderada por el presidente Donald Trump impulsada originalmente en 2020. El acuerdo fue suscrito por el ministro V\u00edctor \u2018Ito\u2019 Bison\u00f3 Haza y la embajadora Leah Francis Campos.<\/p>\n\n\n\n<p class=\"wp-block-paragraph\">Santo Domingo, RD. \u2013 El Gobierno de Rep\u00fablica Dominicana formaliz\u00f3 su adhesi\u00f3n a la Declaraci\u00f3n de Consenso de Ginebra sobre la Promoci\u00f3n de la Salud de la Mujer y el Fortalecimiento de la Familia, un instrumento que promueve las oportunidades de las mujeres, la protecci\u00f3n de la vida y la preservaci\u00f3n de la familia como eje central de una sociedad.<\/p>\n\n\n\n<p class=\"wp-block-paragraph\">El pa\u00eds se sum\u00f3 a la declaraci\u00f3n mediante un Acuerdo de Adhesi\u00f3n suscrito por el ministro de Relaciones Exteriores, V\u00edctor O. Bison\u00f3 Haza; la embajadora de los Estados Unidos en Santo Domingo, Leah Francis Campos; y la secretaria de la Declaraci\u00f3n de Consenso de Ginebra y directora de la Oficina de Asuntos Globales de Salud y Servicios Humanos de los Estados Unidos (HHS), Bethany Kozma.<\/p>\n\n\n\n<p class=\"wp-block-paragraph\">Durante el acto, el canciller Bison\u00f3 indic\u00f3 que la adhesi\u00f3n al Consenso de Ginebra, el pa\u00eds se incorpora a una creciente comunidad de naciones que reconoce el derecho soberano de cada Estado a definir sus propias pol\u00edticas de acuerdo con su marco constitucional, sus leyes y circunstancias nacionales.<\/p>\n\n\n\n<p class=\"wp-block-paragraph\">\u201cEsta firma constituye una expresi\u00f3n de los principios que forman parte de nuestra visi\u00f3n como naci\u00f3n y que est\u00e1n consagrados en nuestra Carta Magna. Creemos en la igualdad de la mujer ante la ley, en su derecho a desarrollar plenamente su potencial y acceder a las oportunidades que le permitan avanzar\u201d, sostuvo.<\/p>\n\n\n\n<p class=\"wp-block-paragraph\">La secretaria Kozma dio la bienvenida a Rep\u00fablica Dominicana al grupo de naciones dedicadas a proteger la vida, la soberan\u00eda nacional, la familia, la maternidad y la salud de las mujeres en todo el mundo.<\/p>\n\n\n\n<p class=\"wp-block-paragraph\">\u201cLa participaci\u00f3n de la Rep\u00fablica Dominicana fortalece esta coalici\u00f3n de manera significativa y otorga una voz a\u00fan m\u00e1s firme a estos principios en el escenario internacional.\u00bb, asegur\u00f3.<\/p>\n\n\n\n<p class=\"wp-block-paragraph\">Al sumarse a esta iniciativa, la Rep\u00fablica Dominicana reafirma que \u201ctodos son iguales ante la ley\u201d y que los derechos humanos de las mujeres y las ni\u00f1as son \u201cparte inalienable, integral e indivisible de todos los derechos humanos y libertades fundamentales\u201d.<\/p>\n\n\n\n<p class=\"wp-block-paragraph\">Asimismo, reconoce que la familia constituye el elemento natural y fundamental de la sociedad y que, como tal, tiene derecho a la protecci\u00f3n de la sociedad y del Estado; y que la cobertura sanitaria es fundamental.<\/p>\n\n\n\n<p class=\"wp-block-paragraph\">De igual forma, la Rep\u00fablica Dominicana se suma a las naciones soberanas que se comprometen a colaborar con miras a garantizar a las mujeres la igualdad de oportunidades en los \u00e1mbitos pol\u00edtico, econ\u00f3mico y p\u00fablico; mejorar el acceso de mujeres y ni\u00f1as a los avances en materia de salud y desarrollo; fortalecer los sistemas de salud y movilizar recursos para atender las necesidades de mujeres y ni\u00f1os en situaci\u00f3n de riesgo; as\u00ed como promover pol\u00edticas p\u00fablicas favorables a las mujeres, las ni\u00f1as y las familias.<\/p>\n\n\n\n<p class=\"wp-block-paragraph\">Mediante el instrumento, el pa\u00eds reafirma la importancia de la familia como base de la sociedad y como fuente de salud, apoyo y cuidado, al tiempo que reconoce la responsabilidad primordial de los gobiernos de determinar, conforme a sus contextos y prioridades nacionales, las pol\u00edticas y mecanismos para alcanzar la cobertura sanitaria.<\/p>\n\n\n\n<p class=\"wp-block-paragraph\">La Declaraci\u00f3n plantea, adem\u00e1s, que los pa\u00edses adherentes trabajen de manera coordinada en los espacios multilaterales y entablen un di\u00e1logo dentro del sistema de las Naciones Unidas para promover los valores y principios contenidos en el documento, bajo un enfoque de cooperaci\u00f3n entre los Estados.<\/p>\n\n\n\n<p class=\"wp-block-paragraph\">Impulsada originalmente en 2020 como una iniciativa liderada por el presidente de los Estados Unidos, Donald J. Trump, la Declaraci\u00f3n de Consenso de Ginebra sobre la Promoci\u00f3n de la Salud de la Mujer y el Fortalecimiento de la Familia re\u00fane a naciones para proteger la vida, fortalecer la familia y mejorar los resultados de salud de las mujeres y las ni\u00f1as.<\/p>\n\n\n\n<p class=\"wp-block-paragraph\">En el acto de firma, celebrado en el Sal\u00f3n Verde del Ministerio de Relaciones Exteriores, estuvieron presentes el ministro de Salud P\u00fablica, V\u00edctor Atallah; los viceministros, Rub\u00e9n Sili\u00e9, Francisco Caraballo, Hugo F. Rivera y Celin\u00e9s Toribio.<\/p>\n\n\n\n<p class=\"wp-block-paragraph\">Adem\u00e1s, directores y otros funcionarios del MIREX, as\u00ed como funcionarios de la Embajada de los Estados Unidos de Am\u00e9rica en Santo Domingo.<\/p>\n","protected":false},"excerpt":{"rendered":"<p>\u25cf Rep\u00fablica Dominicana se convierte en el pa\u00eds m\u00e1s reciente en adherirse a esta Declaraci\u00f3n, una iniciativa liderada por el presidente Donald Trump impulsada originalmente en 2020. El acuerdo fue&hellip;<\/p>\n","protected":false},"author":10,"featured_media":138911,"comment_status":"open","ping_status":"open","sticky":false,"template":"","format":"standard","meta":{"content-type":"","_jetpack_newsletter_access":"","_jetpack_dont_email_post_to_subs":false,"_jetpack_newsletter_tier_id":0,"_jetpack_memberships_contains_paywalled_content":false,"_jetpack_feature_clip_id":0,"_jetpack_memberships_contains_paid_content":false,"footnotes":"","jetpack_post_was_ever_published":false},"categories":[25],"tags":[36256,2649,1226],"class_list":["post-138910","post","type-post","status-publish","format-standard","has-post-thumbnail","hentry","category-portada","tag-declaracion-de-consenso-de-ginebra","tag-familia","tag-republica-dominicana"],"jetpack-related-posts":[{"id":51648,"url":"https:\/\/lasprimeras.com.do\/index.php\/2023\/06\/01\/presidentes-rd-y-guyana-se-comprometieron-a-buscar-estabilidad-politica-en-haiti\/","url_meta":{"origin":138910,"position":0},"title":"Presidentes RD y Guyana se comprometieron a buscar estabilidad pol\u00edtica en Hait\u00ed","author":"prenxa100","date":"1 de junio de 2023","format":false,"excerpt":"Emiten declaraci\u00f3n conjunta y resaltan discusiones centradas en mejorar las relaciones bilaterales. Firman tres acuerdos bilaterales; el presidente de Guyana se compromete a realizar visita rec\u00edproca al pa\u00eds para fines mes de junio. Por Wilson Perez Georgetown, Guyana. - Los presidentes de Rep\u00fablica Dominicana, Luis Abinader, y de la Rep\u00fablica\u2026","rel":"","context":"En \u00abNACIONALES\u00bb","block_context":{"text":"NACIONALES","link":"https:\/\/lasprimeras.com.do\/index.php\/category\/nacionales\/"},"img":{"alt_text":"","src":"","width":0,"height":0},"classes":[]},{"id":100731,"url":"https:\/\/lasprimeras.com.do\/index.php\/2025\/06\/11\/centrales-sindicales-rd-reconocen-al-presidente-abinader-en-la-oit\/","url_meta":{"origin":138910,"position":1},"title":"Centrales Sindicales RD reconocen al presidente Abinader en la OIT","author":"Nelson Feliz","date":"11 de junio de 2025","format":false,"excerpt":"\u00b7-CNTD, CASC y CNUS destacan respaldo del mandatario al di\u00e1logo social, salarios dignos y seguridad social en Rep\u00fablica Dominicana Ginebra, Suiza. \u2013 En el marco de su participaci\u00f3n en el Foro Anual de la Coalici\u00f3n Mundial para la Justicia Social y la 113\u00aa Conferencia Internacional del Trabajo, organizada por la\u2026","rel":"","context":"En \u00abINTERNACIONALES\u00bb","block_context":{"text":"INTERNACIONALES","link":"https:\/\/lasprimeras.com.do\/index.php\/category\/sin-categoria\/internacionales\/"},"img":{"alt_text":"","src":"https:\/\/i0.wp.com\/lasprimeras.com.do\/wp-content\/uploads\/2025\/06\/Luis-Abinader-4.jpg?resize=350%2C200&ssl=1","width":350,"height":200,"srcset":"https:\/\/i0.wp.com\/lasprimeras.com.do\/wp-content\/uploads\/2025\/06\/Luis-Abinader-4.jpg?resize=350%2C200&ssl=1 1x, https:\/\/i0.wp.com\/lasprimeras.com.do\/wp-content\/uploads\/2025\/06\/Luis-Abinader-4.jpg?resize=525%2C300&ssl=1 1.5x, https:\/\/i0.wp.com\/lasprimeras.com.do\/wp-content\/uploads\/2025\/06\/Luis-Abinader-4.jpg?resize=700%2C400&ssl=1 2x"},"classes":[]},{"id":131137,"url":"https:\/\/lasprimeras.com.do\/index.php\/2026\/05\/19\/victor-atallah-asume-presidencia-de-la-79-a-asamblea-mundial-de-la-salud\/","url_meta":{"origin":138910,"position":2},"title":"V\u00edctor Atallah asume presidencia de la 79.\u00aa Asamblea Mundial de la Salud","author":"Nelson Feliz","date":"19 de mayo de 2026","format":false,"excerpt":"Atallah propone acelerar respuestas globales, abrir el debate sobre medicamentos de alto costo y colocar la salud mental como prioridad internacional Ginebra, Suiza.- La Rep\u00fablica Dominicana asumi\u00f3 este lunes la presidencia de la 79.\u00aa Asamblea Mundial de la Salud, luego de que el ministro de Salud P\u00fablica, V\u00edctor Atallah, fuera\u2026","rel":"","context":"En \u00abSALUD\u00bb","block_context":{"text":"SALUD","link":"https:\/\/lasprimeras.com.do\/index.php\/category\/salud\/"},"img":{"alt_text":"","src":"https:\/\/i0.wp.com\/lasprimeras.com.do\/wp-content\/uploads\/2026\/05\/IMG-20260518-WA09231.jpg?resize=350%2C200&ssl=1","width":350,"height":200,"srcset":"https:\/\/i0.wp.com\/lasprimeras.com.do\/wp-content\/uploads\/2026\/05\/IMG-20260518-WA09231.jpg?resize=350%2C200&ssl=1 1x, https:\/\/i0.wp.com\/lasprimeras.com.do\/wp-content\/uploads\/2026\/05\/IMG-20260518-WA09231.jpg?resize=525%2C300&ssl=1 1.5x, https:\/\/i0.wp.com\/lasprimeras.com.do\/wp-content\/uploads\/2026\/05\/IMG-20260518-WA09231.jpg?resize=700%2C400&ssl=1 2x, https:\/\/i0.wp.com\/lasprimeras.com.do\/wp-content\/uploads\/2026\/05\/IMG-20260518-WA09231.jpg?resize=1050%2C600&ssl=1 3x"},"classes":[]},{"id":100922,"url":"https:\/\/lasprimeras.com.do\/index.php\/2025\/06\/13\/delegacion-de-la-casc-participa-en-la-113-a-conferencia-internacional-del-trabajo-en-ginebra\/","url_meta":{"origin":138910,"position":3},"title":"Delegaci\u00f3n de la CASC participa en la 113.\u00aa Conferencia Internacional del Trabajo en Ginebra","author":"Nelson Feliz","date":"13 de junio de 2025","format":false,"excerpt":"Ginebra, Suiza.\u2013 Una delegaci\u00f3n de dirigentes de alto nivel de la Confederaci\u00f3n Aut\u00f3noma Sindical Clasista (CASC), encabezada por su presidente, Gabriel del R\u00edo Do\u00f1\u00e9, se encuentra participando en la 113.\u00aa Conferencia Internacional del Trabajo, que se celebra en la sede de la Organizaci\u00f3n Internacional del Trabajo (OIT), en Ginebra, Suiza.\u2026","rel":"","context":"En \u00abNACIONALES\u00bb","block_context":{"text":"NACIONALES","link":"https:\/\/lasprimeras.com.do\/index.php\/category\/nacionales\/"},"img":{"alt_text":"","src":"https:\/\/i0.wp.com\/lasprimeras.com.do\/wp-content\/uploads\/2025\/06\/casc.jpg?resize=350%2C200&ssl=1","width":350,"height":200,"srcset":"https:\/\/i0.wp.com\/lasprimeras.com.do\/wp-content\/uploads\/2025\/06\/casc.jpg?resize=350%2C200&ssl=1 1x, https:\/\/i0.wp.com\/lasprimeras.com.do\/wp-content\/uploads\/2025\/06\/casc.jpg?resize=525%2C300&ssl=1 1.5x, https:\/\/i0.wp.com\/lasprimeras.com.do\/wp-content\/uploads\/2025\/06\/casc.jpg?resize=700%2C400&ssl=1 2x"},"classes":[]},{"id":108799,"url":"https:\/\/lasprimeras.com.do\/index.php\/2025\/09\/10\/danilo-saluda-consenso-nacional-por-la-frontera-y-llama-a-sacar-provecho-del-dialogo\/","url_meta":{"origin":138910,"position":4},"title":"Danilo saluda consenso nacional por la frontera y llama a sacar provecho del di\u00e1logo","author":"Nelson Feliz","date":"10 de septiembre de 2025","format":false,"excerpt":"El ex expresidente de la Rep\u00fablica, Danilo Medina, presidente del Partido de la Liberaci\u00f3n Dominicana recibi\u00f3 este mi\u00e9rcoles el documento final del di\u00e1logo sobre la crisis haitiana y sus implicaciones para la Rep\u00fablica Dominicana entregado por una delegaci\u00f3n del Consejo Econ\u00f3mico y Social (CES), encabezada por su presidente Rafael Toribio.\u2026","rel":"","context":"En \u00abPOLITICA\u00bb","block_context":{"text":"POLITICA","link":"https:\/\/lasprimeras.com.do\/index.php\/category\/politica\/"},"img":{"alt_text":"","src":"https:\/\/i0.wp.com\/lasprimeras.com.do\/wp-content\/uploads\/2025\/09\/PLD-1.jpg?resize=350%2C200&ssl=1","width":350,"height":200,"srcset":"https:\/\/i0.wp.com\/lasprimeras.com.do\/wp-content\/uploads\/2025\/09\/PLD-1.jpg?resize=350%2C200&ssl=1 1x, https:\/\/i0.wp.com\/lasprimeras.com.do\/wp-content\/uploads\/2025\/09\/PLD-1.jpg?resize=525%2C300&ssl=1 1.5x, https:\/\/i0.wp.com\/lasprimeras.com.do\/wp-content\/uploads\/2025\/09\/PLD-1.jpg?resize=700%2C400&ssl=1 2x"},"classes":[]},{"id":132338,"url":"https:\/\/lasprimeras.com.do\/index.php\/2026\/06\/01\/sillas-vacias-en-ginebra-alberto-castillo-aroca-senala-una-brecha-de-representacion-en-la-oit\/","url_meta":{"origin":138910,"position":5},"title":"&#8220;Sillas vac\u00edas en Ginebra&#8221;: Alberto Castillo Aroca se\u00f1ala una brecha de representaci\u00f3n en la OIT","author":"Nelson Feliz","date":"1 de junio de 2026","format":false,"excerpt":"Solicita reevaluar el visado Schengen para dominicanos Ginebra, Suiza. - Al abrirse las puertas del Palacio de las Naciones para la 114.\u00aa Conferencia Internacional del Trabajo (CIT), el eco de los pasos en los pasillos de la ONU no pertenece a la delegaci\u00f3n completa de la Rep\u00fablica Dominicana. Hay un\u2026","rel":"","context":"En \u00abLA VOZ DE LA DIASPORA\u00bb","block_context":{"text":"LA VOZ DE LA DIASPORA","link":"https:\/\/lasprimeras.com.do\/index.php\/category\/la-voz-de-la-diaspora\/"},"img":{"alt_text":"","src":"https:\/\/i0.wp.com\/lasprimeras.com.do\/wp-content\/uploads\/2026\/06\/IMG-20260306-WA1449.jpg?resize=350%2C200&ssl=1","width":350,"height":200,"srcset":"https:\/\/i0.wp.com\/lasprimeras.com.do\/wp-content\/uploads\/2026\/06\/IMG-20260306-WA1449.jpg?resize=350%2C200&ssl=1 1x, https:\/\/i0.wp.com\/lasprimeras.com.do\/wp-content\/uploads\/2026\/06\/IMG-20260306-WA1449.jpg?resize=525%2C300&ssl=1 1.5x, https:\/\/i0.wp.com\/lasprimeras.com.do\/wp-content\/uploads\/2026\/06\/IMG-20260306-WA1449.jpg?resize=700%2C400&ssl=1 2x, https:\/\/i0.wp.com\/lasprimeras.com.do\/wp-content\/uploads\/2026\/06\/IMG-20260306-WA1449.jpg?resize=1050%2C600&ssl=1 3x, https:\/\/i0.wp.com\/lasprimeras.com.do\/wp-content\/uploads\/2026\/06\/IMG-20260306-WA1449.jpg?resize=1400%2C800&ssl=1 4x"},"classes":[]}],"jetpack_sharing_enabled":true,"jetpack_featured_media_url":"https:\/\/lasprimeras.com.do\/wp-content\/uploads\/2026\/09\/IMG_3879.JPG-768x498-1.jpeg","_links":{"self":[{"href":"https:\/\/lasprimeras.com.do\/index.php\/wp-json\/wp\/v2\/posts\/138910","targetHints":{"allow":["GET"]}}],"collection":[{"href":"https:\/\/lasprimeras.com.do\/index.php\/wp-json\/wp\/v2\/posts"}],"about":[{"href":"https:\/\/lasprimeras.com.do\/index.php\/wp-json\/wp\/v2\/types\/post"}],"author":[{"embeddable":true,"href":"https:\/\/lasprimeras.com.do\/index.php\/wp-json\/wp\/v2\/users\/10"}],"replies":[{"embeddable":true,"href":"https:\/\/lasprimeras.com.do\/index.php\/wp-json\/wp\/v2\/comments?post=138910"}],"version-history":[{"count":1,"href":"https:\/\/lasprimeras.com.do\/index.php\/wp-json\/wp\/v2\/posts\/138910\/revisions"}],"predecessor-version":[{"id":138912,"href":"https:\/\/lasprimeras.com.do\/index.php\/wp-json\/wp\/v2\/posts\/138910\/revisions\/138912"}],"wp:featuredmedia":[{"embeddable":true,"href":"https:\/\/lasprimeras.com.do\/index.php\/wp-json\/wp\/v2\/media\/138911"}],"wp:attachment":[{"href":"https:\/\/lasprimeras.com.do\/index.php\/wp-json\/wp\/v2\/media?parent=138910"}],"wp:term":[{"taxonomy":"category","embeddable":true,"href":"https:\/\/lasprimeras.com.do\/index.php\/wp-json\/wp\/v2\/categories?post=138910"},{"taxonomy":"post_tag","embeddable":true,"href":"https:\/\/lasprimeras.com.do\/index.php\/wp-json\/wp\/v2\/tags?post=138910"}],"curies":[{"name":"wp","href":"https:\/\/api.w.org\/{rel}","templated":true}]}}