{"id":138919,"date":"2026-09-03T08:37:45","date_gmt":"2026-09-03T12:37:45","guid":{"rendered":"https:\/\/lasprimeras.com.do\/?p=138919"},"modified":"2026-09-03T08:37:47","modified_gmt":"2026-09-03T12:37:47","slug":"por-un-milagro-de-dios-hombre-sobrevive-en-nyc-al-caerle-un-rayo","status":"publish","type":"post","link":"https:\/\/lasprimeras.com.do\/index.php\/2026\/09\/03\/por-un-milagro-de-dios-hombre-sobrevive-en-nyc-al-caerle-un-rayo\/","title":{"rendered":"Por un milagro de Dios hombre sobrevive en NYC al caerle un rayo"},"content":{"rendered":"\n<p class=\"wp-block-paragraph\">Video:<\/p>\n\n\n\n<figure class=\"wp-block-embed is-type-video is-provider-youtube wp-block-embed-youtube wp-embed-aspect-16-9 wp-has-aspect-ratio\"><div class=\"wp-block-embed__wrapper\">\n<iframe title=\"Por un milagro de Dios hombre sobrevive en NYC al caerle un rayo\" width=\"500\" height=\"281\" src=\"https:\/\/www.youtube.com\/embed\/ipQY3GzRwYE?feature=oembed\" frameborder=\"0\" allow=\"accelerometer; autoplay; clipboard-write; encrypted-media; gyroscope; picture-in-picture; web-share\" referrerpolicy=\"strict-origin-when-cross-origin\" allowfullscreen><\/iframe>\n<\/div><\/figure>\n\n\n\n<p class=\"wp-block-paragraph\">Por Ram\u00f3n Mercedes<\/p>\n\n\n\n<p class=\"wp-block-paragraph\">NUEVA YORK.\u2013 Por un milagro de Dios, Thomas Fahmy sobrevivi\u00f3 hace pocos d\u00edas a un impacto directo de un rayo que cay\u00f3 cerca de sus pies cuando se dirig\u00eda a su autom\u00f3vil, en el condado de Staten Island, en esta ciudad.<\/p>\n\n\n\n<p class=\"wp-block-paragraph\">El hombre fue derribado de inmediato por la descarga el\u00e9ctrica.<\/p>\n\n\n\n<p class=\"wp-block-paragraph\">Sin embargo, pocos minutos despu\u00e9s logr\u00f3 levantarse sin quemaduras visibles y regres\u00f3 a su vivienda, ubicada a escasos metros.<\/p>\n\n\n\n<p class=\"wp-block-paragraph\">Una vecina se percat\u00f3 del hecho y llam\u00f3 a emergencias.<\/p>\n\n\n\n<p class=\"wp-block-paragraph\">En pocos minutos lleg\u00f3 una ambulancia y lo traslad\u00f3 a un hospital, donde permaneci\u00f3 una noche en observaci\u00f3n.<\/p>\n\n\n\n<p class=\"wp-block-paragraph\">Fahmy declar\u00f3 a la prensa: \u201ccuando me alcanz\u00f3 el rayo, las sensaciones iniciales que experiment\u00e9 en todo el cuerpo fueron completamente inusuales: hormigueo, entumecimiento, dolor y una sensaci\u00f3n intensa de ardor\u201d.<\/p>\n\n\n\n<p class=\"wp-block-paragraph\">Asimismo, explic\u00f3: \u201cme hicieron varios ex\u00e1menes m\u00e9dicos y no encontraron ninguna lesi\u00f3n\u201d.<\/p>\n\n\n\n<p class=\"wp-block-paragraph\">\u201cEl domingo fui a la iglesia para dar gracias a Dios.\u201d<\/p>\n\n\n\n<p class=\"wp-block-paragraph\">Un rayo es una descarga el\u00e9ctrica natural muy potente que se produce entre una nube y la superficie terrestre.<\/p>\n\n\n\n<p class=\"wp-block-paragraph\">La descarga inicial puede propagarse a una velocidad cercana a los 200.000 kil\u00f3metros por hora.<\/p>\n\n\n\n<p class=\"wp-block-paragraph\">Cuando se establece la conexi\u00f3n con el suelo, la descarga de retorno, la que ilumina el cielo, viaja a\u00fan m\u00e1s r\u00e1pido: cerca de 100.000 kil\u00f3metros por segundo.<\/p>\n\n\n\n<p class=\"wp-block-paragraph\">El sonido fuerte y estruendoso que se escucha despu\u00e9s del rel\u00e1mpago se llama trueno, y se produce por el calentamiento y la r\u00e1pida expansi\u00f3n del aire.<\/p>\n\n\n\n<p class=\"wp-block-paragraph\">Existen varios tipos de rayos clasificados seg\u00fan su origen y la direcci\u00f3n de su carga el\u00e9ctrica, son: nube a nube, tambi\u00e9n llamados intranube, los m\u00e1s frecuentes; nube a tierra, muy potentes y peligrosos; tierra a nube, poco comunes; y nube a aire, cuando la descarga se disipa en el aire.<\/p>\n\n\n\n<p class=\"wp-block-paragraph\">Se calcula que unas 20 mil personas mueren en el mundo al a\u00f1o y unas 240 mil resultan heridas.<\/p>\n\n\n\n<p class=\"wp-block-paragraph\">La mayor\u00eda de los casos se concentran en regiones tropicales de \u00c1frica, Asia y Am\u00e9rica Latina.<\/p>\n\n\n\n<p class=\"wp-block-paragraph\">En Estados Unidos caen unos 37 millones de rayos al a\u00f1o, con aproximadamente 26 personas fallecidas y cerca de 300 heridas, pero muchas sufren secuelas neurol\u00f3gicas u otras lesiones permanentes.<\/p>\n\n\n\n<p class=\"wp-block-paragraph\">En mediciones satelitales de la NASA y la densidad de rayos en el Caribe, se estima que en Rep\u00fablica Dominicana cae cerca de un mill\u00f3n de rayos al a\u00f1o.<\/p>\n\n\n\n<p class=\"wp-block-paragraph\">La actividad se concentra sobre todo en temporada lluviosa, de mayo a octubre, y en zonas monta\u00f1osas.<\/p>\n","protected":false},"excerpt":{"rendered":"<p>Video: Por Ram\u00f3n Mercedes NUEVA YORK.\u2013 Por un milagro de Dios, Thomas Fahmy sobrevivi\u00f3 hace pocos d\u00edas a un impacto directo de un rayo que cay\u00f3 cerca de sus pies&hellip;<\/p>\n","protected":false},"author":10,"featured_media":138920,"comment_status":"open","ping_status":"open","sticky":false,"template":"","format":"standard","meta":{"content-type":"","_jetpack_newsletter_access":"","_jetpack_dont_email_post_to_subs":false,"_jetpack_newsletter_tier_id":0,"_jetpack_memberships_contains_paywalled_content":false,"_jetpack_feature_clip_id":0,"_jetpack_memberships_contains_paid_content":false,"footnotes":"","jetpack_post_was_ever_published":false},"categories":[25580],"tags":[316],"class_list":["post-138919","post","type-post","status-publish","format-standard","has-post-thumbnail","hentry","category-la-voz-de-la-diaspora","tag-nyc"],"jetpack-related-posts":[{"id":118964,"url":"https:\/\/lasprimeras.com.do\/index.php\/2026\/01\/05\/la-violencia-inicia-en-nyc-junto-al-ano-nuevo\/","url_meta":{"origin":138919,"position":0},"title":"La violencia inicia en NYC junto al A\u00f1o Nuevo","author":"Nelson Feliz","date":"5 de enero de 2026","format":false,"excerpt":"Por Ram\u00f3n Mercedes NUEVA YORK.- Un taxista de Uber fue la primera v\u00edctima acaecida por balas en este 2026 en esta ciudad. El conductor de 55 a\u00f1os fue asesinado a tiros en la esquina de la avenida Morris y Cross Bronx Expressway, en Tremont, El Bronx, poco antes de las\u2026","rel":"","context":"En \u00abINTERNACIONALES\u00bb","block_context":{"text":"INTERNACIONALES","link":"https:\/\/lasprimeras.com.do\/index.php\/category\/sin-categoria\/internacionales\/"},"img":{"alt_text":"","src":"https:\/\/i0.wp.com\/lasprimeras.com.do\/wp-content\/uploads\/2025\/06\/WhatsApp-Image-2025-06-02-at-7.03.09-AM-3.jpeg?resize=350%2C200&ssl=1","width":350,"height":200,"srcset":"https:\/\/i0.wp.com\/lasprimeras.com.do\/wp-content\/uploads\/2025\/06\/WhatsApp-Image-2025-06-02-at-7.03.09-AM-3.jpeg?resize=350%2C200&ssl=1 1x, https:\/\/i0.wp.com\/lasprimeras.com.do\/wp-content\/uploads\/2025\/06\/WhatsApp-Image-2025-06-02-at-7.03.09-AM-3.jpeg?resize=525%2C300&ssl=1 1.5x"},"classes":[]},{"id":98151,"url":"https:\/\/lasprimeras.com.do\/index.php\/2025\/05\/02\/violaciones-sexuales-en-trenes-se-estan-volviendo-recurrentes-otros-hechos-muestran-a-un-nyc-salvaje\/","url_meta":{"origin":138919,"position":1},"title":"Violaciones sexuales en trenes se est\u00e1n volviendo recurrentes; otros hechos muestran a un NYC salvaje","author":"Nelson Feliz","date":"2 de mayo de 2025","format":false,"excerpt":"Por Ram\u00f3n Mercedes NUEVA YORK.- Acontecimientos sucedidos en los \u00faltimos d\u00edas en esta ciudad muestran y dan la percepci\u00f3n de un NYC salvaje por las caracter\u00edsticas de los hechos. El pasado mes, el hispano F\u00e9lix Rojas, de 44 a\u00f1os, rob\u00f3 y viol\u00f3 el cad\u00e1ver de un hombre que muriera por\u2026","rel":"","context":"En \u00abINTERNACIONALES\u00bb","block_context":{"text":"INTERNACIONALES","link":"https:\/\/lasprimeras.com.do\/index.php\/category\/sin-categoria\/internacionales\/"},"img":{"alt_text":"Violaciones sexuales en trenes se est\u00e1n volviendo recurrentes","src":"https:\/\/i0.wp.com\/lasprimeras.com.do\/wp-content\/uploads\/2025\/05\/WhatsApp-Image-2025-05-02-at-6.11.52-AM.jpeg?resize=350%2C200&ssl=1","width":350,"height":200,"srcset":"https:\/\/i0.wp.com\/lasprimeras.com.do\/wp-content\/uploads\/2025\/05\/WhatsApp-Image-2025-05-02-at-6.11.52-AM.jpeg?resize=350%2C200&ssl=1 1x, https:\/\/i0.wp.com\/lasprimeras.com.do\/wp-content\/uploads\/2025\/05\/WhatsApp-Image-2025-05-02-at-6.11.52-AM.jpeg?resize=525%2C300&ssl=1 1.5x, https:\/\/i0.wp.com\/lasprimeras.com.do\/wp-content\/uploads\/2025\/05\/WhatsApp-Image-2025-05-02-at-6.11.52-AM.jpeg?resize=700%2C400&ssl=1 2x"},"classes":[]},{"id":96230,"url":"https:\/\/lasprimeras.com.do\/index.php\/2025\/03\/28\/alcalde-nyc-asiste-encuentro-en-alto-manhattan-con-poca-asistencia-de-dominicanos\/","url_meta":{"origin":138919,"position":2},"title":"Alcalde NYC asiste encuentro en Alto Manhattan con poca asistencia de dominicanos","author":"Nelson Feliz","date":"28 de marzo de 2025","format":false,"excerpt":"Por Ram\u00f3n Mercedes NUEVA YORK.- El alcalde de esta ciudad, Eric Adams, asisti\u00f3 la noche de este lunes a un encuentro en el Alto Manhattan, que convocara su comisionado de Transporte de NYC (DOT), Ydanis Rodr\u00edguez, con la comunidad dominicana. Contrario a las convocatorias que con frecuencia efectuaba Rodr\u00edguez cuando\u2026","rel":"","context":"En \u00abINTERNACIONALES\u00bb","block_context":{"text":"INTERNACIONALES","link":"https:\/\/lasprimeras.com.do\/index.php\/category\/sin-categoria\/internacionales\/"},"img":{"alt_text":"Alcalde NYC asiste encuentro en Alto Manhattan con poca asistencia de dominicanos","src":"https:\/\/i0.wp.com\/lasprimeras.com.do\/wp-content\/uploads\/2025\/03\/WhatsApp-Image-2025-03-27-at-6.14.59-AM.jpeg?resize=350%2C200&ssl=1","width":350,"height":200,"srcset":"https:\/\/i0.wp.com\/lasprimeras.com.do\/wp-content\/uploads\/2025\/03\/WhatsApp-Image-2025-03-27-at-6.14.59-AM.jpeg?resize=350%2C200&ssl=1 1x, https:\/\/i0.wp.com\/lasprimeras.com.do\/wp-content\/uploads\/2025\/03\/WhatsApp-Image-2025-03-27-at-6.14.59-AM.jpeg?resize=525%2C300&ssl=1 1.5x"},"classes":[]},{"id":102958,"url":"https:\/\/lasprimeras.com.do\/index.php\/2025\/07\/10\/villarivenses-nyc-agradecen-presidente-abinader-haya-inaugurado-hospital-villa-riva\/","url_meta":{"origin":138919,"position":3},"title":"Villarivenses NYC agradecen presidente Abinader haya inaugurado hospital Villa Riva","author":"Nelson Feliz","date":"10 de julio de 2025","format":false,"excerpt":"https:\/\/www.youtube.com\/shorts\/MRyx3dXhg2Y Por Ram\u00f3n Mercedes NUEVA YORK.- Dominicanos procedentes del municipio de Villa Riva, provincia Duarte, y residentes en esta ciudad, manifestaron valorar y agradecer al presidente Luis Abinader haber inaugurado el pasado domingo el hospital p\u00fablico de su pueblo, que prestar\u00e1 servicios a m\u00e1s de 33 mil habitantes. En documento,\u2026","rel":"","context":"En \u00abSALUD\u00bb","block_context":{"text":"SALUD","link":"https:\/\/lasprimeras.com.do\/index.php\/category\/salud\/"},"img":{"alt_text":"","src":"https:\/\/i0.wp.com\/lasprimeras.com.do\/wp-content\/uploads\/2025\/07\/VR.jpg?resize=350%2C200&ssl=1","width":350,"height":200,"srcset":"https:\/\/i0.wp.com\/lasprimeras.com.do\/wp-content\/uploads\/2025\/07\/VR.jpg?resize=350%2C200&ssl=1 1x, https:\/\/i0.wp.com\/lasprimeras.com.do\/wp-content\/uploads\/2025\/07\/VR.jpg?resize=525%2C300&ssl=1 1.5x, https:\/\/i0.wp.com\/lasprimeras.com.do\/wp-content\/uploads\/2025\/07\/VR.jpg?resize=700%2C400&ssl=1 2x"},"classes":[]},{"id":99322,"url":"https:\/\/lasprimeras.com.do\/index.php\/2025\/05\/20\/hombre-asesinado-de-un-tiro-frente-a-un-cuartel-en-harlem-otros-hechos-violentos-en-nyc\/","url_meta":{"origin":138919,"position":4},"title":"Hombre asesinado de un tiro frente a un cuartel en Harlem; otros hechos violentos en NYC","author":"Nelson Feliz","date":"20 de mayo de 2025","format":false,"excerpt":"Por Ram\u00f3n Mercedes NUEVA YORK.- Un hombre fue asesinado de un tiro en la cabeza frente a un cuartel de la polic\u00eda en el sector de Harlem, en esta ciudad, publica la prensa neoyorkina. El Departamento de Polic\u00eda de NYC inform\u00f3 que el hecho sucedi\u00f3 este domingo a las 11:40\u2026","rel":"","context":"En \u00abINTERNACIONALES\u00bb","block_context":{"text":"INTERNACIONALES","link":"https:\/\/lasprimeras.com.do\/index.php\/category\/sin-categoria\/internacionales\/"},"img":{"alt_text":"","src":"https:\/\/i0.wp.com\/lasprimeras.com.do\/wp-content\/uploads\/2025\/05\/WhatsApp-Image-2025-05-20-at-6.32.53-AM.jpeg?resize=350%2C200&ssl=1","width":350,"height":200,"srcset":"https:\/\/i0.wp.com\/lasprimeras.com.do\/wp-content\/uploads\/2025\/05\/WhatsApp-Image-2025-05-20-at-6.32.53-AM.jpeg?resize=350%2C200&ssl=1 1x, https:\/\/i0.wp.com\/lasprimeras.com.do\/wp-content\/uploads\/2025\/05\/WhatsApp-Image-2025-05-20-at-6.32.53-AM.jpeg?resize=525%2C300&ssl=1 1.5x"},"classes":[]},{"id":51869,"url":"https:\/\/lasprimeras.com.do\/index.php\/2023\/06\/04\/adolescente-apunalado-en-el-metro-de-nueva-york-al-pedir-que-bajaran-volumen-de-la-musica\/","url_meta":{"origin":138919,"position":5},"title":"Adolescente apu\u00f1alado en el Metro de Nueva York al pedir que bajaran volumen de la m\u00fasica","author":"prenxa100","date":"4 de junio de 2023","format":false,"excerpt":"Un adolescente de 17 a\u00f1os fue apu\u00f1alado anoche en la pierna dentro de un vag\u00f3n en el Metro de Nueva York en Brooklyn. Al parecer le hab\u00eda pedido a un tr\u00edo que bajara el volumen de la m\u00fasica que estaban escuchando. Un adolescente de 17 a\u00f1os fue apu\u00f1alado anoche en\u2026","rel":"","context":"En \u00abSin categor\u00eda\u00bb","block_context":{"text":"Sin categor\u00eda","link":"https:\/\/lasprimeras.com.do\/index.php\/category\/sin-categoria\/"},"img":{"alt_text":"","src":"","width":0,"height":0},"classes":[]}],"jetpack_sharing_enabled":true,"jetpack_featured_media_url":"https:\/\/lasprimeras.com.do\/wp-content\/uploads\/2026\/09\/IMG-20260903-WA0028.jpg","_links":{"self":[{"href":"https:\/\/lasprimeras.com.do\/index.php\/wp-json\/wp\/v2\/posts\/138919","targetHints":{"allow":["GET"]}}],"collection":[{"href":"https:\/\/lasprimeras.com.do\/index.php\/wp-json\/wp\/v2\/posts"}],"about":[{"href":"https:\/\/lasprimeras.com.do\/index.php\/wp-json\/wp\/v2\/types\/post"}],"author":[{"embeddable":true,"href":"https:\/\/lasprimeras.com.do\/index.php\/wp-json\/wp\/v2\/users\/10"}],"replies":[{"embeddable":true,"href":"https:\/\/lasprimeras.com.do\/index.php\/wp-json\/wp\/v2\/comments?post=138919"}],"version-history":[{"count":1,"href":"https:\/\/lasprimeras.com.do\/index.php\/wp-json\/wp\/v2\/posts\/138919\/revisions"}],"predecessor-version":[{"id":138921,"href":"https:\/\/lasprimeras.com.do\/index.php\/wp-json\/wp\/v2\/posts\/138919\/revisions\/138921"}],"wp:featuredmedia":[{"embeddable":true,"href":"https:\/\/lasprimeras.com.do\/index.php\/wp-json\/wp\/v2\/media\/138920"}],"wp:attachment":[{"href":"https:\/\/lasprimeras.com.do\/index.php\/wp-json\/wp\/v2\/media?parent=138919"}],"wp:term":[{"taxonomy":"category","embeddable":true,"href":"https:\/\/lasprimeras.com.do\/index.php\/wp-json\/wp\/v2\/categories?post=138919"},{"taxonomy":"post_tag","embeddable":true,"href":"https:\/\/lasprimeras.com.do\/index.php\/wp-json\/wp\/v2\/tags?post=138919"}],"curies":[{"name":"wp","href":"https:\/\/api.w.org\/{rel}","templated":true}]}}