{"id":138924,"date":"2026-09-03T09:28:41","date_gmt":"2026-09-03T13:28:41","guid":{"rendered":"https:\/\/lasprimeras.com.do\/?p=138924"},"modified":"2026-09-03T09:28:42","modified_gmt":"2026-09-03T13:28:42","slug":"extraditan-a-eeuu-otro-dominicano-acusado-de-trafico-de-drogas-y-lavado-de-activos","status":"publish","type":"post","link":"https:\/\/lasprimeras.com.do\/index.php\/2026\/09\/03\/extraditan-a-eeuu-otro-dominicano-acusado-de-trafico-de-drogas-y-lavado-de-activos\/","title":{"rendered":"Extraditan a EEUU otro dominicano acusado de tr\u00e1fico de drogas y lavado de activos"},"content":{"rendered":"\n<p class=\"wp-block-paragraph\">_La entrega del imputado materializa los acuerdos de asistencia jur\u00eddica entre la Rep\u00fablica Dominicana y los Estados Unidos para el combate al crimen transnacional._<\/p>\n\n\n\n<p class=\"wp-block-paragraph\">Santo Domingo.- La Procuradur\u00eda General de la Rep\u00fablica (PGR) y la Direcci\u00f3n Nacional de Control de Drogas (DNCD), apoyados por el Servicio de Alguaciles de Estados Unidos, (U.S. Marshals) ejecutaron el traslado y entrega a las autoridades norteamericanas de un dominicano acusado de narcotr\u00e1fico y lavado de activos en Puerto Rico.<\/p>\n\n\n\n<p class=\"wp-block-paragraph\">Fidel Antonio Knight Cerda, (Nei) fue custodiado hacia el Aeropuerto Internacional de Las Am\u00e9ricas, (AILA-JFPG) por unidades especiales de la DNCD que lo entregaron a oficiales estadounidenses, quienes lo trasladaron en un vuelo comercial hacia la vecina isla.<\/p>\n\n\n\n<p class=\"wp-block-paragraph\">Knight Cerda de 36 a\u00f1os, enfrentar\u00e1 cargos por ante un tribunal para el Distrito judicial de Puerto Rico de asociaci\u00f3n delictuosa para distribuir narc\u00f3ticos, conspirar para distribuir cinco kilogramos o m\u00e1s de una mezcla o sustancia con cantidad detectable de coca\u00edna, complicidad, encubrimiento y lavado de activos.<\/p>\n\n\n\n<p class=\"wp-block-paragraph\">El dominicano fue arrestado por agentes policiales durante un operativo de seguimiento y vigilancia ejecutado en la provincia de La Romana, atendiendo a una orden de captura dictada por la Segunda Sala de la Suprema Corte de Justicia.<\/p>\n\n\n\n<p class=\"wp-block-paragraph\">La extradici\u00f3n se hizo efectiva en cumplimiento al decreto 541-26 del Poder Ejecutivo en estricto cumplimiento a los acuerdos bilaterales de cooperaci\u00f3n jur\u00eddica y lucha contra el crimen organizado transnacional entre la Rep\u00fablica Dominicana y Estados Unidos.<\/p>\n","protected":false},"excerpt":{"rendered":"<p>_La entrega del imputado materializa los acuerdos de asistencia jur\u00eddica entre la Rep\u00fablica Dominicana y los Estados Unidos para el combate al crimen transnacional._ Santo Domingo.- La Procuradur\u00eda General de&hellip;<\/p>\n","protected":false},"author":10,"featured_media":138925,"comment_status":"open","ping_status":"open","sticky":false,"template":"","format":"standard","meta":{"content-type":"","_jetpack_newsletter_access":"","_jetpack_dont_email_post_to_subs":false,"_jetpack_newsletter_tier_id":0,"_jetpack_memberships_contains_paywalled_content":false,"_jetpack_feature_clip_id":0,"_jetpack_memberships_contains_paid_content":false,"footnotes":"","jetpack_post_was_ever_published":false},"categories":[35],"tags":[364,36257,5724],"class_list":["post-138924","post","type-post","status-publish","format-standard","has-post-thumbnail","hentry","category-nacionales","tag-dominicano","tag-extraditan-eeuu","tag-narcotrafico"],"jetpack-related-posts":[{"id":132060,"url":"https:\/\/lasprimeras.com.do\/index.php\/2026\/05\/28\/entregan-dominicano-acusado-de-varios-cargos-por-narcotrafico-a-los-ee-uu\/","url_meta":{"origin":138924,"position":0},"title":"Entregan dominicano acusado de varios cargos por narcotr\u00e1fico a los EE.UU.","author":"Nelson Feliz","date":"28 de mayo de 2026","format":false,"excerpt":"Su extradici\u00f3n se produjo por el AILA donde fue entregado a oficiales estadounidenses para que responda las acusaciones en su contra Santo Domingo.- Las autoridades dominicanas, a trav\u00e9s de la Procuradur\u00eda General de la Rep\u00fablica (PGR) y la Direcci\u00f3n Nacional de Control de Drogas (DNCD), con el apoyo del Servicio\u2026","rel":"","context":"En \u00abMILITARES\u00bb","block_context":{"text":"MILITARES","link":"https:\/\/lasprimeras.com.do\/index.php\/category\/militares\/"},"img":{"alt_text":"","src":"https:\/\/i0.wp.com\/lasprimeras.com.do\/wp-content\/uploads\/2026\/05\/IMG-20260528-WA0506.jpg?resize=350%2C200&ssl=1","width":350,"height":200,"srcset":"https:\/\/i0.wp.com\/lasprimeras.com.do\/wp-content\/uploads\/2026\/05\/IMG-20260528-WA0506.jpg?resize=350%2C200&ssl=1 1x, https:\/\/i0.wp.com\/lasprimeras.com.do\/wp-content\/uploads\/2026\/05\/IMG-20260528-WA0506.jpg?resize=525%2C300&ssl=1 1.5x, https:\/\/i0.wp.com\/lasprimeras.com.do\/wp-content\/uploads\/2026\/05\/IMG-20260528-WA0506.jpg?resize=700%2C400&ssl=1 2x, https:\/\/i0.wp.com\/lasprimeras.com.do\/wp-content\/uploads\/2026\/05\/IMG-20260528-WA0506.jpg?resize=1050%2C600&ssl=1 3x, https:\/\/i0.wp.com\/lasprimeras.com.do\/wp-content\/uploads\/2026\/05\/IMG-20260528-WA0506.jpg?resize=1400%2C800&ssl=1 4x"},"classes":[]},{"id":110783,"url":"https:\/\/lasprimeras.com.do\/index.php\/2025\/10\/01\/extraditaron-a-ee-uu-cuatro-dominicanos-acusados-de-fraude-electronico-y-lavado-de-activos\/","url_meta":{"origin":138924,"position":1},"title":"Extraditaron a EE.UU. cuatro dominicanos acusados de fraude electr\u00f3nico y lavado de activos","author":"Nelson Feliz","date":"1 de octubre de 2025","format":false,"excerpt":"Los hombres fueron detenidos por las autoridades en medio de la Operaci\u00f3n Discovery 3.0 para ser procesados por la Estafa de los Abuelos La Procuradur\u00eda General de la Rep\u00fablica (PGR) y la Direccion Nacional de Control de Drogas (DNCD) apoyados por Alguaciles de Estados Unidos, (U.S. Marshals), extraditaron a cuatro\u2026","rel":"","context":"En \u00abJUSTICIA\u00bb","block_context":{"text":"JUSTICIA","link":"https:\/\/lasprimeras.com.do\/index.php\/category\/justicia\/"},"img":{"alt_text":"","src":"https:\/\/i0.wp.com\/lasprimeras.com.do\/wp-content\/uploads\/2025\/10\/DNCD.jpg?resize=350%2C200&ssl=1","width":350,"height":200,"srcset":"https:\/\/i0.wp.com\/lasprimeras.com.do\/wp-content\/uploads\/2025\/10\/DNCD.jpg?resize=350%2C200&ssl=1 1x, https:\/\/i0.wp.com\/lasprimeras.com.do\/wp-content\/uploads\/2025\/10\/DNCD.jpg?resize=525%2C300&ssl=1 1.5x, https:\/\/i0.wp.com\/lasprimeras.com.do\/wp-content\/uploads\/2025\/10\/DNCD.jpg?resize=700%2C400&ssl=1 2x"},"classes":[]},{"id":58603,"url":"https:\/\/lasprimeras.com.do\/index.php\/2023\/08\/25\/rd-entrega-dos-dominicanos-acusados-de-narcotrafico-en-estados-unidos\/","url_meta":{"origin":138924,"position":2},"title":"RD entrega dos dominicanos acusados de narcotr\u00e1fico en Estados Unidos","author":"Nelson Feliz","date":"25 de agosto de 2023","format":false,"excerpt":"Por Martin Restituyo La Procuradur\u00eda General de la Rep\u00fablica y agentes de la Direcci\u00f3n Nacional de Control de Drogas (DNCD), extraditaron a Estados Unidos a dos dominicanos acusados de narcotr\u00e1fico y otros delitos, en Virginia y Pensilvania. Se trata de Carlos Manuel Vidal Escoboza y Habys Omar Meran Peralta, quienes\u2026","rel":"","context":"En \u00abMILITARES\u00bb","block_context":{"text":"MILITARES","link":"https:\/\/lasprimeras.com.do\/index.php\/category\/militares\/"},"img":{"alt_text":"DNCD","src":"https:\/\/i0.wp.com\/lasprimeras.com.do\/wp-content\/uploads\/2023\/08\/preso-1-1.jpg?resize=350%2C200&ssl=1","width":350,"height":200,"srcset":"https:\/\/i0.wp.com\/lasprimeras.com.do\/wp-content\/uploads\/2023\/08\/preso-1-1.jpg?resize=350%2C200&ssl=1 1x, https:\/\/i0.wp.com\/lasprimeras.com.do\/wp-content\/uploads\/2023\/08\/preso-1-1.jpg?resize=525%2C300&ssl=1 1.5x, https:\/\/i0.wp.com\/lasprimeras.com.do\/wp-content\/uploads\/2023\/08\/preso-1-1.jpg?resize=700%2C400&ssl=1 2x"},"classes":[]},{"id":123199,"url":"https:\/\/lasprimeras.com.do\/index.php\/2026\/02\/26\/entregan-dominicano-acusado-de-asesinato-en-primer-grado-en-estados-unidos\/","url_meta":{"origin":138924,"position":3},"title":"Entregan dominicano acusado de asesinato en primer grado en Estados Unidos","author":"Nelson Feliz","date":"26 de febrero de 2026","format":false,"excerpt":"\u00a0Su extradici\u00f3n es parte de la ampliaci\u00f3n de las labores de b\u00fasqueda y captura de fugitivos internacionales La Procuradur\u00eda General de la Rep\u00fablica (PGR) y la Direcci\u00f3n Nacional de Control de Drogas (DNCD), apoyados por Alguaciles de Estados Unidos (U.S. Marshals), extraditaron por el Aeropuerto Internacional de Las Am\u00e9ricas (JFPG-AILA),\u2026","rel":"","context":"En \u00abMILITARES\u00bb","block_context":{"text":"MILITARES","link":"https:\/\/lasprimeras.com.do\/index.php\/category\/militares\/"},"img":{"alt_text":"","src":"https:\/\/i0.wp.com\/lasprimeras.com.do\/wp-content\/uploads\/2026\/02\/DNCD.jpg?resize=350%2C200&ssl=1","width":350,"height":200,"srcset":"https:\/\/i0.wp.com\/lasprimeras.com.do\/wp-content\/uploads\/2026\/02\/DNCD.jpg?resize=350%2C200&ssl=1 1x, https:\/\/i0.wp.com\/lasprimeras.com.do\/wp-content\/uploads\/2026\/02\/DNCD.jpg?resize=525%2C300&ssl=1 1.5x, https:\/\/i0.wp.com\/lasprimeras.com.do\/wp-content\/uploads\/2026\/02\/DNCD.jpg?resize=700%2C400&ssl=1 2x"},"classes":[]},{"id":82031,"url":"https:\/\/lasprimeras.com.do\/index.php\/2024\/04\/27\/rd-extradita-dominicano-acusado-de-trafico-de-heroina-en-ee-uu\/","url_meta":{"origin":138924,"position":4},"title":"RD extradita dominicano acusado de tr\u00e1fico de hero\u00edna en EE.UU.","author":"Nelson Feliz","date":"27 de abril de 2024","format":false,"excerpt":"La Rep\u00fablica Dominicana, a trav\u00e9s de la Procuradur\u00eda General de la Rep\u00fablica y la Direcci\u00f3n Nacional de Control de Drogas (DNCD), con la cooperaci\u00f3n del Servicio de Alguaciles de Estados Unidos (U.S. Marshals), extraditaron a un dominicano acusado de tr\u00e1fico de drogas en Estados Unidos. Se trata de Juan Pablo\u2026","rel":"","context":"En \u00abMILITARES\u00bb","block_context":{"text":"MILITARES","link":"https:\/\/lasprimeras.com.do\/index.php\/category\/militares\/"},"img":{"alt_text":"DNCD","src":"https:\/\/i0.wp.com\/lasprimeras.com.do\/wp-content\/uploads\/2023\/10\/DNCD-2.jpg?resize=350%2C200&ssl=1","width":350,"height":200,"srcset":"https:\/\/i0.wp.com\/lasprimeras.com.do\/wp-content\/uploads\/2023\/10\/DNCD-2.jpg?resize=350%2C200&ssl=1 1x, https:\/\/i0.wp.com\/lasprimeras.com.do\/wp-content\/uploads\/2023\/10\/DNCD-2.jpg?resize=525%2C300&ssl=1 1.5x, https:\/\/i0.wp.com\/lasprimeras.com.do\/wp-content\/uploads\/2023\/10\/DNCD-2.jpg?resize=700%2C400&ssl=1 2x"},"classes":[]},{"id":105752,"url":"https:\/\/lasprimeras.com.do\/index.php\/2025\/08\/06\/rd-extradita-a-ee-uu-otro-dominicano-acusado-de-trafico-internacional-de-drogas\/","url_meta":{"origin":138924,"position":5},"title":"RD extradita a EE.UU. otro dominicano acusado de Trafico Internacional de Drogas","author":"Nelson Feliz","date":"6 de agosto de 2025","format":false,"excerpt":"Su entrega obedece al firme compromiso de la Rep\u00fablica Dominicana de combatir el narcotr\u00e1fico y la criminalidad organizada. Las autoridades dominicanas a trav\u00e9s de la Procuradur\u00eda General de la Rep\u00fablica (PGR) y la Direcci\u00f3n Nacional de Control de Drogas (DNCD), con la cooperaci\u00f3n del Servicio de Alguaciles (U.S. Marshals), extraditaron\u2026","rel":"","context":"En \u00abMILITARES\u00bb","block_context":{"text":"MILITARES","link":"https:\/\/lasprimeras.com.do\/index.php\/category\/militares\/"},"img":{"alt_text":"","src":"https:\/\/i0.wp.com\/lasprimeras.com.do\/wp-content\/uploads\/2025\/08\/DNCD-3.jpg?resize=350%2C200&ssl=1","width":350,"height":200,"srcset":"https:\/\/i0.wp.com\/lasprimeras.com.do\/wp-content\/uploads\/2025\/08\/DNCD-3.jpg?resize=350%2C200&ssl=1 1x, https:\/\/i0.wp.com\/lasprimeras.com.do\/wp-content\/uploads\/2025\/08\/DNCD-3.jpg?resize=525%2C300&ssl=1 1.5x, https:\/\/i0.wp.com\/lasprimeras.com.do\/wp-content\/uploads\/2025\/08\/DNCD-3.jpg?resize=700%2C400&ssl=1 2x"},"classes":[]}],"jetpack_sharing_enabled":true,"jetpack_featured_media_url":"https:\/\/lasprimeras.com.do\/wp-content\/uploads\/2026\/09\/IMG-20260903-WA0118-scaled.jpg","_links":{"self":[{"href":"https:\/\/lasprimeras.com.do\/index.php\/wp-json\/wp\/v2\/posts\/138924","targetHints":{"allow":["GET"]}}],"collection":[{"href":"https:\/\/lasprimeras.com.do\/index.php\/wp-json\/wp\/v2\/posts"}],"about":[{"href":"https:\/\/lasprimeras.com.do\/index.php\/wp-json\/wp\/v2\/types\/post"}],"author":[{"embeddable":true,"href":"https:\/\/lasprimeras.com.do\/index.php\/wp-json\/wp\/v2\/users\/10"}],"replies":[{"embeddable":true,"href":"https:\/\/lasprimeras.com.do\/index.php\/wp-json\/wp\/v2\/comments?post=138924"}],"version-history":[{"count":1,"href":"https:\/\/lasprimeras.com.do\/index.php\/wp-json\/wp\/v2\/posts\/138924\/revisions"}],"predecessor-version":[{"id":138926,"href":"https:\/\/lasprimeras.com.do\/index.php\/wp-json\/wp\/v2\/posts\/138924\/revisions\/138926"}],"wp:featuredmedia":[{"embeddable":true,"href":"https:\/\/lasprimeras.com.do\/index.php\/wp-json\/wp\/v2\/media\/138925"}],"wp:attachment":[{"href":"https:\/\/lasprimeras.com.do\/index.php\/wp-json\/wp\/v2\/media?parent=138924"}],"wp:term":[{"taxonomy":"category","embeddable":true,"href":"https:\/\/lasprimeras.com.do\/index.php\/wp-json\/wp\/v2\/categories?post=138924"},{"taxonomy":"post_tag","embeddable":true,"href":"https:\/\/lasprimeras.com.do\/index.php\/wp-json\/wp\/v2\/tags?post=138924"}],"curies":[{"name":"wp","href":"https:\/\/api.w.org\/{rel}","templated":true}]}}