{"id":138927,"date":"2026-09-03T09:59:36","date_gmt":"2026-09-03T13:59:36","guid":{"rendered":"https:\/\/lasprimeras.com.do\/?p=138927"},"modified":"2026-09-03T09:59:38","modified_gmt":"2026-09-03T13:59:38","slug":"kelvin-cruz-entrega-multiuso-antonio-duverge-del-sector-honduras","status":"publish","type":"post","link":"https:\/\/lasprimeras.com.do\/index.php\/2026\/09\/03\/kelvin-cruz-entrega-multiuso-antonio-duverge-del-sector-honduras\/","title":{"rendered":"Kelvin Cruz entrega multiuso Antonio Duverg\u00e9 del sector Honduras"},"content":{"rendered":"\n<p class=\"wp-block-paragraph\">El ministro de Deportes, Kelvin Cruz, entreg\u00f3 este mi\u00e9rcoles el reconstruido techado del Club General Antonio Duverg\u00e9, en el sector Honduras, del Distrito Nacional.<\/p>\n\n\n\n<p class=\"wp-block-paragraph\">La inversi\u00f3n en esta obra fue de RD$31,179,736.32, en una superficie de 1,100 metros cuadrados, para ofrecer un espacio seguro y funcional para el desarrollo de diversas disciplinas deportivas y la celebraci\u00f3n de eventos comunitarios.<\/p>\n\n\n\n<p class=\"wp-block-paragraph\">Cruz resalt\u00f3 la labor que de manera constante realiza el Gobierno del presidente Luis Abinader en favor de la juventud dominicana, mediante la mejora de los espacios deportivos en todo el pa\u00eds.<\/p>\n\n\n\n<p class=\"wp-block-paragraph\"><a href=\"https:\/\/panorama.com.do\/author\/manuel-diaz\/\"><\/a><\/p>\n","protected":false},"excerpt":{"rendered":"<p>El ministro de Deportes, Kelvin Cruz, entreg\u00f3 este mi\u00e9rcoles el reconstruido techado del Club General Antonio Duverg\u00e9, en el sector Honduras, del Distrito Nacional. La inversi\u00f3n en esta obra fue&hellip;<\/p>\n","protected":false},"author":3,"featured_media":138929,"comment_status":"open","ping_status":"open","sticky":false,"template":"","format":"standard","meta":{"content-type":"","_jetpack_newsletter_access":"","_jetpack_dont_email_post_to_subs":false,"_jetpack_newsletter_tier_id":0,"_jetpack_memberships_contains_paywalled_content":false,"_jetpack_feature_clip_id":0,"_jetpack_memberships_contains_paid_content":false,"footnotes":"","jetpack_post_was_ever_published":false},"categories":[630],"tags":[1874,12554],"class_list":["post-138927","post","type-post","status-publish","format-standard","has-post-thumbnail","hentry","category-deportes","tag-kelvin-cruz","tag-multiuso"],"jetpack-related-posts":[{"id":109016,"url":"https:\/\/lasprimeras.com.do\/index.php\/2025\/09\/12\/kelvin-cruz-da-primer-palazo-para-construccion-multiuso-en-el-sector-de-honduras\/","url_meta":{"origin":138927,"position":0},"title":"Kelvin Cruz da primer palazo para construcci\u00f3n Multiuso en el sector de Honduras","author":"Nelson Feliz","date":"12 de septiembre de 2025","format":false,"excerpt":"El Gobierno dominicano construir\u00e1 un techado en la cancha del club General Antonio Duverg\u00e9, ubicada en el sector capitalino de Honduras, con una inversi\u00f3n superior a los 27 millones 734 mil pesos. El ministro Kelvin Cruz di\u00f3 el primer palazo que oficializa la construcci\u00f3n del polideportivo que beneficiar\u00e1 a cientos\u2026","rel":"","context":"En \u00abDEPORTES\u00bb","block_context":{"text":"DEPORTES","link":"https:\/\/lasprimeras.com.do\/index.php\/category\/deportes\/"},"img":{"alt_text":"","src":"https:\/\/i0.wp.com\/lasprimeras.com.do\/wp-content\/uploads\/2025\/09\/palazo.jpg?resize=350%2C200&ssl=1","width":350,"height":200,"srcset":"https:\/\/i0.wp.com\/lasprimeras.com.do\/wp-content\/uploads\/2025\/09\/palazo.jpg?resize=350%2C200&ssl=1 1x, https:\/\/i0.wp.com\/lasprimeras.com.do\/wp-content\/uploads\/2025\/09\/palazo.jpg?resize=525%2C300&ssl=1 1.5x, https:\/\/i0.wp.com\/lasprimeras.com.do\/wp-content\/uploads\/2025\/09\/palazo.jpg?resize=700%2C400&ssl=1 2x"},"classes":[]},{"id":114419,"url":"https:\/\/lasprimeras.com.do\/index.php\/2025\/11\/13\/ministro-kelvin-cruz-inicia-construccion-de-11-techados-multiusos-en-sde\/","url_meta":{"origin":138927,"position":1},"title":"Ministro Kelvin Cruz inicia construcci\u00f3n de 11 techados multiusos en SDE","author":"Nelson Feliz","date":"13 de noviembre de 2025","format":false,"excerpt":"El ministro de Deportes, Kelvin Cruz, inici\u00f3 este mi\u00e9rcoles los trabajos para la construcci\u00f3n y remozamiento de techados en 11 clubes del municipio Santo Domingo Este, con una inversi\u00f3n total superior a los 300 millones de pesos. La masiva mejora de la infraestructura deportiva del municipio m\u00e1s poblado del pa\u00eds\u2026","rel":"","context":"En \u00abDEPORTES\u00bb","block_context":{"text":"DEPORTES","link":"https:\/\/lasprimeras.com.do\/index.php\/category\/deportes\/"},"img":{"alt_text":"","src":"https:\/\/i0.wp.com\/lasprimeras.com.do\/wp-content\/uploads\/2025\/11\/Kelvin-Cruz-1.jpg?resize=350%2C200&ssl=1","width":350,"height":200,"srcset":"https:\/\/i0.wp.com\/lasprimeras.com.do\/wp-content\/uploads\/2025\/11\/Kelvin-Cruz-1.jpg?resize=350%2C200&ssl=1 1x, https:\/\/i0.wp.com\/lasprimeras.com.do\/wp-content\/uploads\/2025\/11\/Kelvin-Cruz-1.jpg?resize=525%2C300&ssl=1 1.5x, https:\/\/i0.wp.com\/lasprimeras.com.do\/wp-content\/uploads\/2025\/11\/Kelvin-Cruz-1.jpg?resize=700%2C400&ssl=1 2x"},"classes":[]},{"id":130110,"url":"https:\/\/lasprimeras.com.do\/index.php\/2026\/05\/10\/abinader-entrega-remodelado-club-los-cachorros-de-cristo-rey\/","url_meta":{"origin":138927,"position":2},"title":"Abinader entrega remodelado Club Los Cachorros de Cristo Rey","author":"Nelson Feliz","date":"10 de mayo de 2026","format":false,"excerpt":"El mandatario sostuvo que se trabaja para que el deporte se convierta en \u201cla vacuna contra los vicios\u201d en todo el pa\u00eds, fomentando valores, disciplina y nuevas oportunidades para la juventud dominicana El jefe de Estado recibi\u00f3 una placa de parte de miembros del club por sus grandes aportes al\u2026","rel":"","context":"En \u00abDEPORTES\u00bb","block_context":{"text":"DEPORTES","link":"https:\/\/lasprimeras.com.do\/index.php\/category\/deportes\/"},"img":{"alt_text":"","src":"https:\/\/i0.wp.com\/lasprimeras.com.do\/wp-content\/uploads\/2026\/05\/LUIS-CR.jpg?resize=350%2C200&ssl=1","width":350,"height":200,"srcset":"https:\/\/i0.wp.com\/lasprimeras.com.do\/wp-content\/uploads\/2026\/05\/LUIS-CR.jpg?resize=350%2C200&ssl=1 1x, https:\/\/i0.wp.com\/lasprimeras.com.do\/wp-content\/uploads\/2026\/05\/LUIS-CR.jpg?resize=525%2C300&ssl=1 1.5x, https:\/\/i0.wp.com\/lasprimeras.com.do\/wp-content\/uploads\/2026\/05\/LUIS-CR.jpg?resize=700%2C400&ssl=1 2x"},"classes":[]},{"id":117075,"url":"https:\/\/lasprimeras.com.do\/index.php\/2025\/12\/07\/abinader-inaugura-techado-multiuso-en-el-campamento-16-de-agosto-y-comparte-un-almuerzo-navideno-con-los-soldados\/","url_meta":{"origin":138927,"position":3},"title":"Abinader inaugura techado multiuso en el Campamento 16 de Agosto y comparte un almuerzo navide\u00f1o con los soldados","author":"Nelson Feliz","date":"7 de diciembre de 2025","format":false,"excerpt":"Dijo sentirse orgulloso del trabajo de los soldados del Ej\u00e9rcito de la Rep\u00fablica Dominicana y afirm\u00f3 que cada d\u00eda reafirma su compromiso de mejorar sus condiciones de vida, as\u00ed como fortalecer de manera integral la instituci\u00f3n. El presidente de la Rep\u00fablica, Luis Abinader, inaugur\u00f3 este domingo el nuevo techado multiuso\u2026","rel":"","context":"En \u00abMILITARES\u00bb","block_context":{"text":"MILITARES","link":"https:\/\/lasprimeras.com.do\/index.php\/category\/militares\/"},"img":{"alt_text":"","src":"https:\/\/i0.wp.com\/lasprimeras.com.do\/wp-content\/uploads\/2025\/12\/techado-1.jpg?resize=350%2C200&ssl=1","width":350,"height":200,"srcset":"https:\/\/i0.wp.com\/lasprimeras.com.do\/wp-content\/uploads\/2025\/12\/techado-1.jpg?resize=350%2C200&ssl=1 1x, https:\/\/i0.wp.com\/lasprimeras.com.do\/wp-content\/uploads\/2025\/12\/techado-1.jpg?resize=525%2C300&ssl=1 1.5x, https:\/\/i0.wp.com\/lasprimeras.com.do\/wp-content\/uploads\/2025\/12\/techado-1.jpg?resize=700%2C400&ssl=1 2x"},"classes":[]},{"id":129052,"url":"https:\/\/lasprimeras.com.do\/index.php\/2026\/04\/29\/ministro-kelvin-cruz-inicia-reconstruccion-de-dos-multiusos-en-hermanas-mirabal\/","url_meta":{"origin":138927,"position":4},"title":"Ministro Kelvin Cruz inicia reconstrucci\u00f3n de dos multiusos en Hermanas Mirabal","author":"Nelson Feliz","date":"29 de abril de 2026","format":false,"excerpt":"Inform\u00f3 aprobaci\u00f3n por el presidente Luis Abinader del polideportivo William Gilbert, de Tenares; inversi\u00f3n total sobrepasar\u00e1 los 60 millones de pesos Con una inversi\u00f3n de 43 millones de pesos, el ministro de Deportes, Kelvin Cruz, encabez\u00f3 el inicio de los trabajos de reconstrucci\u00f3n de dos instalaciones deportivas en igual n\u00famero\u2026","rel":"","context":"En \u00abDEPORTES\u00bb","block_context":{"text":"DEPORTES","link":"https:\/\/lasprimeras.com.do\/index.php\/category\/deportes\/"},"img":{"alt_text":"","src":"https:\/\/i0.wp.com\/lasprimeras.com.do\/wp-content\/uploads\/2026\/04\/IMG-20260429-WA0062.jpg?resize=350%2C200&ssl=1","width":350,"height":200,"srcset":"https:\/\/i0.wp.com\/lasprimeras.com.do\/wp-content\/uploads\/2026\/04\/IMG-20260429-WA0062.jpg?resize=350%2C200&ssl=1 1x, https:\/\/i0.wp.com\/lasprimeras.com.do\/wp-content\/uploads\/2026\/04\/IMG-20260429-WA0062.jpg?resize=525%2C300&ssl=1 1.5x, https:\/\/i0.wp.com\/lasprimeras.com.do\/wp-content\/uploads\/2026\/04\/IMG-20260429-WA0062.jpg?resize=700%2C400&ssl=1 2x, https:\/\/i0.wp.com\/lasprimeras.com.do\/wp-content\/uploads\/2026\/04\/IMG-20260429-WA0062.jpg?resize=1050%2C600&ssl=1 3x"},"classes":[]},{"id":82724,"url":"https:\/\/lasprimeras.com.do\/index.php\/2024\/05\/07\/gobierno-ha-entregado-46-polideportivos-nuevos-y-reconstruidos\/","url_meta":{"origin":138927,"position":5},"title":"Gobierno ha entregado 46 polideportivos nuevos y reconstruidos","author":"BIMARY DE JES\u00daS Matos","date":"7 de mayo de 2024","format":false,"excerpt":"Santo Domingo.- El Gobierno del presidente Luis Abinader, a trav\u00e9s del Ministerio de Deportes y Recreaci\u00f3n (Miderec), ha entregado en menos de cuatro a\u00f1os 46 polideportivos, nuevos y reconstruidos, con una inversi\u00f3n de 461 millones, 716 mil 350 pesos. En la actualidad, por instrucciones del presidente Abinader, el Miderec trabaja\u2026","rel":"","context":"En \u00abSin categor\u00eda\u00bb","block_context":{"text":"Sin categor\u00eda","link":"https:\/\/lasprimeras.com.do\/index.php\/category\/sin-categoria\/"},"img":{"alt_text":"","src":"https:\/\/i0.wp.com\/lasprimeras.com.do\/wp-content\/uploads\/2024\/05\/6a0c8a05-4f4b-48f5-a1d9-1ad180753c4a-4.webp?resize=350%2C200&ssl=1","width":350,"height":200,"srcset":"https:\/\/i0.wp.com\/lasprimeras.com.do\/wp-content\/uploads\/2024\/05\/6a0c8a05-4f4b-48f5-a1d9-1ad180753c4a-4.webp?resize=350%2C200&ssl=1 1x, https:\/\/i0.wp.com\/lasprimeras.com.do\/wp-content\/uploads\/2024\/05\/6a0c8a05-4f4b-48f5-a1d9-1ad180753c4a-4.webp?resize=525%2C300&ssl=1 1.5x, https:\/\/i0.wp.com\/lasprimeras.com.do\/wp-content\/uploads\/2024\/05\/6a0c8a05-4f4b-48f5-a1d9-1ad180753c4a-4.webp?resize=700%2C400&ssl=1 2x, https:\/\/i0.wp.com\/lasprimeras.com.do\/wp-content\/uploads\/2024\/05\/6a0c8a05-4f4b-48f5-a1d9-1ad180753c4a-4.webp?resize=1050%2C600&ssl=1 3x"},"classes":[]}],"jetpack_sharing_enabled":true,"jetpack_featured_media_url":"https:\/\/lasprimeras.com.do\/wp-content\/uploads\/2026\/09\/IMG-20260902-WA0096.webp","_links":{"self":[{"href":"https:\/\/lasprimeras.com.do\/index.php\/wp-json\/wp\/v2\/posts\/138927","targetHints":{"allow":["GET"]}}],"collection":[{"href":"https:\/\/lasprimeras.com.do\/index.php\/wp-json\/wp\/v2\/posts"}],"about":[{"href":"https:\/\/lasprimeras.com.do\/index.php\/wp-json\/wp\/v2\/types\/post"}],"author":[{"embeddable":true,"href":"https:\/\/lasprimeras.com.do\/index.php\/wp-json\/wp\/v2\/users\/3"}],"replies":[{"embeddable":true,"href":"https:\/\/lasprimeras.com.do\/index.php\/wp-json\/wp\/v2\/comments?post=138927"}],"version-history":[{"count":1,"href":"https:\/\/lasprimeras.com.do\/index.php\/wp-json\/wp\/v2\/posts\/138927\/revisions"}],"predecessor-version":[{"id":138930,"href":"https:\/\/lasprimeras.com.do\/index.php\/wp-json\/wp\/v2\/posts\/138927\/revisions\/138930"}],"wp:featuredmedia":[{"embeddable":true,"href":"https:\/\/lasprimeras.com.do\/index.php\/wp-json\/wp\/v2\/media\/138929"}],"wp:attachment":[{"href":"https:\/\/lasprimeras.com.do\/index.php\/wp-json\/wp\/v2\/media?parent=138927"}],"wp:term":[{"taxonomy":"category","embeddable":true,"href":"https:\/\/lasprimeras.com.do\/index.php\/wp-json\/wp\/v2\/categories?post=138927"},{"taxonomy":"post_tag","embeddable":true,"href":"https:\/\/lasprimeras.com.do\/index.php\/wp-json\/wp\/v2\/tags?post=138927"}],"curies":[{"name":"wp","href":"https:\/\/api.w.org\/{rel}","templated":true}]}}